{"id":161855,"date":"2024-07-02T09:52:39","date_gmt":"2024-07-02T12:52:39","guid":{"rendered":"https:\/\/folhapopular.info\/?p=161855"},"modified":"2024-07-02T09:52:42","modified_gmt":"2024-07-02T12:52:42","slug":"acidente-deixa-um-morto-na-br-386-em-soledade","status":"publish","type":"post","link":"https:\/\/folhapopular.info\/index.php\/2024\/07\/02\/acidente-deixa-um-morto-na-br-386-em-soledade\/","title":{"rendered":"Acidente deixa um morto na BR-386, em Soledade"},"content":{"rendered":"\n<p>Por volta das 6h30 desta ter\u00e7a-feira (2\/7), no km 230,6 da BR-386, em Soledade ocorreu um acidente do tipo colis\u00e3o frontal envolvendo uma carreta (Scania R420), emplacada em Lajeado, e um caminh\u00e3o (MB Sprinter) emplacado em Port\u00e3o.<\/p>\n\n\n\n<p>O motorista do caminh\u00e3o, um homem de 52 anos, morreu no local. O motorista da carreta, de 65 anos, teve ferimentos leves e foi conduzido ao hospital.<\/p>\n\n\n\n<p>A pista chegou a ficar totalmente bloqueada e agora est\u00e1 em sistema Pare e Siga. Congestionamento chega a 10kms.<\/p>\n","protected":false},"excerpt":{"rendered":"<p>Por volta das 6h30 desta ter\u00e7a-feira (2\/7), no km 230,6 da BR-386, em Soledade ocorreu um acidente do tipo colis\u00e3o frontal envolvendo uma carreta (Scania R420), emplacada em Lajeado, e um caminh\u00e3o (MB Sprinter) emplacado em Port\u00e3o. O motorista do caminh\u00e3o, um homem de 52 anos, morreu no local. O motorista da carreta, de 65 [&hellip;]<\/p>\n","protected":false},"author":8,"featured_media":161856,"comment_status":"open","ping_status":"open","sticky":false,"template":"","format":"standard","meta":{"pmpro_default_level":"","_jetpack_memberships_contains_paid_content":false,"footnotes":""},"categories":[10982,7,10983],"tags":[195,91,3480,629,113],"class_list":{"0":"post-161855","1":"post","2":"type-post","3":"status-publish","4":"format-standard","5":"has-post-thumbnail","7":"category-policia","8":"category-seguranca","9":"category-transito","10":"tag-acidente","11":"tag-br-386","12":"tag-mormaco","13":"tag-morte","14":"tag-transito","15":"pmpro-has-access"},"yoast_head":"<!-- This site is optimized with the Yoast SEO plugin v27.5 - https:\/\/yoast.com\/product\/yoast-seo-wordpress\/ -->\n<title>Acidente deixa um morto na BR-386, em Soledade - Folha Popular<\/title>\n<meta name=\"robots\" content=\"index, follow, max-snippet:-1, max-image-preview:large, max-video-preview:-1\" \/>\n<link rel=\"canonical\" href=\"https:\/\/folhapopular.info\/index.php\/2024\/07\/02\/acidente-deixa-um-morto-na-br-386-em-soledade\/\" \/>\n<meta property=\"og:locale\" content=\"pt_BR\" \/>\n<meta property=\"og:type\" content=\"article\" \/>\n<meta property=\"og:title\" content=\"Acidente deixa um morto na BR-386, em Soledade - Folha Popular\" \/>\n<meta property=\"og:description\" content=\"Por volta das 6h30 desta ter\u00e7a-feira (2\/7), no km 230,6 da BR-386, em Soledade ocorreu um acidente do tipo colis\u00e3o frontal envolvendo uma carreta (Scania R420), emplacada em Lajeado, e um caminh\u00e3o (MB Sprinter) emplacado em Port\u00e3o. O motorista do caminh\u00e3o, um homem de 52 anos, morreu no local. O motorista da carreta, de 65 [&hellip;]\" \/>\n<meta property=\"og:url\" content=\"https:\/\/folhapopular.info\/index.php\/2024\/07\/02\/acidente-deixa-um-morto-na-br-386-em-soledade\/\" \/>\n<meta property=\"og:site_name\" content=\"Folha Popular\" \/>\n<meta property=\"article:published_time\" content=\"2024-07-02T12:52:39+00:00\" \/>\n<meta property=\"article:modified_time\" content=\"2024-07-02T12:52:42+00:00\" \/>\n<meta property=\"og:image\" content=\"http:\/\/folhapopular.info\/wp-content\/uploads\/2024\/07\/WhatsApp-Image-2024-07-02-at-08.13.29.jpeg\" \/>\n\t<meta property=\"og:image:width\" content=\"1600\" \/>\n\t<meta property=\"og:image:height\" content=\"1200\" \/>\n\t<meta property=\"og:image:type\" content=\"image\/jpeg\" \/>\n<meta name=\"author\" content=\"Reda\u00e7\u00e3o Folha Popular\" \/>\n<meta name=\"twitter:card\" content=\"summary_large_image\" \/>\n<meta name=\"twitter:label1\" content=\"Escrito por\" \/>\n\t<meta name=\"twitter:data1\" content=\"Reda\u00e7\u00e3o Folha Popular\" \/>\n\t<meta name=\"twitter:label2\" content=\"Est. tempo de leitura\" \/>\n\t<meta name=\"twitter:data2\" content=\"1 minuto\" \/>\n<script type=\"application\/ld+json\" class=\"yoast-schema-graph\">{\"@context\":\"https:\\\/\\\/schema.org\",\"@graph\":[{\"@type\":\"Article\",\"@id\":\"https:\\\/\\\/folhapopular.info\\\/index.php\\\/2024\\\/07\\\/02\\\/acidente-deixa-um-morto-na-br-386-em-soledade\\\/#article\",\"isPartOf\":{\"@id\":\"https:\\\/\\\/folhapopular.info\\\/index.php\\\/2024\\\/07\\\/02\\\/acidente-deixa-um-morto-na-br-386-em-soledade\\\/\"},\"author\":{\"name\":\"Reda\u00e7\u00e3o Folha Popular\",\"@id\":\"https:\\\/\\\/folhapopular.info\\\/#\\\/schema\\\/person\\\/2814e8a0df7643585a9ca38bc6eb9d4b\"},\"headline\":\"Acidente deixa um morto na BR-386, em Soledade\",\"datePublished\":\"2024-07-02T12:52:39+00:00\",\"dateModified\":\"2024-07-02T12:52:42+00:00\",\"mainEntityOfPage\":{\"@id\":\"https:\\\/\\\/folhapopular.info\\\/index.php\\\/2024\\\/07\\\/02\\\/acidente-deixa-um-morto-na-br-386-em-soledade\\\/\"},\"wordCount\":92,\"commentCount\":0,\"image\":{\"@id\":\"https:\\\/\\\/folhapopular.info\\\/index.php\\\/2024\\\/07\\\/02\\\/acidente-deixa-um-morto-na-br-386-em-soledade\\\/#primaryimage\"},\"thumbnailUrl\":\"https:\\\/\\\/folhapopular.info\\\/wp-content\\\/uploads\\\/2024\\\/07\\\/WhatsApp-Image-2024-07-02-at-08.13.29.jpeg\",\"keywords\":[\"Acidente\",\"BR-386\",\"Morma\u00e7o\",\"morte\",\"Tr\u00e2nsito\"],\"articleSection\":[\"Pol\u00edcia\",\"Seguran\u00e7a\",\"Tr\u00e2nsito\"],\"inLanguage\":\"pt-BR\",\"potentialAction\":[{\"@type\":\"CommentAction\",\"name\":\"Comment\",\"target\":[\"https:\\\/\\\/folhapopular.info\\\/index.php\\\/2024\\\/07\\\/02\\\/acidente-deixa-um-morto-na-br-386-em-soledade\\\/#respond\"]}]},{\"@type\":\"WebPage\",\"@id\":\"https:\\\/\\\/folhapopular.info\\\/index.php\\\/2024\\\/07\\\/02\\\/acidente-deixa-um-morto-na-br-386-em-soledade\\\/\",\"url\":\"https:\\\/\\\/folhapopular.info\\\/index.php\\\/2024\\\/07\\\/02\\\/acidente-deixa-um-morto-na-br-386-em-soledade\\\/\",\"name\":\"Acidente deixa um morto na BR-386, em Soledade - Folha Popular\",\"isPartOf\":{\"@id\":\"https:\\\/\\\/folhapopular.info\\\/#website\"},\"primaryImageOfPage\":{\"@id\":\"https:\\\/\\\/folhapopular.info\\\/index.php\\\/2024\\\/07\\\/02\\\/acidente-deixa-um-morto-na-br-386-em-soledade\\\/#primaryimage\"},\"image\":{\"@id\":\"https:\\\/\\\/folhapopular.info\\\/index.php\\\/2024\\\/07\\\/02\\\/acidente-deixa-um-morto-na-br-386-em-soledade\\\/#primaryimage\"},\"thumbnailUrl\":\"https:\\\/\\\/folhapopular.info\\\/wp-content\\\/uploads\\\/2024\\\/07\\\/WhatsApp-Image-2024-07-02-at-08.13.29.jpeg\",\"datePublished\":\"2024-07-02T12:52:39+00:00\",\"dateModified\":\"2024-07-02T12:52:42+00:00\",\"author\":{\"@id\":\"https:\\\/\\\/folhapopular.info\\\/#\\\/schema\\\/person\\\/2814e8a0df7643585a9ca38bc6eb9d4b\"},\"breadcrumb\":{\"@id\":\"https:\\\/\\\/folhapopular.info\\\/index.php\\\/2024\\\/07\\\/02\\\/acidente-deixa-um-morto-na-br-386-em-soledade\\\/#breadcrumb\"},\"inLanguage\":\"pt-BR\",\"potentialAction\":[{\"@type\":\"ReadAction\",\"target\":[\"https:\\\/\\\/folhapopular.info\\\/index.php\\\/2024\\\/07\\\/02\\\/acidente-deixa-um-morto-na-br-386-em-soledade\\\/\"]}]},{\"@type\":\"ImageObject\",\"inLanguage\":\"pt-BR\",\"@id\":\"https:\\\/\\\/folhapopular.info\\\/index.php\\\/2024\\\/07\\\/02\\\/acidente-deixa-um-morto-na-br-386-em-soledade\\\/#primaryimage\",\"url\":\"https:\\\/\\\/folhapopular.info\\\/wp-content\\\/uploads\\\/2024\\\/07\\\/WhatsApp-Image-2024-07-02-at-08.13.29.jpeg\",\"contentUrl\":\"https:\\\/\\\/folhapopular.info\\\/wp-content\\\/uploads\\\/2024\\\/07\\\/WhatsApp-Image-2024-07-02-at-08.13.29.jpeg\",\"width\":1600,\"height\":1200,\"caption\":\"Cr\u00e9dito: Betinho Reis \\\/ Tua R\u00e1dio Cristal \\\/ Divulga\u00e7\u00e3o\"},{\"@type\":\"BreadcrumbList\",\"@id\":\"https:\\\/\\\/folhapopular.info\\\/index.php\\\/2024\\\/07\\\/02\\\/acidente-deixa-um-morto-na-br-386-em-soledade\\\/#breadcrumb\",\"itemListElement\":[{\"@type\":\"ListItem\",\"position\":1,\"name\":\"In\u00edcio\",\"item\":\"https:\\\/\\\/folhapopular.info\\\/\"},{\"@type\":\"ListItem\",\"position\":2,\"name\":\"Acidente deixa um morto na BR-386, em Soledade\"}]},{\"@type\":\"WebSite\",\"@id\":\"https:\\\/\\\/folhapopular.info\\\/#website\",\"url\":\"https:\\\/\\\/folhapopular.info\\\/\",\"name\":\"Folha Popular\",\"description\":\"Onde voc\u00ea tem vez e voz\",\"potentialAction\":[{\"@type\":\"SearchAction\",\"target\":{\"@type\":\"EntryPoint\",\"urlTemplate\":\"https:\\\/\\\/folhapopular.info\\\/?s={search_term_string}\"},\"query-input\":{\"@type\":\"PropertyValueSpecification\",\"valueRequired\":true,\"valueName\":\"search_term_string\"}}],\"inLanguage\":\"pt-BR\"},{\"@type\":\"Person\",\"@id\":\"https:\\\/\\\/folhapopular.info\\\/#\\\/schema\\\/person\\\/2814e8a0df7643585a9ca38bc6eb9d4b\",\"name\":\"Reda\u00e7\u00e3o Folha Popular\",\"image\":{\"@type\":\"ImageObject\",\"inLanguage\":\"pt-BR\",\"@id\":\"https:\\\/\\\/folhapopular.info\\\/wp-content\\\/uploads\\\/2026\\\/04\\\/Folha-1.webp\",\"url\":\"https:\\\/\\\/folhapopular.info\\\/wp-content\\\/uploads\\\/2026\\\/04\\\/Folha-1.webp\",\"contentUrl\":\"https:\\\/\\\/folhapopular.info\\\/wp-content\\\/uploads\\\/2026\\\/04\\\/Folha-1.webp\",\"caption\":\"Reda\u00e7\u00e3o Folha Popular\"},\"url\":\"https:\\\/\\\/folhapopular.info\\\/index.php\\\/author\\\/redacao\\\/\"}]}<\/script>\n<!-- \/ Yoast SEO plugin. -->","yoast_head_json":{"title":"Acidente deixa um morto na BR-386, em Soledade - Folha Popular","robots":{"index":"index","follow":"follow","max-snippet":"max-snippet:-1","max-image-preview":"max-image-preview:large","max-video-preview":"max-video-preview:-1"},"canonical":"https:\/\/folhapopular.info\/index.php\/2024\/07\/02\/acidente-deixa-um-morto-na-br-386-em-soledade\/","og_locale":"pt_BR","og_type":"article","og_title":"Acidente deixa um morto na BR-386, em Soledade - Folha Popular","og_description":"Por volta das 6h30 desta ter\u00e7a-feira (2\/7), no km 230,6 da BR-386, em Soledade ocorreu um acidente do tipo colis\u00e3o frontal envolvendo uma carreta (Scania R420), emplacada em Lajeado, e um caminh\u00e3o (MB Sprinter) emplacado em Port\u00e3o. O motorista do caminh\u00e3o, um homem de 52 anos, morreu no local. O motorista da carreta, de 65 [&hellip;]","og_url":"https:\/\/folhapopular.info\/index.php\/2024\/07\/02\/acidente-deixa-um-morto-na-br-386-em-soledade\/","og_site_name":"Folha Popular","article_published_time":"2024-07-02T12:52:39+00:00","article_modified_time":"2024-07-02T12:52:42+00:00","og_image":[{"width":1600,"height":1200,"url":"http:\/\/folhapopular.info\/wp-content\/uploads\/2024\/07\/WhatsApp-Image-2024-07-02-at-08.13.29.jpeg","type":"image\/jpeg"}],"author":"Reda\u00e7\u00e3o Folha Popular","twitter_card":"summary_large_image","twitter_misc":{"Escrito por":"Reda\u00e7\u00e3o Folha Popular","Est. tempo de leitura":"1 minuto"},"schema":{"@context":"https:\/\/schema.org","@graph":[{"@type":"Article","@id":"https:\/\/folhapopular.info\/index.php\/2024\/07\/02\/acidente-deixa-um-morto-na-br-386-em-soledade\/#article","isPartOf":{"@id":"https:\/\/folhapopular.info\/index.php\/2024\/07\/02\/acidente-deixa-um-morto-na-br-386-em-soledade\/"},"author":{"name":"Reda\u00e7\u00e3o Folha Popular","@id":"https:\/\/folhapopular.info\/#\/schema\/person\/2814e8a0df7643585a9ca38bc6eb9d4b"},"headline":"Acidente deixa um morto na BR-386, em Soledade","datePublished":"2024-07-02T12:52:39+00:00","dateModified":"2024-07-02T12:52:42+00:00","mainEntityOfPage":{"@id":"https:\/\/folhapopular.info\/index.php\/2024\/07\/02\/acidente-deixa-um-morto-na-br-386-em-soledade\/"},"wordCount":92,"commentCount":0,"image":{"@id":"https:\/\/folhapopular.info\/index.php\/2024\/07\/02\/acidente-deixa-um-morto-na-br-386-em-soledade\/#primaryimage"},"thumbnailUrl":"https:\/\/folhapopular.info\/wp-content\/uploads\/2024\/07\/WhatsApp-Image-2024-07-02-at-08.13.29.jpeg","keywords":["Acidente","BR-386","Morma\u00e7o","morte","Tr\u00e2nsito"],"articleSection":["Pol\u00edcia","Seguran\u00e7a","Tr\u00e2nsito"],"inLanguage":"pt-BR","potentialAction":[{"@type":"CommentAction","name":"Comment","target":["https:\/\/folhapopular.info\/index.php\/2024\/07\/02\/acidente-deixa-um-morto-na-br-386-em-soledade\/#respond"]}]},{"@type":"WebPage","@id":"https:\/\/folhapopular.info\/index.php\/2024\/07\/02\/acidente-deixa-um-morto-na-br-386-em-soledade\/","url":"https:\/\/folhapopular.info\/index.php\/2024\/07\/02\/acidente-deixa-um-morto-na-br-386-em-soledade\/","name":"Acidente deixa um morto na BR-386, em Soledade - Folha Popular","isPartOf":{"@id":"https:\/\/folhapopular.info\/#website"},"primaryImageOfPage":{"@id":"https:\/\/folhapopular.info\/index.php\/2024\/07\/02\/acidente-deixa-um-morto-na-br-386-em-soledade\/#primaryimage"},"image":{"@id":"https:\/\/folhapopular.info\/index.php\/2024\/07\/02\/acidente-deixa-um-morto-na-br-386-em-soledade\/#primaryimage"},"thumbnailUrl":"https:\/\/folhapopular.info\/wp-content\/uploads\/2024\/07\/WhatsApp-Image-2024-07-02-at-08.13.29.jpeg","datePublished":"2024-07-02T12:52:39+00:00","dateModified":"2024-07-02T12:52:42+00:00","author":{"@id":"https:\/\/folhapopular.info\/#\/schema\/person\/2814e8a0df7643585a9ca38bc6eb9d4b"},"breadcrumb":{"@id":"https:\/\/folhapopular.info\/index.php\/2024\/07\/02\/acidente-deixa-um-morto-na-br-386-em-soledade\/#breadcrumb"},"inLanguage":"pt-BR","potentialAction":[{"@type":"ReadAction","target":["https:\/\/folhapopular.info\/index.php\/2024\/07\/02\/acidente-deixa-um-morto-na-br-386-em-soledade\/"]}]},{"@type":"ImageObject","inLanguage":"pt-BR","@id":"https:\/\/folhapopular.info\/index.php\/2024\/07\/02\/acidente-deixa-um-morto-na-br-386-em-soledade\/#primaryimage","url":"https:\/\/folhapopular.info\/wp-content\/uploads\/2024\/07\/WhatsApp-Image-2024-07-02-at-08.13.29.jpeg","contentUrl":"https:\/\/folhapopular.info\/wp-content\/uploads\/2024\/07\/WhatsApp-Image-2024-07-02-at-08.13.29.jpeg","width":1600,"height":1200,"caption":"Cr\u00e9dito: Betinho Reis \/ Tua R\u00e1dio Cristal \/ Divulga\u00e7\u00e3o"},{"@type":"BreadcrumbList","@id":"https:\/\/folhapopular.info\/index.php\/2024\/07\/02\/acidente-deixa-um-morto-na-br-386-em-soledade\/#breadcrumb","itemListElement":[{"@type":"ListItem","position":1,"name":"In\u00edcio","item":"https:\/\/folhapopular.info\/"},{"@type":"ListItem","position":2,"name":"Acidente deixa um morto na BR-386, em Soledade"}]},{"@type":"WebSite","@id":"https:\/\/folhapopular.info\/#website","url":"https:\/\/folhapopular.info\/","name":"Folha Popular","description":"Onde voc\u00ea tem vez e voz","potentialAction":[{"@type":"SearchAction","target":{"@type":"EntryPoint","urlTemplate":"https:\/\/folhapopular.info\/?s={search_term_string}"},"query-input":{"@type":"PropertyValueSpecification","valueRequired":true,"valueName":"search_term_string"}}],"inLanguage":"pt-BR"},{"@type":"Person","@id":"https:\/\/folhapopular.info\/#\/schema\/person\/2814e8a0df7643585a9ca38bc6eb9d4b","name":"Reda\u00e7\u00e3o Folha Popular","image":{"@type":"ImageObject","inLanguage":"pt-BR","@id":"https:\/\/folhapopular.info\/wp-content\/uploads\/2026\/04\/Folha-1.webp","url":"https:\/\/folhapopular.info\/wp-content\/uploads\/2026\/04\/Folha-1.webp","contentUrl":"https:\/\/folhapopular.info\/wp-content\/uploads\/2026\/04\/Folha-1.webp","caption":"Reda\u00e7\u00e3o Folha Popular"},"url":"https:\/\/folhapopular.info\/index.php\/author\/redacao\/"}]}},"jetpack_featured_media_url":"https:\/\/folhapopular.info\/wp-content\/uploads\/2024\/07\/WhatsApp-Image-2024-07-02-at-08.13.29.jpeg","jetpack_sharing_enabled":true,"amp_enabled":true,"_links":{"self":[{"href":"https:\/\/folhapopular.info\/index.php\/wp-json\/wp\/v2\/posts\/161855","targetHints":{"allow":["GET"]}}],"collection":[{"href":"https:\/\/folhapopular.info\/index.php\/wp-json\/wp\/v2\/posts"}],"about":[{"href":"https:\/\/folhapopular.info\/index.php\/wp-json\/wp\/v2\/types\/post"}],"author":[{"embeddable":true,"href":"https:\/\/folhapopular.info\/index.php\/wp-json\/wp\/v2\/users\/8"}],"replies":[{"embeddable":true,"href":"https:\/\/folhapopular.info\/index.php\/wp-json\/wp\/v2\/comments?post=161855"}],"version-history":[{"count":0,"href":"https:\/\/folhapopular.info\/index.php\/wp-json\/wp\/v2\/posts\/161855\/revisions"}],"wp:featuredmedia":[{"embeddable":true,"href":"https:\/\/folhapopular.info\/index.php\/wp-json\/wp\/v2\/media\/161856"}],"wp:attachment":[{"href":"https:\/\/folhapopular.info\/index.php\/wp-json\/wp\/v2\/media?parent=161855"}],"wp:term":[{"taxonomy":"category","embeddable":true,"href":"https:\/\/folhapopular.info\/index.php\/wp-json\/wp\/v2\/categories?post=161855"},{"taxonomy":"post_tag","embeddable":true,"href":"https:\/\/folhapopular.info\/index.php\/wp-json\/wp\/v2\/tags?post=161855"}],"curies":[{"name":"wp","href":"https:\/\/api.w.org\/{rel}","templated":true}]}}