{"id":162530,"date":"2024-07-09T07:53:14","date_gmt":"2024-07-09T10:53:14","guid":{"rendered":"https:\/\/folhapopular.info\/?p=162530"},"modified":"2024-07-09T07:53:18","modified_gmt":"2024-07-09T10:53:18","slug":"exportacoes-de-frango-e-de-suinos-terminam-o-semestre-em-queda-no-rs","status":"publish","type":"post","link":"https:\/\/folhapopular.info\/index.php\/2024\/07\/09\/exportacoes-de-frango-e-de-suinos-terminam-o-semestre-em-queda-no-rs\/","title":{"rendered":"Exporta\u00e7\u00f5es de frango e de su\u00ednos terminam o semestre em queda no RS"},"content":{"rendered":"\n<p><strong>As exporta\u00e7\u00f5es ga\u00fachas de frango e de su\u00ednos terminaram o primeiro semestre de 2024 em queda.<\/strong> A avicultura integrada foi\u00a0duramente atingida pela cat\u00e1strofe clim\u00e1tica\u00a0de maio, com 70% da capacidade produtiva e industrial atingida. J\u00e1 a suinocultura adapta-se \u00e0 redu\u00e7\u00e3o das importa\u00e7\u00f5es chinesas da prote\u00edna. <\/p>\n\n\n\n<p>Os n\u00fameros apontam recuo de 4,74% nos embarques de carne de frango e subprodutos do Rio Grande do Sul no acumulado de janeiro a junho, em rela\u00e7\u00e3o ao mesmo per\u00edodo do ano passado. A diminui\u00e7\u00e3o nas exporta\u00e7\u00f5es de cortes su\u00ednos do RS foi de 2,5% nos primeiros seis meses do ano.<\/p>\n","protected":false},"excerpt":{"rendered":"<p>As exporta\u00e7\u00f5es ga\u00fachas de frango e de su\u00ednos terminaram o primeiro semestre de 2024 em queda. A avicultura integrada foi\u00a0duramente atingida pela cat\u00e1strofe clim\u00e1tica\u00a0de maio, com 70% da capacidade produtiva e industrial atingida. J\u00e1 a suinocultura adapta-se \u00e0 redu\u00e7\u00e3o das importa\u00e7\u00f5es chinesas da prote\u00edna. Os n\u00fameros apontam recuo de 4,74% nos embarques de carne de [&hellip;]<\/p>\n","protected":false},"author":8,"featured_media":162531,"comment_status":"open","ping_status":"open","sticky":false,"template":"","format":"standard","meta":{"pmpro_default_level":"","_jetpack_memberships_contains_paid_content":false,"footnotes":""},"categories":[2,10991,10994],"tags":[1794],"class_list":{"0":"post-162530","1":"post","2":"type-post","3":"status-publish","4":"format-standard","5":"has-post-thumbnail","7":"category-featured","8":"category-economia","9":"category-rural","10":"tag-rio-grande-do-sul","11":"pmpro-has-access"},"yoast_head":"<!-- This site is optimized with the Yoast SEO plugin v27.5 - https:\/\/yoast.com\/product\/yoast-seo-wordpress\/ -->\n<title>Exporta\u00e7\u00f5es de frango e de su\u00ednos terminam o semestre em queda no RS - Folha Popular<\/title>\n<meta name=\"robots\" content=\"index, follow, max-snippet:-1, max-image-preview:large, max-video-preview:-1\" \/>\n<link rel=\"canonical\" href=\"https:\/\/folhapopular.info\/index.php\/2024\/07\/09\/exportacoes-de-frango-e-de-suinos-terminam-o-semestre-em-queda-no-rs\/\" \/>\n<meta property=\"og:locale\" content=\"pt_BR\" \/>\n<meta property=\"og:type\" content=\"article\" \/>\n<meta property=\"og:title\" content=\"Exporta\u00e7\u00f5es de frango e de su\u00ednos terminam o semestre em queda no RS - Folha Popular\" \/>\n<meta property=\"og:description\" content=\"As exporta\u00e7\u00f5es ga\u00fachas de frango e de su\u00ednos terminaram o primeiro semestre de 2024 em queda. A avicultura integrada foi\u00a0duramente atingida pela cat\u00e1strofe clim\u00e1tica\u00a0de maio, com 70% da capacidade produtiva e industrial atingida. J\u00e1 a suinocultura adapta-se \u00e0 redu\u00e7\u00e3o das importa\u00e7\u00f5es chinesas da prote\u00edna. Os n\u00fameros apontam recuo de 4,74% nos embarques de carne de [&hellip;]\" \/>\n<meta property=\"og:url\" content=\"https:\/\/folhapopular.info\/index.php\/2024\/07\/09\/exportacoes-de-frango-e-de-suinos-terminam-o-semestre-em-queda-no-rs\/\" \/>\n<meta property=\"og:site_name\" content=\"Folha Popular\" \/>\n<meta property=\"article:published_time\" content=\"2024-07-09T10:53:14+00:00\" \/>\n<meta property=\"article:modified_time\" content=\"2024-07-09T10:53:18+00:00\" \/>\n<meta property=\"og:image\" content=\"http:\/\/folhapopular.info\/wp-content\/uploads\/2024\/07\/Suinos-abate-BIESUS-Luiza-Leticia-Embrapa.webp\" \/>\n\t<meta property=\"og:image:width\" content=\"900\" \/>\n\t<meta property=\"og:image:height\" content=\"450\" \/>\n\t<meta property=\"og:image:type\" content=\"image\/webp\" \/>\n<meta name=\"author\" content=\"Reda\u00e7\u00e3o Folha Popular\" \/>\n<meta name=\"twitter:card\" content=\"summary_large_image\" \/>\n<meta name=\"twitter:label1\" content=\"Escrito por\" \/>\n\t<meta name=\"twitter:data1\" content=\"Reda\u00e7\u00e3o Folha Popular\" \/>\n\t<meta name=\"twitter:label2\" content=\"Est. tempo de leitura\" \/>\n\t<meta name=\"twitter:data2\" content=\"1 minuto\" \/>\n<script type=\"application\/ld+json\" class=\"yoast-schema-graph\">{\"@context\":\"https:\\\/\\\/schema.org\",\"@graph\":[{\"@type\":\"Article\",\"@id\":\"https:\\\/\\\/folhapopular.info\\\/index.php\\\/2024\\\/07\\\/09\\\/exportacoes-de-frango-e-de-suinos-terminam-o-semestre-em-queda-no-rs\\\/#article\",\"isPartOf\":{\"@id\":\"https:\\\/\\\/folhapopular.info\\\/index.php\\\/2024\\\/07\\\/09\\\/exportacoes-de-frango-e-de-suinos-terminam-o-semestre-em-queda-no-rs\\\/\"},\"author\":{\"name\":\"Reda\u00e7\u00e3o Folha Popular\",\"@id\":\"https:\\\/\\\/folhapopular.info\\\/#\\\/schema\\\/person\\\/2814e8a0df7643585a9ca38bc6eb9d4b\"},\"headline\":\"Exporta\u00e7\u00f5es de frango e de su\u00ednos terminam o semestre em queda no RS\",\"datePublished\":\"2024-07-09T10:53:14+00:00\",\"dateModified\":\"2024-07-09T10:53:18+00:00\",\"mainEntityOfPage\":{\"@id\":\"https:\\\/\\\/folhapopular.info\\\/index.php\\\/2024\\\/07\\\/09\\\/exportacoes-de-frango-e-de-suinos-terminam-o-semestre-em-queda-no-rs\\\/\"},\"wordCount\":121,\"commentCount\":0,\"image\":{\"@id\":\"https:\\\/\\\/folhapopular.info\\\/index.php\\\/2024\\\/07\\\/09\\\/exportacoes-de-frango-e-de-suinos-terminam-o-semestre-em-queda-no-rs\\\/#primaryimage\"},\"thumbnailUrl\":\"https:\\\/\\\/folhapopular.info\\\/wp-content\\\/uploads\\\/2024\\\/07\\\/Suinos-abate-BIESUS-Luiza-Leticia-Embrapa.webp\",\"keywords\":[\"Rio Grande do Sul\"],\"articleSection\":[\"Destaques\",\"Economia\",\"Rural\"],\"inLanguage\":\"pt-BR\",\"potentialAction\":[{\"@type\":\"CommentAction\",\"name\":\"Comment\",\"target\":[\"https:\\\/\\\/folhapopular.info\\\/index.php\\\/2024\\\/07\\\/09\\\/exportacoes-de-frango-e-de-suinos-terminam-o-semestre-em-queda-no-rs\\\/#respond\"]}]},{\"@type\":\"WebPage\",\"@id\":\"https:\\\/\\\/folhapopular.info\\\/index.php\\\/2024\\\/07\\\/09\\\/exportacoes-de-frango-e-de-suinos-terminam-o-semestre-em-queda-no-rs\\\/\",\"url\":\"https:\\\/\\\/folhapopular.info\\\/index.php\\\/2024\\\/07\\\/09\\\/exportacoes-de-frango-e-de-suinos-terminam-o-semestre-em-queda-no-rs\\\/\",\"name\":\"Exporta\u00e7\u00f5es de frango e de su\u00ednos terminam o semestre em queda no RS - Folha Popular\",\"isPartOf\":{\"@id\":\"https:\\\/\\\/folhapopular.info\\\/#website\"},\"primaryImageOfPage\":{\"@id\":\"https:\\\/\\\/folhapopular.info\\\/index.php\\\/2024\\\/07\\\/09\\\/exportacoes-de-frango-e-de-suinos-terminam-o-semestre-em-queda-no-rs\\\/#primaryimage\"},\"image\":{\"@id\":\"https:\\\/\\\/folhapopular.info\\\/index.php\\\/2024\\\/07\\\/09\\\/exportacoes-de-frango-e-de-suinos-terminam-o-semestre-em-queda-no-rs\\\/#primaryimage\"},\"thumbnailUrl\":\"https:\\\/\\\/folhapopular.info\\\/wp-content\\\/uploads\\\/2024\\\/07\\\/Suinos-abate-BIESUS-Luiza-Leticia-Embrapa.webp\",\"datePublished\":\"2024-07-09T10:53:14+00:00\",\"dateModified\":\"2024-07-09T10:53:18+00:00\",\"author\":{\"@id\":\"https:\\\/\\\/folhapopular.info\\\/#\\\/schema\\\/person\\\/2814e8a0df7643585a9ca38bc6eb9d4b\"},\"breadcrumb\":{\"@id\":\"https:\\\/\\\/folhapopular.info\\\/index.php\\\/2024\\\/07\\\/09\\\/exportacoes-de-frango-e-de-suinos-terminam-o-semestre-em-queda-no-rs\\\/#breadcrumb\"},\"inLanguage\":\"pt-BR\",\"potentialAction\":[{\"@type\":\"ReadAction\",\"target\":[\"https:\\\/\\\/folhapopular.info\\\/index.php\\\/2024\\\/07\\\/09\\\/exportacoes-de-frango-e-de-suinos-terminam-o-semestre-em-queda-no-rs\\\/\"]}]},{\"@type\":\"ImageObject\",\"inLanguage\":\"pt-BR\",\"@id\":\"https:\\\/\\\/folhapopular.info\\\/index.php\\\/2024\\\/07\\\/09\\\/exportacoes-de-frango-e-de-suinos-terminam-o-semestre-em-queda-no-rs\\\/#primaryimage\",\"url\":\"https:\\\/\\\/folhapopular.info\\\/wp-content\\\/uploads\\\/2024\\\/07\\\/Suinos-abate-BIESUS-Luiza-Leticia-Embrapa.webp\",\"contentUrl\":\"https:\\\/\\\/folhapopular.info\\\/wp-content\\\/uploads\\\/2024\\\/07\\\/Suinos-abate-BIESUS-Luiza-Leticia-Embrapa.webp\",\"width\":900,\"height\":450,\"caption\":\"Cr\u00e9dito: Divulga\u00e7\u00e3o\"},{\"@type\":\"BreadcrumbList\",\"@id\":\"https:\\\/\\\/folhapopular.info\\\/index.php\\\/2024\\\/07\\\/09\\\/exportacoes-de-frango-e-de-suinos-terminam-o-semestre-em-queda-no-rs\\\/#breadcrumb\",\"itemListElement\":[{\"@type\":\"ListItem\",\"position\":1,\"name\":\"In\u00edcio\",\"item\":\"https:\\\/\\\/folhapopular.info\\\/\"},{\"@type\":\"ListItem\",\"position\":2,\"name\":\"Exporta\u00e7\u00f5es de frango e de su\u00ednos terminam o semestre em queda no RS\"}]},{\"@type\":\"WebSite\",\"@id\":\"https:\\\/\\\/folhapopular.info\\\/#website\",\"url\":\"https:\\\/\\\/folhapopular.info\\\/\",\"name\":\"Folha Popular\",\"description\":\"Onde voc\u00ea tem vez e voz\",\"potentialAction\":[{\"@type\":\"SearchAction\",\"target\":{\"@type\":\"EntryPoint\",\"urlTemplate\":\"https:\\\/\\\/folhapopular.info\\\/?s={search_term_string}\"},\"query-input\":{\"@type\":\"PropertyValueSpecification\",\"valueRequired\":true,\"valueName\":\"search_term_string\"}}],\"inLanguage\":\"pt-BR\"},{\"@type\":\"Person\",\"@id\":\"https:\\\/\\\/folhapopular.info\\\/#\\\/schema\\\/person\\\/2814e8a0df7643585a9ca38bc6eb9d4b\",\"name\":\"Reda\u00e7\u00e3o Folha Popular\",\"image\":{\"@type\":\"ImageObject\",\"inLanguage\":\"pt-BR\",\"@id\":\"https:\\\/\\\/folhapopular.info\\\/wp-content\\\/uploads\\\/2026\\\/04\\\/Folha-1.webp\",\"url\":\"https:\\\/\\\/folhapopular.info\\\/wp-content\\\/uploads\\\/2026\\\/04\\\/Folha-1.webp\",\"contentUrl\":\"https:\\\/\\\/folhapopular.info\\\/wp-content\\\/uploads\\\/2026\\\/04\\\/Folha-1.webp\",\"caption\":\"Reda\u00e7\u00e3o Folha Popular\"},\"url\":\"https:\\\/\\\/folhapopular.info\\\/index.php\\\/author\\\/redacao\\\/\"}]}<\/script>\n<!-- \/ Yoast SEO plugin. -->","yoast_head_json":{"title":"Exporta\u00e7\u00f5es de frango e de su\u00ednos terminam o semestre em queda no RS - Folha Popular","robots":{"index":"index","follow":"follow","max-snippet":"max-snippet:-1","max-image-preview":"max-image-preview:large","max-video-preview":"max-video-preview:-1"},"canonical":"https:\/\/folhapopular.info\/index.php\/2024\/07\/09\/exportacoes-de-frango-e-de-suinos-terminam-o-semestre-em-queda-no-rs\/","og_locale":"pt_BR","og_type":"article","og_title":"Exporta\u00e7\u00f5es de frango e de su\u00ednos terminam o semestre em queda no RS - Folha Popular","og_description":"As exporta\u00e7\u00f5es ga\u00fachas de frango e de su\u00ednos terminaram o primeiro semestre de 2024 em queda. A avicultura integrada foi\u00a0duramente atingida pela cat\u00e1strofe clim\u00e1tica\u00a0de maio, com 70% da capacidade produtiva e industrial atingida. J\u00e1 a suinocultura adapta-se \u00e0 redu\u00e7\u00e3o das importa\u00e7\u00f5es chinesas da prote\u00edna. Os n\u00fameros apontam recuo de 4,74% nos embarques de carne de [&hellip;]","og_url":"https:\/\/folhapopular.info\/index.php\/2024\/07\/09\/exportacoes-de-frango-e-de-suinos-terminam-o-semestre-em-queda-no-rs\/","og_site_name":"Folha Popular","article_published_time":"2024-07-09T10:53:14+00:00","article_modified_time":"2024-07-09T10:53:18+00:00","og_image":[{"width":900,"height":450,"url":"http:\/\/folhapopular.info\/wp-content\/uploads\/2024\/07\/Suinos-abate-BIESUS-Luiza-Leticia-Embrapa.webp","type":"image\/webp"}],"author":"Reda\u00e7\u00e3o Folha Popular","twitter_card":"summary_large_image","twitter_misc":{"Escrito por":"Reda\u00e7\u00e3o Folha Popular","Est. tempo de leitura":"1 minuto"},"schema":{"@context":"https:\/\/schema.org","@graph":[{"@type":"Article","@id":"https:\/\/folhapopular.info\/index.php\/2024\/07\/09\/exportacoes-de-frango-e-de-suinos-terminam-o-semestre-em-queda-no-rs\/#article","isPartOf":{"@id":"https:\/\/folhapopular.info\/index.php\/2024\/07\/09\/exportacoes-de-frango-e-de-suinos-terminam-o-semestre-em-queda-no-rs\/"},"author":{"name":"Reda\u00e7\u00e3o Folha Popular","@id":"https:\/\/folhapopular.info\/#\/schema\/person\/2814e8a0df7643585a9ca38bc6eb9d4b"},"headline":"Exporta\u00e7\u00f5es de frango e de su\u00ednos terminam o semestre em queda no RS","datePublished":"2024-07-09T10:53:14+00:00","dateModified":"2024-07-09T10:53:18+00:00","mainEntityOfPage":{"@id":"https:\/\/folhapopular.info\/index.php\/2024\/07\/09\/exportacoes-de-frango-e-de-suinos-terminam-o-semestre-em-queda-no-rs\/"},"wordCount":121,"commentCount":0,"image":{"@id":"https:\/\/folhapopular.info\/index.php\/2024\/07\/09\/exportacoes-de-frango-e-de-suinos-terminam-o-semestre-em-queda-no-rs\/#primaryimage"},"thumbnailUrl":"https:\/\/folhapopular.info\/wp-content\/uploads\/2024\/07\/Suinos-abate-BIESUS-Luiza-Leticia-Embrapa.webp","keywords":["Rio Grande do Sul"],"articleSection":["Destaques","Economia","Rural"],"inLanguage":"pt-BR","potentialAction":[{"@type":"CommentAction","name":"Comment","target":["https:\/\/folhapopular.info\/index.php\/2024\/07\/09\/exportacoes-de-frango-e-de-suinos-terminam-o-semestre-em-queda-no-rs\/#respond"]}]},{"@type":"WebPage","@id":"https:\/\/folhapopular.info\/index.php\/2024\/07\/09\/exportacoes-de-frango-e-de-suinos-terminam-o-semestre-em-queda-no-rs\/","url":"https:\/\/folhapopular.info\/index.php\/2024\/07\/09\/exportacoes-de-frango-e-de-suinos-terminam-o-semestre-em-queda-no-rs\/","name":"Exporta\u00e7\u00f5es de frango e de su\u00ednos terminam o semestre em queda no RS - Folha Popular","isPartOf":{"@id":"https:\/\/folhapopular.info\/#website"},"primaryImageOfPage":{"@id":"https:\/\/folhapopular.info\/index.php\/2024\/07\/09\/exportacoes-de-frango-e-de-suinos-terminam-o-semestre-em-queda-no-rs\/#primaryimage"},"image":{"@id":"https:\/\/folhapopular.info\/index.php\/2024\/07\/09\/exportacoes-de-frango-e-de-suinos-terminam-o-semestre-em-queda-no-rs\/#primaryimage"},"thumbnailUrl":"https:\/\/folhapopular.info\/wp-content\/uploads\/2024\/07\/Suinos-abate-BIESUS-Luiza-Leticia-Embrapa.webp","datePublished":"2024-07-09T10:53:14+00:00","dateModified":"2024-07-09T10:53:18+00:00","author":{"@id":"https:\/\/folhapopular.info\/#\/schema\/person\/2814e8a0df7643585a9ca38bc6eb9d4b"},"breadcrumb":{"@id":"https:\/\/folhapopular.info\/index.php\/2024\/07\/09\/exportacoes-de-frango-e-de-suinos-terminam-o-semestre-em-queda-no-rs\/#breadcrumb"},"inLanguage":"pt-BR","potentialAction":[{"@type":"ReadAction","target":["https:\/\/folhapopular.info\/index.php\/2024\/07\/09\/exportacoes-de-frango-e-de-suinos-terminam-o-semestre-em-queda-no-rs\/"]}]},{"@type":"ImageObject","inLanguage":"pt-BR","@id":"https:\/\/folhapopular.info\/index.php\/2024\/07\/09\/exportacoes-de-frango-e-de-suinos-terminam-o-semestre-em-queda-no-rs\/#primaryimage","url":"https:\/\/folhapopular.info\/wp-content\/uploads\/2024\/07\/Suinos-abate-BIESUS-Luiza-Leticia-Embrapa.webp","contentUrl":"https:\/\/folhapopular.info\/wp-content\/uploads\/2024\/07\/Suinos-abate-BIESUS-Luiza-Leticia-Embrapa.webp","width":900,"height":450,"caption":"Cr\u00e9dito: Divulga\u00e7\u00e3o"},{"@type":"BreadcrumbList","@id":"https:\/\/folhapopular.info\/index.php\/2024\/07\/09\/exportacoes-de-frango-e-de-suinos-terminam-o-semestre-em-queda-no-rs\/#breadcrumb","itemListElement":[{"@type":"ListItem","position":1,"name":"In\u00edcio","item":"https:\/\/folhapopular.info\/"},{"@type":"ListItem","position":2,"name":"Exporta\u00e7\u00f5es de frango e de su\u00ednos terminam o semestre em queda no RS"}]},{"@type":"WebSite","@id":"https:\/\/folhapopular.info\/#website","url":"https:\/\/folhapopular.info\/","name":"Folha Popular","description":"Onde voc\u00ea tem vez e voz","potentialAction":[{"@type":"SearchAction","target":{"@type":"EntryPoint","urlTemplate":"https:\/\/folhapopular.info\/?s={search_term_string}"},"query-input":{"@type":"PropertyValueSpecification","valueRequired":true,"valueName":"search_term_string"}}],"inLanguage":"pt-BR"},{"@type":"Person","@id":"https:\/\/folhapopular.info\/#\/schema\/person\/2814e8a0df7643585a9ca38bc6eb9d4b","name":"Reda\u00e7\u00e3o Folha Popular","image":{"@type":"ImageObject","inLanguage":"pt-BR","@id":"https:\/\/folhapopular.info\/wp-content\/uploads\/2026\/04\/Folha-1.webp","url":"https:\/\/folhapopular.info\/wp-content\/uploads\/2026\/04\/Folha-1.webp","contentUrl":"https:\/\/folhapopular.info\/wp-content\/uploads\/2026\/04\/Folha-1.webp","caption":"Reda\u00e7\u00e3o Folha Popular"},"url":"https:\/\/folhapopular.info\/index.php\/author\/redacao\/"}]}},"jetpack_featured_media_url":"https:\/\/folhapopular.info\/wp-content\/uploads\/2024\/07\/Suinos-abate-BIESUS-Luiza-Leticia-Embrapa.webp","jetpack_sharing_enabled":true,"amp_enabled":true,"_links":{"self":[{"href":"https:\/\/folhapopular.info\/index.php\/wp-json\/wp\/v2\/posts\/162530","targetHints":{"allow":["GET"]}}],"collection":[{"href":"https:\/\/folhapopular.info\/index.php\/wp-json\/wp\/v2\/posts"}],"about":[{"href":"https:\/\/folhapopular.info\/index.php\/wp-json\/wp\/v2\/types\/post"}],"author":[{"embeddable":true,"href":"https:\/\/folhapopular.info\/index.php\/wp-json\/wp\/v2\/users\/8"}],"replies":[{"embeddable":true,"href":"https:\/\/folhapopular.info\/index.php\/wp-json\/wp\/v2\/comments?post=162530"}],"version-history":[{"count":0,"href":"https:\/\/folhapopular.info\/index.php\/wp-json\/wp\/v2\/posts\/162530\/revisions"}],"wp:featuredmedia":[{"embeddable":true,"href":"https:\/\/folhapopular.info\/index.php\/wp-json\/wp\/v2\/media\/162531"}],"wp:attachment":[{"href":"https:\/\/folhapopular.info\/index.php\/wp-json\/wp\/v2\/media?parent=162530"}],"wp:term":[{"taxonomy":"category","embeddable":true,"href":"https:\/\/folhapopular.info\/index.php\/wp-json\/wp\/v2\/categories?post=162530"},{"taxonomy":"post_tag","embeddable":true,"href":"https:\/\/folhapopular.info\/index.php\/wp-json\/wp\/v2\/tags?post=162530"}],"curies":[{"name":"wp","href":"https:\/\/api.w.org\/{rel}","templated":true}]}}