{"id":162589,"date":"2024-07-09T17:02:00","date_gmt":"2024-07-09T20:02:00","guid":{"rendered":"https:\/\/folhapopular.info\/?p=162589"},"modified":"2024-07-09T17:08:36","modified_gmt":"2024-07-09T20:08:36","slug":"empresas-gauchas-tem-ate-o-dia-12-para-aderir-a-apoio-financeiro","status":"publish","type":"post","link":"https:\/\/folhapopular.info\/index.php\/2024\/07\/09\/empresas-gauchas-tem-ate-o-dia-12-para-aderir-a-apoio-financeiro\/","title":{"rendered":"Empresas ga\u00fachas t\u00eam at\u00e9 dia 12 para aderir a apoio financeiro"},"content":{"rendered":"\n<p>As empresas instaladas em munic\u00edpios ga\u00fachos com estado de calamidade ou situa\u00e7\u00e3o de emerg\u00eancia reconhecido pelo Governo Federal, t\u00eam at\u00e9 a sexta-feira (12\/7) para aderir ao programa emergencial de Apoio Financeiro para trabalhadores e trabalhadoras do Estado.<\/p>\n\n\n\n<p>O apoio, coordenado pelo Minist\u00e9rio do Trabalho e Emprego (MTE), consiste no pagamento de duas parcelas no valor de um sal\u00e1rio m\u00ednimo (R$ 1.412) nos meses de julho e agosto. Em contrapartida, a empresa dever\u00e1 garantir sal\u00e1rio e emprego do funcion\u00e1rio por quatro meses, sendo dois durante o recebimento do benef\u00edcio e mais dois meses subsequentes (setembro e outubro), exceto em caso de pedido de demiss\u00e3o do empregado.<br>A ades\u00e3o volunt\u00e1ria ao programa emergencial \u00e9 feita online pelo portal <a href=\"https:\/\/servicos.mte.gov.br\/empregador\/#\/\">Emprega Brasil &#8211; Empregador<\/a>, do MTE.<\/p>\n\n\n\n<p>At\u00e9 o dia 26 de junho, mais de 17,4 mil empresas aderiram ao programa emergencial.<\/p>\n\n\n\n<p><strong>Dep\u00f3sitos<\/strong><\/p>\n\n\n\n<p>A empresa que aderiu at\u00e9 o dia 26 de junho, ter\u00e1 a primeira parcela dos seus funcion\u00e1rios, incluindo aprendizes e estagi\u00e1rios, paga no dia 8 de julho. J\u00e1 para as empresas que aderirem entre 27 de junho e 12 de julho, os trabalhadores v\u00e3o receber a primeira parcela em 22 de julho.<\/p>\n\n\n\n<p>No m\u00eas de agosto, todos trabalhadores formais v\u00e3o receber a segunda parcela no dia 5. Em rela\u00e7\u00e3o aos pescadores profissionais artesanais, estes tamb\u00e9m v\u00e3o receber no dia 8 de julho, e a segunda parcela, em 5 de agosto.<\/p>\n\n\n\n<p>O pagamento ser\u00e1 realizado pela Caixa Econ\u00f4mica Federal. Os benefici\u00e1rios n\u00e3o precisam abrir contas para o recebimento do valor, pois o banco p\u00fablico identifica se o trabalhador j\u00e1 possui conta corrente ou poupan\u00e7a na institui\u00e7\u00e3o e faz o cr\u00e9dito automaticamente, sem que seja necess\u00e1rio comparecer a uma ag\u00eancia. Caso n\u00e3o tenha conta, a Caixa se encarrega de abrir, de forma autom\u00e1tica, uma conta Poupan\u00e7a Caixa Tem. Os trabalhadores das empresas poder\u00e3o consultar, por meio do aplicativo da Carteira de Trabalho Digital, sobre a habilita\u00e7\u00e3o e o efetivo agendamento do pagamento do aux\u00edlio.<\/p>\n\n\n\n<p><strong>Aux\u00edlio financeiro<\/strong><\/p>\n\n\n\n<p>Al\u00e9m de aderir ao portal Emprega Brasil, a empresa precisa preencher uma declara\u00e7\u00e3o de redu\u00e7\u00e3o do faturamento e capacidade de opera\u00e7\u00e3o do estabelecimento, causada pelos eventos clim\u00e1ticos, que impossibilitem o pagamento da folha salarial.<\/p>\n\n\n\n<p>Os dados informados pelas empresas ser\u00e3o analisados pela Empresa de Tecnologia e Informa\u00e7\u00f5es da Previd\u00eancia (Dataprev), vinculada ao Minist\u00e9rio da Gest\u00e3o e da Inova\u00e7\u00e3o em Servi\u00e7os P\u00fablicos. A Secretaria Especial da Receita Federal do Minist\u00e9rio da Fazenda tamb\u00e9m poder\u00e1 fiscalizar a veracidade das informa\u00e7\u00f5es da declara\u00e7\u00e3o. Se tudo estiver correto, o pagamento do apoio ser\u00e1 autorizado.<\/p>\n","protected":false},"excerpt":{"rendered":"<p>As empresas instaladas em munic\u00edpios ga\u00fachos com estado de calamidade ou situa\u00e7\u00e3o de emerg\u00eancia reconhecido pelo Governo Federal, t\u00eam at\u00e9 a sexta-feira (12\/7) para aderir ao programa emergencial de Apoio Financeiro para trabalhadores e trabalhadoras do Estado. O apoio, coordenado pelo Minist\u00e9rio do Trabalho e Emprego (MTE), consiste no pagamento de duas parcelas no valor [&hellip;]<\/p>\n","protected":false},"author":8,"featured_media":72289,"comment_status":"open","ping_status":"open","sticky":false,"template":"","format":"standard","meta":{"pmpro_default_level":"","_jetpack_memberships_contains_paid_content":false,"footnotes":""},"categories":[2,10991,12473],"tags":[15523,15180,13511],"class_list":{"0":"post-162589","1":"post","2":"type-post","3":"status-publish","4":"format-standard","5":"has-post-thumbnail","7":"category-featured","8":"category-economia","9":"category-negocios","10":"tag-apoio-financeiro","11":"tag-empresas-gauchas","12":"tag-ministerio-do-trabalho-e-emprego","13":"pmpro-has-access"},"yoast_head":"<!-- This site is optimized with the Yoast SEO plugin v27.5 - https:\/\/yoast.com\/product\/yoast-seo-wordpress\/ -->\n<title>Empresas ga\u00fachas t\u00eam at\u00e9 dia 12 para aderir a apoio financeiro - Folha Popular<\/title>\n<meta name=\"robots\" content=\"index, follow, max-snippet:-1, max-image-preview:large, max-video-preview:-1\" \/>\n<link rel=\"canonical\" href=\"https:\/\/folhapopular.info\/index.php\/2024\/07\/09\/empresas-gauchas-tem-ate-o-dia-12-para-aderir-a-apoio-financeiro\/\" \/>\n<meta property=\"og:locale\" content=\"pt_BR\" \/>\n<meta property=\"og:type\" content=\"article\" \/>\n<meta property=\"og:title\" content=\"Empresas ga\u00fachas t\u00eam at\u00e9 dia 12 para aderir a apoio financeiro - Folha Popular\" \/>\n<meta property=\"og:description\" content=\"As empresas instaladas em munic\u00edpios ga\u00fachos com estado de calamidade ou situa\u00e7\u00e3o de emerg\u00eancia reconhecido pelo Governo Federal, t\u00eam at\u00e9 a sexta-feira (12\/7) para aderir ao programa emergencial de Apoio Financeiro para trabalhadores e trabalhadoras do Estado. O apoio, coordenado pelo Minist\u00e9rio do Trabalho e Emprego (MTE), consiste no pagamento de duas parcelas no valor [&hellip;]\" \/>\n<meta property=\"og:url\" content=\"https:\/\/folhapopular.info\/index.php\/2024\/07\/09\/empresas-gauchas-tem-ate-o-dia-12-para-aderir-a-apoio-financeiro\/\" \/>\n<meta property=\"og:site_name\" content=\"Folha Popular\" \/>\n<meta property=\"article:published_time\" content=\"2024-07-09T20:02:00+00:00\" \/>\n<meta property=\"article:modified_time\" content=\"2024-07-09T20:08:36+00:00\" \/>\n<meta property=\"og:image\" content=\"http:\/\/folhapopular.info\/wp-content\/uploads\/2020\/08\/Enchente-2020-Estrela-Frederico-Sehn-65-scaled-e1596625924530.jpg\" \/>\n\t<meta property=\"og:image:width\" content=\"800\" \/>\n\t<meta property=\"og:image:height\" content=\"533\" \/>\n\t<meta property=\"og:image:type\" content=\"image\/jpeg\" \/>\n<meta name=\"author\" content=\"Reda\u00e7\u00e3o Folha Popular\" \/>\n<meta name=\"twitter:card\" content=\"summary_large_image\" \/>\n<meta name=\"twitter:label1\" content=\"Escrito por\" \/>\n\t<meta name=\"twitter:data1\" content=\"Reda\u00e7\u00e3o Folha Popular\" \/>\n\t<meta name=\"twitter:label2\" content=\"Est. tempo de leitura\" \/>\n\t<meta name=\"twitter:data2\" content=\"3 minutos\" \/>\n<script type=\"application\/ld+json\" class=\"yoast-schema-graph\">{\"@context\":\"https:\\\/\\\/schema.org\",\"@graph\":[{\"@type\":\"Article\",\"@id\":\"https:\\\/\\\/folhapopular.info\\\/index.php\\\/2024\\\/07\\\/09\\\/empresas-gauchas-tem-ate-o-dia-12-para-aderir-a-apoio-financeiro\\\/#article\",\"isPartOf\":{\"@id\":\"https:\\\/\\\/folhapopular.info\\\/index.php\\\/2024\\\/07\\\/09\\\/empresas-gauchas-tem-ate-o-dia-12-para-aderir-a-apoio-financeiro\\\/\"},\"author\":{\"name\":\"Reda\u00e7\u00e3o Folha Popular\",\"@id\":\"https:\\\/\\\/folhapopular.info\\\/#\\\/schema\\\/person\\\/2814e8a0df7643585a9ca38bc6eb9d4b\"},\"headline\":\"Empresas ga\u00fachas t\u00eam at\u00e9 dia 12 para aderir a apoio financeiro\",\"datePublished\":\"2024-07-09T20:02:00+00:00\",\"dateModified\":\"2024-07-09T20:08:36+00:00\",\"mainEntityOfPage\":{\"@id\":\"https:\\\/\\\/folhapopular.info\\\/index.php\\\/2024\\\/07\\\/09\\\/empresas-gauchas-tem-ate-o-dia-12-para-aderir-a-apoio-financeiro\\\/\"},\"wordCount\":467,\"commentCount\":0,\"image\":{\"@id\":\"https:\\\/\\\/folhapopular.info\\\/index.php\\\/2024\\\/07\\\/09\\\/empresas-gauchas-tem-ate-o-dia-12-para-aderir-a-apoio-financeiro\\\/#primaryimage\"},\"thumbnailUrl\":\"https:\\\/\\\/folhapopular.info\\\/wp-content\\\/uploads\\\/2020\\\/08\\\/Enchente-2020-Estrela-Frederico-Sehn-65-scaled-e1596625924530.jpg\",\"keywords\":[\"Apoio Financeiro\",\"Empresas ga\u00fachas\",\"Minist\u00e9rio do Trabalho e Emprego\"],\"articleSection\":[\"Destaques\",\"Economia\",\"Neg\u00f3cios\"],\"inLanguage\":\"pt-BR\",\"potentialAction\":[{\"@type\":\"CommentAction\",\"name\":\"Comment\",\"target\":[\"https:\\\/\\\/folhapopular.info\\\/index.php\\\/2024\\\/07\\\/09\\\/empresas-gauchas-tem-ate-o-dia-12-para-aderir-a-apoio-financeiro\\\/#respond\"]}]},{\"@type\":\"WebPage\",\"@id\":\"https:\\\/\\\/folhapopular.info\\\/index.php\\\/2024\\\/07\\\/09\\\/empresas-gauchas-tem-ate-o-dia-12-para-aderir-a-apoio-financeiro\\\/\",\"url\":\"https:\\\/\\\/folhapopular.info\\\/index.php\\\/2024\\\/07\\\/09\\\/empresas-gauchas-tem-ate-o-dia-12-para-aderir-a-apoio-financeiro\\\/\",\"name\":\"Empresas ga\u00fachas t\u00eam at\u00e9 dia 12 para aderir a apoio financeiro - Folha Popular\",\"isPartOf\":{\"@id\":\"https:\\\/\\\/folhapopular.info\\\/#website\"},\"primaryImageOfPage\":{\"@id\":\"https:\\\/\\\/folhapopular.info\\\/index.php\\\/2024\\\/07\\\/09\\\/empresas-gauchas-tem-ate-o-dia-12-para-aderir-a-apoio-financeiro\\\/#primaryimage\"},\"image\":{\"@id\":\"https:\\\/\\\/folhapopular.info\\\/index.php\\\/2024\\\/07\\\/09\\\/empresas-gauchas-tem-ate-o-dia-12-para-aderir-a-apoio-financeiro\\\/#primaryimage\"},\"thumbnailUrl\":\"https:\\\/\\\/folhapopular.info\\\/wp-content\\\/uploads\\\/2020\\\/08\\\/Enchente-2020-Estrela-Frederico-Sehn-65-scaled-e1596625924530.jpg\",\"datePublished\":\"2024-07-09T20:02:00+00:00\",\"dateModified\":\"2024-07-09T20:08:36+00:00\",\"author\":{\"@id\":\"https:\\\/\\\/folhapopular.info\\\/#\\\/schema\\\/person\\\/2814e8a0df7643585a9ca38bc6eb9d4b\"},\"breadcrumb\":{\"@id\":\"https:\\\/\\\/folhapopular.info\\\/index.php\\\/2024\\\/07\\\/09\\\/empresas-gauchas-tem-ate-o-dia-12-para-aderir-a-apoio-financeiro\\\/#breadcrumb\"},\"inLanguage\":\"pt-BR\",\"potentialAction\":[{\"@type\":\"ReadAction\",\"target\":[\"https:\\\/\\\/folhapopular.info\\\/index.php\\\/2024\\\/07\\\/09\\\/empresas-gauchas-tem-ate-o-dia-12-para-aderir-a-apoio-financeiro\\\/\"]}]},{\"@type\":\"ImageObject\",\"inLanguage\":\"pt-BR\",\"@id\":\"https:\\\/\\\/folhapopular.info\\\/index.php\\\/2024\\\/07\\\/09\\\/empresas-gauchas-tem-ate-o-dia-12-para-aderir-a-apoio-financeiro\\\/#primaryimage\",\"url\":\"https:\\\/\\\/folhapopular.info\\\/wp-content\\\/uploads\\\/2020\\\/08\\\/Enchente-2020-Estrela-Frederico-Sehn-65-scaled-e1596625924530.jpg\",\"contentUrl\":\"https:\\\/\\\/folhapopular.info\\\/wp-content\\\/uploads\\\/2020\\\/08\\\/Enchente-2020-Estrela-Frederico-Sehn-65-scaled-e1596625924530.jpg\",\"width\":800,\"height\":533,\"caption\":\"Cr\u00e9dito: Divulga\u00e7\u00e3o\"},{\"@type\":\"BreadcrumbList\",\"@id\":\"https:\\\/\\\/folhapopular.info\\\/index.php\\\/2024\\\/07\\\/09\\\/empresas-gauchas-tem-ate-o-dia-12-para-aderir-a-apoio-financeiro\\\/#breadcrumb\",\"itemListElement\":[{\"@type\":\"ListItem\",\"position\":1,\"name\":\"In\u00edcio\",\"item\":\"https:\\\/\\\/folhapopular.info\\\/\"},{\"@type\":\"ListItem\",\"position\":2,\"name\":\"Empresas ga\u00fachas t\u00eam at\u00e9 dia 12 para aderir a apoio financeiro\"}]},{\"@type\":\"WebSite\",\"@id\":\"https:\\\/\\\/folhapopular.info\\\/#website\",\"url\":\"https:\\\/\\\/folhapopular.info\\\/\",\"name\":\"Folha Popular\",\"description\":\"Onde voc\u00ea tem vez e voz\",\"potentialAction\":[{\"@type\":\"SearchAction\",\"target\":{\"@type\":\"EntryPoint\",\"urlTemplate\":\"https:\\\/\\\/folhapopular.info\\\/?s={search_term_string}\"},\"query-input\":{\"@type\":\"PropertyValueSpecification\",\"valueRequired\":true,\"valueName\":\"search_term_string\"}}],\"inLanguage\":\"pt-BR\"},{\"@type\":\"Person\",\"@id\":\"https:\\\/\\\/folhapopular.info\\\/#\\\/schema\\\/person\\\/2814e8a0df7643585a9ca38bc6eb9d4b\",\"name\":\"Reda\u00e7\u00e3o Folha Popular\",\"image\":{\"@type\":\"ImageObject\",\"inLanguage\":\"pt-BR\",\"@id\":\"https:\\\/\\\/folhapopular.info\\\/wp-content\\\/uploads\\\/2026\\\/04\\\/Folha-1.webp\",\"url\":\"https:\\\/\\\/folhapopular.info\\\/wp-content\\\/uploads\\\/2026\\\/04\\\/Folha-1.webp\",\"contentUrl\":\"https:\\\/\\\/folhapopular.info\\\/wp-content\\\/uploads\\\/2026\\\/04\\\/Folha-1.webp\",\"caption\":\"Reda\u00e7\u00e3o Folha Popular\"},\"url\":\"https:\\\/\\\/folhapopular.info\\\/index.php\\\/author\\\/redacao\\\/\"}]}<\/script>\n<!-- \/ Yoast SEO plugin. -->","yoast_head_json":{"title":"Empresas ga\u00fachas t\u00eam at\u00e9 dia 12 para aderir a apoio financeiro - Folha Popular","robots":{"index":"index","follow":"follow","max-snippet":"max-snippet:-1","max-image-preview":"max-image-preview:large","max-video-preview":"max-video-preview:-1"},"canonical":"https:\/\/folhapopular.info\/index.php\/2024\/07\/09\/empresas-gauchas-tem-ate-o-dia-12-para-aderir-a-apoio-financeiro\/","og_locale":"pt_BR","og_type":"article","og_title":"Empresas ga\u00fachas t\u00eam at\u00e9 dia 12 para aderir a apoio financeiro - Folha Popular","og_description":"As empresas instaladas em munic\u00edpios ga\u00fachos com estado de calamidade ou situa\u00e7\u00e3o de emerg\u00eancia reconhecido pelo Governo Federal, t\u00eam at\u00e9 a sexta-feira (12\/7) para aderir ao programa emergencial de Apoio Financeiro para trabalhadores e trabalhadoras do Estado. O apoio, coordenado pelo Minist\u00e9rio do Trabalho e Emprego (MTE), consiste no pagamento de duas parcelas no valor [&hellip;]","og_url":"https:\/\/folhapopular.info\/index.php\/2024\/07\/09\/empresas-gauchas-tem-ate-o-dia-12-para-aderir-a-apoio-financeiro\/","og_site_name":"Folha Popular","article_published_time":"2024-07-09T20:02:00+00:00","article_modified_time":"2024-07-09T20:08:36+00:00","og_image":[{"width":800,"height":533,"url":"http:\/\/folhapopular.info\/wp-content\/uploads\/2020\/08\/Enchente-2020-Estrela-Frederico-Sehn-65-scaled-e1596625924530.jpg","type":"image\/jpeg"}],"author":"Reda\u00e7\u00e3o Folha Popular","twitter_card":"summary_large_image","twitter_misc":{"Escrito por":"Reda\u00e7\u00e3o Folha Popular","Est. tempo de leitura":"3 minutos"},"schema":{"@context":"https:\/\/schema.org","@graph":[{"@type":"Article","@id":"https:\/\/folhapopular.info\/index.php\/2024\/07\/09\/empresas-gauchas-tem-ate-o-dia-12-para-aderir-a-apoio-financeiro\/#article","isPartOf":{"@id":"https:\/\/folhapopular.info\/index.php\/2024\/07\/09\/empresas-gauchas-tem-ate-o-dia-12-para-aderir-a-apoio-financeiro\/"},"author":{"name":"Reda\u00e7\u00e3o Folha Popular","@id":"https:\/\/folhapopular.info\/#\/schema\/person\/2814e8a0df7643585a9ca38bc6eb9d4b"},"headline":"Empresas ga\u00fachas t\u00eam at\u00e9 dia 12 para aderir a apoio financeiro","datePublished":"2024-07-09T20:02:00+00:00","dateModified":"2024-07-09T20:08:36+00:00","mainEntityOfPage":{"@id":"https:\/\/folhapopular.info\/index.php\/2024\/07\/09\/empresas-gauchas-tem-ate-o-dia-12-para-aderir-a-apoio-financeiro\/"},"wordCount":467,"commentCount":0,"image":{"@id":"https:\/\/folhapopular.info\/index.php\/2024\/07\/09\/empresas-gauchas-tem-ate-o-dia-12-para-aderir-a-apoio-financeiro\/#primaryimage"},"thumbnailUrl":"https:\/\/folhapopular.info\/wp-content\/uploads\/2020\/08\/Enchente-2020-Estrela-Frederico-Sehn-65-scaled-e1596625924530.jpg","keywords":["Apoio Financeiro","Empresas ga\u00fachas","Minist\u00e9rio do Trabalho e Emprego"],"articleSection":["Destaques","Economia","Neg\u00f3cios"],"inLanguage":"pt-BR","potentialAction":[{"@type":"CommentAction","name":"Comment","target":["https:\/\/folhapopular.info\/index.php\/2024\/07\/09\/empresas-gauchas-tem-ate-o-dia-12-para-aderir-a-apoio-financeiro\/#respond"]}]},{"@type":"WebPage","@id":"https:\/\/folhapopular.info\/index.php\/2024\/07\/09\/empresas-gauchas-tem-ate-o-dia-12-para-aderir-a-apoio-financeiro\/","url":"https:\/\/folhapopular.info\/index.php\/2024\/07\/09\/empresas-gauchas-tem-ate-o-dia-12-para-aderir-a-apoio-financeiro\/","name":"Empresas ga\u00fachas t\u00eam at\u00e9 dia 12 para aderir a apoio financeiro - Folha Popular","isPartOf":{"@id":"https:\/\/folhapopular.info\/#website"},"primaryImageOfPage":{"@id":"https:\/\/folhapopular.info\/index.php\/2024\/07\/09\/empresas-gauchas-tem-ate-o-dia-12-para-aderir-a-apoio-financeiro\/#primaryimage"},"image":{"@id":"https:\/\/folhapopular.info\/index.php\/2024\/07\/09\/empresas-gauchas-tem-ate-o-dia-12-para-aderir-a-apoio-financeiro\/#primaryimage"},"thumbnailUrl":"https:\/\/folhapopular.info\/wp-content\/uploads\/2020\/08\/Enchente-2020-Estrela-Frederico-Sehn-65-scaled-e1596625924530.jpg","datePublished":"2024-07-09T20:02:00+00:00","dateModified":"2024-07-09T20:08:36+00:00","author":{"@id":"https:\/\/folhapopular.info\/#\/schema\/person\/2814e8a0df7643585a9ca38bc6eb9d4b"},"breadcrumb":{"@id":"https:\/\/folhapopular.info\/index.php\/2024\/07\/09\/empresas-gauchas-tem-ate-o-dia-12-para-aderir-a-apoio-financeiro\/#breadcrumb"},"inLanguage":"pt-BR","potentialAction":[{"@type":"ReadAction","target":["https:\/\/folhapopular.info\/index.php\/2024\/07\/09\/empresas-gauchas-tem-ate-o-dia-12-para-aderir-a-apoio-financeiro\/"]}]},{"@type":"ImageObject","inLanguage":"pt-BR","@id":"https:\/\/folhapopular.info\/index.php\/2024\/07\/09\/empresas-gauchas-tem-ate-o-dia-12-para-aderir-a-apoio-financeiro\/#primaryimage","url":"https:\/\/folhapopular.info\/wp-content\/uploads\/2020\/08\/Enchente-2020-Estrela-Frederico-Sehn-65-scaled-e1596625924530.jpg","contentUrl":"https:\/\/folhapopular.info\/wp-content\/uploads\/2020\/08\/Enchente-2020-Estrela-Frederico-Sehn-65-scaled-e1596625924530.jpg","width":800,"height":533,"caption":"Cr\u00e9dito: Divulga\u00e7\u00e3o"},{"@type":"BreadcrumbList","@id":"https:\/\/folhapopular.info\/index.php\/2024\/07\/09\/empresas-gauchas-tem-ate-o-dia-12-para-aderir-a-apoio-financeiro\/#breadcrumb","itemListElement":[{"@type":"ListItem","position":1,"name":"In\u00edcio","item":"https:\/\/folhapopular.info\/"},{"@type":"ListItem","position":2,"name":"Empresas ga\u00fachas t\u00eam at\u00e9 dia 12 para aderir a apoio financeiro"}]},{"@type":"WebSite","@id":"https:\/\/folhapopular.info\/#website","url":"https:\/\/folhapopular.info\/","name":"Folha Popular","description":"Onde voc\u00ea tem vez e voz","potentialAction":[{"@type":"SearchAction","target":{"@type":"EntryPoint","urlTemplate":"https:\/\/folhapopular.info\/?s={search_term_string}"},"query-input":{"@type":"PropertyValueSpecification","valueRequired":true,"valueName":"search_term_string"}}],"inLanguage":"pt-BR"},{"@type":"Person","@id":"https:\/\/folhapopular.info\/#\/schema\/person\/2814e8a0df7643585a9ca38bc6eb9d4b","name":"Reda\u00e7\u00e3o Folha Popular","image":{"@type":"ImageObject","inLanguage":"pt-BR","@id":"https:\/\/folhapopular.info\/wp-content\/uploads\/2026\/04\/Folha-1.webp","url":"https:\/\/folhapopular.info\/wp-content\/uploads\/2026\/04\/Folha-1.webp","contentUrl":"https:\/\/folhapopular.info\/wp-content\/uploads\/2026\/04\/Folha-1.webp","caption":"Reda\u00e7\u00e3o Folha Popular"},"url":"https:\/\/folhapopular.info\/index.php\/author\/redacao\/"}]}},"jetpack_featured_media_url":"https:\/\/folhapopular.info\/wp-content\/uploads\/2020\/08\/Enchente-2020-Estrela-Frederico-Sehn-65-scaled-e1596625924530.jpg","jetpack_sharing_enabled":true,"amp_enabled":true,"_links":{"self":[{"href":"https:\/\/folhapopular.info\/index.php\/wp-json\/wp\/v2\/posts\/162589","targetHints":{"allow":["GET"]}}],"collection":[{"href":"https:\/\/folhapopular.info\/index.php\/wp-json\/wp\/v2\/posts"}],"about":[{"href":"https:\/\/folhapopular.info\/index.php\/wp-json\/wp\/v2\/types\/post"}],"author":[{"embeddable":true,"href":"https:\/\/folhapopular.info\/index.php\/wp-json\/wp\/v2\/users\/8"}],"replies":[{"embeddable":true,"href":"https:\/\/folhapopular.info\/index.php\/wp-json\/wp\/v2\/comments?post=162589"}],"version-history":[{"count":0,"href":"https:\/\/folhapopular.info\/index.php\/wp-json\/wp\/v2\/posts\/162589\/revisions"}],"wp:featuredmedia":[{"embeddable":true,"href":"https:\/\/folhapopular.info\/index.php\/wp-json\/wp\/v2\/media\/72289"}],"wp:attachment":[{"href":"https:\/\/folhapopular.info\/index.php\/wp-json\/wp\/v2\/media?parent=162589"}],"wp:term":[{"taxonomy":"category","embeddable":true,"href":"https:\/\/folhapopular.info\/index.php\/wp-json\/wp\/v2\/categories?post=162589"},{"taxonomy":"post_tag","embeddable":true,"href":"https:\/\/folhapopular.info\/index.php\/wp-json\/wp\/v2\/tags?post=162589"}],"curies":[{"name":"wp","href":"https:\/\/api.w.org\/{rel}","templated":true}]}}