{"id":163025,"date":"2024-07-15T11:00:00","date_gmt":"2024-07-15T14:00:00","guid":{"rendered":"https:\/\/folhapopular.info\/?p=163025"},"modified":"2024-07-15T09:24:27","modified_gmt":"2024-07-15T12:24:27","slug":"westfalia-celebra-200-anos-da-imigracao-alema-com-programacao-especial","status":"publish","type":"post","link":"https:\/\/folhapopular.info\/index.php\/2024\/07\/15\/westfalia-celebra-200-anos-da-imigracao-alema-com-programacao-especial\/","title":{"rendered":"Westf\u00e1lia celebra 200 anos da Imigra\u00e7\u00e3o Alem\u00e3 com programa\u00e7\u00e3o especial"},"content":{"rendered":"\n<p>Westf\u00e1lia celebra na pr\u00f3xima quarta-feira, dia 17 de julho, os 200 anos da Imigra\u00e7\u00e3o Alem\u00e3 no Brasil com programa\u00e7\u00e3o cultural especial, promovida pela Associa\u00e7\u00e3o Cultural Westfaliana. A atividade ocorrer\u00e1 no Galp\u00e3o Municipal, junto ao Parque de Eventos, a partir das 19h30min.<\/p>\n\n\n\n<p>A programa\u00e7\u00e3o, voltada para toda a comunidade, ser\u00e1 aberta com apresenta\u00e7\u00e3o do Coral Infanto-Juvenil. Na sequ\u00eancia, haver\u00e1 a premia\u00e7\u00e3o dos quatro melhores trabalhos do Concurso Memorial dos 200 Anos, onde os participantes criaram maquetes para representar os 200 anos da Imigra\u00e7\u00e3o Alem\u00e3 no Brasil. Esta atividade envolveu estudantes do 4\u00ba ao 9\u00ba Ano da rede municipal de ensino e a avalia\u00e7\u00e3o dos projetos inscritos deu-se em 23 de maio, sendo que a maquete vencedora ser\u00e1 utilizada para a cria\u00e7\u00e3o de um Memorial.<\/p>\n\n\n\n<p>Os concursos de Par\u00f3dias (alunos de 6\u00ba e 7\u00ba Ano) e Orat\u00f3ria (8\u00ba e 9\u00ba Ano), por sua vez, envolveram alunos dos Anos Finais da Escola Municipal de Ensino Fundamental (EMEF) Vila Schmidt. O tema das atividades \u00e9 \u201cCelebrando os 200 anos da Imigra\u00e7\u00e3o Alem\u00e3 no Brasil: de que forma a integra\u00e7\u00e3o cultural beneficiou a nossa comunidade?\u201d. Cada categoria j\u00e1 tem seus finalistas e no dia 17 de julho far\u00e3o sua apresenta\u00e7\u00e3o final. As tr\u00eas melhores apresenta\u00e7\u00f5es de cada categoria ser\u00e3o premiadas.<\/p>\n","protected":false},"excerpt":{"rendered":"<p>Westf\u00e1lia celebra na pr\u00f3xima quarta-feira, dia 17 de julho, os 200 anos da Imigra\u00e7\u00e3o Alem\u00e3 no Brasil com programa\u00e7\u00e3o cultural especial, promovida pela Associa\u00e7\u00e3o Cultural Westfaliana. A atividade ocorrer\u00e1 no Galp\u00e3o Municipal, junto ao Parque de Eventos, a partir das 19h30min. A programa\u00e7\u00e3o, voltada para toda a comunidade, ser\u00e1 aberta com apresenta\u00e7\u00e3o do Coral Infanto-Juvenil. [&hellip;]<\/p>\n","protected":false},"author":8,"featured_media":163026,"comment_status":"open","ping_status":"open","sticky":false,"template":"","format":"standard","meta":{"pmpro_default_level":"","_jetpack_memberships_contains_paid_content":false,"footnotes":""},"categories":[10996,2,10999,6],"tags":[25],"class_list":{"0":"post-163025","1":"post","2":"type-post","3":"status-publish","4":"format-standard","5":"has-post-thumbnail","7":"category-cultura","8":"category-featured","9":"category-entretenimento","10":"category-inclusive","11":"tag-westfalia","12":"pmpro-has-access"},"yoast_head":"<!-- This site is optimized with the Yoast SEO plugin v27.5 - https:\/\/yoast.com\/product\/yoast-seo-wordpress\/ -->\n<title>Westf\u00e1lia celebra 200 anos da Imigra\u00e7\u00e3o Alem\u00e3 com programa\u00e7\u00e3o especial - Folha Popular<\/title>\n<meta name=\"robots\" content=\"index, follow, max-snippet:-1, max-image-preview:large, max-video-preview:-1\" \/>\n<link rel=\"canonical\" href=\"https:\/\/folhapopular.info\/index.php\/2024\/07\/15\/westfalia-celebra-200-anos-da-imigracao-alema-com-programacao-especial\/\" \/>\n<meta property=\"og:locale\" content=\"pt_BR\" \/>\n<meta property=\"og:type\" content=\"article\" \/>\n<meta property=\"og:title\" content=\"Westf\u00e1lia celebra 200 anos da Imigra\u00e7\u00e3o Alem\u00e3 com programa\u00e7\u00e3o especial - Folha Popular\" \/>\n<meta property=\"og:description\" content=\"Westf\u00e1lia celebra na pr\u00f3xima quarta-feira, dia 17 de julho, os 200 anos da Imigra\u00e7\u00e3o Alem\u00e3 no Brasil com programa\u00e7\u00e3o cultural especial, promovida pela Associa\u00e7\u00e3o Cultural Westfaliana. A atividade ocorrer\u00e1 no Galp\u00e3o Municipal, junto ao Parque de Eventos, a partir das 19h30min. A programa\u00e7\u00e3o, voltada para toda a comunidade, ser\u00e1 aberta com apresenta\u00e7\u00e3o do Coral Infanto-Juvenil. [&hellip;]\" \/>\n<meta property=\"og:url\" content=\"https:\/\/folhapopular.info\/index.php\/2024\/07\/15\/westfalia-celebra-200-anos-da-imigracao-alema-com-programacao-especial\/\" \/>\n<meta property=\"og:site_name\" content=\"Folha Popular\" \/>\n<meta property=\"article:published_time\" content=\"2024-07-15T14:00:00+00:00\" \/>\n<meta property=\"og:image\" content=\"https:\/\/folhapopular.info\/wp-content\/uploads\/2024\/07\/Programacao-e-aberta-a-comunidade-westfaliana_Divulgacao.jpeg\" \/>\n\t<meta property=\"og:image:width\" content=\"1080\" \/>\n\t<meta property=\"og:image:height\" content=\"1080\" \/>\n\t<meta property=\"og:image:type\" content=\"image\/jpeg\" \/>\n<meta name=\"author\" content=\"Reda\u00e7\u00e3o Folha Popular\" \/>\n<meta name=\"twitter:card\" content=\"summary_large_image\" \/>\n<meta name=\"twitter:label1\" content=\"Escrito por\" \/>\n\t<meta name=\"twitter:data1\" content=\"Reda\u00e7\u00e3o Folha Popular\" \/>\n\t<meta name=\"twitter:label2\" content=\"Est. tempo de leitura\" \/>\n\t<meta name=\"twitter:data2\" content=\"2 minutos\" \/>\n<script type=\"application\/ld+json\" class=\"yoast-schema-graph\">{\"@context\":\"https:\\\/\\\/schema.org\",\"@graph\":[{\"@type\":\"Article\",\"@id\":\"https:\\\/\\\/folhapopular.info\\\/index.php\\\/2024\\\/07\\\/15\\\/westfalia-celebra-200-anos-da-imigracao-alema-com-programacao-especial\\\/#article\",\"isPartOf\":{\"@id\":\"https:\\\/\\\/folhapopular.info\\\/index.php\\\/2024\\\/07\\\/15\\\/westfalia-celebra-200-anos-da-imigracao-alema-com-programacao-especial\\\/\"},\"author\":{\"name\":\"Reda\u00e7\u00e3o Folha Popular\",\"@id\":\"https:\\\/\\\/folhapopular.info\\\/#\\\/schema\\\/person\\\/2814e8a0df7643585a9ca38bc6eb9d4b\"},\"headline\":\"Westf\u00e1lia celebra 200 anos da Imigra\u00e7\u00e3o Alem\u00e3 com programa\u00e7\u00e3o especial\",\"datePublished\":\"2024-07-15T14:00:00+00:00\",\"mainEntityOfPage\":{\"@id\":\"https:\\\/\\\/folhapopular.info\\\/index.php\\\/2024\\\/07\\\/15\\\/westfalia-celebra-200-anos-da-imigracao-alema-com-programacao-especial\\\/\"},\"wordCount\":226,\"commentCount\":0,\"image\":{\"@id\":\"https:\\\/\\\/folhapopular.info\\\/index.php\\\/2024\\\/07\\\/15\\\/westfalia-celebra-200-anos-da-imigracao-alema-com-programacao-especial\\\/#primaryimage\"},\"thumbnailUrl\":\"https:\\\/\\\/folhapopular.info\\\/wp-content\\\/uploads\\\/2024\\\/07\\\/Programacao-e-aberta-a-comunidade-westfaliana_Divulgacao.jpeg\",\"keywords\":[\"Westf\u00e1lia\"],\"articleSection\":[\"Cultura\",\"Destaques\",\"Entretenimento\",\"Inclusive\"],\"inLanguage\":\"pt-BR\",\"potentialAction\":[{\"@type\":\"CommentAction\",\"name\":\"Comment\",\"target\":[\"https:\\\/\\\/folhapopular.info\\\/index.php\\\/2024\\\/07\\\/15\\\/westfalia-celebra-200-anos-da-imigracao-alema-com-programacao-especial\\\/#respond\"]}]},{\"@type\":\"WebPage\",\"@id\":\"https:\\\/\\\/folhapopular.info\\\/index.php\\\/2024\\\/07\\\/15\\\/westfalia-celebra-200-anos-da-imigracao-alema-com-programacao-especial\\\/\",\"url\":\"https:\\\/\\\/folhapopular.info\\\/index.php\\\/2024\\\/07\\\/15\\\/westfalia-celebra-200-anos-da-imigracao-alema-com-programacao-especial\\\/\",\"name\":\"Westf\u00e1lia celebra 200 anos da Imigra\u00e7\u00e3o Alem\u00e3 com programa\u00e7\u00e3o especial - Folha Popular\",\"isPartOf\":{\"@id\":\"https:\\\/\\\/folhapopular.info\\\/#website\"},\"primaryImageOfPage\":{\"@id\":\"https:\\\/\\\/folhapopular.info\\\/index.php\\\/2024\\\/07\\\/15\\\/westfalia-celebra-200-anos-da-imigracao-alema-com-programacao-especial\\\/#primaryimage\"},\"image\":{\"@id\":\"https:\\\/\\\/folhapopular.info\\\/index.php\\\/2024\\\/07\\\/15\\\/westfalia-celebra-200-anos-da-imigracao-alema-com-programacao-especial\\\/#primaryimage\"},\"thumbnailUrl\":\"https:\\\/\\\/folhapopular.info\\\/wp-content\\\/uploads\\\/2024\\\/07\\\/Programacao-e-aberta-a-comunidade-westfaliana_Divulgacao.jpeg\",\"datePublished\":\"2024-07-15T14:00:00+00:00\",\"author\":{\"@id\":\"https:\\\/\\\/folhapopular.info\\\/#\\\/schema\\\/person\\\/2814e8a0df7643585a9ca38bc6eb9d4b\"},\"breadcrumb\":{\"@id\":\"https:\\\/\\\/folhapopular.info\\\/index.php\\\/2024\\\/07\\\/15\\\/westfalia-celebra-200-anos-da-imigracao-alema-com-programacao-especial\\\/#breadcrumb\"},\"inLanguage\":\"pt-BR\",\"potentialAction\":[{\"@type\":\"ReadAction\",\"target\":[\"https:\\\/\\\/folhapopular.info\\\/index.php\\\/2024\\\/07\\\/15\\\/westfalia-celebra-200-anos-da-imigracao-alema-com-programacao-especial\\\/\"]}]},{\"@type\":\"ImageObject\",\"inLanguage\":\"pt-BR\",\"@id\":\"https:\\\/\\\/folhapopular.info\\\/index.php\\\/2024\\\/07\\\/15\\\/westfalia-celebra-200-anos-da-imigracao-alema-com-programacao-especial\\\/#primaryimage\",\"url\":\"https:\\\/\\\/folhapopular.info\\\/wp-content\\\/uploads\\\/2024\\\/07\\\/Programacao-e-aberta-a-comunidade-westfaliana_Divulgacao.jpeg\",\"contentUrl\":\"https:\\\/\\\/folhapopular.info\\\/wp-content\\\/uploads\\\/2024\\\/07\\\/Programacao-e-aberta-a-comunidade-westfaliana_Divulgacao.jpeg\",\"width\":1080,\"height\":1080,\"caption\":\"Cr\u00e9dito: Divulga\u00e7\u00e3o\\\/AI Westf\u00e1lia\"},{\"@type\":\"BreadcrumbList\",\"@id\":\"https:\\\/\\\/folhapopular.info\\\/index.php\\\/2024\\\/07\\\/15\\\/westfalia-celebra-200-anos-da-imigracao-alema-com-programacao-especial\\\/#breadcrumb\",\"itemListElement\":[{\"@type\":\"ListItem\",\"position\":1,\"name\":\"In\u00edcio\",\"item\":\"https:\\\/\\\/folhapopular.info\\\/\"},{\"@type\":\"ListItem\",\"position\":2,\"name\":\"Westf\u00e1lia celebra 200 anos da Imigra\u00e7\u00e3o Alem\u00e3 com programa\u00e7\u00e3o especial\"}]},{\"@type\":\"WebSite\",\"@id\":\"https:\\\/\\\/folhapopular.info\\\/#website\",\"url\":\"https:\\\/\\\/folhapopular.info\\\/\",\"name\":\"Folha Popular\",\"description\":\"Onde voc\u00ea tem vez e voz\",\"potentialAction\":[{\"@type\":\"SearchAction\",\"target\":{\"@type\":\"EntryPoint\",\"urlTemplate\":\"https:\\\/\\\/folhapopular.info\\\/?s={search_term_string}\"},\"query-input\":{\"@type\":\"PropertyValueSpecification\",\"valueRequired\":true,\"valueName\":\"search_term_string\"}}],\"inLanguage\":\"pt-BR\"},{\"@type\":\"Person\",\"@id\":\"https:\\\/\\\/folhapopular.info\\\/#\\\/schema\\\/person\\\/2814e8a0df7643585a9ca38bc6eb9d4b\",\"name\":\"Reda\u00e7\u00e3o Folha Popular\",\"image\":{\"@type\":\"ImageObject\",\"inLanguage\":\"pt-BR\",\"@id\":\"https:\\\/\\\/folhapopular.info\\\/wp-content\\\/uploads\\\/2026\\\/04\\\/Folha-1.webp\",\"url\":\"https:\\\/\\\/folhapopular.info\\\/wp-content\\\/uploads\\\/2026\\\/04\\\/Folha-1.webp\",\"contentUrl\":\"https:\\\/\\\/folhapopular.info\\\/wp-content\\\/uploads\\\/2026\\\/04\\\/Folha-1.webp\",\"caption\":\"Reda\u00e7\u00e3o Folha Popular\"},\"url\":\"https:\\\/\\\/folhapopular.info\\\/index.php\\\/author\\\/redacao\\\/\"}]}<\/script>\n<!-- \/ Yoast SEO plugin. -->","yoast_head_json":{"title":"Westf\u00e1lia celebra 200 anos da Imigra\u00e7\u00e3o Alem\u00e3 com programa\u00e7\u00e3o especial - Folha Popular","robots":{"index":"index","follow":"follow","max-snippet":"max-snippet:-1","max-image-preview":"max-image-preview:large","max-video-preview":"max-video-preview:-1"},"canonical":"https:\/\/folhapopular.info\/index.php\/2024\/07\/15\/westfalia-celebra-200-anos-da-imigracao-alema-com-programacao-especial\/","og_locale":"pt_BR","og_type":"article","og_title":"Westf\u00e1lia celebra 200 anos da Imigra\u00e7\u00e3o Alem\u00e3 com programa\u00e7\u00e3o especial - Folha Popular","og_description":"Westf\u00e1lia celebra na pr\u00f3xima quarta-feira, dia 17 de julho, os 200 anos da Imigra\u00e7\u00e3o Alem\u00e3 no Brasil com programa\u00e7\u00e3o cultural especial, promovida pela Associa\u00e7\u00e3o Cultural Westfaliana. A atividade ocorrer\u00e1 no Galp\u00e3o Municipal, junto ao Parque de Eventos, a partir das 19h30min. A programa\u00e7\u00e3o, voltada para toda a comunidade, ser\u00e1 aberta com apresenta\u00e7\u00e3o do Coral Infanto-Juvenil. [&hellip;]","og_url":"https:\/\/folhapopular.info\/index.php\/2024\/07\/15\/westfalia-celebra-200-anos-da-imigracao-alema-com-programacao-especial\/","og_site_name":"Folha Popular","article_published_time":"2024-07-15T14:00:00+00:00","og_image":[{"width":1080,"height":1080,"url":"https:\/\/folhapopular.info\/wp-content\/uploads\/2024\/07\/Programacao-e-aberta-a-comunidade-westfaliana_Divulgacao.jpeg","type":"image\/jpeg"}],"author":"Reda\u00e7\u00e3o Folha Popular","twitter_card":"summary_large_image","twitter_misc":{"Escrito por":"Reda\u00e7\u00e3o Folha Popular","Est. tempo de leitura":"2 minutos"},"schema":{"@context":"https:\/\/schema.org","@graph":[{"@type":"Article","@id":"https:\/\/folhapopular.info\/index.php\/2024\/07\/15\/westfalia-celebra-200-anos-da-imigracao-alema-com-programacao-especial\/#article","isPartOf":{"@id":"https:\/\/folhapopular.info\/index.php\/2024\/07\/15\/westfalia-celebra-200-anos-da-imigracao-alema-com-programacao-especial\/"},"author":{"name":"Reda\u00e7\u00e3o Folha Popular","@id":"https:\/\/folhapopular.info\/#\/schema\/person\/2814e8a0df7643585a9ca38bc6eb9d4b"},"headline":"Westf\u00e1lia celebra 200 anos da Imigra\u00e7\u00e3o Alem\u00e3 com programa\u00e7\u00e3o especial","datePublished":"2024-07-15T14:00:00+00:00","mainEntityOfPage":{"@id":"https:\/\/folhapopular.info\/index.php\/2024\/07\/15\/westfalia-celebra-200-anos-da-imigracao-alema-com-programacao-especial\/"},"wordCount":226,"commentCount":0,"image":{"@id":"https:\/\/folhapopular.info\/index.php\/2024\/07\/15\/westfalia-celebra-200-anos-da-imigracao-alema-com-programacao-especial\/#primaryimage"},"thumbnailUrl":"https:\/\/folhapopular.info\/wp-content\/uploads\/2024\/07\/Programacao-e-aberta-a-comunidade-westfaliana_Divulgacao.jpeg","keywords":["Westf\u00e1lia"],"articleSection":["Cultura","Destaques","Entretenimento","Inclusive"],"inLanguage":"pt-BR","potentialAction":[{"@type":"CommentAction","name":"Comment","target":["https:\/\/folhapopular.info\/index.php\/2024\/07\/15\/westfalia-celebra-200-anos-da-imigracao-alema-com-programacao-especial\/#respond"]}]},{"@type":"WebPage","@id":"https:\/\/folhapopular.info\/index.php\/2024\/07\/15\/westfalia-celebra-200-anos-da-imigracao-alema-com-programacao-especial\/","url":"https:\/\/folhapopular.info\/index.php\/2024\/07\/15\/westfalia-celebra-200-anos-da-imigracao-alema-com-programacao-especial\/","name":"Westf\u00e1lia celebra 200 anos da Imigra\u00e7\u00e3o Alem\u00e3 com programa\u00e7\u00e3o especial - Folha Popular","isPartOf":{"@id":"https:\/\/folhapopular.info\/#website"},"primaryImageOfPage":{"@id":"https:\/\/folhapopular.info\/index.php\/2024\/07\/15\/westfalia-celebra-200-anos-da-imigracao-alema-com-programacao-especial\/#primaryimage"},"image":{"@id":"https:\/\/folhapopular.info\/index.php\/2024\/07\/15\/westfalia-celebra-200-anos-da-imigracao-alema-com-programacao-especial\/#primaryimage"},"thumbnailUrl":"https:\/\/folhapopular.info\/wp-content\/uploads\/2024\/07\/Programacao-e-aberta-a-comunidade-westfaliana_Divulgacao.jpeg","datePublished":"2024-07-15T14:00:00+00:00","author":{"@id":"https:\/\/folhapopular.info\/#\/schema\/person\/2814e8a0df7643585a9ca38bc6eb9d4b"},"breadcrumb":{"@id":"https:\/\/folhapopular.info\/index.php\/2024\/07\/15\/westfalia-celebra-200-anos-da-imigracao-alema-com-programacao-especial\/#breadcrumb"},"inLanguage":"pt-BR","potentialAction":[{"@type":"ReadAction","target":["https:\/\/folhapopular.info\/index.php\/2024\/07\/15\/westfalia-celebra-200-anos-da-imigracao-alema-com-programacao-especial\/"]}]},{"@type":"ImageObject","inLanguage":"pt-BR","@id":"https:\/\/folhapopular.info\/index.php\/2024\/07\/15\/westfalia-celebra-200-anos-da-imigracao-alema-com-programacao-especial\/#primaryimage","url":"https:\/\/folhapopular.info\/wp-content\/uploads\/2024\/07\/Programacao-e-aberta-a-comunidade-westfaliana_Divulgacao.jpeg","contentUrl":"https:\/\/folhapopular.info\/wp-content\/uploads\/2024\/07\/Programacao-e-aberta-a-comunidade-westfaliana_Divulgacao.jpeg","width":1080,"height":1080,"caption":"Cr\u00e9dito: Divulga\u00e7\u00e3o\/AI Westf\u00e1lia"},{"@type":"BreadcrumbList","@id":"https:\/\/folhapopular.info\/index.php\/2024\/07\/15\/westfalia-celebra-200-anos-da-imigracao-alema-com-programacao-especial\/#breadcrumb","itemListElement":[{"@type":"ListItem","position":1,"name":"In\u00edcio","item":"https:\/\/folhapopular.info\/"},{"@type":"ListItem","position":2,"name":"Westf\u00e1lia celebra 200 anos da Imigra\u00e7\u00e3o Alem\u00e3 com programa\u00e7\u00e3o especial"}]},{"@type":"WebSite","@id":"https:\/\/folhapopular.info\/#website","url":"https:\/\/folhapopular.info\/","name":"Folha Popular","description":"Onde voc\u00ea tem vez e voz","potentialAction":[{"@type":"SearchAction","target":{"@type":"EntryPoint","urlTemplate":"https:\/\/folhapopular.info\/?s={search_term_string}"},"query-input":{"@type":"PropertyValueSpecification","valueRequired":true,"valueName":"search_term_string"}}],"inLanguage":"pt-BR"},{"@type":"Person","@id":"https:\/\/folhapopular.info\/#\/schema\/person\/2814e8a0df7643585a9ca38bc6eb9d4b","name":"Reda\u00e7\u00e3o Folha Popular","image":{"@type":"ImageObject","inLanguage":"pt-BR","@id":"https:\/\/folhapopular.info\/wp-content\/uploads\/2026\/04\/Folha-1.webp","url":"https:\/\/folhapopular.info\/wp-content\/uploads\/2026\/04\/Folha-1.webp","contentUrl":"https:\/\/folhapopular.info\/wp-content\/uploads\/2026\/04\/Folha-1.webp","caption":"Reda\u00e7\u00e3o Folha Popular"},"url":"https:\/\/folhapopular.info\/index.php\/author\/redacao\/"}]}},"jetpack_featured_media_url":"https:\/\/folhapopular.info\/wp-content\/uploads\/2024\/07\/Programacao-e-aberta-a-comunidade-westfaliana_Divulgacao.jpeg","jetpack_sharing_enabled":true,"amp_enabled":true,"_links":{"self":[{"href":"https:\/\/folhapopular.info\/index.php\/wp-json\/wp\/v2\/posts\/163025","targetHints":{"allow":["GET"]}}],"collection":[{"href":"https:\/\/folhapopular.info\/index.php\/wp-json\/wp\/v2\/posts"}],"about":[{"href":"https:\/\/folhapopular.info\/index.php\/wp-json\/wp\/v2\/types\/post"}],"author":[{"embeddable":true,"href":"https:\/\/folhapopular.info\/index.php\/wp-json\/wp\/v2\/users\/8"}],"replies":[{"embeddable":true,"href":"https:\/\/folhapopular.info\/index.php\/wp-json\/wp\/v2\/comments?post=163025"}],"version-history":[{"count":0,"href":"https:\/\/folhapopular.info\/index.php\/wp-json\/wp\/v2\/posts\/163025\/revisions"}],"wp:featuredmedia":[{"embeddable":true,"href":"https:\/\/folhapopular.info\/index.php\/wp-json\/wp\/v2\/media\/163026"}],"wp:attachment":[{"href":"https:\/\/folhapopular.info\/index.php\/wp-json\/wp\/v2\/media?parent=163025"}],"wp:term":[{"taxonomy":"category","embeddable":true,"href":"https:\/\/folhapopular.info\/index.php\/wp-json\/wp\/v2\/categories?post=163025"},{"taxonomy":"post_tag","embeddable":true,"href":"https:\/\/folhapopular.info\/index.php\/wp-json\/wp\/v2\/tags?post=163025"}],"curies":[{"name":"wp","href":"https:\/\/api.w.org\/{rel}","templated":true}]}}