{"id":163079,"date":"2024-07-15T17:31:03","date_gmt":"2024-07-15T20:31:03","guid":{"rendered":"https:\/\/folhapopular.info\/?p=163079"},"modified":"2024-07-15T18:24:00","modified_gmt":"2024-07-15T21:24:00","slug":"colegio-teutonia-celebra-72-anos-com-solidariedade","status":"publish","type":"post","link":"https:\/\/folhapopular.info\/index.php\/2024\/07\/15\/colegio-teutonia-celebra-72-anos-com-solidariedade\/","title":{"rendered":"Col\u00e9gio Teut\u00f4nia celebra 72 anos com solidariedade"},"content":{"rendered":"\n<p>Solidariedade, empatia, supera\u00e7\u00e3o, coopera\u00e7\u00e3o e recome\u00e7o foram express\u00f5es que ganharam destaque no 21\u00ba Jantar-Baile do Col\u00e9gio Teut\u00f4nia, realizado no \u00faltimo s\u00e1bado (13\/7). O evento marca as comemora\u00e7\u00f5es pelos 72 anos da mantenedora Funda\u00e7\u00e3o Agr\u00edcola Teut\u00f4nia (FAT) e do CT, celebrados no pr\u00f3ximo dia 17 de julho.<\/p>\n\n\n\n<p>Reafirmando o compromisso humanit\u00e1rio do educand\u00e1rio, esta edi\u00e7\u00e3o teve um prop\u00f3sito solid\u00e1rio diante dos recentes acontecimentos tr\u00e1gicos causados pelas enchentes no Rio Grande do Sul, especialmente no Vale do Taquari. O resultado financeiro do evento e cadernos arrecadados na noite ser\u00e3o redirecionados para escolas e estudantes atingidos pelas cheias na regi\u00e3o. A programa\u00e7\u00e3o transcorreu na Associa\u00e7\u00e3o Pr\u00f3-Desenvolvimento de Languiru e contou com show de dan\u00e7as dos estudantes do 9\u00ba ano do Ensino Fundamental \u00e0 3\u00aa s\u00e9rie do Ensino M\u00e9dio, professores e funcion\u00e1rios do Col\u00e9gio, inspiradas em cl\u00e1ssicos do cinema, al\u00e9m da anima\u00e7\u00e3o da Orquestra La Montanara.<\/p>\n\n\n\n<p>\u201cH\u00e1 mais de 20 anos realizamos esse baile com o intuito de integrarmos nossa comunidade escolar e potencializarmos nossas a\u00e7\u00f5es como institui\u00e7\u00e3o. A noite \u00e9 de celebra\u00e7\u00e3o dessa hist\u00f3ria, mas, tamb\u00e9m, de solidariedade com as fam\u00edlias e institui\u00e7\u00f5es de ensino atingidas pelas cheias. Ainda h\u00e1 muito para ser feito, e o Col\u00e9gio Teut\u00f4nia busca fazer a sua parte estendendo a m\u00e3o a quem precisa, colocando em pr\u00e1tica a ess\u00eancia que motivou a cria\u00e7\u00e3o da nossa institui\u00e7\u00e3o h\u00e1 mais de 70 anos e que se mant\u00e9m viva, com atua\u00e7\u00e3o que ultrapassa fronteiras e alcan\u00e7a a comunidade local, regional e estadual na forma\u00e7\u00e3o de cidad\u00e3os e profissionais\u201d, destacou o diretor do CT, Mauro Alberto N\u00fcske.<\/p>\n\n\n\n<p>Um dos momentos mais emocionantes da noite esteve por conta da \u00faltima apresenta\u00e7\u00e3o, que reuniu todos os dan\u00e7arinos ao som de um dos \u201chinos do RS\u201d, can\u00e7\u00e3o que tem os versos e melodia de Jader Moreci Teixeira, popularmente conhecido como Leonardo, \u201cC\u00e9u, Sol, Sul, Terra e Cor\u201d. Com a bandeira do Rio Grande do Sul em m\u00e3os, o sal\u00e3o inteiro entoou a m\u00fasica, e as l\u00e1grimas foram inevit\u00e1veis, com aplausos efusivos de p\u00e9.<\/p>\n\n\n\n<p>O Col\u00e9gio Teut\u00f4nia agradece aos patrocinadores \u201cHer\u00f3is da Esperan\u00e7a\u201d American Nutrients, Quiero Caf\u00e9, Sicredi, Vitor Lermen\/Maestro e Vi\u00e9vi Autom\u00f3veis; \u201cAnjo Solid\u00e1rio\u201d Attiva, Certel, Lojas Wessel e CLS Contabilidade; \u201cSemeador de Sorrisos\u201d Mais Engenharia, Altmann Contabilidade, Joy Idiomas, Mercado do Bairro, ND Haus, Del\u00edcias da Rose, Hospital Ouro Branco, Telsoni, Rotary Club de Teut\u00f4nia, Restaurante N\u00fcscke, RV Decor e AFG Engenharia; e os apoiadores Associa\u00e7\u00e3o Pr\u00f3-Desenvolvimento de Languiru, Orquestra La Montanara, Specialle Buffet, PG Seguran\u00e7a e Monitoramento, Minha Lavanderia, Grupo Popular de Comunica\u00e7\u00e3o, Biscoitos Klain, Cristiane Klein Nutricionista, Agafarma e Ra\u00edzes Emp\u00f3rio e Vinho.<\/p>\n","protected":false},"excerpt":{"rendered":"<p>Solidariedade, empatia, supera\u00e7\u00e3o, coopera\u00e7\u00e3o e recome\u00e7o foram express\u00f5es que ganharam destaque no 21\u00ba Jantar-Baile do Col\u00e9gio Teut\u00f4nia, realizado no \u00faltimo s\u00e1bado (13\/7). O evento marca as comemora\u00e7\u00f5es pelos 72 anos da mantenedora Funda\u00e7\u00e3o Agr\u00edcola Teut\u00f4nia (FAT) e do CT, celebrados no pr\u00f3ximo dia 17 de julho. Reafirmando o compromisso humanit\u00e1rio do educand\u00e1rio, esta edi\u00e7\u00e3o teve [&hellip;]<\/p>\n","protected":false},"author":8,"featured_media":163080,"comment_status":"open","ping_status":"open","sticky":false,"template":"","format":"standard","meta":{"pmpro_default_level":"","_jetpack_memberships_contains_paid_content":false,"footnotes":""},"categories":[2,10999,6],"tags":[131,26],"class_list":{"0":"post-163079","1":"post","2":"type-post","3":"status-publish","4":"format-standard","5":"has-post-thumbnail","7":"category-featured","8":"category-entretenimento","9":"category-inclusive","10":"tag-colegio-teutonia","11":"tag-teutonia","12":"pmpro-has-access"},"yoast_head":"<!-- This site is optimized with the Yoast SEO plugin v27.5 - https:\/\/yoast.com\/product\/yoast-seo-wordpress\/ -->\n<title>Col\u00e9gio Teut\u00f4nia celebra 72 anos com solidariedade - Folha Popular<\/title>\n<meta name=\"robots\" content=\"index, follow, max-snippet:-1, max-image-preview:large, max-video-preview:-1\" \/>\n<link rel=\"canonical\" href=\"https:\/\/folhapopular.info\/index.php\/2024\/07\/15\/colegio-teutonia-celebra-72-anos-com-solidariedade\/\" \/>\n<meta property=\"og:locale\" content=\"pt_BR\" \/>\n<meta property=\"og:type\" content=\"article\" \/>\n<meta property=\"og:title\" content=\"Col\u00e9gio Teut\u00f4nia celebra 72 anos com solidariedade - Folha Popular\" \/>\n<meta property=\"og:description\" content=\"Solidariedade, empatia, supera\u00e7\u00e3o, coopera\u00e7\u00e3o e recome\u00e7o foram express\u00f5es que ganharam destaque no 21\u00ba Jantar-Baile do Col\u00e9gio Teut\u00f4nia, realizado no \u00faltimo s\u00e1bado (13\/7). O evento marca as comemora\u00e7\u00f5es pelos 72 anos da mantenedora Funda\u00e7\u00e3o Agr\u00edcola Teut\u00f4nia (FAT) e do CT, celebrados no pr\u00f3ximo dia 17 de julho. Reafirmando o compromisso humanit\u00e1rio do educand\u00e1rio, esta edi\u00e7\u00e3o teve [&hellip;]\" \/>\n<meta property=\"og:url\" content=\"https:\/\/folhapopular.info\/index.php\/2024\/07\/15\/colegio-teutonia-celebra-72-anos-com-solidariedade\/\" \/>\n<meta property=\"og:site_name\" content=\"Folha Popular\" \/>\n<meta property=\"article:published_time\" content=\"2024-07-15T20:31:03+00:00\" \/>\n<meta property=\"article:modified_time\" content=\"2024-07-15T21:24:00+00:00\" \/>\n<meta property=\"og:image\" content=\"http:\/\/folhapopular.info\/wp-content\/uploads\/2024\/07\/IMG_9595-2-JORNAL-scaled.jpg\" \/>\n\t<meta property=\"og:image:width\" content=\"2560\" \/>\n\t<meta property=\"og:image:height\" content=\"1419\" \/>\n\t<meta property=\"og:image:type\" content=\"image\/jpeg\" \/>\n<meta name=\"author\" content=\"Reda\u00e7\u00e3o Folha Popular\" \/>\n<meta name=\"twitter:card\" content=\"summary_large_image\" \/>\n<meta name=\"twitter:label1\" content=\"Escrito por\" \/>\n\t<meta name=\"twitter:data1\" content=\"Reda\u00e7\u00e3o Folha Popular\" \/>\n\t<meta name=\"twitter:label2\" content=\"Est. tempo de leitura\" \/>\n\t<meta name=\"twitter:data2\" content=\"3 minutos\" \/>\n<script type=\"application\/ld+json\" class=\"yoast-schema-graph\">{\"@context\":\"https:\\\/\\\/schema.org\",\"@graph\":[{\"@type\":\"Article\",\"@id\":\"https:\\\/\\\/folhapopular.info\\\/index.php\\\/2024\\\/07\\\/15\\\/colegio-teutonia-celebra-72-anos-com-solidariedade\\\/#article\",\"isPartOf\":{\"@id\":\"https:\\\/\\\/folhapopular.info\\\/index.php\\\/2024\\\/07\\\/15\\\/colegio-teutonia-celebra-72-anos-com-solidariedade\\\/\"},\"author\":{\"name\":\"Reda\u00e7\u00e3o Folha Popular\",\"@id\":\"https:\\\/\\\/folhapopular.info\\\/#\\\/schema\\\/person\\\/2814e8a0df7643585a9ca38bc6eb9d4b\"},\"headline\":\"Col\u00e9gio Teut\u00f4nia celebra 72 anos com solidariedade\",\"datePublished\":\"2024-07-15T20:31:03+00:00\",\"dateModified\":\"2024-07-15T21:24:00+00:00\",\"mainEntityOfPage\":{\"@id\":\"https:\\\/\\\/folhapopular.info\\\/index.php\\\/2024\\\/07\\\/15\\\/colegio-teutonia-celebra-72-anos-com-solidariedade\\\/\"},\"wordCount\":496,\"commentCount\":0,\"image\":{\"@id\":\"https:\\\/\\\/folhapopular.info\\\/index.php\\\/2024\\\/07\\\/15\\\/colegio-teutonia-celebra-72-anos-com-solidariedade\\\/#primaryimage\"},\"thumbnailUrl\":\"https:\\\/\\\/folhapopular.info\\\/wp-content\\\/uploads\\\/2024\\\/07\\\/IMG_9595-2-JORNAL-scaled.jpg\",\"keywords\":[\"Col\u00e9gio Teut\u00f4nia\",\"Teut\u00f4nia\"],\"articleSection\":[\"Destaques\",\"Entretenimento\",\"Inclusive\"],\"inLanguage\":\"pt-BR\",\"potentialAction\":[{\"@type\":\"CommentAction\",\"name\":\"Comment\",\"target\":[\"https:\\\/\\\/folhapopular.info\\\/index.php\\\/2024\\\/07\\\/15\\\/colegio-teutonia-celebra-72-anos-com-solidariedade\\\/#respond\"]}]},{\"@type\":\"WebPage\",\"@id\":\"https:\\\/\\\/folhapopular.info\\\/index.php\\\/2024\\\/07\\\/15\\\/colegio-teutonia-celebra-72-anos-com-solidariedade\\\/\",\"url\":\"https:\\\/\\\/folhapopular.info\\\/index.php\\\/2024\\\/07\\\/15\\\/colegio-teutonia-celebra-72-anos-com-solidariedade\\\/\",\"name\":\"Col\u00e9gio Teut\u00f4nia celebra 72 anos com solidariedade - Folha Popular\",\"isPartOf\":{\"@id\":\"https:\\\/\\\/folhapopular.info\\\/#website\"},\"primaryImageOfPage\":{\"@id\":\"https:\\\/\\\/folhapopular.info\\\/index.php\\\/2024\\\/07\\\/15\\\/colegio-teutonia-celebra-72-anos-com-solidariedade\\\/#primaryimage\"},\"image\":{\"@id\":\"https:\\\/\\\/folhapopular.info\\\/index.php\\\/2024\\\/07\\\/15\\\/colegio-teutonia-celebra-72-anos-com-solidariedade\\\/#primaryimage\"},\"thumbnailUrl\":\"https:\\\/\\\/folhapopular.info\\\/wp-content\\\/uploads\\\/2024\\\/07\\\/IMG_9595-2-JORNAL-scaled.jpg\",\"datePublished\":\"2024-07-15T20:31:03+00:00\",\"dateModified\":\"2024-07-15T21:24:00+00:00\",\"author\":{\"@id\":\"https:\\\/\\\/folhapopular.info\\\/#\\\/schema\\\/person\\\/2814e8a0df7643585a9ca38bc6eb9d4b\"},\"breadcrumb\":{\"@id\":\"https:\\\/\\\/folhapopular.info\\\/index.php\\\/2024\\\/07\\\/15\\\/colegio-teutonia-celebra-72-anos-com-solidariedade\\\/#breadcrumb\"},\"inLanguage\":\"pt-BR\",\"potentialAction\":[{\"@type\":\"ReadAction\",\"target\":[\"https:\\\/\\\/folhapopular.info\\\/index.php\\\/2024\\\/07\\\/15\\\/colegio-teutonia-celebra-72-anos-com-solidariedade\\\/\"]}]},{\"@type\":\"ImageObject\",\"inLanguage\":\"pt-BR\",\"@id\":\"https:\\\/\\\/folhapopular.info\\\/index.php\\\/2024\\\/07\\\/15\\\/colegio-teutonia-celebra-72-anos-com-solidariedade\\\/#primaryimage\",\"url\":\"https:\\\/\\\/folhapopular.info\\\/wp-content\\\/uploads\\\/2024\\\/07\\\/IMG_9595-2-JORNAL-scaled.jpg\",\"contentUrl\":\"https:\\\/\\\/folhapopular.info\\\/wp-content\\\/uploads\\\/2024\\\/07\\\/IMG_9595-2-JORNAL-scaled.jpg\",\"width\":2560,\"height\":1419,\"caption\":\"Cr\u00e9dito: Divulga\u00e7\u00e3o\\\/ Leandro Augusto Hamester\"},{\"@type\":\"BreadcrumbList\",\"@id\":\"https:\\\/\\\/folhapopular.info\\\/index.php\\\/2024\\\/07\\\/15\\\/colegio-teutonia-celebra-72-anos-com-solidariedade\\\/#breadcrumb\",\"itemListElement\":[{\"@type\":\"ListItem\",\"position\":1,\"name\":\"In\u00edcio\",\"item\":\"https:\\\/\\\/folhapopular.info\\\/\"},{\"@type\":\"ListItem\",\"position\":2,\"name\":\"Col\u00e9gio Teut\u00f4nia celebra 72 anos com solidariedade\"}]},{\"@type\":\"WebSite\",\"@id\":\"https:\\\/\\\/folhapopular.info\\\/#website\",\"url\":\"https:\\\/\\\/folhapopular.info\\\/\",\"name\":\"Folha Popular\",\"description\":\"Onde voc\u00ea tem vez e voz\",\"potentialAction\":[{\"@type\":\"SearchAction\",\"target\":{\"@type\":\"EntryPoint\",\"urlTemplate\":\"https:\\\/\\\/folhapopular.info\\\/?s={search_term_string}\"},\"query-input\":{\"@type\":\"PropertyValueSpecification\",\"valueRequired\":true,\"valueName\":\"search_term_string\"}}],\"inLanguage\":\"pt-BR\"},{\"@type\":\"Person\",\"@id\":\"https:\\\/\\\/folhapopular.info\\\/#\\\/schema\\\/person\\\/2814e8a0df7643585a9ca38bc6eb9d4b\",\"name\":\"Reda\u00e7\u00e3o Folha Popular\",\"image\":{\"@type\":\"ImageObject\",\"inLanguage\":\"pt-BR\",\"@id\":\"https:\\\/\\\/folhapopular.info\\\/wp-content\\\/uploads\\\/2026\\\/04\\\/Folha-1.webp\",\"url\":\"https:\\\/\\\/folhapopular.info\\\/wp-content\\\/uploads\\\/2026\\\/04\\\/Folha-1.webp\",\"contentUrl\":\"https:\\\/\\\/folhapopular.info\\\/wp-content\\\/uploads\\\/2026\\\/04\\\/Folha-1.webp\",\"caption\":\"Reda\u00e7\u00e3o Folha Popular\"},\"url\":\"https:\\\/\\\/folhapopular.info\\\/index.php\\\/author\\\/redacao\\\/\"}]}<\/script>\n<!-- \/ Yoast SEO plugin. -->","yoast_head_json":{"title":"Col\u00e9gio Teut\u00f4nia celebra 72 anos com solidariedade - Folha Popular","robots":{"index":"index","follow":"follow","max-snippet":"max-snippet:-1","max-image-preview":"max-image-preview:large","max-video-preview":"max-video-preview:-1"},"canonical":"https:\/\/folhapopular.info\/index.php\/2024\/07\/15\/colegio-teutonia-celebra-72-anos-com-solidariedade\/","og_locale":"pt_BR","og_type":"article","og_title":"Col\u00e9gio Teut\u00f4nia celebra 72 anos com solidariedade - Folha Popular","og_description":"Solidariedade, empatia, supera\u00e7\u00e3o, coopera\u00e7\u00e3o e recome\u00e7o foram express\u00f5es que ganharam destaque no 21\u00ba Jantar-Baile do Col\u00e9gio Teut\u00f4nia, realizado no \u00faltimo s\u00e1bado (13\/7). O evento marca as comemora\u00e7\u00f5es pelos 72 anos da mantenedora Funda\u00e7\u00e3o Agr\u00edcola Teut\u00f4nia (FAT) e do CT, celebrados no pr\u00f3ximo dia 17 de julho. Reafirmando o compromisso humanit\u00e1rio do educand\u00e1rio, esta edi\u00e7\u00e3o teve [&hellip;]","og_url":"https:\/\/folhapopular.info\/index.php\/2024\/07\/15\/colegio-teutonia-celebra-72-anos-com-solidariedade\/","og_site_name":"Folha Popular","article_published_time":"2024-07-15T20:31:03+00:00","article_modified_time":"2024-07-15T21:24:00+00:00","og_image":[{"width":2560,"height":1419,"url":"http:\/\/folhapopular.info\/wp-content\/uploads\/2024\/07\/IMG_9595-2-JORNAL-scaled.jpg","type":"image\/jpeg"}],"author":"Reda\u00e7\u00e3o Folha Popular","twitter_card":"summary_large_image","twitter_misc":{"Escrito por":"Reda\u00e7\u00e3o Folha Popular","Est. tempo de leitura":"3 minutos"},"schema":{"@context":"https:\/\/schema.org","@graph":[{"@type":"Article","@id":"https:\/\/folhapopular.info\/index.php\/2024\/07\/15\/colegio-teutonia-celebra-72-anos-com-solidariedade\/#article","isPartOf":{"@id":"https:\/\/folhapopular.info\/index.php\/2024\/07\/15\/colegio-teutonia-celebra-72-anos-com-solidariedade\/"},"author":{"name":"Reda\u00e7\u00e3o Folha Popular","@id":"https:\/\/folhapopular.info\/#\/schema\/person\/2814e8a0df7643585a9ca38bc6eb9d4b"},"headline":"Col\u00e9gio Teut\u00f4nia celebra 72 anos com solidariedade","datePublished":"2024-07-15T20:31:03+00:00","dateModified":"2024-07-15T21:24:00+00:00","mainEntityOfPage":{"@id":"https:\/\/folhapopular.info\/index.php\/2024\/07\/15\/colegio-teutonia-celebra-72-anos-com-solidariedade\/"},"wordCount":496,"commentCount":0,"image":{"@id":"https:\/\/folhapopular.info\/index.php\/2024\/07\/15\/colegio-teutonia-celebra-72-anos-com-solidariedade\/#primaryimage"},"thumbnailUrl":"https:\/\/folhapopular.info\/wp-content\/uploads\/2024\/07\/IMG_9595-2-JORNAL-scaled.jpg","keywords":["Col\u00e9gio Teut\u00f4nia","Teut\u00f4nia"],"articleSection":["Destaques","Entretenimento","Inclusive"],"inLanguage":"pt-BR","potentialAction":[{"@type":"CommentAction","name":"Comment","target":["https:\/\/folhapopular.info\/index.php\/2024\/07\/15\/colegio-teutonia-celebra-72-anos-com-solidariedade\/#respond"]}]},{"@type":"WebPage","@id":"https:\/\/folhapopular.info\/index.php\/2024\/07\/15\/colegio-teutonia-celebra-72-anos-com-solidariedade\/","url":"https:\/\/folhapopular.info\/index.php\/2024\/07\/15\/colegio-teutonia-celebra-72-anos-com-solidariedade\/","name":"Col\u00e9gio Teut\u00f4nia celebra 72 anos com solidariedade - Folha Popular","isPartOf":{"@id":"https:\/\/folhapopular.info\/#website"},"primaryImageOfPage":{"@id":"https:\/\/folhapopular.info\/index.php\/2024\/07\/15\/colegio-teutonia-celebra-72-anos-com-solidariedade\/#primaryimage"},"image":{"@id":"https:\/\/folhapopular.info\/index.php\/2024\/07\/15\/colegio-teutonia-celebra-72-anos-com-solidariedade\/#primaryimage"},"thumbnailUrl":"https:\/\/folhapopular.info\/wp-content\/uploads\/2024\/07\/IMG_9595-2-JORNAL-scaled.jpg","datePublished":"2024-07-15T20:31:03+00:00","dateModified":"2024-07-15T21:24:00+00:00","author":{"@id":"https:\/\/folhapopular.info\/#\/schema\/person\/2814e8a0df7643585a9ca38bc6eb9d4b"},"breadcrumb":{"@id":"https:\/\/folhapopular.info\/index.php\/2024\/07\/15\/colegio-teutonia-celebra-72-anos-com-solidariedade\/#breadcrumb"},"inLanguage":"pt-BR","potentialAction":[{"@type":"ReadAction","target":["https:\/\/folhapopular.info\/index.php\/2024\/07\/15\/colegio-teutonia-celebra-72-anos-com-solidariedade\/"]}]},{"@type":"ImageObject","inLanguage":"pt-BR","@id":"https:\/\/folhapopular.info\/index.php\/2024\/07\/15\/colegio-teutonia-celebra-72-anos-com-solidariedade\/#primaryimage","url":"https:\/\/folhapopular.info\/wp-content\/uploads\/2024\/07\/IMG_9595-2-JORNAL-scaled.jpg","contentUrl":"https:\/\/folhapopular.info\/wp-content\/uploads\/2024\/07\/IMG_9595-2-JORNAL-scaled.jpg","width":2560,"height":1419,"caption":"Cr\u00e9dito: Divulga\u00e7\u00e3o\/ Leandro Augusto Hamester"},{"@type":"BreadcrumbList","@id":"https:\/\/folhapopular.info\/index.php\/2024\/07\/15\/colegio-teutonia-celebra-72-anos-com-solidariedade\/#breadcrumb","itemListElement":[{"@type":"ListItem","position":1,"name":"In\u00edcio","item":"https:\/\/folhapopular.info\/"},{"@type":"ListItem","position":2,"name":"Col\u00e9gio Teut\u00f4nia celebra 72 anos com solidariedade"}]},{"@type":"WebSite","@id":"https:\/\/folhapopular.info\/#website","url":"https:\/\/folhapopular.info\/","name":"Folha Popular","description":"Onde voc\u00ea tem vez e voz","potentialAction":[{"@type":"SearchAction","target":{"@type":"EntryPoint","urlTemplate":"https:\/\/folhapopular.info\/?s={search_term_string}"},"query-input":{"@type":"PropertyValueSpecification","valueRequired":true,"valueName":"search_term_string"}}],"inLanguage":"pt-BR"},{"@type":"Person","@id":"https:\/\/folhapopular.info\/#\/schema\/person\/2814e8a0df7643585a9ca38bc6eb9d4b","name":"Reda\u00e7\u00e3o Folha Popular","image":{"@type":"ImageObject","inLanguage":"pt-BR","@id":"https:\/\/folhapopular.info\/wp-content\/uploads\/2026\/04\/Folha-1.webp","url":"https:\/\/folhapopular.info\/wp-content\/uploads\/2026\/04\/Folha-1.webp","contentUrl":"https:\/\/folhapopular.info\/wp-content\/uploads\/2026\/04\/Folha-1.webp","caption":"Reda\u00e7\u00e3o Folha Popular"},"url":"https:\/\/folhapopular.info\/index.php\/author\/redacao\/"}]}},"jetpack_featured_media_url":"https:\/\/folhapopular.info\/wp-content\/uploads\/2024\/07\/IMG_9595-2-JORNAL-scaled.jpg","jetpack_sharing_enabled":true,"amp_enabled":true,"_links":{"self":[{"href":"https:\/\/folhapopular.info\/index.php\/wp-json\/wp\/v2\/posts\/163079","targetHints":{"allow":["GET"]}}],"collection":[{"href":"https:\/\/folhapopular.info\/index.php\/wp-json\/wp\/v2\/posts"}],"about":[{"href":"https:\/\/folhapopular.info\/index.php\/wp-json\/wp\/v2\/types\/post"}],"author":[{"embeddable":true,"href":"https:\/\/folhapopular.info\/index.php\/wp-json\/wp\/v2\/users\/8"}],"replies":[{"embeddable":true,"href":"https:\/\/folhapopular.info\/index.php\/wp-json\/wp\/v2\/comments?post=163079"}],"version-history":[{"count":0,"href":"https:\/\/folhapopular.info\/index.php\/wp-json\/wp\/v2\/posts\/163079\/revisions"}],"wp:featuredmedia":[{"embeddable":true,"href":"https:\/\/folhapopular.info\/index.php\/wp-json\/wp\/v2\/media\/163080"}],"wp:attachment":[{"href":"https:\/\/folhapopular.info\/index.php\/wp-json\/wp\/v2\/media?parent=163079"}],"wp:term":[{"taxonomy":"category","embeddable":true,"href":"https:\/\/folhapopular.info\/index.php\/wp-json\/wp\/v2\/categories?post=163079"},{"taxonomy":"post_tag","embeddable":true,"href":"https:\/\/folhapopular.info\/index.php\/wp-json\/wp\/v2\/tags?post=163079"}],"curies":[{"name":"wp","href":"https:\/\/api.w.org\/{rel}","templated":true}]}}