{"id":163276,"date":"2024-07-18T09:00:00","date_gmt":"2024-07-18T12:00:00","guid":{"rendered":"https:\/\/folhapopular.info\/?p=163276"},"modified":"2024-07-18T08:29:16","modified_gmt":"2024-07-18T11:29:16","slug":"atividade-economica-no-rio-grande-do-sul-recua-9-em-maio-estima-banco-central","status":"publish","type":"post","link":"https:\/\/folhapopular.info\/index.php\/2024\/07\/18\/atividade-economica-no-rio-grande-do-sul-recua-9-em-maio-estima-banco-central\/","title":{"rendered":"Atividade econ\u00f4mica no Rio Grande do Sul recua 9% em maio, estima Banco Central"},"content":{"rendered":"\n<p>A atividade econ\u00f4mica no Estado caiu 9% em rela\u00e7\u00e3o a abril. Os dados foram divulgados na quarta-feira (17\/7) pelo Banco Central (BC), que publicou o \u00cdndice de Atividade Econ\u00f4mica Regional (IBCR). Em rela\u00e7\u00e3o a maio de 2023, o indicador recuou 3,9%.<\/p>\n\n\n\n<p>Essa foi a maior queda para o Estado desde que o indicador come\u00e7ou a ser divulgado, em 2002. O desempenho do Rio Grande do Sul fez a atividade econ\u00f4mica da Regi\u00e3o Sul recuar 3,3% na compara\u00e7\u00e3o com abril. Em rela\u00e7\u00e3o ao mesmo m\u00eas do ano passado, a atividade ainda registra crescimento de 0,7%, nos dados sem ajuste.<\/p>\n\n\n\n<p>Em junho, a Receita Federal divulgou que a arrecada\u00e7\u00e3o de tributos federais no estado caiu R$ 4,4 bilh\u00f5es em maio na compara\u00e7\u00e3o com maio de 2023, em n\u00fameros corrigidos pela infla\u00e7\u00e3o.<\/p>\n","protected":false},"excerpt":{"rendered":"<p>A atividade econ\u00f4mica no Estado caiu 9% em rela\u00e7\u00e3o a abril. Os dados foram divulgados na quarta-feira (17\/7) pelo Banco Central (BC), que publicou o \u00cdndice de Atividade Econ\u00f4mica Regional (IBCR). Em rela\u00e7\u00e3o a maio de 2023, o indicador recuou 3,9%. Essa foi a maior queda para o Estado desde que o indicador come\u00e7ou a [&hellip;]<\/p>\n","protected":false},"author":8,"featured_media":163277,"comment_status":"open","ping_status":"open","sticky":false,"template":"","format":"standard","meta":{"pmpro_default_level":"","_jetpack_memberships_contains_paid_content":false,"footnotes":""},"categories":[2,10991],"tags":[5492,1794],"class_list":{"0":"post-163276","1":"post","2":"type-post","3":"status-publish","4":"format-standard","5":"has-post-thumbnail","7":"category-featured","8":"category-economia","9":"tag-perdas","10":"tag-rio-grande-do-sul","11":"pmpro-has-access"},"yoast_head":"<!-- This site is optimized with the Yoast SEO plugin v27.5 - https:\/\/yoast.com\/product\/yoast-seo-wordpress\/ -->\n<title>Atividade econ\u00f4mica no Rio Grande do Sul recua 9% em maio, estima Banco Central - Folha Popular<\/title>\n<meta name=\"robots\" content=\"index, follow, max-snippet:-1, max-image-preview:large, max-video-preview:-1\" \/>\n<link rel=\"canonical\" href=\"https:\/\/folhapopular.info\/index.php\/2024\/07\/18\/atividade-economica-no-rio-grande-do-sul-recua-9-em-maio-estima-banco-central\/\" \/>\n<meta property=\"og:locale\" content=\"pt_BR\" \/>\n<meta property=\"og:type\" content=\"article\" \/>\n<meta property=\"og:title\" content=\"Atividade econ\u00f4mica no Rio Grande do Sul recua 9% em maio, estima Banco Central - Folha Popular\" \/>\n<meta property=\"og:description\" content=\"A atividade econ\u00f4mica no Estado caiu 9% em rela\u00e7\u00e3o a abril. Os dados foram divulgados na quarta-feira (17\/7) pelo Banco Central (BC), que publicou o \u00cdndice de Atividade Econ\u00f4mica Regional (IBCR). Em rela\u00e7\u00e3o a maio de 2023, o indicador recuou 3,9%. Essa foi a maior queda para o Estado desde que o indicador come\u00e7ou a [&hellip;]\" \/>\n<meta property=\"og:url\" content=\"https:\/\/folhapopular.info\/index.php\/2024\/07\/18\/atividade-economica-no-rio-grande-do-sul-recua-9-em-maio-estima-banco-central\/\" \/>\n<meta property=\"og:site_name\" content=\"Folha Popular\" \/>\n<meta property=\"article:published_time\" content=\"2024-07-18T12:00:00+00:00\" \/>\n<meta property=\"og:image\" content=\"https:\/\/folhapopular.info\/wp-content\/uploads\/2024\/07\/0235-1.webp\" \/>\n\t<meta property=\"og:image:width\" content=\"1170\" \/>\n\t<meta property=\"og:image:height\" content=\"700\" \/>\n\t<meta property=\"og:image:type\" content=\"image\/webp\" \/>\n<meta name=\"author\" content=\"Reda\u00e7\u00e3o Folha Popular\" \/>\n<meta name=\"twitter:card\" content=\"summary_large_image\" \/>\n<meta name=\"twitter:label1\" content=\"Escrito por\" \/>\n\t<meta name=\"twitter:data1\" content=\"Reda\u00e7\u00e3o Folha Popular\" \/>\n\t<meta name=\"twitter:label2\" content=\"Est. tempo de leitura\" \/>\n\t<meta name=\"twitter:data2\" content=\"1 minuto\" \/>\n<script type=\"application\/ld+json\" class=\"yoast-schema-graph\">{\"@context\":\"https:\\\/\\\/schema.org\",\"@graph\":[{\"@type\":\"Article\",\"@id\":\"https:\\\/\\\/folhapopular.info\\\/index.php\\\/2024\\\/07\\\/18\\\/atividade-economica-no-rio-grande-do-sul-recua-9-em-maio-estima-banco-central\\\/#article\",\"isPartOf\":{\"@id\":\"https:\\\/\\\/folhapopular.info\\\/index.php\\\/2024\\\/07\\\/18\\\/atividade-economica-no-rio-grande-do-sul-recua-9-em-maio-estima-banco-central\\\/\"},\"author\":{\"name\":\"Reda\u00e7\u00e3o Folha Popular\",\"@id\":\"https:\\\/\\\/folhapopular.info\\\/#\\\/schema\\\/person\\\/2814e8a0df7643585a9ca38bc6eb9d4b\"},\"headline\":\"Atividade econ\u00f4mica no Rio Grande do Sul recua 9% em maio, estima Banco Central\",\"datePublished\":\"2024-07-18T12:00:00+00:00\",\"mainEntityOfPage\":{\"@id\":\"https:\\\/\\\/folhapopular.info\\\/index.php\\\/2024\\\/07\\\/18\\\/atividade-economica-no-rio-grande-do-sul-recua-9-em-maio-estima-banco-central\\\/\"},\"wordCount\":149,\"commentCount\":0,\"image\":{\"@id\":\"https:\\\/\\\/folhapopular.info\\\/index.php\\\/2024\\\/07\\\/18\\\/atividade-economica-no-rio-grande-do-sul-recua-9-em-maio-estima-banco-central\\\/#primaryimage\"},\"thumbnailUrl\":\"https:\\\/\\\/folhapopular.info\\\/wp-content\\\/uploads\\\/2024\\\/07\\\/0235-1.webp\",\"keywords\":[\"Perdas\",\"Rio Grande do Sul\"],\"articleSection\":[\"Destaques\",\"Economia\"],\"inLanguage\":\"pt-BR\",\"potentialAction\":[{\"@type\":\"CommentAction\",\"name\":\"Comment\",\"target\":[\"https:\\\/\\\/folhapopular.info\\\/index.php\\\/2024\\\/07\\\/18\\\/atividade-economica-no-rio-grande-do-sul-recua-9-em-maio-estima-banco-central\\\/#respond\"]}]},{\"@type\":\"WebPage\",\"@id\":\"https:\\\/\\\/folhapopular.info\\\/index.php\\\/2024\\\/07\\\/18\\\/atividade-economica-no-rio-grande-do-sul-recua-9-em-maio-estima-banco-central\\\/\",\"url\":\"https:\\\/\\\/folhapopular.info\\\/index.php\\\/2024\\\/07\\\/18\\\/atividade-economica-no-rio-grande-do-sul-recua-9-em-maio-estima-banco-central\\\/\",\"name\":\"Atividade econ\u00f4mica no Rio Grande do Sul recua 9% em maio, estima Banco Central - Folha Popular\",\"isPartOf\":{\"@id\":\"https:\\\/\\\/folhapopular.info\\\/#website\"},\"primaryImageOfPage\":{\"@id\":\"https:\\\/\\\/folhapopular.info\\\/index.php\\\/2024\\\/07\\\/18\\\/atividade-economica-no-rio-grande-do-sul-recua-9-em-maio-estima-banco-central\\\/#primaryimage\"},\"image\":{\"@id\":\"https:\\\/\\\/folhapopular.info\\\/index.php\\\/2024\\\/07\\\/18\\\/atividade-economica-no-rio-grande-do-sul-recua-9-em-maio-estima-banco-central\\\/#primaryimage\"},\"thumbnailUrl\":\"https:\\\/\\\/folhapopular.info\\\/wp-content\\\/uploads\\\/2024\\\/07\\\/0235-1.webp\",\"datePublished\":\"2024-07-18T12:00:00+00:00\",\"author\":{\"@id\":\"https:\\\/\\\/folhapopular.info\\\/#\\\/schema\\\/person\\\/2814e8a0df7643585a9ca38bc6eb9d4b\"},\"breadcrumb\":{\"@id\":\"https:\\\/\\\/folhapopular.info\\\/index.php\\\/2024\\\/07\\\/18\\\/atividade-economica-no-rio-grande-do-sul-recua-9-em-maio-estima-banco-central\\\/#breadcrumb\"},\"inLanguage\":\"pt-BR\",\"potentialAction\":[{\"@type\":\"ReadAction\",\"target\":[\"https:\\\/\\\/folhapopular.info\\\/index.php\\\/2024\\\/07\\\/18\\\/atividade-economica-no-rio-grande-do-sul-recua-9-em-maio-estima-banco-central\\\/\"]}]},{\"@type\":\"ImageObject\",\"inLanguage\":\"pt-BR\",\"@id\":\"https:\\\/\\\/folhapopular.info\\\/index.php\\\/2024\\\/07\\\/18\\\/atividade-economica-no-rio-grande-do-sul-recua-9-em-maio-estima-banco-central\\\/#primaryimage\",\"url\":\"https:\\\/\\\/folhapopular.info\\\/wp-content\\\/uploads\\\/2024\\\/07\\\/0235-1.webp\",\"contentUrl\":\"https:\\\/\\\/folhapopular.info\\\/wp-content\\\/uploads\\\/2024\\\/07\\\/0235-1.webp\",\"width\":1170,\"height\":700,\"caption\":\"Cr\u00e9dito: Divulga\u00e7\u00e3o\"},{\"@type\":\"BreadcrumbList\",\"@id\":\"https:\\\/\\\/folhapopular.info\\\/index.php\\\/2024\\\/07\\\/18\\\/atividade-economica-no-rio-grande-do-sul-recua-9-em-maio-estima-banco-central\\\/#breadcrumb\",\"itemListElement\":[{\"@type\":\"ListItem\",\"position\":1,\"name\":\"In\u00edcio\",\"item\":\"https:\\\/\\\/folhapopular.info\\\/\"},{\"@type\":\"ListItem\",\"position\":2,\"name\":\"Atividade econ\u00f4mica no Rio Grande do Sul recua 9% em maio, estima Banco Central\"}]},{\"@type\":\"WebSite\",\"@id\":\"https:\\\/\\\/folhapopular.info\\\/#website\",\"url\":\"https:\\\/\\\/folhapopular.info\\\/\",\"name\":\"Folha Popular\",\"description\":\"Onde voc\u00ea tem vez e voz\",\"potentialAction\":[{\"@type\":\"SearchAction\",\"target\":{\"@type\":\"EntryPoint\",\"urlTemplate\":\"https:\\\/\\\/folhapopular.info\\\/?s={search_term_string}\"},\"query-input\":{\"@type\":\"PropertyValueSpecification\",\"valueRequired\":true,\"valueName\":\"search_term_string\"}}],\"inLanguage\":\"pt-BR\"},{\"@type\":\"Person\",\"@id\":\"https:\\\/\\\/folhapopular.info\\\/#\\\/schema\\\/person\\\/2814e8a0df7643585a9ca38bc6eb9d4b\",\"name\":\"Reda\u00e7\u00e3o Folha Popular\",\"image\":{\"@type\":\"ImageObject\",\"inLanguage\":\"pt-BR\",\"@id\":\"https:\\\/\\\/folhapopular.info\\\/wp-content\\\/uploads\\\/2026\\\/04\\\/Folha-1.webp\",\"url\":\"https:\\\/\\\/folhapopular.info\\\/wp-content\\\/uploads\\\/2026\\\/04\\\/Folha-1.webp\",\"contentUrl\":\"https:\\\/\\\/folhapopular.info\\\/wp-content\\\/uploads\\\/2026\\\/04\\\/Folha-1.webp\",\"caption\":\"Reda\u00e7\u00e3o Folha Popular\"},\"url\":\"https:\\\/\\\/folhapopular.info\\\/index.php\\\/author\\\/redacao\\\/\"}]}<\/script>\n<!-- \/ Yoast SEO plugin. -->","yoast_head_json":{"title":"Atividade econ\u00f4mica no Rio Grande do Sul recua 9% em maio, estima Banco Central - Folha Popular","robots":{"index":"index","follow":"follow","max-snippet":"max-snippet:-1","max-image-preview":"max-image-preview:large","max-video-preview":"max-video-preview:-1"},"canonical":"https:\/\/folhapopular.info\/index.php\/2024\/07\/18\/atividade-economica-no-rio-grande-do-sul-recua-9-em-maio-estima-banco-central\/","og_locale":"pt_BR","og_type":"article","og_title":"Atividade econ\u00f4mica no Rio Grande do Sul recua 9% em maio, estima Banco Central - Folha Popular","og_description":"A atividade econ\u00f4mica no Estado caiu 9% em rela\u00e7\u00e3o a abril. Os dados foram divulgados na quarta-feira (17\/7) pelo Banco Central (BC), que publicou o \u00cdndice de Atividade Econ\u00f4mica Regional (IBCR). Em rela\u00e7\u00e3o a maio de 2023, o indicador recuou 3,9%. Essa foi a maior queda para o Estado desde que o indicador come\u00e7ou a [&hellip;]","og_url":"https:\/\/folhapopular.info\/index.php\/2024\/07\/18\/atividade-economica-no-rio-grande-do-sul-recua-9-em-maio-estima-banco-central\/","og_site_name":"Folha Popular","article_published_time":"2024-07-18T12:00:00+00:00","og_image":[{"width":1170,"height":700,"url":"https:\/\/folhapopular.info\/wp-content\/uploads\/2024\/07\/0235-1.webp","type":"image\/webp"}],"author":"Reda\u00e7\u00e3o Folha Popular","twitter_card":"summary_large_image","twitter_misc":{"Escrito por":"Reda\u00e7\u00e3o Folha Popular","Est. tempo de leitura":"1 minuto"},"schema":{"@context":"https:\/\/schema.org","@graph":[{"@type":"Article","@id":"https:\/\/folhapopular.info\/index.php\/2024\/07\/18\/atividade-economica-no-rio-grande-do-sul-recua-9-em-maio-estima-banco-central\/#article","isPartOf":{"@id":"https:\/\/folhapopular.info\/index.php\/2024\/07\/18\/atividade-economica-no-rio-grande-do-sul-recua-9-em-maio-estima-banco-central\/"},"author":{"name":"Reda\u00e7\u00e3o Folha Popular","@id":"https:\/\/folhapopular.info\/#\/schema\/person\/2814e8a0df7643585a9ca38bc6eb9d4b"},"headline":"Atividade econ\u00f4mica no Rio Grande do Sul recua 9% em maio, estima Banco Central","datePublished":"2024-07-18T12:00:00+00:00","mainEntityOfPage":{"@id":"https:\/\/folhapopular.info\/index.php\/2024\/07\/18\/atividade-economica-no-rio-grande-do-sul-recua-9-em-maio-estima-banco-central\/"},"wordCount":149,"commentCount":0,"image":{"@id":"https:\/\/folhapopular.info\/index.php\/2024\/07\/18\/atividade-economica-no-rio-grande-do-sul-recua-9-em-maio-estima-banco-central\/#primaryimage"},"thumbnailUrl":"https:\/\/folhapopular.info\/wp-content\/uploads\/2024\/07\/0235-1.webp","keywords":["Perdas","Rio Grande do Sul"],"articleSection":["Destaques","Economia"],"inLanguage":"pt-BR","potentialAction":[{"@type":"CommentAction","name":"Comment","target":["https:\/\/folhapopular.info\/index.php\/2024\/07\/18\/atividade-economica-no-rio-grande-do-sul-recua-9-em-maio-estima-banco-central\/#respond"]}]},{"@type":"WebPage","@id":"https:\/\/folhapopular.info\/index.php\/2024\/07\/18\/atividade-economica-no-rio-grande-do-sul-recua-9-em-maio-estima-banco-central\/","url":"https:\/\/folhapopular.info\/index.php\/2024\/07\/18\/atividade-economica-no-rio-grande-do-sul-recua-9-em-maio-estima-banco-central\/","name":"Atividade econ\u00f4mica no Rio Grande do Sul recua 9% em maio, estima Banco Central - Folha Popular","isPartOf":{"@id":"https:\/\/folhapopular.info\/#website"},"primaryImageOfPage":{"@id":"https:\/\/folhapopular.info\/index.php\/2024\/07\/18\/atividade-economica-no-rio-grande-do-sul-recua-9-em-maio-estima-banco-central\/#primaryimage"},"image":{"@id":"https:\/\/folhapopular.info\/index.php\/2024\/07\/18\/atividade-economica-no-rio-grande-do-sul-recua-9-em-maio-estima-banco-central\/#primaryimage"},"thumbnailUrl":"https:\/\/folhapopular.info\/wp-content\/uploads\/2024\/07\/0235-1.webp","datePublished":"2024-07-18T12:00:00+00:00","author":{"@id":"https:\/\/folhapopular.info\/#\/schema\/person\/2814e8a0df7643585a9ca38bc6eb9d4b"},"breadcrumb":{"@id":"https:\/\/folhapopular.info\/index.php\/2024\/07\/18\/atividade-economica-no-rio-grande-do-sul-recua-9-em-maio-estima-banco-central\/#breadcrumb"},"inLanguage":"pt-BR","potentialAction":[{"@type":"ReadAction","target":["https:\/\/folhapopular.info\/index.php\/2024\/07\/18\/atividade-economica-no-rio-grande-do-sul-recua-9-em-maio-estima-banco-central\/"]}]},{"@type":"ImageObject","inLanguage":"pt-BR","@id":"https:\/\/folhapopular.info\/index.php\/2024\/07\/18\/atividade-economica-no-rio-grande-do-sul-recua-9-em-maio-estima-banco-central\/#primaryimage","url":"https:\/\/folhapopular.info\/wp-content\/uploads\/2024\/07\/0235-1.webp","contentUrl":"https:\/\/folhapopular.info\/wp-content\/uploads\/2024\/07\/0235-1.webp","width":1170,"height":700,"caption":"Cr\u00e9dito: Divulga\u00e7\u00e3o"},{"@type":"BreadcrumbList","@id":"https:\/\/folhapopular.info\/index.php\/2024\/07\/18\/atividade-economica-no-rio-grande-do-sul-recua-9-em-maio-estima-banco-central\/#breadcrumb","itemListElement":[{"@type":"ListItem","position":1,"name":"In\u00edcio","item":"https:\/\/folhapopular.info\/"},{"@type":"ListItem","position":2,"name":"Atividade econ\u00f4mica no Rio Grande do Sul recua 9% em maio, estima Banco Central"}]},{"@type":"WebSite","@id":"https:\/\/folhapopular.info\/#website","url":"https:\/\/folhapopular.info\/","name":"Folha Popular","description":"Onde voc\u00ea tem vez e voz","potentialAction":[{"@type":"SearchAction","target":{"@type":"EntryPoint","urlTemplate":"https:\/\/folhapopular.info\/?s={search_term_string}"},"query-input":{"@type":"PropertyValueSpecification","valueRequired":true,"valueName":"search_term_string"}}],"inLanguage":"pt-BR"},{"@type":"Person","@id":"https:\/\/folhapopular.info\/#\/schema\/person\/2814e8a0df7643585a9ca38bc6eb9d4b","name":"Reda\u00e7\u00e3o Folha Popular","image":{"@type":"ImageObject","inLanguage":"pt-BR","@id":"https:\/\/folhapopular.info\/wp-content\/uploads\/2026\/04\/Folha-1.webp","url":"https:\/\/folhapopular.info\/wp-content\/uploads\/2026\/04\/Folha-1.webp","contentUrl":"https:\/\/folhapopular.info\/wp-content\/uploads\/2026\/04\/Folha-1.webp","caption":"Reda\u00e7\u00e3o Folha Popular"},"url":"https:\/\/folhapopular.info\/index.php\/author\/redacao\/"}]}},"jetpack_featured_media_url":"https:\/\/folhapopular.info\/wp-content\/uploads\/2024\/07\/0235-1.webp","jetpack_sharing_enabled":true,"amp_enabled":true,"_links":{"self":[{"href":"https:\/\/folhapopular.info\/index.php\/wp-json\/wp\/v2\/posts\/163276","targetHints":{"allow":["GET"]}}],"collection":[{"href":"https:\/\/folhapopular.info\/index.php\/wp-json\/wp\/v2\/posts"}],"about":[{"href":"https:\/\/folhapopular.info\/index.php\/wp-json\/wp\/v2\/types\/post"}],"author":[{"embeddable":true,"href":"https:\/\/folhapopular.info\/index.php\/wp-json\/wp\/v2\/users\/8"}],"replies":[{"embeddable":true,"href":"https:\/\/folhapopular.info\/index.php\/wp-json\/wp\/v2\/comments?post=163276"}],"version-history":[{"count":0,"href":"https:\/\/folhapopular.info\/index.php\/wp-json\/wp\/v2\/posts\/163276\/revisions"}],"wp:featuredmedia":[{"embeddable":true,"href":"https:\/\/folhapopular.info\/index.php\/wp-json\/wp\/v2\/media\/163277"}],"wp:attachment":[{"href":"https:\/\/folhapopular.info\/index.php\/wp-json\/wp\/v2\/media?parent=163276"}],"wp:term":[{"taxonomy":"category","embeddable":true,"href":"https:\/\/folhapopular.info\/index.php\/wp-json\/wp\/v2\/categories?post=163276"},{"taxonomy":"post_tag","embeddable":true,"href":"https:\/\/folhapopular.info\/index.php\/wp-json\/wp\/v2\/tags?post=163276"}],"curies":[{"name":"wp","href":"https:\/\/api.w.org\/{rel}","templated":true}]}}