{"id":163503,"date":"2024-07-21T15:00:00","date_gmt":"2024-07-21T18:00:00","guid":{"rendered":"https:\/\/folhapopular.info\/?p=163503"},"modified":"2024-07-20T10:28:37","modified_gmt":"2024-07-20T13:28:37","slug":"eventos-movimentam-o-municipio-de-imigrante","status":"publish","type":"post","link":"https:\/\/folhapopular.info\/index.php\/2024\/07\/21\/eventos-movimentam-o-municipio-de-imigrante\/","title":{"rendered":"Eventos culturais movimentam o munic\u00edpio de Imigrante"},"content":{"rendered":"\n<p>Neste s\u00e1bado (20\/7), a Administra\u00e7\u00e3o Municipal de Imigrante e o Coral da Oase Maria Madalena promovem o tradicional Encontro de Corais. O evento inicia \u00e0s 10h30 no Centro Comunit\u00e1rio Evang\u00e9lico, no Centro. O espet\u00e1culo re\u00fane todos os seis corais de Imigrante, com 70 coralistas. Cada grupo apresentar\u00e1 duas m\u00fasicas e, ao fim, uma m\u00fasica conjunta.<\/p>\n\n\n\n<p>O encontro \u00e9 aberto ao p\u00fablico. Ap\u00f3s as apresenta\u00e7\u00f5es, ser\u00e1 realizado um almo\u00e7o no local. Os coralistas e regentes n\u00e3o pagam, mas o p\u00fablico deve adquirir ingressos. Ainda haver\u00e1 a apresenta\u00e7\u00e3o da Orquestra Jovem de Imigrante depois do almo\u00e7o.<\/p>\n\n\n\n<p>O Secret\u00e1rio de Turismo, Cultura e Esporte, Charles Porsche, destaca o papel da m\u00fasica e da arte na cidade.\u201cEm Imigrante, a gente se orgulha do que conseguimos despertar no povo culturalmente, estamos felizes com isso e vamos continuar\u201d, diz.<\/p>\n\n\n\n<p><strong>Exposi\u00e7\u00e3o<\/strong><\/p>\n\n\n\n<p>Al\u00e9m do encontro, a exposi\u00e7\u00e3o cultural \u201cOs 200 anos da imigra\u00e7\u00e3o alem\u00e3 em Imigrante, RS e Brasil\u201d tamb\u00e9m estar\u00e1 dispon\u00edvel no Centro Comunit\u00e1rio. S\u00e3o 12 telas dos artistas Elisandro Pedroso e Gelson Marmitt, que retratam paisagens, costumes e tradi\u00e7\u00f5es alem\u00e3s. Os dois artistas tamb\u00e9m participaram de exposi\u00e7\u00e3o de telas dos 200 anos da imigra\u00e7\u00e3o alem\u00e3 no Brasil, em Estrela.<\/p>\n\n\n\n<p>A entrada \u00e9 gratuita e todos est\u00e3o convidados a apreciar as obras. A exibi\u00e7\u00e3o se estende at\u00e9 12 de agosto. A expectativa \u00e9 de que a exposi\u00e7\u00e3o v\u00e1 para Daltro Filho na pr\u00f3xima semana. As obras tamb\u00e9m ser\u00e3o expostas no Festival Alem\u00e3o e Italiano.<\/p>\n\n\n\n<p><strong>Festival Alem\u00e3o e Italiano<\/strong><\/p>\n\n\n\n<p>Imigrante recebeu imigrantes alem\u00e3es e italianos durante sua coloniza\u00e7\u00e3o. Em 2024, comemora-se os 200 anos da imigra\u00e7\u00e3o alem\u00e3 e, em 2025, os 150 anos da imigra\u00e7\u00e3o italiana no Rio Grande do Sul. O Festival Alem\u00e3o e Italiano celebrar\u00e1 as duas culturas em 10 e 11 de agosto, no Gin\u00e1sio Municipal, a partir das 13h30. Haver\u00e1 dan\u00e7as, orquestras, corais, baile e card\u00e1pios t\u00edpicos.<\/p>\n\n\n\n<p>Aberto a todo o p\u00fablico, o evento n\u00e3o ter\u00e1 cobran\u00e7a de ingresso. No s\u00e1bado seguinte, 17 de agosto, a programa\u00e7\u00e3o ter\u00e1 o Encontro de Grupos de Dan\u00e7as e o 19\u00ba Biertanzfest, com jantar e baile.<\/p>\n\n\n\n<p>No dia 12 de agosto, o munic\u00edpio receber\u00e1 o grupo de dan\u00e7as<em> Th\u00fcringer Folkloretanzensemble Rudolstadt<\/em>, da Alemanha. A apresenta\u00e7\u00e3o tamb\u00e9m ocorre no Gin\u00e1sio.<\/p>\n\n\n\n<p><strong>Programa\u00e7\u00e3o <\/strong><strong>Festival Alem\u00e3o e Italiano<\/strong><br><br><strong>S\u00e1bado, 10 de agosto<\/strong><br>13h30 \u2013 Encontro de Orquestras Jovens<br>15h30 \u2013 Grupo de Dan\u00e7as Nova Vida<br>15h45 \u2013 Orquestra Municipal de Imigrante<br>17h \u2013 Banda Prosit<br>18h30 \u2013 Grupo de Dan\u00e7as Italiano Stella D\u2019It\u00e1lia<br>18h30 \u2013 Baile t\u00edpico italiano Le Farfalle<br>20h \u2013 Grupo de Dan\u00e7as Sonnenlicht<br>20h \u2013 Baile t\u00edpico alem\u00e3o Musical Encanto de Feliz<br><br><strong>Domingo, 11 de agosto<\/strong><br>13h30 \u2013 Banda JD e Cia<br>15h30 \u2013 Grupo de Dan\u00e7as Stella D\u2019It\u00e1lia<br>16h \u2013 Baile t\u00edpico italiano Ragazzi dei Monti<br>17h30 \u2013 Grupo de Dan\u00e7as Sonnenlicht<br>17h30 \u2013 Baile t\u00edpico alem\u00e3o Banda La Montanara<\/p>\n","protected":false},"excerpt":{"rendered":"<p>Neste s\u00e1bado (20\/7), a Administra\u00e7\u00e3o Municipal de Imigrante e o Coral da Oase Maria Madalena promovem o tradicional Encontro de Corais. O evento inicia \u00e0s 10h30 no Centro Comunit\u00e1rio Evang\u00e9lico, no Centro. O espet\u00e1culo re\u00fane todos os seis corais de Imigrante, com 70 coralistas. Cada grupo apresentar\u00e1 duas m\u00fasicas e, ao fim, uma m\u00fasica conjunta. [&hellip;]<\/p>\n","protected":false},"author":8,"featured_media":163504,"comment_status":"open","ping_status":"open","sticky":false,"template":"","format":"standard","meta":{"pmpro_default_level":"","_jetpack_memberships_contains_paid_content":false,"footnotes":""},"categories":[10996,2,6],"tags":[15614,15615,34],"class_list":{"0":"post-163503","1":"post","2":"type-post","3":"status-publish","4":"format-standard","5":"has-post-thumbnail","7":"category-cultura","8":"category-featured","9":"category-inclusive","10":"tag-cultura-e-arte","11":"tag-festival-alemao-e-italiano","12":"tag-imigrante","13":"pmpro-has-access"},"yoast_head":"<!-- This site is optimized with the Yoast SEO plugin v27.5 - https:\/\/yoast.com\/product\/yoast-seo-wordpress\/ -->\n<title>Eventos culturais movimentam o munic\u00edpio de Imigrante - Folha Popular<\/title>\n<meta name=\"robots\" content=\"index, follow, max-snippet:-1, max-image-preview:large, max-video-preview:-1\" \/>\n<link rel=\"canonical\" href=\"https:\/\/folhapopular.info\/index.php\/2024\/07\/21\/eventos-movimentam-o-municipio-de-imigrante\/\" \/>\n<meta property=\"og:locale\" content=\"pt_BR\" \/>\n<meta property=\"og:type\" content=\"article\" \/>\n<meta property=\"og:title\" content=\"Eventos culturais movimentam o munic\u00edpio de Imigrante - Folha Popular\" \/>\n<meta property=\"og:description\" content=\"Neste s\u00e1bado (20\/7), a Administra\u00e7\u00e3o Municipal de Imigrante e o Coral da Oase Maria Madalena promovem o tradicional Encontro de Corais. O evento inicia \u00e0s 10h30 no Centro Comunit\u00e1rio Evang\u00e9lico, no Centro. O espet\u00e1culo re\u00fane todos os seis corais de Imigrante, com 70 coralistas. Cada grupo apresentar\u00e1 duas m\u00fasicas e, ao fim, uma m\u00fasica conjunta. [&hellip;]\" \/>\n<meta property=\"og:url\" content=\"https:\/\/folhapopular.info\/index.php\/2024\/07\/21\/eventos-movimentam-o-municipio-de-imigrante\/\" \/>\n<meta property=\"og:site_name\" content=\"Folha Popular\" \/>\n<meta property=\"article:published_time\" content=\"2024-07-21T18:00:00+00:00\" \/>\n<meta property=\"og:image\" content=\"https:\/\/folhapopular.info\/wp-content\/uploads\/2024\/07\/Programacao-inclui-exposicoes-musica-e-dancas_Credito_Cris-Thome.jpeg\" \/>\n\t<meta property=\"og:image:width\" content=\"1600\" \/>\n\t<meta property=\"og:image:height\" content=\"1067\" \/>\n\t<meta property=\"og:image:type\" content=\"image\/jpeg\" \/>\n<meta name=\"author\" content=\"Reda\u00e7\u00e3o Folha Popular\" \/>\n<meta name=\"twitter:card\" content=\"summary_large_image\" \/>\n<meta name=\"twitter:label1\" content=\"Escrito por\" \/>\n\t<meta name=\"twitter:data1\" content=\"Reda\u00e7\u00e3o Folha Popular\" \/>\n\t<meta name=\"twitter:label2\" content=\"Est. tempo de leitura\" \/>\n\t<meta name=\"twitter:data2\" content=\"3 minutos\" \/>\n<script type=\"application\/ld+json\" class=\"yoast-schema-graph\">{\"@context\":\"https:\\\/\\\/schema.org\",\"@graph\":[{\"@type\":\"Article\",\"@id\":\"https:\\\/\\\/folhapopular.info\\\/index.php\\\/2024\\\/07\\\/21\\\/eventos-movimentam-o-municipio-de-imigrante\\\/#article\",\"isPartOf\":{\"@id\":\"https:\\\/\\\/folhapopular.info\\\/index.php\\\/2024\\\/07\\\/21\\\/eventos-movimentam-o-municipio-de-imigrante\\\/\"},\"author\":{\"name\":\"Reda\u00e7\u00e3o Folha Popular\",\"@id\":\"https:\\\/\\\/folhapopular.info\\\/#\\\/schema\\\/person\\\/2814e8a0df7643585a9ca38bc6eb9d4b\"},\"headline\":\"Eventos culturais movimentam o munic\u00edpio de Imigrante\",\"datePublished\":\"2024-07-21T18:00:00+00:00\",\"mainEntityOfPage\":{\"@id\":\"https:\\\/\\\/folhapopular.info\\\/index.php\\\/2024\\\/07\\\/21\\\/eventos-movimentam-o-municipio-de-imigrante\\\/\"},\"wordCount\":516,\"commentCount\":0,\"image\":{\"@id\":\"https:\\\/\\\/folhapopular.info\\\/index.php\\\/2024\\\/07\\\/21\\\/eventos-movimentam-o-municipio-de-imigrante\\\/#primaryimage\"},\"thumbnailUrl\":\"https:\\\/\\\/folhapopular.info\\\/wp-content\\\/uploads\\\/2024\\\/07\\\/Programacao-inclui-exposicoes-musica-e-dancas_Credito_Cris-Thome.jpeg\",\"keywords\":[\"Cultura e Arte\",\"Festival Alem\u00e3o e Italiano\",\"Imigrante\"],\"articleSection\":[\"Cultura\",\"Destaques\",\"Inclusive\"],\"inLanguage\":\"pt-BR\",\"potentialAction\":[{\"@type\":\"CommentAction\",\"name\":\"Comment\",\"target\":[\"https:\\\/\\\/folhapopular.info\\\/index.php\\\/2024\\\/07\\\/21\\\/eventos-movimentam-o-municipio-de-imigrante\\\/#respond\"]}]},{\"@type\":\"WebPage\",\"@id\":\"https:\\\/\\\/folhapopular.info\\\/index.php\\\/2024\\\/07\\\/21\\\/eventos-movimentam-o-municipio-de-imigrante\\\/\",\"url\":\"https:\\\/\\\/folhapopular.info\\\/index.php\\\/2024\\\/07\\\/21\\\/eventos-movimentam-o-municipio-de-imigrante\\\/\",\"name\":\"Eventos culturais movimentam o munic\u00edpio de Imigrante - Folha Popular\",\"isPartOf\":{\"@id\":\"https:\\\/\\\/folhapopular.info\\\/#website\"},\"primaryImageOfPage\":{\"@id\":\"https:\\\/\\\/folhapopular.info\\\/index.php\\\/2024\\\/07\\\/21\\\/eventos-movimentam-o-municipio-de-imigrante\\\/#primaryimage\"},\"image\":{\"@id\":\"https:\\\/\\\/folhapopular.info\\\/index.php\\\/2024\\\/07\\\/21\\\/eventos-movimentam-o-municipio-de-imigrante\\\/#primaryimage\"},\"thumbnailUrl\":\"https:\\\/\\\/folhapopular.info\\\/wp-content\\\/uploads\\\/2024\\\/07\\\/Programacao-inclui-exposicoes-musica-e-dancas_Credito_Cris-Thome.jpeg\",\"datePublished\":\"2024-07-21T18:00:00+00:00\",\"author\":{\"@id\":\"https:\\\/\\\/folhapopular.info\\\/#\\\/schema\\\/person\\\/2814e8a0df7643585a9ca38bc6eb9d4b\"},\"breadcrumb\":{\"@id\":\"https:\\\/\\\/folhapopular.info\\\/index.php\\\/2024\\\/07\\\/21\\\/eventos-movimentam-o-municipio-de-imigrante\\\/#breadcrumb\"},\"inLanguage\":\"pt-BR\",\"potentialAction\":[{\"@type\":\"ReadAction\",\"target\":[\"https:\\\/\\\/folhapopular.info\\\/index.php\\\/2024\\\/07\\\/21\\\/eventos-movimentam-o-municipio-de-imigrante\\\/\"]}]},{\"@type\":\"ImageObject\",\"inLanguage\":\"pt-BR\",\"@id\":\"https:\\\/\\\/folhapopular.info\\\/index.php\\\/2024\\\/07\\\/21\\\/eventos-movimentam-o-municipio-de-imigrante\\\/#primaryimage\",\"url\":\"https:\\\/\\\/folhapopular.info\\\/wp-content\\\/uploads\\\/2024\\\/07\\\/Programacao-inclui-exposicoes-musica-e-dancas_Credito_Cris-Thome.jpeg\",\"contentUrl\":\"https:\\\/\\\/folhapopular.info\\\/wp-content\\\/uploads\\\/2024\\\/07\\\/Programacao-inclui-exposicoes-musica-e-dancas_Credito_Cris-Thome.jpeg\",\"width\":1600,\"height\":1067,\"caption\":\"Cr\u00e9dito: Cris Thom\u00e9\"},{\"@type\":\"BreadcrumbList\",\"@id\":\"https:\\\/\\\/folhapopular.info\\\/index.php\\\/2024\\\/07\\\/21\\\/eventos-movimentam-o-municipio-de-imigrante\\\/#breadcrumb\",\"itemListElement\":[{\"@type\":\"ListItem\",\"position\":1,\"name\":\"In\u00edcio\",\"item\":\"https:\\\/\\\/folhapopular.info\\\/\"},{\"@type\":\"ListItem\",\"position\":2,\"name\":\"Eventos culturais movimentam o munic\u00edpio de Imigrante\"}]},{\"@type\":\"WebSite\",\"@id\":\"https:\\\/\\\/folhapopular.info\\\/#website\",\"url\":\"https:\\\/\\\/folhapopular.info\\\/\",\"name\":\"Folha Popular\",\"description\":\"Onde voc\u00ea tem vez e voz\",\"potentialAction\":[{\"@type\":\"SearchAction\",\"target\":{\"@type\":\"EntryPoint\",\"urlTemplate\":\"https:\\\/\\\/folhapopular.info\\\/?s={search_term_string}\"},\"query-input\":{\"@type\":\"PropertyValueSpecification\",\"valueRequired\":true,\"valueName\":\"search_term_string\"}}],\"inLanguage\":\"pt-BR\"},{\"@type\":\"Person\",\"@id\":\"https:\\\/\\\/folhapopular.info\\\/#\\\/schema\\\/person\\\/2814e8a0df7643585a9ca38bc6eb9d4b\",\"name\":\"Reda\u00e7\u00e3o Folha Popular\",\"image\":{\"@type\":\"ImageObject\",\"inLanguage\":\"pt-BR\",\"@id\":\"https:\\\/\\\/folhapopular.info\\\/wp-content\\\/uploads\\\/2026\\\/04\\\/Folha-1.webp\",\"url\":\"https:\\\/\\\/folhapopular.info\\\/wp-content\\\/uploads\\\/2026\\\/04\\\/Folha-1.webp\",\"contentUrl\":\"https:\\\/\\\/folhapopular.info\\\/wp-content\\\/uploads\\\/2026\\\/04\\\/Folha-1.webp\",\"caption\":\"Reda\u00e7\u00e3o Folha Popular\"},\"url\":\"https:\\\/\\\/folhapopular.info\\\/index.php\\\/author\\\/redacao\\\/\"}]}<\/script>\n<!-- \/ Yoast SEO plugin. -->","yoast_head_json":{"title":"Eventos culturais movimentam o munic\u00edpio de Imigrante - Folha Popular","robots":{"index":"index","follow":"follow","max-snippet":"max-snippet:-1","max-image-preview":"max-image-preview:large","max-video-preview":"max-video-preview:-1"},"canonical":"https:\/\/folhapopular.info\/index.php\/2024\/07\/21\/eventos-movimentam-o-municipio-de-imigrante\/","og_locale":"pt_BR","og_type":"article","og_title":"Eventos culturais movimentam o munic\u00edpio de Imigrante - Folha Popular","og_description":"Neste s\u00e1bado (20\/7), a Administra\u00e7\u00e3o Municipal de Imigrante e o Coral da Oase Maria Madalena promovem o tradicional Encontro de Corais. O evento inicia \u00e0s 10h30 no Centro Comunit\u00e1rio Evang\u00e9lico, no Centro. O espet\u00e1culo re\u00fane todos os seis corais de Imigrante, com 70 coralistas. Cada grupo apresentar\u00e1 duas m\u00fasicas e, ao fim, uma m\u00fasica conjunta. [&hellip;]","og_url":"https:\/\/folhapopular.info\/index.php\/2024\/07\/21\/eventos-movimentam-o-municipio-de-imigrante\/","og_site_name":"Folha Popular","article_published_time":"2024-07-21T18:00:00+00:00","og_image":[{"width":1600,"height":1067,"url":"https:\/\/folhapopular.info\/wp-content\/uploads\/2024\/07\/Programacao-inclui-exposicoes-musica-e-dancas_Credito_Cris-Thome.jpeg","type":"image\/jpeg"}],"author":"Reda\u00e7\u00e3o Folha Popular","twitter_card":"summary_large_image","twitter_misc":{"Escrito por":"Reda\u00e7\u00e3o Folha Popular","Est. tempo de leitura":"3 minutos"},"schema":{"@context":"https:\/\/schema.org","@graph":[{"@type":"Article","@id":"https:\/\/folhapopular.info\/index.php\/2024\/07\/21\/eventos-movimentam-o-municipio-de-imigrante\/#article","isPartOf":{"@id":"https:\/\/folhapopular.info\/index.php\/2024\/07\/21\/eventos-movimentam-o-municipio-de-imigrante\/"},"author":{"name":"Reda\u00e7\u00e3o Folha Popular","@id":"https:\/\/folhapopular.info\/#\/schema\/person\/2814e8a0df7643585a9ca38bc6eb9d4b"},"headline":"Eventos culturais movimentam o munic\u00edpio de Imigrante","datePublished":"2024-07-21T18:00:00+00:00","mainEntityOfPage":{"@id":"https:\/\/folhapopular.info\/index.php\/2024\/07\/21\/eventos-movimentam-o-municipio-de-imigrante\/"},"wordCount":516,"commentCount":0,"image":{"@id":"https:\/\/folhapopular.info\/index.php\/2024\/07\/21\/eventos-movimentam-o-municipio-de-imigrante\/#primaryimage"},"thumbnailUrl":"https:\/\/folhapopular.info\/wp-content\/uploads\/2024\/07\/Programacao-inclui-exposicoes-musica-e-dancas_Credito_Cris-Thome.jpeg","keywords":["Cultura e Arte","Festival Alem\u00e3o e Italiano","Imigrante"],"articleSection":["Cultura","Destaques","Inclusive"],"inLanguage":"pt-BR","potentialAction":[{"@type":"CommentAction","name":"Comment","target":["https:\/\/folhapopular.info\/index.php\/2024\/07\/21\/eventos-movimentam-o-municipio-de-imigrante\/#respond"]}]},{"@type":"WebPage","@id":"https:\/\/folhapopular.info\/index.php\/2024\/07\/21\/eventos-movimentam-o-municipio-de-imigrante\/","url":"https:\/\/folhapopular.info\/index.php\/2024\/07\/21\/eventos-movimentam-o-municipio-de-imigrante\/","name":"Eventos culturais movimentam o munic\u00edpio de Imigrante - Folha Popular","isPartOf":{"@id":"https:\/\/folhapopular.info\/#website"},"primaryImageOfPage":{"@id":"https:\/\/folhapopular.info\/index.php\/2024\/07\/21\/eventos-movimentam-o-municipio-de-imigrante\/#primaryimage"},"image":{"@id":"https:\/\/folhapopular.info\/index.php\/2024\/07\/21\/eventos-movimentam-o-municipio-de-imigrante\/#primaryimage"},"thumbnailUrl":"https:\/\/folhapopular.info\/wp-content\/uploads\/2024\/07\/Programacao-inclui-exposicoes-musica-e-dancas_Credito_Cris-Thome.jpeg","datePublished":"2024-07-21T18:00:00+00:00","author":{"@id":"https:\/\/folhapopular.info\/#\/schema\/person\/2814e8a0df7643585a9ca38bc6eb9d4b"},"breadcrumb":{"@id":"https:\/\/folhapopular.info\/index.php\/2024\/07\/21\/eventos-movimentam-o-municipio-de-imigrante\/#breadcrumb"},"inLanguage":"pt-BR","potentialAction":[{"@type":"ReadAction","target":["https:\/\/folhapopular.info\/index.php\/2024\/07\/21\/eventos-movimentam-o-municipio-de-imigrante\/"]}]},{"@type":"ImageObject","inLanguage":"pt-BR","@id":"https:\/\/folhapopular.info\/index.php\/2024\/07\/21\/eventos-movimentam-o-municipio-de-imigrante\/#primaryimage","url":"https:\/\/folhapopular.info\/wp-content\/uploads\/2024\/07\/Programacao-inclui-exposicoes-musica-e-dancas_Credito_Cris-Thome.jpeg","contentUrl":"https:\/\/folhapopular.info\/wp-content\/uploads\/2024\/07\/Programacao-inclui-exposicoes-musica-e-dancas_Credito_Cris-Thome.jpeg","width":1600,"height":1067,"caption":"Cr\u00e9dito: Cris Thom\u00e9"},{"@type":"BreadcrumbList","@id":"https:\/\/folhapopular.info\/index.php\/2024\/07\/21\/eventos-movimentam-o-municipio-de-imigrante\/#breadcrumb","itemListElement":[{"@type":"ListItem","position":1,"name":"In\u00edcio","item":"https:\/\/folhapopular.info\/"},{"@type":"ListItem","position":2,"name":"Eventos culturais movimentam o munic\u00edpio de Imigrante"}]},{"@type":"WebSite","@id":"https:\/\/folhapopular.info\/#website","url":"https:\/\/folhapopular.info\/","name":"Folha Popular","description":"Onde voc\u00ea tem vez e voz","potentialAction":[{"@type":"SearchAction","target":{"@type":"EntryPoint","urlTemplate":"https:\/\/folhapopular.info\/?s={search_term_string}"},"query-input":{"@type":"PropertyValueSpecification","valueRequired":true,"valueName":"search_term_string"}}],"inLanguage":"pt-BR"},{"@type":"Person","@id":"https:\/\/folhapopular.info\/#\/schema\/person\/2814e8a0df7643585a9ca38bc6eb9d4b","name":"Reda\u00e7\u00e3o Folha Popular","image":{"@type":"ImageObject","inLanguage":"pt-BR","@id":"https:\/\/folhapopular.info\/wp-content\/uploads\/2026\/04\/Folha-1.webp","url":"https:\/\/folhapopular.info\/wp-content\/uploads\/2026\/04\/Folha-1.webp","contentUrl":"https:\/\/folhapopular.info\/wp-content\/uploads\/2026\/04\/Folha-1.webp","caption":"Reda\u00e7\u00e3o Folha Popular"},"url":"https:\/\/folhapopular.info\/index.php\/author\/redacao\/"}]}},"jetpack_featured_media_url":"https:\/\/folhapopular.info\/wp-content\/uploads\/2024\/07\/Programacao-inclui-exposicoes-musica-e-dancas_Credito_Cris-Thome.jpeg","jetpack_sharing_enabled":true,"amp_enabled":true,"_links":{"self":[{"href":"https:\/\/folhapopular.info\/index.php\/wp-json\/wp\/v2\/posts\/163503","targetHints":{"allow":["GET"]}}],"collection":[{"href":"https:\/\/folhapopular.info\/index.php\/wp-json\/wp\/v2\/posts"}],"about":[{"href":"https:\/\/folhapopular.info\/index.php\/wp-json\/wp\/v2\/types\/post"}],"author":[{"embeddable":true,"href":"https:\/\/folhapopular.info\/index.php\/wp-json\/wp\/v2\/users\/8"}],"replies":[{"embeddable":true,"href":"https:\/\/folhapopular.info\/index.php\/wp-json\/wp\/v2\/comments?post=163503"}],"version-history":[{"count":0,"href":"https:\/\/folhapopular.info\/index.php\/wp-json\/wp\/v2\/posts\/163503\/revisions"}],"wp:featuredmedia":[{"embeddable":true,"href":"https:\/\/folhapopular.info\/index.php\/wp-json\/wp\/v2\/media\/163504"}],"wp:attachment":[{"href":"https:\/\/folhapopular.info\/index.php\/wp-json\/wp\/v2\/media?parent=163503"}],"wp:term":[{"taxonomy":"category","embeddable":true,"href":"https:\/\/folhapopular.info\/index.php\/wp-json\/wp\/v2\/categories?post=163503"},{"taxonomy":"post_tag","embeddable":true,"href":"https:\/\/folhapopular.info\/index.php\/wp-json\/wp\/v2\/tags?post=163503"}],"curies":[{"name":"wp","href":"https:\/\/api.w.org\/{rel}","templated":true}]}}