{"id":163506,"date":"2024-07-20T15:00:00","date_gmt":"2024-07-20T18:00:00","guid":{"rendered":"https:\/\/folhapopular.info\/?p=163506"},"modified":"2024-07-20T10:12:33","modified_gmt":"2024-07-20T13:12:33","slug":"municipios-promovem-festas-a-sao-cristovao","status":"publish","type":"post","link":"https:\/\/folhapopular.info\/index.php\/2024\/07\/20\/municipios-promovem-festas-a-sao-cristovao\/","title":{"rendered":"Munic\u00edpios promovem festas a S\u00e3o Crist\u00f3v\u00e3o"},"content":{"rendered":"\n<p>A Comunidade Cat\u00f3lica S\u00e3o Crist\u00f3v\u00e3o, de Fazenda Vilanova, realiza a 25\u00aa edi\u00e7\u00e3o da Festa de S\u00e3o Crist\u00f3v\u00e3o, padroeiro do munic\u00edpio. A celebra\u00e7\u00e3o tamb\u00e9m \u00e9 alusiva ao Dia do Colono e do Motorista. A vasta programa\u00e7\u00e3o inicia \u00e0s 9h30 deste domingo (21\/7), com a missa ministrada pelo padre Ant\u00f4nio Hochscheidt Becker na capela da comunidade.<\/p>\n\n\n\n<p>Em seguida, inicia a prociss\u00e3o motorizada pelas ruas de Fazenda Vilanova. A ben\u00e7\u00e3o dos ve\u00edculos ocorre na Avenida Rio Grande do Sul, em frente ao monumento de S\u00e3o Crist\u00f3v\u00e3o.<\/p>\n\n\n\n<p>O almo\u00e7o ser\u00e1 servido ao meio-dia no CTG Pousada dos Tropeiros, com reuni\u00e3o dan\u00e7ante gratuita \u00e0s 14h, animada pela Banda Kamarillia.<\/p>\n\n\n\n<p>A presidente da comunidade, Janete Beatriz Rodrigues, convida a popula\u00e7\u00e3o para participar. \u201cA Festa de S\u00e3o Crist\u00f3v\u00e3o de Fazenda Vilanova \u00e9 uma das mais tradicionais da nossa regi\u00e3o. Contamos com a tua presen\u00e7a para abrilhantar ainda mais este evento\u201d, afirma.<\/p>\n\n\n\n<p><strong>Padroeiro<\/strong><\/p>\n\n\n\n<p>S\u00e3o Crist\u00f3v\u00e3o foi oficializado padroeiro do munic\u00edpio por meio da lei municipal n\u00ba 35\/1997, que institui os feriados municipais, dentre eles o Dia de S\u00e3o Crist\u00f3v\u00e3o, no dia 25 de julho. E, por meio da lei municipal n\u00ba 1.460\/2014, a institui\u00e7\u00e3o da data e a oficializa\u00e7\u00e3o do S\u00e3o Crist\u00f3v\u00e3o como padroeiro foi novamente consolidada.<\/p>\n\n\n\n<p>Para isso, entre os anos de 2001 e 2004 foi constru\u00eddo o monumento em homenagem ao santo na Avenida Rio Grande do Sul, em frente \u00e0 Prefeitura. O monumento virou palco da f\u00e9 de Fazenda Vilanova, bem como ponto central para a b\u00ean\u00e7\u00e3o dos ve\u00edculos.<\/p>\n\n\n\n<p><strong>Teut\u00f4nia<\/strong><\/p>\n\n\n\n<p>Em Teut\u00f4nia, a Par\u00f3quia Nossa Senhora do Ros\u00e1rio tamb\u00e9m promove a Festa do Colono e Motorista neste domingo. A prociss\u00e3o est\u00e1 programada para as 10h. A b\u00ean\u00e7\u00e3o dos ve\u00edculos ser\u00e1 na Rua Tiradentes, em frente ao gin\u00e1sio da Comunidade Cat\u00f3lica, em Canabarro. O almo\u00e7o ser\u00e1 \u00e0s 12h, seguido de baile com a Banda Knecus.<\/p>\n\n\n\n<p><strong>Imigrante<\/strong><\/p>\n\n\n\n<p>Em Imigrante, a missa inicia \u00e0s 10h na igreja S\u00e3o Crist\u00f3v\u00e3o. Na ocasi\u00e3o, ser\u00e1 inaugurada a imagem do tamb\u00e9m padroeiro da cidade, instalada em frente \u00e0 igreja. Ap\u00f3s, haver\u00e1 prociss\u00e3o e b\u00ean\u00e7\u00e3o de carros e motoristas, da Igreja S\u00e3o Crist\u00f3v\u00e3o at\u00e9 a sede do Esporte Clube Arroio da Seca (Ecas).<\/p>\n\n\n\n<p>O almo\u00e7o e a festa ocorrem no mesmo local. O card\u00e1pio oferecer\u00e1 churrasco de r\u00eas, porco e salsich\u00e3o, massa, arroz, molho, maionese e saladas diversas. A festa ter\u00e1 anima\u00e7\u00e3o do Musical JD e Cia. Os cart\u00f5es est\u00e3o dispon\u00edveis com os membros da diretoria pelo valor de R$ 50 antecipado para s\u00f3cio, R$ 55 antecipado e R$ 70 na hora.<\/p>\n","protected":false},"excerpt":{"rendered":"<p>A Comunidade Cat\u00f3lica S\u00e3o Crist\u00f3v\u00e3o, de Fazenda Vilanova, realiza a 25\u00aa edi\u00e7\u00e3o da Festa de S\u00e3o Crist\u00f3v\u00e3o, padroeiro do munic\u00edpio. A celebra\u00e7\u00e3o tamb\u00e9m \u00e9 alusiva ao Dia do Colono e do Motorista. A vasta programa\u00e7\u00e3o inicia \u00e0s 9h30 deste domingo (21\/7), com a missa ministrada pelo padre Ant\u00f4nio Hochscheidt Becker na capela da comunidade. Em [&hellip;]<\/p>\n","protected":false},"author":8,"featured_media":163507,"comment_status":"open","ping_status":"open","sticky":false,"template":"","format":"standard","meta":{"pmpro_default_level":"","_jetpack_memberships_contains_paid_content":false,"footnotes":""},"categories":[2,6],"tags":[801,34,15616],"class_list":{"0":"post-163506","1":"post","2":"type-post","3":"status-publish","4":"format-standard","5":"has-post-thumbnail","7":"category-featured","8":"category-inclusive","9":"tag-fazenda-vilanova","10":"tag-imigrante","11":"tag-padroeiro-sao-cristovao","12":"pmpro-has-access"},"yoast_head":"<!-- This site is optimized with the Yoast SEO plugin v27.5 - https:\/\/yoast.com\/product\/yoast-seo-wordpress\/ -->\n<title>Munic\u00edpios promovem festas a S\u00e3o Crist\u00f3v\u00e3o - Folha Popular<\/title>\n<meta name=\"robots\" content=\"index, follow, max-snippet:-1, max-image-preview:large, max-video-preview:-1\" \/>\n<link rel=\"canonical\" href=\"https:\/\/folhapopular.info\/index.php\/2024\/07\/20\/municipios-promovem-festas-a-sao-cristovao\/\" \/>\n<meta property=\"og:locale\" content=\"pt_BR\" \/>\n<meta property=\"og:type\" content=\"article\" \/>\n<meta property=\"og:title\" content=\"Munic\u00edpios promovem festas a S\u00e3o Crist\u00f3v\u00e3o - Folha Popular\" \/>\n<meta property=\"og:description\" content=\"A Comunidade Cat\u00f3lica S\u00e3o Crist\u00f3v\u00e3o, de Fazenda Vilanova, realiza a 25\u00aa edi\u00e7\u00e3o da Festa de S\u00e3o Crist\u00f3v\u00e3o, padroeiro do munic\u00edpio. A celebra\u00e7\u00e3o tamb\u00e9m \u00e9 alusiva ao Dia do Colono e do Motorista. A vasta programa\u00e7\u00e3o inicia \u00e0s 9h30 deste domingo (21\/7), com a missa ministrada pelo padre Ant\u00f4nio Hochscheidt Becker na capela da comunidade. Em [&hellip;]\" \/>\n<meta property=\"og:url\" content=\"https:\/\/folhapopular.info\/index.php\/2024\/07\/20\/municipios-promovem-festas-a-sao-cristovao\/\" \/>\n<meta property=\"og:site_name\" content=\"Folha Popular\" \/>\n<meta property=\"article:published_time\" content=\"2024-07-20T18:00:00+00:00\" \/>\n<meta property=\"og:image\" content=\"https:\/\/folhapopular.info\/wp-content\/uploads\/2024\/07\/Sao-Cristovao-e-o-padroeiro-de-diversas-cidades-como-Fazenda-Vilanova-e-Imigrante_Edson-Luis-Schaeffer-scaled.jpg\" \/>\n\t<meta property=\"og:image:width\" content=\"2560\" \/>\n\t<meta property=\"og:image:height\" content=\"1707\" \/>\n\t<meta property=\"og:image:type\" content=\"image\/jpeg\" \/>\n<meta name=\"author\" content=\"Reda\u00e7\u00e3o Folha Popular\" \/>\n<meta name=\"twitter:card\" content=\"summary_large_image\" \/>\n<meta name=\"twitter:label1\" content=\"Escrito por\" \/>\n\t<meta name=\"twitter:data1\" content=\"Reda\u00e7\u00e3o Folha Popular\" \/>\n\t<meta name=\"twitter:label2\" content=\"Est. tempo de leitura\" \/>\n\t<meta name=\"twitter:data2\" content=\"3 minutos\" \/>\n<script type=\"application\/ld+json\" class=\"yoast-schema-graph\">{\"@context\":\"https:\\\/\\\/schema.org\",\"@graph\":[{\"@type\":\"Article\",\"@id\":\"https:\\\/\\\/folhapopular.info\\\/index.php\\\/2024\\\/07\\\/20\\\/municipios-promovem-festas-a-sao-cristovao\\\/#article\",\"isPartOf\":{\"@id\":\"https:\\\/\\\/folhapopular.info\\\/index.php\\\/2024\\\/07\\\/20\\\/municipios-promovem-festas-a-sao-cristovao\\\/\"},\"author\":{\"name\":\"Reda\u00e7\u00e3o Folha Popular\",\"@id\":\"https:\\\/\\\/folhapopular.info\\\/#\\\/schema\\\/person\\\/2814e8a0df7643585a9ca38bc6eb9d4b\"},\"headline\":\"Munic\u00edpios promovem festas a S\u00e3o Crist\u00f3v\u00e3o\",\"datePublished\":\"2024-07-20T18:00:00+00:00\",\"mainEntityOfPage\":{\"@id\":\"https:\\\/\\\/folhapopular.info\\\/index.php\\\/2024\\\/07\\\/20\\\/municipios-promovem-festas-a-sao-cristovao\\\/\"},\"wordCount\":482,\"commentCount\":0,\"image\":{\"@id\":\"https:\\\/\\\/folhapopular.info\\\/index.php\\\/2024\\\/07\\\/20\\\/municipios-promovem-festas-a-sao-cristovao\\\/#primaryimage\"},\"thumbnailUrl\":\"https:\\\/\\\/folhapopular.info\\\/wp-content\\\/uploads\\\/2024\\\/07\\\/Sao-Cristovao-e-o-padroeiro-de-diversas-cidades-como-Fazenda-Vilanova-e-Imigrante_Edson-Luis-Schaeffer-scaled.jpg\",\"keywords\":[\"Fazenda Vilanova\",\"Imigrante\",\"Padroeiro S\u00e3o Crist\u00f3v\u00e3o\"],\"articleSection\":[\"Destaques\",\"Inclusive\"],\"inLanguage\":\"pt-BR\",\"potentialAction\":[{\"@type\":\"CommentAction\",\"name\":\"Comment\",\"target\":[\"https:\\\/\\\/folhapopular.info\\\/index.php\\\/2024\\\/07\\\/20\\\/municipios-promovem-festas-a-sao-cristovao\\\/#respond\"]}]},{\"@type\":\"WebPage\",\"@id\":\"https:\\\/\\\/folhapopular.info\\\/index.php\\\/2024\\\/07\\\/20\\\/municipios-promovem-festas-a-sao-cristovao\\\/\",\"url\":\"https:\\\/\\\/folhapopular.info\\\/index.php\\\/2024\\\/07\\\/20\\\/municipios-promovem-festas-a-sao-cristovao\\\/\",\"name\":\"Munic\u00edpios promovem festas a S\u00e3o Crist\u00f3v\u00e3o - Folha Popular\",\"isPartOf\":{\"@id\":\"https:\\\/\\\/folhapopular.info\\\/#website\"},\"primaryImageOfPage\":{\"@id\":\"https:\\\/\\\/folhapopular.info\\\/index.php\\\/2024\\\/07\\\/20\\\/municipios-promovem-festas-a-sao-cristovao\\\/#primaryimage\"},\"image\":{\"@id\":\"https:\\\/\\\/folhapopular.info\\\/index.php\\\/2024\\\/07\\\/20\\\/municipios-promovem-festas-a-sao-cristovao\\\/#primaryimage\"},\"thumbnailUrl\":\"https:\\\/\\\/folhapopular.info\\\/wp-content\\\/uploads\\\/2024\\\/07\\\/Sao-Cristovao-e-o-padroeiro-de-diversas-cidades-como-Fazenda-Vilanova-e-Imigrante_Edson-Luis-Schaeffer-scaled.jpg\",\"datePublished\":\"2024-07-20T18:00:00+00:00\",\"author\":{\"@id\":\"https:\\\/\\\/folhapopular.info\\\/#\\\/schema\\\/person\\\/2814e8a0df7643585a9ca38bc6eb9d4b\"},\"breadcrumb\":{\"@id\":\"https:\\\/\\\/folhapopular.info\\\/index.php\\\/2024\\\/07\\\/20\\\/municipios-promovem-festas-a-sao-cristovao\\\/#breadcrumb\"},\"inLanguage\":\"pt-BR\",\"potentialAction\":[{\"@type\":\"ReadAction\",\"target\":[\"https:\\\/\\\/folhapopular.info\\\/index.php\\\/2024\\\/07\\\/20\\\/municipios-promovem-festas-a-sao-cristovao\\\/\"]}]},{\"@type\":\"ImageObject\",\"inLanguage\":\"pt-BR\",\"@id\":\"https:\\\/\\\/folhapopular.info\\\/index.php\\\/2024\\\/07\\\/20\\\/municipios-promovem-festas-a-sao-cristovao\\\/#primaryimage\",\"url\":\"https:\\\/\\\/folhapopular.info\\\/wp-content\\\/uploads\\\/2024\\\/07\\\/Sao-Cristovao-e-o-padroeiro-de-diversas-cidades-como-Fazenda-Vilanova-e-Imigrante_Edson-Luis-Schaeffer-scaled.jpg\",\"contentUrl\":\"https:\\\/\\\/folhapopular.info\\\/wp-content\\\/uploads\\\/2024\\\/07\\\/Sao-Cristovao-e-o-padroeiro-de-diversas-cidades-como-Fazenda-Vilanova-e-Imigrante_Edson-Luis-Schaeffer-scaled.jpg\",\"width\":2560,\"height\":1707,\"caption\":\"Cr\u00e9dito: Divulga\u00e7\u00e3o\"},{\"@type\":\"BreadcrumbList\",\"@id\":\"https:\\\/\\\/folhapopular.info\\\/index.php\\\/2024\\\/07\\\/20\\\/municipios-promovem-festas-a-sao-cristovao\\\/#breadcrumb\",\"itemListElement\":[{\"@type\":\"ListItem\",\"position\":1,\"name\":\"In\u00edcio\",\"item\":\"https:\\\/\\\/folhapopular.info\\\/\"},{\"@type\":\"ListItem\",\"position\":2,\"name\":\"Munic\u00edpios promovem festas a S\u00e3o Crist\u00f3v\u00e3o\"}]},{\"@type\":\"WebSite\",\"@id\":\"https:\\\/\\\/folhapopular.info\\\/#website\",\"url\":\"https:\\\/\\\/folhapopular.info\\\/\",\"name\":\"Folha Popular\",\"description\":\"Onde voc\u00ea tem vez e voz\",\"potentialAction\":[{\"@type\":\"SearchAction\",\"target\":{\"@type\":\"EntryPoint\",\"urlTemplate\":\"https:\\\/\\\/folhapopular.info\\\/?s={search_term_string}\"},\"query-input\":{\"@type\":\"PropertyValueSpecification\",\"valueRequired\":true,\"valueName\":\"search_term_string\"}}],\"inLanguage\":\"pt-BR\"},{\"@type\":\"Person\",\"@id\":\"https:\\\/\\\/folhapopular.info\\\/#\\\/schema\\\/person\\\/2814e8a0df7643585a9ca38bc6eb9d4b\",\"name\":\"Reda\u00e7\u00e3o Folha Popular\",\"image\":{\"@type\":\"ImageObject\",\"inLanguage\":\"pt-BR\",\"@id\":\"https:\\\/\\\/folhapopular.info\\\/wp-content\\\/uploads\\\/2026\\\/04\\\/Folha-1.webp\",\"url\":\"https:\\\/\\\/folhapopular.info\\\/wp-content\\\/uploads\\\/2026\\\/04\\\/Folha-1.webp\",\"contentUrl\":\"https:\\\/\\\/folhapopular.info\\\/wp-content\\\/uploads\\\/2026\\\/04\\\/Folha-1.webp\",\"caption\":\"Reda\u00e7\u00e3o Folha Popular\"},\"url\":\"https:\\\/\\\/folhapopular.info\\\/index.php\\\/author\\\/redacao\\\/\"}]}<\/script>\n<!-- \/ Yoast SEO plugin. -->","yoast_head_json":{"title":"Munic\u00edpios promovem festas a S\u00e3o Crist\u00f3v\u00e3o - Folha Popular","robots":{"index":"index","follow":"follow","max-snippet":"max-snippet:-1","max-image-preview":"max-image-preview:large","max-video-preview":"max-video-preview:-1"},"canonical":"https:\/\/folhapopular.info\/index.php\/2024\/07\/20\/municipios-promovem-festas-a-sao-cristovao\/","og_locale":"pt_BR","og_type":"article","og_title":"Munic\u00edpios promovem festas a S\u00e3o Crist\u00f3v\u00e3o - Folha Popular","og_description":"A Comunidade Cat\u00f3lica S\u00e3o Crist\u00f3v\u00e3o, de Fazenda Vilanova, realiza a 25\u00aa edi\u00e7\u00e3o da Festa de S\u00e3o Crist\u00f3v\u00e3o, padroeiro do munic\u00edpio. A celebra\u00e7\u00e3o tamb\u00e9m \u00e9 alusiva ao Dia do Colono e do Motorista. A vasta programa\u00e7\u00e3o inicia \u00e0s 9h30 deste domingo (21\/7), com a missa ministrada pelo padre Ant\u00f4nio Hochscheidt Becker na capela da comunidade. Em [&hellip;]","og_url":"https:\/\/folhapopular.info\/index.php\/2024\/07\/20\/municipios-promovem-festas-a-sao-cristovao\/","og_site_name":"Folha Popular","article_published_time":"2024-07-20T18:00:00+00:00","og_image":[{"width":2560,"height":1707,"url":"https:\/\/folhapopular.info\/wp-content\/uploads\/2024\/07\/Sao-Cristovao-e-o-padroeiro-de-diversas-cidades-como-Fazenda-Vilanova-e-Imigrante_Edson-Luis-Schaeffer-scaled.jpg","type":"image\/jpeg"}],"author":"Reda\u00e7\u00e3o Folha Popular","twitter_card":"summary_large_image","twitter_misc":{"Escrito por":"Reda\u00e7\u00e3o Folha Popular","Est. tempo de leitura":"3 minutos"},"schema":{"@context":"https:\/\/schema.org","@graph":[{"@type":"Article","@id":"https:\/\/folhapopular.info\/index.php\/2024\/07\/20\/municipios-promovem-festas-a-sao-cristovao\/#article","isPartOf":{"@id":"https:\/\/folhapopular.info\/index.php\/2024\/07\/20\/municipios-promovem-festas-a-sao-cristovao\/"},"author":{"name":"Reda\u00e7\u00e3o Folha Popular","@id":"https:\/\/folhapopular.info\/#\/schema\/person\/2814e8a0df7643585a9ca38bc6eb9d4b"},"headline":"Munic\u00edpios promovem festas a S\u00e3o Crist\u00f3v\u00e3o","datePublished":"2024-07-20T18:00:00+00:00","mainEntityOfPage":{"@id":"https:\/\/folhapopular.info\/index.php\/2024\/07\/20\/municipios-promovem-festas-a-sao-cristovao\/"},"wordCount":482,"commentCount":0,"image":{"@id":"https:\/\/folhapopular.info\/index.php\/2024\/07\/20\/municipios-promovem-festas-a-sao-cristovao\/#primaryimage"},"thumbnailUrl":"https:\/\/folhapopular.info\/wp-content\/uploads\/2024\/07\/Sao-Cristovao-e-o-padroeiro-de-diversas-cidades-como-Fazenda-Vilanova-e-Imigrante_Edson-Luis-Schaeffer-scaled.jpg","keywords":["Fazenda Vilanova","Imigrante","Padroeiro S\u00e3o Crist\u00f3v\u00e3o"],"articleSection":["Destaques","Inclusive"],"inLanguage":"pt-BR","potentialAction":[{"@type":"CommentAction","name":"Comment","target":["https:\/\/folhapopular.info\/index.php\/2024\/07\/20\/municipios-promovem-festas-a-sao-cristovao\/#respond"]}]},{"@type":"WebPage","@id":"https:\/\/folhapopular.info\/index.php\/2024\/07\/20\/municipios-promovem-festas-a-sao-cristovao\/","url":"https:\/\/folhapopular.info\/index.php\/2024\/07\/20\/municipios-promovem-festas-a-sao-cristovao\/","name":"Munic\u00edpios promovem festas a S\u00e3o Crist\u00f3v\u00e3o - Folha Popular","isPartOf":{"@id":"https:\/\/folhapopular.info\/#website"},"primaryImageOfPage":{"@id":"https:\/\/folhapopular.info\/index.php\/2024\/07\/20\/municipios-promovem-festas-a-sao-cristovao\/#primaryimage"},"image":{"@id":"https:\/\/folhapopular.info\/index.php\/2024\/07\/20\/municipios-promovem-festas-a-sao-cristovao\/#primaryimage"},"thumbnailUrl":"https:\/\/folhapopular.info\/wp-content\/uploads\/2024\/07\/Sao-Cristovao-e-o-padroeiro-de-diversas-cidades-como-Fazenda-Vilanova-e-Imigrante_Edson-Luis-Schaeffer-scaled.jpg","datePublished":"2024-07-20T18:00:00+00:00","author":{"@id":"https:\/\/folhapopular.info\/#\/schema\/person\/2814e8a0df7643585a9ca38bc6eb9d4b"},"breadcrumb":{"@id":"https:\/\/folhapopular.info\/index.php\/2024\/07\/20\/municipios-promovem-festas-a-sao-cristovao\/#breadcrumb"},"inLanguage":"pt-BR","potentialAction":[{"@type":"ReadAction","target":["https:\/\/folhapopular.info\/index.php\/2024\/07\/20\/municipios-promovem-festas-a-sao-cristovao\/"]}]},{"@type":"ImageObject","inLanguage":"pt-BR","@id":"https:\/\/folhapopular.info\/index.php\/2024\/07\/20\/municipios-promovem-festas-a-sao-cristovao\/#primaryimage","url":"https:\/\/folhapopular.info\/wp-content\/uploads\/2024\/07\/Sao-Cristovao-e-o-padroeiro-de-diversas-cidades-como-Fazenda-Vilanova-e-Imigrante_Edson-Luis-Schaeffer-scaled.jpg","contentUrl":"https:\/\/folhapopular.info\/wp-content\/uploads\/2024\/07\/Sao-Cristovao-e-o-padroeiro-de-diversas-cidades-como-Fazenda-Vilanova-e-Imigrante_Edson-Luis-Schaeffer-scaled.jpg","width":2560,"height":1707,"caption":"Cr\u00e9dito: Divulga\u00e7\u00e3o"},{"@type":"BreadcrumbList","@id":"https:\/\/folhapopular.info\/index.php\/2024\/07\/20\/municipios-promovem-festas-a-sao-cristovao\/#breadcrumb","itemListElement":[{"@type":"ListItem","position":1,"name":"In\u00edcio","item":"https:\/\/folhapopular.info\/"},{"@type":"ListItem","position":2,"name":"Munic\u00edpios promovem festas a S\u00e3o Crist\u00f3v\u00e3o"}]},{"@type":"WebSite","@id":"https:\/\/folhapopular.info\/#website","url":"https:\/\/folhapopular.info\/","name":"Folha Popular","description":"Onde voc\u00ea tem vez e voz","potentialAction":[{"@type":"SearchAction","target":{"@type":"EntryPoint","urlTemplate":"https:\/\/folhapopular.info\/?s={search_term_string}"},"query-input":{"@type":"PropertyValueSpecification","valueRequired":true,"valueName":"search_term_string"}}],"inLanguage":"pt-BR"},{"@type":"Person","@id":"https:\/\/folhapopular.info\/#\/schema\/person\/2814e8a0df7643585a9ca38bc6eb9d4b","name":"Reda\u00e7\u00e3o Folha Popular","image":{"@type":"ImageObject","inLanguage":"pt-BR","@id":"https:\/\/folhapopular.info\/wp-content\/uploads\/2026\/04\/Folha-1.webp","url":"https:\/\/folhapopular.info\/wp-content\/uploads\/2026\/04\/Folha-1.webp","contentUrl":"https:\/\/folhapopular.info\/wp-content\/uploads\/2026\/04\/Folha-1.webp","caption":"Reda\u00e7\u00e3o Folha Popular"},"url":"https:\/\/folhapopular.info\/index.php\/author\/redacao\/"}]}},"jetpack_featured_media_url":"https:\/\/folhapopular.info\/wp-content\/uploads\/2024\/07\/Sao-Cristovao-e-o-padroeiro-de-diversas-cidades-como-Fazenda-Vilanova-e-Imigrante_Edson-Luis-Schaeffer-scaled.jpg","jetpack_sharing_enabled":true,"amp_enabled":true,"_links":{"self":[{"href":"https:\/\/folhapopular.info\/index.php\/wp-json\/wp\/v2\/posts\/163506","targetHints":{"allow":["GET"]}}],"collection":[{"href":"https:\/\/folhapopular.info\/index.php\/wp-json\/wp\/v2\/posts"}],"about":[{"href":"https:\/\/folhapopular.info\/index.php\/wp-json\/wp\/v2\/types\/post"}],"author":[{"embeddable":true,"href":"https:\/\/folhapopular.info\/index.php\/wp-json\/wp\/v2\/users\/8"}],"replies":[{"embeddable":true,"href":"https:\/\/folhapopular.info\/index.php\/wp-json\/wp\/v2\/comments?post=163506"}],"version-history":[{"count":0,"href":"https:\/\/folhapopular.info\/index.php\/wp-json\/wp\/v2\/posts\/163506\/revisions"}],"wp:featuredmedia":[{"embeddable":true,"href":"https:\/\/folhapopular.info\/index.php\/wp-json\/wp\/v2\/media\/163507"}],"wp:attachment":[{"href":"https:\/\/folhapopular.info\/index.php\/wp-json\/wp\/v2\/media?parent=163506"}],"wp:term":[{"taxonomy":"category","embeddable":true,"href":"https:\/\/folhapopular.info\/index.php\/wp-json\/wp\/v2\/categories?post=163506"},{"taxonomy":"post_tag","embeddable":true,"href":"https:\/\/folhapopular.info\/index.php\/wp-json\/wp\/v2\/tags?post=163506"}],"curies":[{"name":"wp","href":"https:\/\/api.w.org\/{rel}","templated":true}]}}