{"id":163651,"date":"2024-07-22T08:08:16","date_gmt":"2024-07-22T11:08:16","guid":{"rendered":"https:\/\/folhapopular.info\/?p=163651"},"modified":"2024-07-22T08:08:19","modified_gmt":"2024-07-22T11:08:19","slug":"novo-plano-safra-para-2024-2025-e-tema-de-reunioes-no-vale-do-taquari","status":"publish","type":"post","link":"https:\/\/folhapopular.info\/index.php\/2024\/07\/22\/novo-plano-safra-para-2024-2025-e-tema-de-reunioes-no-vale-do-taquari\/","title":{"rendered":"Novo Plano Safra para 2024\/2025 \u00e9 tema de reuni\u00f5es no Vale do Taquari"},"content":{"rendered":"\n<p>Extensionistas da Emater\/RS-Ascar e operadores financeiros da Cooperativa Sicredi\u00a0de Encantado, Teut\u00f4nia e Lajeado realizaram diversas reuni\u00f5es nas \u00faltimas semanas para discutir\u00a0a aplica\u00e7\u00e3o de recursos do novo Plano Safra para o bi\u00eanio 2024\/2025. Os encontros visam alinhar as a\u00e7\u00f5es entre as institui\u00e7\u00f5es e qualificar a elabora\u00e7\u00e3o de projetos de cr\u00e9dito. Os extensionistas tamb\u00e9m destacaram o atendimento aos produtores que tiveram de acionar o seguro do Programa de Garantia da Atividade Agropecu\u00e1ria (Proagro), por conta da estiagem e pelo excesso de chuvas do \u00faltimo ano. <\/p>\n\n\n\n<p>Cada encontro possibilitou a apresenta\u00e7\u00e3o de novidades em termos de taxas de juros, inclus\u00e3o de novas modalidades, mudan\u00e7as em limites de financiamento, em tipos de enquadramentos e outros em variadas linhas como as do Programa Nacional de Fortalecimento da Agricultura Familiar (Pronaf) e do Programa Nacional de Apoio ao M\u00e9dio Produtor Rural (Pronamp).<\/p>\n\n\n\n<p>Uma das altera\u00e7\u00f5es \u00e9 o rebate de 30% na receita da bovinocultura de leite e o ajuste de al\u00edquotas e veda\u00e7\u00f5es no enquadramento do Proagro. O gerente regional da Emater\/RS-Ascar Cristiano Laste reafirmou a import\u00e2ncia de um projeto bem constru\u00eddo, especialmente frente \u00e0s dificuldades que as fam\u00edlias rurais t\u00eam enfrentado. \u201c\u00c9 uma a\u00e7\u00e3o conjunta que tem um poder transformador no que diz respeito \u00e0 continuidade das atividades rurais e da qualidade de vida das fam\u00edlias\u201d, finalizou.<\/p>\n\n\n\n<p><\/p>\n","protected":false},"excerpt":{"rendered":"<p>Extensionistas da Emater\/RS-Ascar e operadores financeiros da Cooperativa Sicredi\u00a0de Encantado, Teut\u00f4nia e Lajeado realizaram diversas reuni\u00f5es nas \u00faltimas semanas para discutir\u00a0a aplica\u00e7\u00e3o de recursos do novo Plano Safra para o bi\u00eanio 2024\/2025. Os encontros visam alinhar as a\u00e7\u00f5es entre as institui\u00e7\u00f5es e qualificar a elabora\u00e7\u00e3o de projetos de cr\u00e9dito. Os extensionistas tamb\u00e9m destacaram o atendimento [&hellip;]<\/p>\n","protected":false},"author":8,"featured_media":163652,"comment_status":"open","ping_status":"open","sticky":false,"template":"","format":"standard","meta":{"pmpro_default_level":"","_jetpack_memberships_contains_paid_content":false,"footnotes":""},"categories":[10991,10994],"tags":[173,3073,292],"class_list":{"0":"post-163651","1":"post","2":"type-post","3":"status-publish","4":"format-standard","5":"has-post-thumbnail","7":"category-economia","8":"category-rural","9":"tag-emater","10":"tag-plano-safra","11":"tag-sicredi","12":"pmpro-has-access"},"yoast_head":"<!-- This site is optimized with the Yoast SEO plugin v27.5 - https:\/\/yoast.com\/product\/yoast-seo-wordpress\/ -->\n<title>Novo Plano Safra para 2024\/2025 \u00e9 tema de reuni\u00f5es no Vale do Taquari - Folha Popular<\/title>\n<meta name=\"robots\" content=\"index, follow, max-snippet:-1, max-image-preview:large, max-video-preview:-1\" \/>\n<link rel=\"canonical\" href=\"https:\/\/folhapopular.info\/index.php\/2024\/07\/22\/novo-plano-safra-para-2024-2025-e-tema-de-reunioes-no-vale-do-taquari\/\" \/>\n<meta property=\"og:locale\" content=\"pt_BR\" \/>\n<meta property=\"og:type\" content=\"article\" \/>\n<meta property=\"og:title\" content=\"Novo Plano Safra para 2024\/2025 \u00e9 tema de reuni\u00f5es no Vale do Taquari - Folha Popular\" \/>\n<meta property=\"og:description\" content=\"Extensionistas da Emater\/RS-Ascar e operadores financeiros da Cooperativa Sicredi\u00a0de Encantado, Teut\u00f4nia e Lajeado realizaram diversas reuni\u00f5es nas \u00faltimas semanas para discutir\u00a0a aplica\u00e7\u00e3o de recursos do novo Plano Safra para o bi\u00eanio 2024\/2025. Os encontros visam alinhar as a\u00e7\u00f5es entre as institui\u00e7\u00f5es e qualificar a elabora\u00e7\u00e3o de projetos de cr\u00e9dito. Os extensionistas tamb\u00e9m destacaram o atendimento [&hellip;]\" \/>\n<meta property=\"og:url\" content=\"https:\/\/folhapopular.info\/index.php\/2024\/07\/22\/novo-plano-safra-para-2024-2025-e-tema-de-reunioes-no-vale-do-taquari\/\" \/>\n<meta property=\"og:site_name\" content=\"Folha Popular\" \/>\n<meta property=\"article:published_time\" content=\"2024-07-22T11:08:16+00:00\" \/>\n<meta property=\"article:modified_time\" content=\"2024-07-22T11:08:19+00:00\" \/>\n<meta property=\"og:image\" content=\"http:\/\/folhapopular.info\/wp-content\/uploads\/2024\/07\/reunioes_plano_safra_vale_taquari-1-scaled.jpg\" \/>\n\t<meta property=\"og:image:width\" content=\"2560\" \/>\n\t<meta property=\"og:image:height\" content=\"1706\" \/>\n\t<meta property=\"og:image:type\" content=\"image\/jpeg\" \/>\n<meta name=\"author\" content=\"Reda\u00e7\u00e3o Folha Popular\" \/>\n<meta name=\"twitter:card\" content=\"summary_large_image\" \/>\n<meta name=\"twitter:label1\" content=\"Escrito por\" \/>\n\t<meta name=\"twitter:data1\" content=\"Reda\u00e7\u00e3o Folha Popular\" \/>\n\t<meta name=\"twitter:label2\" content=\"Est. tempo de leitura\" \/>\n\t<meta name=\"twitter:data2\" content=\"2 minutos\" \/>\n<script type=\"application\/ld+json\" class=\"yoast-schema-graph\">{\"@context\":\"https:\\\/\\\/schema.org\",\"@graph\":[{\"@type\":\"Article\",\"@id\":\"https:\\\/\\\/folhapopular.info\\\/index.php\\\/2024\\\/07\\\/22\\\/novo-plano-safra-para-2024-2025-e-tema-de-reunioes-no-vale-do-taquari\\\/#article\",\"isPartOf\":{\"@id\":\"https:\\\/\\\/folhapopular.info\\\/index.php\\\/2024\\\/07\\\/22\\\/novo-plano-safra-para-2024-2025-e-tema-de-reunioes-no-vale-do-taquari\\\/\"},\"author\":{\"name\":\"Reda\u00e7\u00e3o Folha Popular\",\"@id\":\"https:\\\/\\\/folhapopular.info\\\/#\\\/schema\\\/person\\\/2814e8a0df7643585a9ca38bc6eb9d4b\"},\"headline\":\"Novo Plano Safra para 2024\\\/2025 \u00e9 tema de reuni\u00f5es no Vale do Taquari\",\"datePublished\":\"2024-07-22T11:08:16+00:00\",\"dateModified\":\"2024-07-22T11:08:19+00:00\",\"mainEntityOfPage\":{\"@id\":\"https:\\\/\\\/folhapopular.info\\\/index.php\\\/2024\\\/07\\\/22\\\/novo-plano-safra-para-2024-2025-e-tema-de-reunioes-no-vale-do-taquari\\\/\"},\"wordCount\":246,\"commentCount\":0,\"image\":{\"@id\":\"https:\\\/\\\/folhapopular.info\\\/index.php\\\/2024\\\/07\\\/22\\\/novo-plano-safra-para-2024-2025-e-tema-de-reunioes-no-vale-do-taquari\\\/#primaryimage\"},\"thumbnailUrl\":\"https:\\\/\\\/folhapopular.info\\\/wp-content\\\/uploads\\\/2024\\\/07\\\/reunioes_plano_safra_vale_taquari-1-scaled.jpg\",\"keywords\":[\"Emater\",\"Plano Safra\",\"Sicredi\"],\"articleSection\":[\"Economia\",\"Rural\"],\"inLanguage\":\"pt-BR\",\"potentialAction\":[{\"@type\":\"CommentAction\",\"name\":\"Comment\",\"target\":[\"https:\\\/\\\/folhapopular.info\\\/index.php\\\/2024\\\/07\\\/22\\\/novo-plano-safra-para-2024-2025-e-tema-de-reunioes-no-vale-do-taquari\\\/#respond\"]}]},{\"@type\":\"WebPage\",\"@id\":\"https:\\\/\\\/folhapopular.info\\\/index.php\\\/2024\\\/07\\\/22\\\/novo-plano-safra-para-2024-2025-e-tema-de-reunioes-no-vale-do-taquari\\\/\",\"url\":\"https:\\\/\\\/folhapopular.info\\\/index.php\\\/2024\\\/07\\\/22\\\/novo-plano-safra-para-2024-2025-e-tema-de-reunioes-no-vale-do-taquari\\\/\",\"name\":\"Novo Plano Safra para 2024\\\/2025 \u00e9 tema de reuni\u00f5es no Vale do Taquari - Folha Popular\",\"isPartOf\":{\"@id\":\"https:\\\/\\\/folhapopular.info\\\/#website\"},\"primaryImageOfPage\":{\"@id\":\"https:\\\/\\\/folhapopular.info\\\/index.php\\\/2024\\\/07\\\/22\\\/novo-plano-safra-para-2024-2025-e-tema-de-reunioes-no-vale-do-taquari\\\/#primaryimage\"},\"image\":{\"@id\":\"https:\\\/\\\/folhapopular.info\\\/index.php\\\/2024\\\/07\\\/22\\\/novo-plano-safra-para-2024-2025-e-tema-de-reunioes-no-vale-do-taquari\\\/#primaryimage\"},\"thumbnailUrl\":\"https:\\\/\\\/folhapopular.info\\\/wp-content\\\/uploads\\\/2024\\\/07\\\/reunioes_plano_safra_vale_taquari-1-scaled.jpg\",\"datePublished\":\"2024-07-22T11:08:16+00:00\",\"dateModified\":\"2024-07-22T11:08:19+00:00\",\"author\":{\"@id\":\"https:\\\/\\\/folhapopular.info\\\/#\\\/schema\\\/person\\\/2814e8a0df7643585a9ca38bc6eb9d4b\"},\"breadcrumb\":{\"@id\":\"https:\\\/\\\/folhapopular.info\\\/index.php\\\/2024\\\/07\\\/22\\\/novo-plano-safra-para-2024-2025-e-tema-de-reunioes-no-vale-do-taquari\\\/#breadcrumb\"},\"inLanguage\":\"pt-BR\",\"potentialAction\":[{\"@type\":\"ReadAction\",\"target\":[\"https:\\\/\\\/folhapopular.info\\\/index.php\\\/2024\\\/07\\\/22\\\/novo-plano-safra-para-2024-2025-e-tema-de-reunioes-no-vale-do-taquari\\\/\"]}]},{\"@type\":\"ImageObject\",\"inLanguage\":\"pt-BR\",\"@id\":\"https:\\\/\\\/folhapopular.info\\\/index.php\\\/2024\\\/07\\\/22\\\/novo-plano-safra-para-2024-2025-e-tema-de-reunioes-no-vale-do-taquari\\\/#primaryimage\",\"url\":\"https:\\\/\\\/folhapopular.info\\\/wp-content\\\/uploads\\\/2024\\\/07\\\/reunioes_plano_safra_vale_taquari-1-scaled.jpg\",\"contentUrl\":\"https:\\\/\\\/folhapopular.info\\\/wp-content\\\/uploads\\\/2024\\\/07\\\/reunioes_plano_safra_vale_taquari-1-scaled.jpg\",\"width\":2560,\"height\":1706,\"caption\":\"Cr\u00e9dito: Divulga\u00e7\u00e3o\"},{\"@type\":\"BreadcrumbList\",\"@id\":\"https:\\\/\\\/folhapopular.info\\\/index.php\\\/2024\\\/07\\\/22\\\/novo-plano-safra-para-2024-2025-e-tema-de-reunioes-no-vale-do-taquari\\\/#breadcrumb\",\"itemListElement\":[{\"@type\":\"ListItem\",\"position\":1,\"name\":\"In\u00edcio\",\"item\":\"https:\\\/\\\/folhapopular.info\\\/\"},{\"@type\":\"ListItem\",\"position\":2,\"name\":\"Novo Plano Safra para 2024\\\/2025 \u00e9 tema de reuni\u00f5es no Vale do Taquari\"}]},{\"@type\":\"WebSite\",\"@id\":\"https:\\\/\\\/folhapopular.info\\\/#website\",\"url\":\"https:\\\/\\\/folhapopular.info\\\/\",\"name\":\"Folha Popular\",\"description\":\"Onde voc\u00ea tem vez e voz\",\"potentialAction\":[{\"@type\":\"SearchAction\",\"target\":{\"@type\":\"EntryPoint\",\"urlTemplate\":\"https:\\\/\\\/folhapopular.info\\\/?s={search_term_string}\"},\"query-input\":{\"@type\":\"PropertyValueSpecification\",\"valueRequired\":true,\"valueName\":\"search_term_string\"}}],\"inLanguage\":\"pt-BR\"},{\"@type\":\"Person\",\"@id\":\"https:\\\/\\\/folhapopular.info\\\/#\\\/schema\\\/person\\\/2814e8a0df7643585a9ca38bc6eb9d4b\",\"name\":\"Reda\u00e7\u00e3o Folha Popular\",\"image\":{\"@type\":\"ImageObject\",\"inLanguage\":\"pt-BR\",\"@id\":\"https:\\\/\\\/folhapopular.info\\\/wp-content\\\/uploads\\\/2026\\\/04\\\/Folha-1.webp\",\"url\":\"https:\\\/\\\/folhapopular.info\\\/wp-content\\\/uploads\\\/2026\\\/04\\\/Folha-1.webp\",\"contentUrl\":\"https:\\\/\\\/folhapopular.info\\\/wp-content\\\/uploads\\\/2026\\\/04\\\/Folha-1.webp\",\"caption\":\"Reda\u00e7\u00e3o Folha Popular\"},\"url\":\"https:\\\/\\\/folhapopular.info\\\/index.php\\\/author\\\/redacao\\\/\"}]}<\/script>\n<!-- \/ Yoast SEO plugin. -->","yoast_head_json":{"title":"Novo Plano Safra para 2024\/2025 \u00e9 tema de reuni\u00f5es no Vale do Taquari - Folha Popular","robots":{"index":"index","follow":"follow","max-snippet":"max-snippet:-1","max-image-preview":"max-image-preview:large","max-video-preview":"max-video-preview:-1"},"canonical":"https:\/\/folhapopular.info\/index.php\/2024\/07\/22\/novo-plano-safra-para-2024-2025-e-tema-de-reunioes-no-vale-do-taquari\/","og_locale":"pt_BR","og_type":"article","og_title":"Novo Plano Safra para 2024\/2025 \u00e9 tema de reuni\u00f5es no Vale do Taquari - Folha Popular","og_description":"Extensionistas da Emater\/RS-Ascar e operadores financeiros da Cooperativa Sicredi\u00a0de Encantado, Teut\u00f4nia e Lajeado realizaram diversas reuni\u00f5es nas \u00faltimas semanas para discutir\u00a0a aplica\u00e7\u00e3o de recursos do novo Plano Safra para o bi\u00eanio 2024\/2025. Os encontros visam alinhar as a\u00e7\u00f5es entre as institui\u00e7\u00f5es e qualificar a elabora\u00e7\u00e3o de projetos de cr\u00e9dito. Os extensionistas tamb\u00e9m destacaram o atendimento [&hellip;]","og_url":"https:\/\/folhapopular.info\/index.php\/2024\/07\/22\/novo-plano-safra-para-2024-2025-e-tema-de-reunioes-no-vale-do-taquari\/","og_site_name":"Folha Popular","article_published_time":"2024-07-22T11:08:16+00:00","article_modified_time":"2024-07-22T11:08:19+00:00","og_image":[{"width":2560,"height":1706,"url":"http:\/\/folhapopular.info\/wp-content\/uploads\/2024\/07\/reunioes_plano_safra_vale_taquari-1-scaled.jpg","type":"image\/jpeg"}],"author":"Reda\u00e7\u00e3o Folha Popular","twitter_card":"summary_large_image","twitter_misc":{"Escrito por":"Reda\u00e7\u00e3o Folha Popular","Est. tempo de leitura":"2 minutos"},"schema":{"@context":"https:\/\/schema.org","@graph":[{"@type":"Article","@id":"https:\/\/folhapopular.info\/index.php\/2024\/07\/22\/novo-plano-safra-para-2024-2025-e-tema-de-reunioes-no-vale-do-taquari\/#article","isPartOf":{"@id":"https:\/\/folhapopular.info\/index.php\/2024\/07\/22\/novo-plano-safra-para-2024-2025-e-tema-de-reunioes-no-vale-do-taquari\/"},"author":{"name":"Reda\u00e7\u00e3o Folha Popular","@id":"https:\/\/folhapopular.info\/#\/schema\/person\/2814e8a0df7643585a9ca38bc6eb9d4b"},"headline":"Novo Plano Safra para 2024\/2025 \u00e9 tema de reuni\u00f5es no Vale do Taquari","datePublished":"2024-07-22T11:08:16+00:00","dateModified":"2024-07-22T11:08:19+00:00","mainEntityOfPage":{"@id":"https:\/\/folhapopular.info\/index.php\/2024\/07\/22\/novo-plano-safra-para-2024-2025-e-tema-de-reunioes-no-vale-do-taquari\/"},"wordCount":246,"commentCount":0,"image":{"@id":"https:\/\/folhapopular.info\/index.php\/2024\/07\/22\/novo-plano-safra-para-2024-2025-e-tema-de-reunioes-no-vale-do-taquari\/#primaryimage"},"thumbnailUrl":"https:\/\/folhapopular.info\/wp-content\/uploads\/2024\/07\/reunioes_plano_safra_vale_taquari-1-scaled.jpg","keywords":["Emater","Plano Safra","Sicredi"],"articleSection":["Economia","Rural"],"inLanguage":"pt-BR","potentialAction":[{"@type":"CommentAction","name":"Comment","target":["https:\/\/folhapopular.info\/index.php\/2024\/07\/22\/novo-plano-safra-para-2024-2025-e-tema-de-reunioes-no-vale-do-taquari\/#respond"]}]},{"@type":"WebPage","@id":"https:\/\/folhapopular.info\/index.php\/2024\/07\/22\/novo-plano-safra-para-2024-2025-e-tema-de-reunioes-no-vale-do-taquari\/","url":"https:\/\/folhapopular.info\/index.php\/2024\/07\/22\/novo-plano-safra-para-2024-2025-e-tema-de-reunioes-no-vale-do-taquari\/","name":"Novo Plano Safra para 2024\/2025 \u00e9 tema de reuni\u00f5es no Vale do Taquari - Folha Popular","isPartOf":{"@id":"https:\/\/folhapopular.info\/#website"},"primaryImageOfPage":{"@id":"https:\/\/folhapopular.info\/index.php\/2024\/07\/22\/novo-plano-safra-para-2024-2025-e-tema-de-reunioes-no-vale-do-taquari\/#primaryimage"},"image":{"@id":"https:\/\/folhapopular.info\/index.php\/2024\/07\/22\/novo-plano-safra-para-2024-2025-e-tema-de-reunioes-no-vale-do-taquari\/#primaryimage"},"thumbnailUrl":"https:\/\/folhapopular.info\/wp-content\/uploads\/2024\/07\/reunioes_plano_safra_vale_taquari-1-scaled.jpg","datePublished":"2024-07-22T11:08:16+00:00","dateModified":"2024-07-22T11:08:19+00:00","author":{"@id":"https:\/\/folhapopular.info\/#\/schema\/person\/2814e8a0df7643585a9ca38bc6eb9d4b"},"breadcrumb":{"@id":"https:\/\/folhapopular.info\/index.php\/2024\/07\/22\/novo-plano-safra-para-2024-2025-e-tema-de-reunioes-no-vale-do-taquari\/#breadcrumb"},"inLanguage":"pt-BR","potentialAction":[{"@type":"ReadAction","target":["https:\/\/folhapopular.info\/index.php\/2024\/07\/22\/novo-plano-safra-para-2024-2025-e-tema-de-reunioes-no-vale-do-taquari\/"]}]},{"@type":"ImageObject","inLanguage":"pt-BR","@id":"https:\/\/folhapopular.info\/index.php\/2024\/07\/22\/novo-plano-safra-para-2024-2025-e-tema-de-reunioes-no-vale-do-taquari\/#primaryimage","url":"https:\/\/folhapopular.info\/wp-content\/uploads\/2024\/07\/reunioes_plano_safra_vale_taquari-1-scaled.jpg","contentUrl":"https:\/\/folhapopular.info\/wp-content\/uploads\/2024\/07\/reunioes_plano_safra_vale_taquari-1-scaled.jpg","width":2560,"height":1706,"caption":"Cr\u00e9dito: Divulga\u00e7\u00e3o"},{"@type":"BreadcrumbList","@id":"https:\/\/folhapopular.info\/index.php\/2024\/07\/22\/novo-plano-safra-para-2024-2025-e-tema-de-reunioes-no-vale-do-taquari\/#breadcrumb","itemListElement":[{"@type":"ListItem","position":1,"name":"In\u00edcio","item":"https:\/\/folhapopular.info\/"},{"@type":"ListItem","position":2,"name":"Novo Plano Safra para 2024\/2025 \u00e9 tema de reuni\u00f5es no Vale do Taquari"}]},{"@type":"WebSite","@id":"https:\/\/folhapopular.info\/#website","url":"https:\/\/folhapopular.info\/","name":"Folha Popular","description":"Onde voc\u00ea tem vez e voz","potentialAction":[{"@type":"SearchAction","target":{"@type":"EntryPoint","urlTemplate":"https:\/\/folhapopular.info\/?s={search_term_string}"},"query-input":{"@type":"PropertyValueSpecification","valueRequired":true,"valueName":"search_term_string"}}],"inLanguage":"pt-BR"},{"@type":"Person","@id":"https:\/\/folhapopular.info\/#\/schema\/person\/2814e8a0df7643585a9ca38bc6eb9d4b","name":"Reda\u00e7\u00e3o Folha Popular","image":{"@type":"ImageObject","inLanguage":"pt-BR","@id":"https:\/\/folhapopular.info\/wp-content\/uploads\/2026\/04\/Folha-1.webp","url":"https:\/\/folhapopular.info\/wp-content\/uploads\/2026\/04\/Folha-1.webp","contentUrl":"https:\/\/folhapopular.info\/wp-content\/uploads\/2026\/04\/Folha-1.webp","caption":"Reda\u00e7\u00e3o Folha Popular"},"url":"https:\/\/folhapopular.info\/index.php\/author\/redacao\/"}]}},"jetpack_featured_media_url":"https:\/\/folhapopular.info\/wp-content\/uploads\/2024\/07\/reunioes_plano_safra_vale_taquari-1-scaled.jpg","jetpack_sharing_enabled":true,"amp_enabled":true,"_links":{"self":[{"href":"https:\/\/folhapopular.info\/index.php\/wp-json\/wp\/v2\/posts\/163651","targetHints":{"allow":["GET"]}}],"collection":[{"href":"https:\/\/folhapopular.info\/index.php\/wp-json\/wp\/v2\/posts"}],"about":[{"href":"https:\/\/folhapopular.info\/index.php\/wp-json\/wp\/v2\/types\/post"}],"author":[{"embeddable":true,"href":"https:\/\/folhapopular.info\/index.php\/wp-json\/wp\/v2\/users\/8"}],"replies":[{"embeddable":true,"href":"https:\/\/folhapopular.info\/index.php\/wp-json\/wp\/v2\/comments?post=163651"}],"version-history":[{"count":0,"href":"https:\/\/folhapopular.info\/index.php\/wp-json\/wp\/v2\/posts\/163651\/revisions"}],"wp:featuredmedia":[{"embeddable":true,"href":"https:\/\/folhapopular.info\/index.php\/wp-json\/wp\/v2\/media\/163652"}],"wp:attachment":[{"href":"https:\/\/folhapopular.info\/index.php\/wp-json\/wp\/v2\/media?parent=163651"}],"wp:term":[{"taxonomy":"category","embeddable":true,"href":"https:\/\/folhapopular.info\/index.php\/wp-json\/wp\/v2\/categories?post=163651"},{"taxonomy":"post_tag","embeddable":true,"href":"https:\/\/folhapopular.info\/index.php\/wp-json\/wp\/v2\/tags?post=163651"}],"curies":[{"name":"wp","href":"https:\/\/api.w.org\/{rel}","templated":true}]}}