{"id":163986,"date":"2024-07-25T17:12:58","date_gmt":"2024-07-25T20:12:58","guid":{"rendered":"https:\/\/folhapopular.info\/?p=163986"},"modified":"2024-07-25T17:21:16","modified_gmt":"2024-07-25T20:21:16","slug":"bolsonaro-em-teutonia-escolher-com-a-razao-e-nao-com-a-emocao","status":"publish","type":"post","link":"https:\/\/folhapopular.info\/index.php\/2024\/07\/25\/bolsonaro-em-teutonia-escolher-com-a-razao-e-nao-com-a-emocao\/","title":{"rendered":"Bolsonaro em Teut\u00f4nia: &#8220;escolher com a raz\u00e3o e n\u00e3o com a emo\u00e7\u00e3o&#8221;"},"content":{"rendered":"\n<p>O ex-presidente da Rep\u00fablica, Jair Bolsonaro (PL), foi recebido em Teut\u00f4nia por volta das 15h30 desta quinta-feira (25\/7), no Km 53 da RSC-453 (Rota do Sol), no p\u00e1tio da Abastecedora Teut\u00f4nia &#8211; Posto Rota do Sol. Ele aproveitou o deslocamento de Caxias do Sul para Santa Cruz do Sul para fazer uma parada r\u00e1pida de cerca de meia hora em Teut\u00f4nia.<\/p>\n\n\n\n<p>Ele agradeceu o convite e destacou o fato do Estado estar se recuperando da trag\u00e9dia. &#8220;O povo ga\u00facho \u00e9 valente, \u00e9 resiliente e vai vencer esta cat\u00e1strofe que abalou a todos no Brasil&#8221;, destacou. &#8220;Agrade\u00e7o a oportunidade desta parada r\u00e1pida, j\u00e1 que a Aline convidou, a gente tem que parar&#8221;, comentou.<\/p>\n\n\n\n<p>Neste per\u00edodo eleitoral, pediu a todos para &#8220;escolher com a raz\u00e3o e n\u00e3o com a emo\u00e7\u00e3o ou com o cora\u00e7\u00e3o, afinal o ber\u00e7o dos pol\u00edticos come\u00e7a nas C\u00e2maras de Vereadores&#8221;. Bolsonaro destacou aos pr\u00e9-candidatos a vereador para lograrem sucesso no pleito e para os gestores escolherem secret\u00e1rios n\u00e3o com cora\u00e7\u00e3o nem com emo\u00e7\u00e3o. &#8220;Com certeza, vencer\u00e3o os obst\u00e1culos e proporcionar\u00e3o uma administra\u00e7\u00e3o bem diferente e melhor do que voc\u00eas tiveram at\u00e9 aqui. Boa sorte a todos pr\u00e9-candidatos&#8221;, pondera.<\/p>\n\n\n\n<p>Tamb\u00e9m intensificou a &#8220;esperan\u00e7a de fazer o Brasil voltar \u00e0 normalidade. Infelizmente, quem est\u00e1 s\u00f3 fala em criar imposto. Em breve, o Brasil voltar\u00e1 a ter governo de direita e conservador, para o bem do nosso pa\u00eds&#8221;.<\/p>\n\n\n\n<p>A passagem por Teut\u00f4nia faz parte do roteiro de Bolsonaro iniciado na quarta-feira pelo Rio Grande do Sul. Ele passar\u00e1 por cidades ga\u00fachas para apoiar filiados ao PL nas conven\u00e7\u00f5es de escolha dos candidatos para as elei\u00e7\u00f5es municipais.<\/p>\n\n\n\n<p>L\u00edderes do PL e simpatizantes vieram de diferentes cidades da regi\u00e3o para prestigiar o ex-presidente em Teut\u00f4nia.<\/p>\n\n\n\n<p>Ele deve permanecer no estado at\u00e9 sexta-feira (26\/7) ou s\u00e1bado (27\/7), em busca de oficializar candidaturas do PL para a elei\u00e7\u00e3o em outubro. No roteiro, al\u00e9m da capital Porto Alegre, tamb\u00e9m est\u00e3o Canoas, S\u00e3o Leopoldo, Santa Cruz do Sul e Caxias do Sul. H\u00e1 paradas em cidades menores, como ocorreu em Teut\u00f4nia.<\/p>\n\n\n\n<h2 class=\"wp-block-heading\"><strong>No meio do povo<\/strong><\/h2>\n\n\n\n<p>Bolsonaro desembarcou do carro e saiu cumprimentando eleitores que o aguardavam nas imedia\u00e7\u00f5es. V\u00e1rias pessoas cercaram o ex-presidente para coletar aut\u00f3grafos, tirar fotos, entregar presentes, conversar brevemente ou at\u00e9 cumpriment\u00e1-lo. A emo\u00e7\u00e3o de alguns era vis\u00edvel por estarem t\u00e3o pr\u00f3ximos dele. Ap\u00f3s as falas, Bolsonaro desceu, cumprimentou mais alguns apoiadores, tirou fotos e saiu com a comitiva para o pr\u00f3ximo ponto do roteiro.<\/p>\n\n\n\n<div class=\"wp-block-jetpack-slideshow aligncenter\" data-effect=\"slide\"><div class=\"wp-block-jetpack-slideshow_container swiper-container\"><ul class=\"wp-block-jetpack-slideshow_swiper-wrapper swiper-wrapper\"><li class=\"wp-block-jetpack-slideshow_slide swiper-slide\"><figure><img loading=\"lazy\" decoding=\"async\" width=\"934\" height=\"1024\" alt=\"\" class=\"wp-block-jetpack-slideshow_image wp-image-163996\" data-id=\"163996\" src=\"https:\/\/folhapopular.info\/wp-content\/uploads\/2024\/07\/WhatsApp-Image-2024-07-25-at-16.28.58-934x1024.jpeg\" srcset=\"https:\/\/folhapopular.info\/wp-content\/uploads\/2024\/07\/WhatsApp-Image-2024-07-25-at-16.28.58-934x1024.jpeg 934w, https:\/\/folhapopular.info\/wp-content\/uploads\/2024\/07\/WhatsApp-Image-2024-07-25-at-16.28.58-274x300.jpeg 274w, https:\/\/folhapopular.info\/wp-content\/uploads\/2024\/07\/WhatsApp-Image-2024-07-25-at-16.28.58-768x842.jpeg 768w, https:\/\/folhapopular.info\/wp-content\/uploads\/2024\/07\/WhatsApp-Image-2024-07-25-at-16.28.58-383x420.jpeg 383w, https:\/\/folhapopular.info\/wp-content\/uploads\/2024\/07\/WhatsApp-Image-2024-07-25-at-16.28.58-696x763.jpeg 696w, https:\/\/folhapopular.info\/wp-content\/uploads\/2024\/07\/WhatsApp-Image-2024-07-25-at-16.28.58-1068x1170.jpeg 1068w, https:\/\/folhapopular.info\/wp-content\/uploads\/2024\/07\/WhatsApp-Image-2024-07-25-at-16.28.58.jpeg 1168w\" sizes=\"(max-width: 934px) 100vw, 934px\" \/><figcaption class=\"wp-block-jetpack-slideshow_caption gallery-caption\">Chegada foi aguardada e eleitores fizeram quest\u00e3o de cumprimentar Bolsonaro \/\/ Cr\u00e9dito: Reprodu\u00e7\u00e3o Grupo Popular<\/figcaption><\/figure><\/li><li class=\"wp-block-jetpack-slideshow_slide swiper-slide\"><figure><img loading=\"lazy\" decoding=\"async\" width=\"1024\" height=\"762\" alt=\"\" class=\"wp-block-jetpack-slideshow_image wp-image-163995\" data-id=\"163995\" src=\"https:\/\/folhapopular.info\/wp-content\/uploads\/2024\/07\/WhatsApp-Image-2024-07-25-at-16.34.23-1024x762.jpeg\" srcset=\"https:\/\/folhapopular.info\/wp-content\/uploads\/2024\/07\/WhatsApp-Image-2024-07-25-at-16.34.23-1024x762.jpeg 1024w, https:\/\/folhapopular.info\/wp-content\/uploads\/2024\/07\/WhatsApp-Image-2024-07-25-at-16.34.23-300x223.jpeg 300w, https:\/\/folhapopular.info\/wp-content\/uploads\/2024\/07\/WhatsApp-Image-2024-07-25-at-16.34.23-768x572.jpeg 768w, https:\/\/folhapopular.info\/wp-content\/uploads\/2024\/07\/WhatsApp-Image-2024-07-25-at-16.34.23-564x420.jpeg 564w, https:\/\/folhapopular.info\/wp-content\/uploads\/2024\/07\/WhatsApp-Image-2024-07-25-at-16.34.23-80x60.jpeg 80w, https:\/\/folhapopular.info\/wp-content\/uploads\/2024\/07\/WhatsApp-Image-2024-07-25-at-16.34.23-485x360.jpeg 485w, https:\/\/folhapopular.info\/wp-content\/uploads\/2024\/07\/WhatsApp-Image-2024-07-25-at-16.34.23-696x518.jpeg 696w, https:\/\/folhapopular.info\/wp-content\/uploads\/2024\/07\/WhatsApp-Image-2024-07-25-at-16.34.23-1068x795.jpeg 1068w, https:\/\/folhapopular.info\/wp-content\/uploads\/2024\/07\/WhatsApp-Image-2024-07-25-at-16.34.23.jpeg 1170w\" sizes=\"(max-width: 1024px) 100vw, 1024px\" \/><figcaption class=\"wp-block-jetpack-slideshow_caption gallery-caption\">Chegada foi aguardada e eleitores fizeram quest\u00e3o de cumprimentar Bolsonaro \/\/ Cr\u00e9dito: Reprodu\u00e7\u00e3o Grupo Popular<\/figcaption><\/figure><\/li><li class=\"wp-block-jetpack-slideshow_slide swiper-slide\"><figure><img loading=\"lazy\" decoding=\"async\" width=\"1024\" height=\"421\" alt=\"\" class=\"wp-block-jetpack-slideshow_image wp-image-163994\" data-id=\"163994\" src=\"https:\/\/folhapopular.info\/wp-content\/uploads\/2024\/07\/WhatsApp-Image-2024-07-25-at-16.35.16-1024x421.jpeg\" srcset=\"https:\/\/folhapopular.info\/wp-content\/uploads\/2024\/07\/WhatsApp-Image-2024-07-25-at-16.35.16-1024x421.jpeg 1024w, https:\/\/folhapopular.info\/wp-content\/uploads\/2024\/07\/WhatsApp-Image-2024-07-25-at-16.35.16-300x123.jpeg 300w, https:\/\/folhapopular.info\/wp-content\/uploads\/2024\/07\/WhatsApp-Image-2024-07-25-at-16.35.16-768x316.jpeg 768w, https:\/\/folhapopular.info\/wp-content\/uploads\/2024\/07\/WhatsApp-Image-2024-07-25-at-16.35.16-1022x420.jpeg 1022w, https:\/\/folhapopular.info\/wp-content\/uploads\/2024\/07\/WhatsApp-Image-2024-07-25-at-16.35.16-696x286.jpeg 696w, https:\/\/folhapopular.info\/wp-content\/uploads\/2024\/07\/WhatsApp-Image-2024-07-25-at-16.35.16-1068x439.jpeg 1068w, https:\/\/folhapopular.info\/wp-content\/uploads\/2024\/07\/WhatsApp-Image-2024-07-25-at-16.35.16.jpeg 1170w\" sizes=\"(max-width: 1024px) 100vw, 1024px\" \/><figcaption class=\"wp-block-jetpack-slideshow_caption gallery-caption\">Chegada foi aguardada e eleitores fizeram quest\u00e3o de cumprimentar Bolsonaro \/\/ Cr\u00e9dito: Reprodu\u00e7\u00e3o Grupo Popular<\/figcaption><\/figure><\/li><li class=\"wp-block-jetpack-slideshow_slide swiper-slide\"><figure><img loading=\"lazy\" decoding=\"async\" width=\"1024\" height=\"630\" alt=\"\" class=\"wp-block-jetpack-slideshow_image wp-image-163993\" data-id=\"163993\" src=\"https:\/\/folhapopular.info\/wp-content\/uploads\/2024\/07\/WhatsApp-Image-2024-07-25-at-16.35.57-1024x630.jpeg\" srcset=\"https:\/\/folhapopular.info\/wp-content\/uploads\/2024\/07\/WhatsApp-Image-2024-07-25-at-16.35.57-1024x630.jpeg 1024w, https:\/\/folhapopular.info\/wp-content\/uploads\/2024\/07\/WhatsApp-Image-2024-07-25-at-16.35.57-300x185.jpeg 300w, https:\/\/folhapopular.info\/wp-content\/uploads\/2024\/07\/WhatsApp-Image-2024-07-25-at-16.35.57-768x473.jpeg 768w, https:\/\/folhapopular.info\/wp-content\/uploads\/2024\/07\/WhatsApp-Image-2024-07-25-at-16.35.57-683x420.jpeg 683w, https:\/\/folhapopular.info\/wp-content\/uploads\/2024\/07\/WhatsApp-Image-2024-07-25-at-16.35.57-696x428.jpeg 696w, https:\/\/folhapopular.info\/wp-content\/uploads\/2024\/07\/WhatsApp-Image-2024-07-25-at-16.35.57-1068x657.jpeg 1068w, https:\/\/folhapopular.info\/wp-content\/uploads\/2024\/07\/WhatsApp-Image-2024-07-25-at-16.35.57.jpeg 1170w\" sizes=\"(max-width: 1024px) 100vw, 1024px\" \/><figcaption class=\"wp-block-jetpack-slideshow_caption gallery-caption\">Chegada foi aguardada e eleitores fizeram quest\u00e3o de cumprimentar Bolsonaro \/\/ Cr\u00e9dito: Reprodu\u00e7\u00e3o Grupo Popular<\/figcaption><\/figure><\/li><li class=\"wp-block-jetpack-slideshow_slide swiper-slide\"><figure><img loading=\"lazy\" decoding=\"async\" width=\"1024\" height=\"840\" alt=\"\" class=\"wp-block-jetpack-slideshow_image wp-image-163997\" data-id=\"163997\" src=\"https:\/\/folhapopular.info\/wp-content\/uploads\/2024\/07\/WhatsApp-Image-2024-07-25-at-16.45.37-1024x840.jpeg\" srcset=\"https:\/\/folhapopular.info\/wp-content\/uploads\/2024\/07\/WhatsApp-Image-2024-07-25-at-16.45.37-1024x840.jpeg 1024w, https:\/\/folhapopular.info\/wp-content\/uploads\/2024\/07\/WhatsApp-Image-2024-07-25-at-16.45.37-300x246.jpeg 300w, https:\/\/folhapopular.info\/wp-content\/uploads\/2024\/07\/WhatsApp-Image-2024-07-25-at-16.45.37-768x630.jpeg 768w, https:\/\/folhapopular.info\/wp-content\/uploads\/2024\/07\/WhatsApp-Image-2024-07-25-at-16.45.37-512x420.jpeg 512w, https:\/\/folhapopular.info\/wp-content\/uploads\/2024\/07\/WhatsApp-Image-2024-07-25-at-16.45.37-696x571.jpeg 696w, https:\/\/folhapopular.info\/wp-content\/uploads\/2024\/07\/WhatsApp-Image-2024-07-25-at-16.45.37-1068x876.jpeg 1068w, https:\/\/folhapopular.info\/wp-content\/uploads\/2024\/07\/WhatsApp-Image-2024-07-25-at-16.45.37.jpeg 1170w\" sizes=\"(max-width: 1024px) 100vw, 1024px\" \/><figcaption class=\"wp-block-jetpack-slideshow_caption gallery-caption\">Chegada foi aguardada e eleitores fizeram quest\u00e3o de cumprimentar Bolsonaro \/\/ Cr\u00e9dito: Reprodu\u00e7\u00e3o Grupo Popular<\/figcaption><\/figure><\/li><\/ul><a class=\"wp-block-jetpack-slideshow_button-prev swiper-button-prev swiper-button-white\" role=\"button\"><\/a><a class=\"wp-block-jetpack-slideshow_button-next swiper-button-next swiper-button-white\" role=\"button\"><\/a><a aria-label=\"Pause Slideshow\" class=\"wp-block-jetpack-slideshow_button-pause\" role=\"button\"><\/a><div class=\"wp-block-jetpack-slideshow_pagination swiper-pagination swiper-pagination-white\"><\/div><\/div><\/div>\n\n\n\n<h2 class=\"wp-block-heading\"><strong>Acompanhe a Live do Grupo Popular com a \u00edntegra da passagem de Bolsonaro em Teut\u00f4nia.<\/strong><\/h2>\n\n\n\n<figure class=\"wp-block-embed is-type-rich is-provider-instagram wp-block-embed-instagram\"><div class=\"wp-block-embed__wrapper\">\n<blockquote class=\"instagram-media\" data-instgrm-captioned data-instgrm-permalink=\"https:\/\/www.instagram.com\/reel\/C920lEhJWiu\/?utm_source=ig_embed&amp;utm_campaign=loading\" data-instgrm-version=\"14\" style=\" background:#FFF; border:0; border-radius:3px; box-shadow:0 0 1px 0 rgba(0,0,0,0.5),0 1px 10px 0 rgba(0,0,0,0.15); margin: 1px; max-width:658px; min-width:326px; padding:0; width:99.375%; width:-webkit-calc(100% - 2px); width:calc(100% - 2px);\"><div style=\"padding:16px;\"> <a href=\"https:\/\/www.instagram.com\/reel\/C920lEhJWiu\/?utm_source=ig_embed&amp;utm_campaign=loading\" style=\" background:#FFFFFF; line-height:0; padding:0 0; text-align:center; text-decoration:none; width:100%;\" target=\"_blank\"> <div style=\" display: flex; flex-direction: row; align-items: center;\"> <div style=\"background-color: #F4F4F4; border-radius: 50%; flex-grow: 0; height: 40px; margin-right: 14px; width: 40px;\"><\/div> <div style=\"display: flex; flex-direction: column; flex-grow: 1; justify-content: center;\"> <div style=\" background-color: #F4F4F4; border-radius: 4px; flex-grow: 0; height: 14px; margin-bottom: 6px; width: 100px;\"><\/div> <div style=\" background-color: #F4F4F4; border-radius: 4px; flex-grow: 0; height: 14px; width: 60px;\"><\/div><\/div><\/div><div style=\"padding: 19% 0;\"><\/div> <div style=\"display:block; height:50px; margin:0 auto 12px; width:50px;\"><svg width=\"50px\" height=\"50px\" viewBox=\"0 0 60 60\" version=\"1.1\" xmlns=\"https:\/\/www.w3.org\/2000\/svg\" xmlns:xlink=\"https:\/\/www.w3.org\/1999\/xlink\"><g stroke=\"none\" stroke-width=\"1\" fill=\"none\" fill-rule=\"evenodd\"><g transform=\"translate(-511.000000, -20.000000)\" fill=\"#000000\"><g><path d=\"M556.869,30.41 C554.814,30.41 553.148,32.076 553.148,34.131 C553.148,36.186 554.814,37.852 556.869,37.852 C558.924,37.852 560.59,36.186 560.59,34.131 C560.59,32.076 558.924,30.41 556.869,30.41 M541,60.657 C535.114,60.657 530.342,55.887 530.342,50 C530.342,44.114 535.114,39.342 541,39.342 C546.887,39.342 551.658,44.114 551.658,50 C551.658,55.887 546.887,60.657 541,60.657 M541,33.886 C532.1,33.886 524.886,41.1 524.886,50 C524.886,58.899 532.1,66.113 541,66.113 C549.9,66.113 557.115,58.899 557.115,50 C557.115,41.1 549.9,33.886 541,33.886 M565.378,62.101 C565.244,65.022 564.756,66.606 564.346,67.663 C563.803,69.06 563.154,70.057 562.106,71.106 C561.058,72.155 560.06,72.803 558.662,73.347 C557.607,73.757 556.021,74.244 553.102,74.378 C549.944,74.521 548.997,74.552 541,74.552 C533.003,74.552 532.056,74.521 528.898,74.378 C525.979,74.244 524.393,73.757 523.338,73.347 C521.94,72.803 520.942,72.155 519.894,71.106 C518.846,70.057 518.197,69.06 517.654,67.663 C517.244,66.606 516.755,65.022 516.623,62.101 C516.479,58.943 516.448,57.996 516.448,50 C516.448,42.003 516.479,41.056 516.623,37.899 C516.755,34.978 517.244,33.391 517.654,32.338 C518.197,30.938 518.846,29.942 519.894,28.894 C520.942,27.846 521.94,27.196 523.338,26.654 C524.393,26.244 525.979,25.756 528.898,25.623 C532.057,25.479 533.004,25.448 541,25.448 C548.997,25.448 549.943,25.479 553.102,25.623 C556.021,25.756 557.607,26.244 558.662,26.654 C560.06,27.196 561.058,27.846 562.106,28.894 C563.154,29.942 563.803,30.938 564.346,32.338 C564.756,33.391 565.244,34.978 565.378,37.899 C565.522,41.056 565.552,42.003 565.552,50 C565.552,57.996 565.522,58.943 565.378,62.101 M570.82,37.631 C570.674,34.438 570.167,32.258 569.425,30.349 C568.659,28.377 567.633,26.702 565.965,25.035 C564.297,23.368 562.623,22.342 560.652,21.575 C558.743,20.834 556.562,20.326 553.369,20.18 C550.169,20.033 549.148,20 541,20 C532.853,20 531.831,20.033 528.631,20.18 C525.438,20.326 523.257,20.834 521.349,21.575 C519.376,22.342 517.703,23.368 516.035,25.035 C514.368,26.702 513.342,28.377 512.574,30.349 C511.834,32.258 511.326,34.438 511.181,37.631 C511.035,40.831 511,41.851 511,50 C511,58.147 511.035,59.17 511.181,62.369 C511.326,65.562 511.834,67.743 512.574,69.651 C513.342,71.625 514.368,73.296 516.035,74.965 C517.703,76.634 519.376,77.658 521.349,78.425 C523.257,79.167 525.438,79.673 528.631,79.82 C531.831,79.965 532.853,80.001 541,80.001 C549.148,80.001 550.169,79.965 553.369,79.82 C556.562,79.673 558.743,79.167 560.652,78.425 C562.623,77.658 564.297,76.634 565.965,74.965 C567.633,73.296 568.659,71.625 569.425,69.651 C570.167,67.743 570.674,65.562 570.82,62.369 C570.966,59.17 571,58.147 571,50 C571,41.851 570.966,40.831 570.82,37.631\"><\/path><\/g><\/g><\/g><\/svg><\/div><div style=\"padding-top: 8px;\"> <div style=\" color:#3897f0; font-family:Arial,sans-serif; font-size:14px; font-style:normal; font-weight:550; line-height:18px;\">View this post on Instagram<\/div><\/div><div style=\"padding: 12.5% 0;\"><\/div> <div style=\"display: flex; flex-direction: row; margin-bottom: 14px; align-items: center;\"><div> <div style=\"background-color: #F4F4F4; border-radius: 50%; height: 12.5px; width: 12.5px; transform: translateX(0px) translateY(7px);\"><\/div> <div style=\"background-color: #F4F4F4; height: 12.5px; transform: rotate(-45deg) translateX(3px) translateY(1px); width: 12.5px; flex-grow: 0; margin-right: 14px; margin-left: 2px;\"><\/div> <div style=\"background-color: #F4F4F4; border-radius: 50%; height: 12.5px; width: 12.5px; transform: translateX(9px) translateY(-18px);\"><\/div><\/div><div style=\"margin-left: 8px;\"> <div style=\" background-color: #F4F4F4; border-radius: 50%; flex-grow: 0; height: 20px; width: 20px;\"><\/div> <div style=\" width: 0; height: 0; border-top: 2px solid transparent; border-left: 6px solid #f4f4f4; border-bottom: 2px solid transparent; transform: translateX(16px) translateY(-4px) rotate(30deg)\"><\/div><\/div><div style=\"margin-left: auto;\"> <div style=\" width: 0px; border-top: 8px solid #F4F4F4; border-right: 8px solid transparent; transform: translateY(16px);\"><\/div> <div style=\" background-color: #F4F4F4; flex-grow: 0; height: 12px; width: 16px; transform: translateY(-4px);\"><\/div> <div style=\" width: 0; height: 0; border-top: 8px solid #F4F4F4; border-left: 8px solid transparent; transform: translateY(-4px) translateX(8px);\"><\/div><\/div><\/div> <div style=\"display: flex; flex-direction: column; flex-grow: 1; justify-content: center; margin-bottom: 24px;\"> <div style=\" background-color: #F4F4F4; border-radius: 4px; flex-grow: 0; height: 14px; margin-bottom: 6px; width: 224px;\"><\/div> <div style=\" background-color: #F4F4F4; border-radius: 4px; flex-grow: 0; height: 14px; width: 144px;\"><\/div><\/div><\/a><p style=\" color:#c9c8cd; font-family:Arial,sans-serif; font-size:14px; line-height:17px; margin-bottom:0; margin-top:8px; overflow:hidden; padding:8px 0 7px; text-align:center; text-overflow:ellipsis; white-space:nowrap;\"><a href=\"https:\/\/www.instagram.com\/reel\/C920lEhJWiu\/?utm_source=ig_embed&amp;utm_campaign=loading\" style=\" color:#c9c8cd; font-family:Arial,sans-serif; font-size:14px; font-style:normal; font-weight:normal; line-height:17px; text-decoration:none;\" target=\"_blank\">A post shared by Grupo Popular (@popularteutonia)<\/a><\/p><\/div><\/blockquote><script async src=\"\/\/platform.instagram.com\/en_US\/embeds.js\"><\/script>\n<\/div><\/figure>\n","protected":false},"excerpt":{"rendered":"<p>O ex-presidente da Rep\u00fablica, Jair Bolsonaro (PL), foi recebido em Teut\u00f4nia por volta das 15h30 desta quinta-feira (25\/7), no Km 53 da RSC-453 (Rota do Sol), no p\u00e1tio da Abastecedora Teut\u00f4nia &#8211; Posto Rota do Sol. Ele aproveitou o deslocamento de Caxias do Sul para Santa Cruz do Sul para fazer uma parada r\u00e1pida de [&hellip;]<\/p>\n","protected":false},"author":7,"featured_media":164000,"comment_status":"open","ping_status":"open","sticky":false,"template":"","format":"standard","meta":{"pmpro_default_level":"","_jetpack_memberships_contains_paid_content":false,"footnotes":""},"categories":[2,3553,10985],"tags":[15299,26,156],"class_list":{"0":"post-163986","1":"post","2":"type-post","3":"status-publish","4":"format-standard","5":"has-post-thumbnail","7":"category-featured","8":"category-eleicoes","9":"category-politica","10":"tag-eleicao-2024","11":"tag-teutonia","12":"tag-vale-do-taquari","13":"pmpro-has-access"},"yoast_head":"<!-- This site is optimized with the Yoast SEO plugin v27.5 - https:\/\/yoast.com\/product\/yoast-seo-wordpress\/ -->\n<title>Bolsonaro em Teut\u00f4nia: &quot;escolher com a raz\u00e3o e n\u00e3o com a emo\u00e7\u00e3o&quot; - Folha Popular<\/title>\n<meta name=\"robots\" content=\"index, follow, max-snippet:-1, max-image-preview:large, max-video-preview:-1\" \/>\n<link rel=\"canonical\" href=\"https:\/\/folhapopular.info\/index.php\/2024\/07\/25\/bolsonaro-em-teutonia-escolher-com-a-razao-e-nao-com-a-emocao\/\" \/>\n<meta property=\"og:locale\" content=\"pt_BR\" \/>\n<meta property=\"og:type\" content=\"article\" \/>\n<meta property=\"og:title\" content=\"Bolsonaro em Teut\u00f4nia: &quot;escolher com a raz\u00e3o e n\u00e3o com a emo\u00e7\u00e3o&quot; - Folha Popular\" \/>\n<meta property=\"og:description\" content=\"O ex-presidente da Rep\u00fablica, Jair Bolsonaro (PL), foi recebido em Teut\u00f4nia por volta das 15h30 desta quinta-feira (25\/7), no Km 53 da RSC-453 (Rota do Sol), no p\u00e1tio da Abastecedora Teut\u00f4nia &#8211; Posto Rota do Sol. Ele aproveitou o deslocamento de Caxias do Sul para Santa Cruz do Sul para fazer uma parada r\u00e1pida de [&hellip;]\" \/>\n<meta property=\"og:url\" content=\"https:\/\/folhapopular.info\/index.php\/2024\/07\/25\/bolsonaro-em-teutonia-escolher-com-a-razao-e-nao-com-a-emocao\/\" \/>\n<meta property=\"og:site_name\" content=\"Folha Popular\" \/>\n<meta property=\"article:published_time\" content=\"2024-07-25T20:12:58+00:00\" \/>\n<meta property=\"article:modified_time\" content=\"2024-07-25T20:21:16+00:00\" \/>\n<meta property=\"og:image\" content=\"http:\/\/folhapopular.info\/wp-content\/uploads\/2024\/07\/WhatsApp-Image-2024-07-25-at-16.38.38-copia.jpeg\" \/>\n\t<meta property=\"og:image:width\" content=\"875\" \/>\n\t<meta property=\"og:image:height\" content=\"675\" \/>\n\t<meta property=\"og:image:type\" content=\"image\/jpeg\" \/>\n<meta name=\"author\" content=\"Lucas Leandro Brune\" \/>\n<meta name=\"twitter:card\" content=\"summary_large_image\" \/>\n<meta name=\"twitter:label1\" content=\"Escrito por\" \/>\n\t<meta name=\"twitter:data1\" content=\"Lucas Leandro Brune\" \/>\n\t<meta name=\"twitter:label2\" content=\"Est. tempo de leitura\" \/>\n\t<meta name=\"twitter:data2\" content=\"4 minutos\" \/>\n<script type=\"application\/ld+json\" class=\"yoast-schema-graph\">{\"@context\":\"https:\\\/\\\/schema.org\",\"@graph\":[{\"@type\":\"Article\",\"@id\":\"https:\\\/\\\/folhapopular.info\\\/index.php\\\/2024\\\/07\\\/25\\\/bolsonaro-em-teutonia-escolher-com-a-razao-e-nao-com-a-emocao\\\/#article\",\"isPartOf\":{\"@id\":\"https:\\\/\\\/folhapopular.info\\\/index.php\\\/2024\\\/07\\\/25\\\/bolsonaro-em-teutonia-escolher-com-a-razao-e-nao-com-a-emocao\\\/\"},\"author\":{\"name\":\"Lucas Leandro Brune\",\"@id\":\"https:\\\/\\\/folhapopular.info\\\/#\\\/schema\\\/person\\\/533a15f60cd49e81ab3a90b4ca33cb36\"},\"headline\":\"Bolsonaro em Teut\u00f4nia: &#8220;escolher com a raz\u00e3o e n\u00e3o com a emo\u00e7\u00e3o&#8221;\",\"datePublished\":\"2024-07-25T20:12:58+00:00\",\"dateModified\":\"2024-07-25T20:21:16+00:00\",\"mainEntityOfPage\":{\"@id\":\"https:\\\/\\\/folhapopular.info\\\/index.php\\\/2024\\\/07\\\/25\\\/bolsonaro-em-teutonia-escolher-com-a-razao-e-nao-com-a-emocao\\\/\"},\"wordCount\":582,\"commentCount\":0,\"image\":{\"@id\":\"https:\\\/\\\/folhapopular.info\\\/index.php\\\/2024\\\/07\\\/25\\\/bolsonaro-em-teutonia-escolher-com-a-razao-e-nao-com-a-emocao\\\/#primaryimage\"},\"thumbnailUrl\":\"https:\\\/\\\/folhapopular.info\\\/wp-content\\\/uploads\\\/2024\\\/07\\\/WhatsApp-Image-2024-07-25-at-16.38.38-copia.jpeg\",\"keywords\":[\"elei\u00e7\u00e3o 2024\",\"Teut\u00f4nia\",\"Vale do Taquari\"],\"articleSection\":[\"Destaques\",\"Elei\u00e7\u00f5es\",\"Pol\u00edtica\"],\"inLanguage\":\"pt-BR\",\"potentialAction\":[{\"@type\":\"CommentAction\",\"name\":\"Comment\",\"target\":[\"https:\\\/\\\/folhapopular.info\\\/index.php\\\/2024\\\/07\\\/25\\\/bolsonaro-em-teutonia-escolher-com-a-razao-e-nao-com-a-emocao\\\/#respond\"]}]},{\"@type\":\"WebPage\",\"@id\":\"https:\\\/\\\/folhapopular.info\\\/index.php\\\/2024\\\/07\\\/25\\\/bolsonaro-em-teutonia-escolher-com-a-razao-e-nao-com-a-emocao\\\/\",\"url\":\"https:\\\/\\\/folhapopular.info\\\/index.php\\\/2024\\\/07\\\/25\\\/bolsonaro-em-teutonia-escolher-com-a-razao-e-nao-com-a-emocao\\\/\",\"name\":\"Bolsonaro em Teut\u00f4nia: \\\"escolher com a raz\u00e3o e n\u00e3o com a emo\u00e7\u00e3o\\\" - Folha Popular\",\"isPartOf\":{\"@id\":\"https:\\\/\\\/folhapopular.info\\\/#website\"},\"primaryImageOfPage\":{\"@id\":\"https:\\\/\\\/folhapopular.info\\\/index.php\\\/2024\\\/07\\\/25\\\/bolsonaro-em-teutonia-escolher-com-a-razao-e-nao-com-a-emocao\\\/#primaryimage\"},\"image\":{\"@id\":\"https:\\\/\\\/folhapopular.info\\\/index.php\\\/2024\\\/07\\\/25\\\/bolsonaro-em-teutonia-escolher-com-a-razao-e-nao-com-a-emocao\\\/#primaryimage\"},\"thumbnailUrl\":\"https:\\\/\\\/folhapopular.info\\\/wp-content\\\/uploads\\\/2024\\\/07\\\/WhatsApp-Image-2024-07-25-at-16.38.38-copia.jpeg\",\"datePublished\":\"2024-07-25T20:12:58+00:00\",\"dateModified\":\"2024-07-25T20:21:16+00:00\",\"author\":{\"@id\":\"https:\\\/\\\/folhapopular.info\\\/#\\\/schema\\\/person\\\/533a15f60cd49e81ab3a90b4ca33cb36\"},\"breadcrumb\":{\"@id\":\"https:\\\/\\\/folhapopular.info\\\/index.php\\\/2024\\\/07\\\/25\\\/bolsonaro-em-teutonia-escolher-com-a-razao-e-nao-com-a-emocao\\\/#breadcrumb\"},\"inLanguage\":\"pt-BR\",\"potentialAction\":[{\"@type\":\"ReadAction\",\"target\":[\"https:\\\/\\\/folhapopular.info\\\/index.php\\\/2024\\\/07\\\/25\\\/bolsonaro-em-teutonia-escolher-com-a-razao-e-nao-com-a-emocao\\\/\"]}]},{\"@type\":\"ImageObject\",\"inLanguage\":\"pt-BR\",\"@id\":\"https:\\\/\\\/folhapopular.info\\\/index.php\\\/2024\\\/07\\\/25\\\/bolsonaro-em-teutonia-escolher-com-a-razao-e-nao-com-a-emocao\\\/#primaryimage\",\"url\":\"https:\\\/\\\/folhapopular.info\\\/wp-content\\\/uploads\\\/2024\\\/07\\\/WhatsApp-Image-2024-07-25-at-16.38.38-copia.jpeg\",\"contentUrl\":\"https:\\\/\\\/folhapopular.info\\\/wp-content\\\/uploads\\\/2024\\\/07\\\/WhatsApp-Image-2024-07-25-at-16.38.38-copia.jpeg\",\"width\":875,\"height\":675,\"caption\":\"Bolsonaro destacou import\u00e2ncia de candidaturas locais do PL \\\/\\\/ Cr\u00e9dito: Reprodu\u00e7\u00e3o Grupo Popular\"},{\"@type\":\"BreadcrumbList\",\"@id\":\"https:\\\/\\\/folhapopular.info\\\/index.php\\\/2024\\\/07\\\/25\\\/bolsonaro-em-teutonia-escolher-com-a-razao-e-nao-com-a-emocao\\\/#breadcrumb\",\"itemListElement\":[{\"@type\":\"ListItem\",\"position\":1,\"name\":\"In\u00edcio\",\"item\":\"https:\\\/\\\/folhapopular.info\\\/\"},{\"@type\":\"ListItem\",\"position\":2,\"name\":\"Bolsonaro em Teut\u00f4nia: &#8220;escolher com a raz\u00e3o e n\u00e3o com a emo\u00e7\u00e3o&#8221;\"}]},{\"@type\":\"WebSite\",\"@id\":\"https:\\\/\\\/folhapopular.info\\\/#website\",\"url\":\"https:\\\/\\\/folhapopular.info\\\/\",\"name\":\"Folha Popular\",\"description\":\"Onde voc\u00ea tem vez e voz\",\"potentialAction\":[{\"@type\":\"SearchAction\",\"target\":{\"@type\":\"EntryPoint\",\"urlTemplate\":\"https:\\\/\\\/folhapopular.info\\\/?s={search_term_string}\"},\"query-input\":{\"@type\":\"PropertyValueSpecification\",\"valueRequired\":true,\"valueName\":\"search_term_string\"}}],\"inLanguage\":\"pt-BR\"},{\"@type\":\"Person\",\"@id\":\"https:\\\/\\\/folhapopular.info\\\/#\\\/schema\\\/person\\\/533a15f60cd49e81ab3a90b4ca33cb36\",\"name\":\"Lucas Leandro Brune\",\"image\":{\"@type\":\"ImageObject\",\"inLanguage\":\"pt-BR\",\"@id\":\"https:\\\/\\\/folhapopular.info\\\/wp-content\\\/uploads\\\/2026\\\/04\\\/LUCAS-1-1.webp\",\"url\":\"https:\\\/\\\/folhapopular.info\\\/wp-content\\\/uploads\\\/2026\\\/04\\\/LUCAS-1-1.webp\",\"contentUrl\":\"https:\\\/\\\/folhapopular.info\\\/wp-content\\\/uploads\\\/2026\\\/04\\\/LUCAS-1-1.webp\",\"caption\":\"Lucas Leandro Brune\"},\"description\":\"Jornalista Profissional Diplomado MTB\\\/RS 14.333\",\"url\":\"https:\\\/\\\/folhapopular.info\\\/index.php\\\/author\\\/lucas-brune\\\/\"}]}<\/script>\n<!-- \/ Yoast SEO plugin. -->","yoast_head_json":{"title":"Bolsonaro em Teut\u00f4nia: \"escolher com a raz\u00e3o e n\u00e3o com a emo\u00e7\u00e3o\" - Folha Popular","robots":{"index":"index","follow":"follow","max-snippet":"max-snippet:-1","max-image-preview":"max-image-preview:large","max-video-preview":"max-video-preview:-1"},"canonical":"https:\/\/folhapopular.info\/index.php\/2024\/07\/25\/bolsonaro-em-teutonia-escolher-com-a-razao-e-nao-com-a-emocao\/","og_locale":"pt_BR","og_type":"article","og_title":"Bolsonaro em Teut\u00f4nia: \"escolher com a raz\u00e3o e n\u00e3o com a emo\u00e7\u00e3o\" - Folha Popular","og_description":"O ex-presidente da Rep\u00fablica, Jair Bolsonaro (PL), foi recebido em Teut\u00f4nia por volta das 15h30 desta quinta-feira (25\/7), no Km 53 da RSC-453 (Rota do Sol), no p\u00e1tio da Abastecedora Teut\u00f4nia &#8211; Posto Rota do Sol. Ele aproveitou o deslocamento de Caxias do Sul para Santa Cruz do Sul para fazer uma parada r\u00e1pida de [&hellip;]","og_url":"https:\/\/folhapopular.info\/index.php\/2024\/07\/25\/bolsonaro-em-teutonia-escolher-com-a-razao-e-nao-com-a-emocao\/","og_site_name":"Folha Popular","article_published_time":"2024-07-25T20:12:58+00:00","article_modified_time":"2024-07-25T20:21:16+00:00","og_image":[{"width":875,"height":675,"url":"http:\/\/folhapopular.info\/wp-content\/uploads\/2024\/07\/WhatsApp-Image-2024-07-25-at-16.38.38-copia.jpeg","type":"image\/jpeg"}],"author":"Lucas Leandro Brune","twitter_card":"summary_large_image","twitter_misc":{"Escrito por":"Lucas Leandro Brune","Est. tempo de leitura":"4 minutos"},"schema":{"@context":"https:\/\/schema.org","@graph":[{"@type":"Article","@id":"https:\/\/folhapopular.info\/index.php\/2024\/07\/25\/bolsonaro-em-teutonia-escolher-com-a-razao-e-nao-com-a-emocao\/#article","isPartOf":{"@id":"https:\/\/folhapopular.info\/index.php\/2024\/07\/25\/bolsonaro-em-teutonia-escolher-com-a-razao-e-nao-com-a-emocao\/"},"author":{"name":"Lucas Leandro Brune","@id":"https:\/\/folhapopular.info\/#\/schema\/person\/533a15f60cd49e81ab3a90b4ca33cb36"},"headline":"Bolsonaro em Teut\u00f4nia: &#8220;escolher com a raz\u00e3o e n\u00e3o com a emo\u00e7\u00e3o&#8221;","datePublished":"2024-07-25T20:12:58+00:00","dateModified":"2024-07-25T20:21:16+00:00","mainEntityOfPage":{"@id":"https:\/\/folhapopular.info\/index.php\/2024\/07\/25\/bolsonaro-em-teutonia-escolher-com-a-razao-e-nao-com-a-emocao\/"},"wordCount":582,"commentCount":0,"image":{"@id":"https:\/\/folhapopular.info\/index.php\/2024\/07\/25\/bolsonaro-em-teutonia-escolher-com-a-razao-e-nao-com-a-emocao\/#primaryimage"},"thumbnailUrl":"https:\/\/folhapopular.info\/wp-content\/uploads\/2024\/07\/WhatsApp-Image-2024-07-25-at-16.38.38-copia.jpeg","keywords":["elei\u00e7\u00e3o 2024","Teut\u00f4nia","Vale do Taquari"],"articleSection":["Destaques","Elei\u00e7\u00f5es","Pol\u00edtica"],"inLanguage":"pt-BR","potentialAction":[{"@type":"CommentAction","name":"Comment","target":["https:\/\/folhapopular.info\/index.php\/2024\/07\/25\/bolsonaro-em-teutonia-escolher-com-a-razao-e-nao-com-a-emocao\/#respond"]}]},{"@type":"WebPage","@id":"https:\/\/folhapopular.info\/index.php\/2024\/07\/25\/bolsonaro-em-teutonia-escolher-com-a-razao-e-nao-com-a-emocao\/","url":"https:\/\/folhapopular.info\/index.php\/2024\/07\/25\/bolsonaro-em-teutonia-escolher-com-a-razao-e-nao-com-a-emocao\/","name":"Bolsonaro em Teut\u00f4nia: \"escolher com a raz\u00e3o e n\u00e3o com a emo\u00e7\u00e3o\" - Folha Popular","isPartOf":{"@id":"https:\/\/folhapopular.info\/#website"},"primaryImageOfPage":{"@id":"https:\/\/folhapopular.info\/index.php\/2024\/07\/25\/bolsonaro-em-teutonia-escolher-com-a-razao-e-nao-com-a-emocao\/#primaryimage"},"image":{"@id":"https:\/\/folhapopular.info\/index.php\/2024\/07\/25\/bolsonaro-em-teutonia-escolher-com-a-razao-e-nao-com-a-emocao\/#primaryimage"},"thumbnailUrl":"https:\/\/folhapopular.info\/wp-content\/uploads\/2024\/07\/WhatsApp-Image-2024-07-25-at-16.38.38-copia.jpeg","datePublished":"2024-07-25T20:12:58+00:00","dateModified":"2024-07-25T20:21:16+00:00","author":{"@id":"https:\/\/folhapopular.info\/#\/schema\/person\/533a15f60cd49e81ab3a90b4ca33cb36"},"breadcrumb":{"@id":"https:\/\/folhapopular.info\/index.php\/2024\/07\/25\/bolsonaro-em-teutonia-escolher-com-a-razao-e-nao-com-a-emocao\/#breadcrumb"},"inLanguage":"pt-BR","potentialAction":[{"@type":"ReadAction","target":["https:\/\/folhapopular.info\/index.php\/2024\/07\/25\/bolsonaro-em-teutonia-escolher-com-a-razao-e-nao-com-a-emocao\/"]}]},{"@type":"ImageObject","inLanguage":"pt-BR","@id":"https:\/\/folhapopular.info\/index.php\/2024\/07\/25\/bolsonaro-em-teutonia-escolher-com-a-razao-e-nao-com-a-emocao\/#primaryimage","url":"https:\/\/folhapopular.info\/wp-content\/uploads\/2024\/07\/WhatsApp-Image-2024-07-25-at-16.38.38-copia.jpeg","contentUrl":"https:\/\/folhapopular.info\/wp-content\/uploads\/2024\/07\/WhatsApp-Image-2024-07-25-at-16.38.38-copia.jpeg","width":875,"height":675,"caption":"Bolsonaro destacou import\u00e2ncia de candidaturas locais do PL \/\/ Cr\u00e9dito: Reprodu\u00e7\u00e3o Grupo Popular"},{"@type":"BreadcrumbList","@id":"https:\/\/folhapopular.info\/index.php\/2024\/07\/25\/bolsonaro-em-teutonia-escolher-com-a-razao-e-nao-com-a-emocao\/#breadcrumb","itemListElement":[{"@type":"ListItem","position":1,"name":"In\u00edcio","item":"https:\/\/folhapopular.info\/"},{"@type":"ListItem","position":2,"name":"Bolsonaro em Teut\u00f4nia: &#8220;escolher com a raz\u00e3o e n\u00e3o com a emo\u00e7\u00e3o&#8221;"}]},{"@type":"WebSite","@id":"https:\/\/folhapopular.info\/#website","url":"https:\/\/folhapopular.info\/","name":"Folha Popular","description":"Onde voc\u00ea tem vez e voz","potentialAction":[{"@type":"SearchAction","target":{"@type":"EntryPoint","urlTemplate":"https:\/\/folhapopular.info\/?s={search_term_string}"},"query-input":{"@type":"PropertyValueSpecification","valueRequired":true,"valueName":"search_term_string"}}],"inLanguage":"pt-BR"},{"@type":"Person","@id":"https:\/\/folhapopular.info\/#\/schema\/person\/533a15f60cd49e81ab3a90b4ca33cb36","name":"Lucas Leandro Brune","image":{"@type":"ImageObject","inLanguage":"pt-BR","@id":"https:\/\/folhapopular.info\/wp-content\/uploads\/2026\/04\/LUCAS-1-1.webp","url":"https:\/\/folhapopular.info\/wp-content\/uploads\/2026\/04\/LUCAS-1-1.webp","contentUrl":"https:\/\/folhapopular.info\/wp-content\/uploads\/2026\/04\/LUCAS-1-1.webp","caption":"Lucas Leandro Brune"},"description":"Jornalista Profissional Diplomado MTB\/RS 14.333","url":"https:\/\/folhapopular.info\/index.php\/author\/lucas-brune\/"}]}},"jetpack_featured_media_url":"https:\/\/folhapopular.info\/wp-content\/uploads\/2024\/07\/WhatsApp-Image-2024-07-25-at-16.38.38-copia.jpeg","jetpack_sharing_enabled":true,"amp_enabled":true,"_links":{"self":[{"href":"https:\/\/folhapopular.info\/index.php\/wp-json\/wp\/v2\/posts\/163986","targetHints":{"allow":["GET"]}}],"collection":[{"href":"https:\/\/folhapopular.info\/index.php\/wp-json\/wp\/v2\/posts"}],"about":[{"href":"https:\/\/folhapopular.info\/index.php\/wp-json\/wp\/v2\/types\/post"}],"author":[{"embeddable":true,"href":"https:\/\/folhapopular.info\/index.php\/wp-json\/wp\/v2\/users\/7"}],"replies":[{"embeddable":true,"href":"https:\/\/folhapopular.info\/index.php\/wp-json\/wp\/v2\/comments?post=163986"}],"version-history":[{"count":0,"href":"https:\/\/folhapopular.info\/index.php\/wp-json\/wp\/v2\/posts\/163986\/revisions"}],"wp:featuredmedia":[{"embeddable":true,"href":"https:\/\/folhapopular.info\/index.php\/wp-json\/wp\/v2\/media\/164000"}],"wp:attachment":[{"href":"https:\/\/folhapopular.info\/index.php\/wp-json\/wp\/v2\/media?parent=163986"}],"wp:term":[{"taxonomy":"category","embeddable":true,"href":"https:\/\/folhapopular.info\/index.php\/wp-json\/wp\/v2\/categories?post=163986"},{"taxonomy":"post_tag","embeddable":true,"href":"https:\/\/folhapopular.info\/index.php\/wp-json\/wp\/v2\/tags?post=163986"}],"curies":[{"name":"wp","href":"https:\/\/api.w.org\/{rel}","templated":true}]}}