{"id":164081,"date":"2024-07-26T16:01:39","date_gmt":"2024-07-26T19:01:39","guid":{"rendered":"https:\/\/folhapopular.info\/?p=164081"},"modified":"2024-07-26T16:01:45","modified_gmt":"2024-07-26T19:01:45","slug":"alaf-empata-no-primeiro-compromisso-oficial-apos-retomada-por-conta-da-enchete","status":"publish","type":"post","link":"https:\/\/folhapopular.info\/index.php\/2024\/07\/26\/alaf-empata-no-primeiro-compromisso-oficial-apos-retomada-por-conta-da-enchete\/","title":{"rendered":"Alaf empata no primeiro compromisso oficial ap\u00f3s retomada por conta da enchete"},"content":{"rendered":"\n<p>Na noite desta quinta-feira (25\/7), a Alaf realizou um amistoso preparat\u00f3rio visando a disputa do Gauch\u00e3o S\u00e9rie B. Fora de casa, em Bento Gon\u00e7alves, a equipe lajeadense empatou em 3 a 3 com o Bento Futsal. <\/p>\n\n\n\n<p>Este foi o primeiro compromisso oficial da Alaf desde a parada por conta da enchente. Os gols da equipe foram marcados por Pedrinho, Duda Bello e Takumi, que est\u00e1 de volta ao time.<\/p>\n\n\n\n<p>A estreia da Alaf na competi\u00e7\u00e3o estadual acontece no dia 10 de agosto, fora de casa, contra o ACE Filtradores. <\/p>\n","protected":false},"excerpt":{"rendered":"<p>Na noite desta quinta-feira (25\/7), a Alaf realizou um amistoso preparat\u00f3rio visando a disputa do Gauch\u00e3o S\u00e9rie B. Fora de casa, em Bento Gon\u00e7alves, a equipe lajeadense empatou em 3 a 3 com o Bento Futsal. Este foi o primeiro compromisso oficial da Alaf desde a parada por conta da enchente. Os gols da equipe [&hellip;]<\/p>\n","protected":false},"author":8,"featured_media":164098,"comment_status":"open","ping_status":"open","sticky":false,"template":"","format":"standard","meta":{"pmpro_default_level":"","_jetpack_memberships_contains_paid_content":false,"footnotes":""},"categories":[5,530],"tags":[197,137,27],"class_list":{"0":"post-164081","1":"post","2":"type-post","3":"status-publish","4":"format-standard","5":"has-post-thumbnail","7":"category-esportes","8":"category-futsal","9":"tag-alaf","10":"tag-esporte","11":"tag-lajeado","12":"pmpro-has-access"},"yoast_head":"<!-- This site is optimized with the Yoast SEO plugin v27.5 - https:\/\/yoast.com\/product\/yoast-seo-wordpress\/ -->\n<title>Alaf empata no primeiro compromisso oficial ap\u00f3s retomada por conta da enchete - Folha Popular<\/title>\n<meta name=\"robots\" content=\"index, follow, max-snippet:-1, max-image-preview:large, max-video-preview:-1\" \/>\n<link rel=\"canonical\" href=\"https:\/\/folhapopular.info\/index.php\/2024\/07\/26\/alaf-empata-no-primeiro-compromisso-oficial-apos-retomada-por-conta-da-enchete\/\" \/>\n<meta property=\"og:locale\" content=\"pt_BR\" \/>\n<meta property=\"og:type\" content=\"article\" \/>\n<meta property=\"og:title\" content=\"Alaf empata no primeiro compromisso oficial ap\u00f3s retomada por conta da enchete - Folha Popular\" \/>\n<meta property=\"og:description\" content=\"Na noite desta quinta-feira (25\/7), a Alaf realizou um amistoso preparat\u00f3rio visando a disputa do Gauch\u00e3o S\u00e9rie B. Fora de casa, em Bento Gon\u00e7alves, a equipe lajeadense empatou em 3 a 3 com o Bento Futsal. Este foi o primeiro compromisso oficial da Alaf desde a parada por conta da enchente. Os gols da equipe [&hellip;]\" \/>\n<meta property=\"og:url\" content=\"https:\/\/folhapopular.info\/index.php\/2024\/07\/26\/alaf-empata-no-primeiro-compromisso-oficial-apos-retomada-por-conta-da-enchete\/\" \/>\n<meta property=\"og:site_name\" content=\"Folha Popular\" \/>\n<meta property=\"article:published_time\" content=\"2024-07-26T19:01:39+00:00\" \/>\n<meta property=\"article:modified_time\" content=\"2024-07-26T19:01:45+00:00\" \/>\n<meta property=\"og:image\" content=\"http:\/\/folhapopular.info\/wp-content\/uploads\/2024\/07\/20240725203948_3P7A4722-scaled-1.jpg\" \/>\n\t<meta property=\"og:image:width\" content=\"2560\" \/>\n\t<meta property=\"og:image:height\" content=\"1707\" \/>\n\t<meta property=\"og:image:type\" content=\"image\/jpeg\" \/>\n<meta name=\"author\" content=\"Reda\u00e7\u00e3o Folha Popular\" \/>\n<meta name=\"twitter:card\" content=\"summary_large_image\" \/>\n<meta name=\"twitter:label1\" content=\"Escrito por\" \/>\n\t<meta name=\"twitter:data1\" content=\"Reda\u00e7\u00e3o Folha Popular\" \/>\n\t<meta name=\"twitter:label2\" content=\"Est. tempo de leitura\" \/>\n\t<meta name=\"twitter:data2\" content=\"1 minuto\" \/>\n<script type=\"application\/ld+json\" class=\"yoast-schema-graph\">{\"@context\":\"https:\\\/\\\/schema.org\",\"@graph\":[{\"@type\":\"Article\",\"@id\":\"https:\\\/\\\/folhapopular.info\\\/index.php\\\/2024\\\/07\\\/26\\\/alaf-empata-no-primeiro-compromisso-oficial-apos-retomada-por-conta-da-enchete\\\/#article\",\"isPartOf\":{\"@id\":\"https:\\\/\\\/folhapopular.info\\\/index.php\\\/2024\\\/07\\\/26\\\/alaf-empata-no-primeiro-compromisso-oficial-apos-retomada-por-conta-da-enchete\\\/\"},\"author\":{\"name\":\"Reda\u00e7\u00e3o Folha Popular\",\"@id\":\"https:\\\/\\\/folhapopular.info\\\/#\\\/schema\\\/person\\\/2814e8a0df7643585a9ca38bc6eb9d4b\"},\"headline\":\"Alaf empata no primeiro compromisso oficial ap\u00f3s retomada por conta da enchete\",\"datePublished\":\"2024-07-26T19:01:39+00:00\",\"dateModified\":\"2024-07-26T19:01:45+00:00\",\"mainEntityOfPage\":{\"@id\":\"https:\\\/\\\/folhapopular.info\\\/index.php\\\/2024\\\/07\\\/26\\\/alaf-empata-no-primeiro-compromisso-oficial-apos-retomada-por-conta-da-enchete\\\/\"},\"wordCount\":103,\"commentCount\":0,\"image\":{\"@id\":\"https:\\\/\\\/folhapopular.info\\\/index.php\\\/2024\\\/07\\\/26\\\/alaf-empata-no-primeiro-compromisso-oficial-apos-retomada-por-conta-da-enchete\\\/#primaryimage\"},\"thumbnailUrl\":\"https:\\\/\\\/folhapopular.info\\\/wp-content\\\/uploads\\\/2024\\\/07\\\/20240725203948_3P7A4722-scaled-1.jpg\",\"keywords\":[\"ALAF\",\"Esporte\",\"Lajeado\"],\"articleSection\":[\"Esportes\",\"Futsal\"],\"inLanguage\":\"pt-BR\",\"potentialAction\":[{\"@type\":\"CommentAction\",\"name\":\"Comment\",\"target\":[\"https:\\\/\\\/folhapopular.info\\\/index.php\\\/2024\\\/07\\\/26\\\/alaf-empata-no-primeiro-compromisso-oficial-apos-retomada-por-conta-da-enchete\\\/#respond\"]}]},{\"@type\":\"WebPage\",\"@id\":\"https:\\\/\\\/folhapopular.info\\\/index.php\\\/2024\\\/07\\\/26\\\/alaf-empata-no-primeiro-compromisso-oficial-apos-retomada-por-conta-da-enchete\\\/\",\"url\":\"https:\\\/\\\/folhapopular.info\\\/index.php\\\/2024\\\/07\\\/26\\\/alaf-empata-no-primeiro-compromisso-oficial-apos-retomada-por-conta-da-enchete\\\/\",\"name\":\"Alaf empata no primeiro compromisso oficial ap\u00f3s retomada por conta da enchete - Folha Popular\",\"isPartOf\":{\"@id\":\"https:\\\/\\\/folhapopular.info\\\/#website\"},\"primaryImageOfPage\":{\"@id\":\"https:\\\/\\\/folhapopular.info\\\/index.php\\\/2024\\\/07\\\/26\\\/alaf-empata-no-primeiro-compromisso-oficial-apos-retomada-por-conta-da-enchete\\\/#primaryimage\"},\"image\":{\"@id\":\"https:\\\/\\\/folhapopular.info\\\/index.php\\\/2024\\\/07\\\/26\\\/alaf-empata-no-primeiro-compromisso-oficial-apos-retomada-por-conta-da-enchete\\\/#primaryimage\"},\"thumbnailUrl\":\"https:\\\/\\\/folhapopular.info\\\/wp-content\\\/uploads\\\/2024\\\/07\\\/20240725203948_3P7A4722-scaled-1.jpg\",\"datePublished\":\"2024-07-26T19:01:39+00:00\",\"dateModified\":\"2024-07-26T19:01:45+00:00\",\"author\":{\"@id\":\"https:\\\/\\\/folhapopular.info\\\/#\\\/schema\\\/person\\\/2814e8a0df7643585a9ca38bc6eb9d4b\"},\"breadcrumb\":{\"@id\":\"https:\\\/\\\/folhapopular.info\\\/index.php\\\/2024\\\/07\\\/26\\\/alaf-empata-no-primeiro-compromisso-oficial-apos-retomada-por-conta-da-enchete\\\/#breadcrumb\"},\"inLanguage\":\"pt-BR\",\"potentialAction\":[{\"@type\":\"ReadAction\",\"target\":[\"https:\\\/\\\/folhapopular.info\\\/index.php\\\/2024\\\/07\\\/26\\\/alaf-empata-no-primeiro-compromisso-oficial-apos-retomada-por-conta-da-enchete\\\/\"]}]},{\"@type\":\"ImageObject\",\"inLanguage\":\"pt-BR\",\"@id\":\"https:\\\/\\\/folhapopular.info\\\/index.php\\\/2024\\\/07\\\/26\\\/alaf-empata-no-primeiro-compromisso-oficial-apos-retomada-por-conta-da-enchete\\\/#primaryimage\",\"url\":\"https:\\\/\\\/folhapopular.info\\\/wp-content\\\/uploads\\\/2024\\\/07\\\/20240725203948_3P7A4722-scaled-1.jpg\",\"contentUrl\":\"https:\\\/\\\/folhapopular.info\\\/wp-content\\\/uploads\\\/2024\\\/07\\\/20240725203948_3P7A4722-scaled-1.jpg\",\"width\":2560,\"height\":1707,\"caption\":\"Cr\u00e9dito: Kevin Sganzerla \\\/ Divulga\u00e7\u00e3o\"},{\"@type\":\"BreadcrumbList\",\"@id\":\"https:\\\/\\\/folhapopular.info\\\/index.php\\\/2024\\\/07\\\/26\\\/alaf-empata-no-primeiro-compromisso-oficial-apos-retomada-por-conta-da-enchete\\\/#breadcrumb\",\"itemListElement\":[{\"@type\":\"ListItem\",\"position\":1,\"name\":\"In\u00edcio\",\"item\":\"https:\\\/\\\/folhapopular.info\\\/\"},{\"@type\":\"ListItem\",\"position\":2,\"name\":\"Alaf empata no primeiro compromisso oficial ap\u00f3s retomada por conta da enchete\"}]},{\"@type\":\"WebSite\",\"@id\":\"https:\\\/\\\/folhapopular.info\\\/#website\",\"url\":\"https:\\\/\\\/folhapopular.info\\\/\",\"name\":\"Folha Popular\",\"description\":\"Onde voc\u00ea tem vez e voz\",\"potentialAction\":[{\"@type\":\"SearchAction\",\"target\":{\"@type\":\"EntryPoint\",\"urlTemplate\":\"https:\\\/\\\/folhapopular.info\\\/?s={search_term_string}\"},\"query-input\":{\"@type\":\"PropertyValueSpecification\",\"valueRequired\":true,\"valueName\":\"search_term_string\"}}],\"inLanguage\":\"pt-BR\"},{\"@type\":\"Person\",\"@id\":\"https:\\\/\\\/folhapopular.info\\\/#\\\/schema\\\/person\\\/2814e8a0df7643585a9ca38bc6eb9d4b\",\"name\":\"Reda\u00e7\u00e3o Folha Popular\",\"image\":{\"@type\":\"ImageObject\",\"inLanguage\":\"pt-BR\",\"@id\":\"https:\\\/\\\/folhapopular.info\\\/wp-content\\\/uploads\\\/2026\\\/04\\\/Folha-1.webp\",\"url\":\"https:\\\/\\\/folhapopular.info\\\/wp-content\\\/uploads\\\/2026\\\/04\\\/Folha-1.webp\",\"contentUrl\":\"https:\\\/\\\/folhapopular.info\\\/wp-content\\\/uploads\\\/2026\\\/04\\\/Folha-1.webp\",\"caption\":\"Reda\u00e7\u00e3o Folha Popular\"},\"url\":\"https:\\\/\\\/folhapopular.info\\\/index.php\\\/author\\\/redacao\\\/\"}]}<\/script>\n<!-- \/ Yoast SEO plugin. -->","yoast_head_json":{"title":"Alaf empata no primeiro compromisso oficial ap\u00f3s retomada por conta da enchete - Folha Popular","robots":{"index":"index","follow":"follow","max-snippet":"max-snippet:-1","max-image-preview":"max-image-preview:large","max-video-preview":"max-video-preview:-1"},"canonical":"https:\/\/folhapopular.info\/index.php\/2024\/07\/26\/alaf-empata-no-primeiro-compromisso-oficial-apos-retomada-por-conta-da-enchete\/","og_locale":"pt_BR","og_type":"article","og_title":"Alaf empata no primeiro compromisso oficial ap\u00f3s retomada por conta da enchete - Folha Popular","og_description":"Na noite desta quinta-feira (25\/7), a Alaf realizou um amistoso preparat\u00f3rio visando a disputa do Gauch\u00e3o S\u00e9rie B. Fora de casa, em Bento Gon\u00e7alves, a equipe lajeadense empatou em 3 a 3 com o Bento Futsal. Este foi o primeiro compromisso oficial da Alaf desde a parada por conta da enchente. Os gols da equipe [&hellip;]","og_url":"https:\/\/folhapopular.info\/index.php\/2024\/07\/26\/alaf-empata-no-primeiro-compromisso-oficial-apos-retomada-por-conta-da-enchete\/","og_site_name":"Folha Popular","article_published_time":"2024-07-26T19:01:39+00:00","article_modified_time":"2024-07-26T19:01:45+00:00","og_image":[{"width":2560,"height":1707,"url":"http:\/\/folhapopular.info\/wp-content\/uploads\/2024\/07\/20240725203948_3P7A4722-scaled-1.jpg","type":"image\/jpeg"}],"author":"Reda\u00e7\u00e3o Folha Popular","twitter_card":"summary_large_image","twitter_misc":{"Escrito por":"Reda\u00e7\u00e3o Folha Popular","Est. tempo de leitura":"1 minuto"},"schema":{"@context":"https:\/\/schema.org","@graph":[{"@type":"Article","@id":"https:\/\/folhapopular.info\/index.php\/2024\/07\/26\/alaf-empata-no-primeiro-compromisso-oficial-apos-retomada-por-conta-da-enchete\/#article","isPartOf":{"@id":"https:\/\/folhapopular.info\/index.php\/2024\/07\/26\/alaf-empata-no-primeiro-compromisso-oficial-apos-retomada-por-conta-da-enchete\/"},"author":{"name":"Reda\u00e7\u00e3o Folha Popular","@id":"https:\/\/folhapopular.info\/#\/schema\/person\/2814e8a0df7643585a9ca38bc6eb9d4b"},"headline":"Alaf empata no primeiro compromisso oficial ap\u00f3s retomada por conta da enchete","datePublished":"2024-07-26T19:01:39+00:00","dateModified":"2024-07-26T19:01:45+00:00","mainEntityOfPage":{"@id":"https:\/\/folhapopular.info\/index.php\/2024\/07\/26\/alaf-empata-no-primeiro-compromisso-oficial-apos-retomada-por-conta-da-enchete\/"},"wordCount":103,"commentCount":0,"image":{"@id":"https:\/\/folhapopular.info\/index.php\/2024\/07\/26\/alaf-empata-no-primeiro-compromisso-oficial-apos-retomada-por-conta-da-enchete\/#primaryimage"},"thumbnailUrl":"https:\/\/folhapopular.info\/wp-content\/uploads\/2024\/07\/20240725203948_3P7A4722-scaled-1.jpg","keywords":["ALAF","Esporte","Lajeado"],"articleSection":["Esportes","Futsal"],"inLanguage":"pt-BR","potentialAction":[{"@type":"CommentAction","name":"Comment","target":["https:\/\/folhapopular.info\/index.php\/2024\/07\/26\/alaf-empata-no-primeiro-compromisso-oficial-apos-retomada-por-conta-da-enchete\/#respond"]}]},{"@type":"WebPage","@id":"https:\/\/folhapopular.info\/index.php\/2024\/07\/26\/alaf-empata-no-primeiro-compromisso-oficial-apos-retomada-por-conta-da-enchete\/","url":"https:\/\/folhapopular.info\/index.php\/2024\/07\/26\/alaf-empata-no-primeiro-compromisso-oficial-apos-retomada-por-conta-da-enchete\/","name":"Alaf empata no primeiro compromisso oficial ap\u00f3s retomada por conta da enchete - Folha Popular","isPartOf":{"@id":"https:\/\/folhapopular.info\/#website"},"primaryImageOfPage":{"@id":"https:\/\/folhapopular.info\/index.php\/2024\/07\/26\/alaf-empata-no-primeiro-compromisso-oficial-apos-retomada-por-conta-da-enchete\/#primaryimage"},"image":{"@id":"https:\/\/folhapopular.info\/index.php\/2024\/07\/26\/alaf-empata-no-primeiro-compromisso-oficial-apos-retomada-por-conta-da-enchete\/#primaryimage"},"thumbnailUrl":"https:\/\/folhapopular.info\/wp-content\/uploads\/2024\/07\/20240725203948_3P7A4722-scaled-1.jpg","datePublished":"2024-07-26T19:01:39+00:00","dateModified":"2024-07-26T19:01:45+00:00","author":{"@id":"https:\/\/folhapopular.info\/#\/schema\/person\/2814e8a0df7643585a9ca38bc6eb9d4b"},"breadcrumb":{"@id":"https:\/\/folhapopular.info\/index.php\/2024\/07\/26\/alaf-empata-no-primeiro-compromisso-oficial-apos-retomada-por-conta-da-enchete\/#breadcrumb"},"inLanguage":"pt-BR","potentialAction":[{"@type":"ReadAction","target":["https:\/\/folhapopular.info\/index.php\/2024\/07\/26\/alaf-empata-no-primeiro-compromisso-oficial-apos-retomada-por-conta-da-enchete\/"]}]},{"@type":"ImageObject","inLanguage":"pt-BR","@id":"https:\/\/folhapopular.info\/index.php\/2024\/07\/26\/alaf-empata-no-primeiro-compromisso-oficial-apos-retomada-por-conta-da-enchete\/#primaryimage","url":"https:\/\/folhapopular.info\/wp-content\/uploads\/2024\/07\/20240725203948_3P7A4722-scaled-1.jpg","contentUrl":"https:\/\/folhapopular.info\/wp-content\/uploads\/2024\/07\/20240725203948_3P7A4722-scaled-1.jpg","width":2560,"height":1707,"caption":"Cr\u00e9dito: Kevin Sganzerla \/ Divulga\u00e7\u00e3o"},{"@type":"BreadcrumbList","@id":"https:\/\/folhapopular.info\/index.php\/2024\/07\/26\/alaf-empata-no-primeiro-compromisso-oficial-apos-retomada-por-conta-da-enchete\/#breadcrumb","itemListElement":[{"@type":"ListItem","position":1,"name":"In\u00edcio","item":"https:\/\/folhapopular.info\/"},{"@type":"ListItem","position":2,"name":"Alaf empata no primeiro compromisso oficial ap\u00f3s retomada por conta da enchete"}]},{"@type":"WebSite","@id":"https:\/\/folhapopular.info\/#website","url":"https:\/\/folhapopular.info\/","name":"Folha Popular","description":"Onde voc\u00ea tem vez e voz","potentialAction":[{"@type":"SearchAction","target":{"@type":"EntryPoint","urlTemplate":"https:\/\/folhapopular.info\/?s={search_term_string}"},"query-input":{"@type":"PropertyValueSpecification","valueRequired":true,"valueName":"search_term_string"}}],"inLanguage":"pt-BR"},{"@type":"Person","@id":"https:\/\/folhapopular.info\/#\/schema\/person\/2814e8a0df7643585a9ca38bc6eb9d4b","name":"Reda\u00e7\u00e3o Folha Popular","image":{"@type":"ImageObject","inLanguage":"pt-BR","@id":"https:\/\/folhapopular.info\/wp-content\/uploads\/2026\/04\/Folha-1.webp","url":"https:\/\/folhapopular.info\/wp-content\/uploads\/2026\/04\/Folha-1.webp","contentUrl":"https:\/\/folhapopular.info\/wp-content\/uploads\/2026\/04\/Folha-1.webp","caption":"Reda\u00e7\u00e3o Folha Popular"},"url":"https:\/\/folhapopular.info\/index.php\/author\/redacao\/"}]}},"jetpack_featured_media_url":"https:\/\/folhapopular.info\/wp-content\/uploads\/2024\/07\/20240725203948_3P7A4722-scaled-1.jpg","jetpack_sharing_enabled":true,"amp_enabled":true,"_links":{"self":[{"href":"https:\/\/folhapopular.info\/index.php\/wp-json\/wp\/v2\/posts\/164081","targetHints":{"allow":["GET"]}}],"collection":[{"href":"https:\/\/folhapopular.info\/index.php\/wp-json\/wp\/v2\/posts"}],"about":[{"href":"https:\/\/folhapopular.info\/index.php\/wp-json\/wp\/v2\/types\/post"}],"author":[{"embeddable":true,"href":"https:\/\/folhapopular.info\/index.php\/wp-json\/wp\/v2\/users\/8"}],"replies":[{"embeddable":true,"href":"https:\/\/folhapopular.info\/index.php\/wp-json\/wp\/v2\/comments?post=164081"}],"version-history":[{"count":0,"href":"https:\/\/folhapopular.info\/index.php\/wp-json\/wp\/v2\/posts\/164081\/revisions"}],"wp:featuredmedia":[{"embeddable":true,"href":"https:\/\/folhapopular.info\/index.php\/wp-json\/wp\/v2\/media\/164098"}],"wp:attachment":[{"href":"https:\/\/folhapopular.info\/index.php\/wp-json\/wp\/v2\/media?parent=164081"}],"wp:term":[{"taxonomy":"category","embeddable":true,"href":"https:\/\/folhapopular.info\/index.php\/wp-json\/wp\/v2\/categories?post=164081"},{"taxonomy":"post_tag","embeddable":true,"href":"https:\/\/folhapopular.info\/index.php\/wp-json\/wp\/v2\/tags?post=164081"}],"curies":[{"name":"wp","href":"https:\/\/api.w.org\/{rel}","templated":true}]}}