{"id":164138,"date":"2024-07-27T07:30:18","date_gmt":"2024-07-27T10:30:18","guid":{"rendered":"https:\/\/folhapopular.info\/?p=164138"},"modified":"2024-07-27T07:30:20","modified_gmt":"2024-07-27T10:30:20","slug":"definidos-os-confrontos-da-proxima-fase-da-6a-supercopa-popular-de-futsal","status":"publish","type":"post","link":"https:\/\/folhapopular.info\/index.php\/2024\/07\/27\/definidos-os-confrontos-da-proxima-fase-da-6a-supercopa-popular-de-futsal\/","title":{"rendered":"Definidos os confrontos da pr\u00f3xima fase da 6\u00aa Supercopa Popular de Futsal"},"content":{"rendered":"\n<p>Na noite desta sexta-feira (26\/7) foi disputada a \u00faltima rodada da 1\u00aa fase da 6\u00aa Supercopa Popular de Futsal. As partidas foram marcadas por placares equilibrados e goleadas na Associa\u00e7\u00e3o da \u00c1gua, em Teut\u00f4nia. <\/p>\n\n\n\n<p>Pela categoria Sub-13, a Teut\u00f4nia Juventus goleou a Associa\u00e7\u00e3o Esportiva CPC de Teut\u00f4nia por 9 a 0. No outro jogo, F\u00eanix de Paverama venceu a equipe de Fazenda Vilanova por 3 a 1. <\/p>\n\n\n\n<p>Pelo For\u00e7a Livre, o Uni\u00e3o Olarias de Lajeado goleou a Teut\u00f4nia Futsal por 6 a 3. E no outro duelo, o FC Milion\u00e1rios de Lajeado venceu o Celtic de Teut\u00f4nia por 3 a 0. <\/p>\n\n\n\n<div class=\"wp-block-jetpack-slideshow aligncenter\" data-effect=\"slide\"><div class=\"wp-block-jetpack-slideshow_container swiper-container\"><ul class=\"wp-block-jetpack-slideshow_swiper-wrapper swiper-wrapper\"><li class=\"wp-block-jetpack-slideshow_slide swiper-slide\"><figure><img loading=\"lazy\" decoding=\"async\" width=\"768\" height=\"1024\" alt=\"\" class=\"wp-block-jetpack-slideshow_image wp-image-164139\" data-id=\"164139\" src=\"https:\/\/folhapopular.info\/wp-content\/uploads\/2024\/07\/WhatsApp-Image-2024-07-26-at-21.23.37-768x1024.jpeg\" srcset=\"https:\/\/folhapopular.info\/wp-content\/uploads\/2024\/07\/WhatsApp-Image-2024-07-26-at-21.23.37-768x1024.jpeg 768w, https:\/\/folhapopular.info\/wp-content\/uploads\/2024\/07\/WhatsApp-Image-2024-07-26-at-21.23.37-225x300.jpeg 225w, https:\/\/folhapopular.info\/wp-content\/uploads\/2024\/07\/WhatsApp-Image-2024-07-26-at-21.23.37-1152x1536.jpeg 1152w, https:\/\/folhapopular.info\/wp-content\/uploads\/2024\/07\/WhatsApp-Image-2024-07-26-at-21.23.37-315x420.jpeg 315w, https:\/\/folhapopular.info\/wp-content\/uploads\/2024\/07\/WhatsApp-Image-2024-07-26-at-21.23.37-696x928.jpeg 696w, https:\/\/folhapopular.info\/wp-content\/uploads\/2024\/07\/WhatsApp-Image-2024-07-26-at-21.23.37-1068x1424.jpeg 1068w, https:\/\/folhapopular.info\/wp-content\/uploads\/2024\/07\/WhatsApp-Image-2024-07-26-at-21.23.37.jpeg 1200w\" sizes=\"(max-width: 768px) 100vw, 768px\" \/><figcaption class=\"wp-block-jetpack-slideshow_caption gallery-caption\">Rafael, da Teut\u00f4nia Juventus <\/figcaption><\/figure><\/li><li class=\"wp-block-jetpack-slideshow_slide swiper-slide\"><figure><img loading=\"lazy\" decoding=\"async\" width=\"768\" height=\"1024\" alt=\"\" class=\"wp-block-jetpack-slideshow_image wp-image-164140\" data-id=\"164140\" src=\"https:\/\/folhapopular.info\/wp-content\/uploads\/2024\/07\/WhatsApp-Image-2024-07-26-at-21.23.40-768x1024.jpeg\" srcset=\"https:\/\/folhapopular.info\/wp-content\/uploads\/2024\/07\/WhatsApp-Image-2024-07-26-at-21.23.40-768x1024.jpeg 768w, https:\/\/folhapopular.info\/wp-content\/uploads\/2024\/07\/WhatsApp-Image-2024-07-26-at-21.23.40-225x300.jpeg 225w, https:\/\/folhapopular.info\/wp-content\/uploads\/2024\/07\/WhatsApp-Image-2024-07-26-at-21.23.40-1152x1536.jpeg 1152w, https:\/\/folhapopular.info\/wp-content\/uploads\/2024\/07\/WhatsApp-Image-2024-07-26-at-21.23.40-315x420.jpeg 315w, https:\/\/folhapopular.info\/wp-content\/uploads\/2024\/07\/WhatsApp-Image-2024-07-26-at-21.23.40-696x928.jpeg 696w, https:\/\/folhapopular.info\/wp-content\/uploads\/2024\/07\/WhatsApp-Image-2024-07-26-at-21.23.40-1068x1424.jpeg 1068w, https:\/\/folhapopular.info\/wp-content\/uploads\/2024\/07\/WhatsApp-Image-2024-07-26-at-21.23.40.jpeg 1200w\" sizes=\"(max-width: 768px) 100vw, 768px\" \/><figcaption class=\"wp-block-jetpack-slideshow_caption gallery-caption\">Jo\u00e3o Vitor, do F\u00eanix Paverama <\/figcaption><\/figure><\/li><li class=\"wp-block-jetpack-slideshow_slide swiper-slide\"><figure><img loading=\"lazy\" decoding=\"async\" width=\"768\" height=\"1024\" alt=\"\" class=\"wp-block-jetpack-slideshow_image wp-image-164141\" data-id=\"164141\" src=\"https:\/\/folhapopular.info\/wp-content\/uploads\/2024\/07\/WhatsApp-Image-2024-07-27-at-07.22.53-768x1024.jpeg\" srcset=\"https:\/\/folhapopular.info\/wp-content\/uploads\/2024\/07\/WhatsApp-Image-2024-07-27-at-07.22.53-768x1024.jpeg 768w, https:\/\/folhapopular.info\/wp-content\/uploads\/2024\/07\/WhatsApp-Image-2024-07-27-at-07.22.53-225x300.jpeg 225w, https:\/\/folhapopular.info\/wp-content\/uploads\/2024\/07\/WhatsApp-Image-2024-07-27-at-07.22.53-1152x1536.jpeg 1152w, https:\/\/folhapopular.info\/wp-content\/uploads\/2024\/07\/WhatsApp-Image-2024-07-27-at-07.22.53-315x420.jpeg 315w, https:\/\/folhapopular.info\/wp-content\/uploads\/2024\/07\/WhatsApp-Image-2024-07-27-at-07.22.53-696x928.jpeg 696w, https:\/\/folhapopular.info\/wp-content\/uploads\/2024\/07\/WhatsApp-Image-2024-07-27-at-07.22.53-1068x1424.jpeg 1068w, https:\/\/folhapopular.info\/wp-content\/uploads\/2024\/07\/WhatsApp-Image-2024-07-27-at-07.22.53.jpeg 1200w\" sizes=\"(max-width: 768px) 100vw, 768px\" \/><figcaption class=\"wp-block-jetpack-slideshow_caption gallery-caption\">G\u00e3o, do Uni\u00e3o Olarias <\/figcaption><\/figure><\/li><li class=\"wp-block-jetpack-slideshow_slide swiper-slide\"><figure><img loading=\"lazy\" decoding=\"async\" width=\"768\" height=\"1024\" alt=\"\" class=\"wp-block-jetpack-slideshow_image wp-image-164142\" data-id=\"164142\" src=\"https:\/\/folhapopular.info\/wp-content\/uploads\/2024\/07\/WhatsApp-Image-2024-07-27-at-05.54.03-768x1024.jpeg\" srcset=\"https:\/\/folhapopular.info\/wp-content\/uploads\/2024\/07\/WhatsApp-Image-2024-07-27-at-05.54.03-768x1024.jpeg 768w, https:\/\/folhapopular.info\/wp-content\/uploads\/2024\/07\/WhatsApp-Image-2024-07-27-at-05.54.03-225x300.jpeg 225w, https:\/\/folhapopular.info\/wp-content\/uploads\/2024\/07\/WhatsApp-Image-2024-07-27-at-05.54.03-1152x1536.jpeg 1152w, https:\/\/folhapopular.info\/wp-content\/uploads\/2024\/07\/WhatsApp-Image-2024-07-27-at-05.54.03-315x420.jpeg 315w, https:\/\/folhapopular.info\/wp-content\/uploads\/2024\/07\/WhatsApp-Image-2024-07-27-at-05.54.03-696x928.jpeg 696w, https:\/\/folhapopular.info\/wp-content\/uploads\/2024\/07\/WhatsApp-Image-2024-07-27-at-05.54.03-1068x1424.jpeg 1068w, https:\/\/folhapopular.info\/wp-content\/uploads\/2024\/07\/WhatsApp-Image-2024-07-27-at-05.54.03.jpeg 1200w\" sizes=\"(max-width: 768px) 100vw, 768px\" \/><figcaption class=\"wp-block-jetpack-slideshow_caption gallery-caption\">Kessy, do FC Milion\u00e1rios <\/figcaption><\/figure><\/li><\/ul><a class=\"wp-block-jetpack-slideshow_button-prev swiper-button-prev swiper-button-white\" role=\"button\"><\/a><a class=\"wp-block-jetpack-slideshow_button-next swiper-button-next swiper-button-white\" role=\"button\"><\/a><a aria-label=\"Pause Slideshow\" class=\"wp-block-jetpack-slideshow_button-pause\" role=\"button\"><\/a><div class=\"wp-block-jetpack-slideshow_pagination swiper-pagination swiper-pagination-white\"><\/div><\/div><\/div>\n\n\n\n<p><strong><mark style=\"background-color:#fcb900\" class=\"has-inline-color\">Confira os confrontos da pr\u00f3xima fase <\/mark><\/strong><\/p>\n\n\n\n<p><strong>Quarta-feira (31\/7) &#8211; Associa\u00e7\u00e3o da Languiru <\/strong><\/p>\n\n\n\n<p>Esquenta Banco (Bom Retiro do Sul) x Po\u00e7o das Antas &#8211; S\u00e9rie Prata <\/p>\n\n\n\n<p>Brochier x Atl\u00e9tico Ga\u00facho (Lajeado) &#8211; S\u00e9rie Prata <\/p>\n\n\n\n<p>Reis da Copa (Estrela) x Laranja Mec\u00e2nica (Paverama) &#8211; S\u00e9rie Ouro<\/p>\n\n\n\n<p>NA Limitados (Fazenda Vilanova) x ACFC (Fazenda Vilanova) &#8211; S\u00e9rie Ouro<\/p>\n\n\n\n<p><strong>Sexta-feira (2\/8) &#8211; Associa\u00e7\u00e3o da \u00c1gua <\/strong><\/p>\n\n\n\n<p>Caios Bar (Teut\u00f4nia) x Teut\u00f4nia Futsal &#8211; S\u00e9rie Prata <\/p>\n\n\n\n<p>Celtic (Teut\u00f4nia) x Santiago (Taquari) &#8211; S\u00e9rie Prata <\/p>\n\n\n\n<p>Uni\u00e3o Olarias (Lajeado) x Brocadores (Teut\u00f4nia) &#8211; S\u00e9rie Ouro<\/p>\n\n\n\n<p>Os Guri da 24 (Lajeado) x FC Milion\u00e1rios (Lajeado) &#8211; S\u00e9rie Ouro<\/p>\n","protected":false},"excerpt":{"rendered":"<p>Na noite desta sexta-feira (26\/7) foi disputada a \u00faltima rodada da 1\u00aa fase da 6\u00aa Supercopa Popular de Futsal. As partidas foram marcadas por placares equilibrados e goleadas na Associa\u00e7\u00e3o da \u00c1gua, em Teut\u00f4nia. Pela categoria Sub-13, a Teut\u00f4nia Juventus goleou a Associa\u00e7\u00e3o Esportiva CPC de Teut\u00f4nia por 9 a 0. No outro jogo, F\u00eanix [&hellip;]<\/p>\n","protected":false},"author":601,"featured_media":164144,"comment_status":"open","ping_status":"open","sticky":false,"template":"","format":"standard","meta":{"pmpro_default_level":"","_jetpack_memberships_contains_paid_content":false,"footnotes":""},"categories":[5,530],"tags":[9913,31,810,12356,26],"class_list":{"0":"post-164138","1":"post","2":"type-post","3":"status-publish","4":"format-standard","5":"has-post-thumbnail","7":"category-esportes","8":"category-futsal","9":"tag-6a-edicao","10":"tag-futsal","11":"tag-segunda-fase","12":"tag-supercopa-popular-de-futsal","13":"tag-teutonia","14":"pmpro-has-access"},"yoast_head":"<!-- This site is optimized with the Yoast SEO plugin v27.5 - https:\/\/yoast.com\/product\/yoast-seo-wordpress\/ -->\n<title>Definidos os confrontos da pr\u00f3xima fase da 6\u00aa Supercopa Popular de Futsal - Folha Popular<\/title>\n<meta name=\"robots\" content=\"index, follow, max-snippet:-1, max-image-preview:large, max-video-preview:-1\" \/>\n<link rel=\"canonical\" href=\"https:\/\/folhapopular.info\/index.php\/2024\/07\/27\/definidos-os-confrontos-da-proxima-fase-da-6a-supercopa-popular-de-futsal\/\" \/>\n<meta property=\"og:locale\" content=\"pt_BR\" \/>\n<meta property=\"og:type\" content=\"article\" \/>\n<meta property=\"og:title\" content=\"Definidos os confrontos da pr\u00f3xima fase da 6\u00aa Supercopa Popular de Futsal - Folha Popular\" \/>\n<meta property=\"og:description\" content=\"Na noite desta sexta-feira (26\/7) foi disputada a \u00faltima rodada da 1\u00aa fase da 6\u00aa Supercopa Popular de Futsal. As partidas foram marcadas por placares equilibrados e goleadas na Associa\u00e7\u00e3o da \u00c1gua, em Teut\u00f4nia. Pela categoria Sub-13, a Teut\u00f4nia Juventus goleou a Associa\u00e7\u00e3o Esportiva CPC de Teut\u00f4nia por 9 a 0. No outro jogo, F\u00eanix [&hellip;]\" \/>\n<meta property=\"og:url\" content=\"https:\/\/folhapopular.info\/index.php\/2024\/07\/27\/definidos-os-confrontos-da-proxima-fase-da-6a-supercopa-popular-de-futsal\/\" \/>\n<meta property=\"og:site_name\" content=\"Folha Popular\" \/>\n<meta property=\"article:published_time\" content=\"2024-07-27T10:30:18+00:00\" \/>\n<meta property=\"article:modified_time\" content=\"2024-07-27T10:30:20+00:00\" \/>\n<meta property=\"og:image\" content=\"http:\/\/folhapopular.info\/wp-content\/uploads\/2024\/07\/WhatsApp-Image-2024-07-27-at-07.29.17.jpeg\" \/>\n\t<meta property=\"og:image:width\" content=\"1600\" \/>\n\t<meta property=\"og:image:height\" content=\"1066\" \/>\n\t<meta property=\"og:image:type\" content=\"image\/jpeg\" \/>\n<meta name=\"author\" content=\"Carla Beckmann\" \/>\n<meta name=\"twitter:card\" content=\"summary_large_image\" \/>\n<meta name=\"twitter:label1\" content=\"Escrito por\" \/>\n\t<meta name=\"twitter:data1\" content=\"Carla Beckmann\" \/>\n\t<meta name=\"twitter:label2\" content=\"Est. tempo de leitura\" \/>\n\t<meta name=\"twitter:data2\" content=\"3 minutos\" \/>\n<script type=\"application\/ld+json\" class=\"yoast-schema-graph\">{\"@context\":\"https:\\\/\\\/schema.org\",\"@graph\":[{\"@type\":\"Article\",\"@id\":\"https:\\\/\\\/folhapopular.info\\\/index.php\\\/2024\\\/07\\\/27\\\/definidos-os-confrontos-da-proxima-fase-da-6a-supercopa-popular-de-futsal\\\/#article\",\"isPartOf\":{\"@id\":\"https:\\\/\\\/folhapopular.info\\\/index.php\\\/2024\\\/07\\\/27\\\/definidos-os-confrontos-da-proxima-fase-da-6a-supercopa-popular-de-futsal\\\/\"},\"author\":{\"name\":\"Carla Beckmann\",\"@id\":\"https:\\\/\\\/folhapopular.info\\\/#\\\/schema\\\/person\\\/c9138938e4781f3e1ca513f9bea5659c\"},\"headline\":\"Definidos os confrontos da pr\u00f3xima fase da 6\u00aa Supercopa Popular de Futsal\",\"datePublished\":\"2024-07-27T10:30:18+00:00\",\"dateModified\":\"2024-07-27T10:30:20+00:00\",\"mainEntityOfPage\":{\"@id\":\"https:\\\/\\\/folhapopular.info\\\/index.php\\\/2024\\\/07\\\/27\\\/definidos-os-confrontos-da-proxima-fase-da-6a-supercopa-popular-de-futsal\\\/\"},\"wordCount\":253,\"commentCount\":0,\"image\":{\"@id\":\"https:\\\/\\\/folhapopular.info\\\/index.php\\\/2024\\\/07\\\/27\\\/definidos-os-confrontos-da-proxima-fase-da-6a-supercopa-popular-de-futsal\\\/#primaryimage\"},\"thumbnailUrl\":\"https:\\\/\\\/folhapopular.info\\\/wp-content\\\/uploads\\\/2024\\\/07\\\/WhatsApp-Image-2024-07-27-at-07.29.17.jpeg\",\"keywords\":[\"6\u00aa edi\u00e7\u00e3o\",\"Futsal\",\"segunda fase\",\"Supercopa Popular de Futsal\",\"Teut\u00f4nia\"],\"articleSection\":[\"Esportes\",\"Futsal\"],\"inLanguage\":\"pt-BR\",\"potentialAction\":[{\"@type\":\"CommentAction\",\"name\":\"Comment\",\"target\":[\"https:\\\/\\\/folhapopular.info\\\/index.php\\\/2024\\\/07\\\/27\\\/definidos-os-confrontos-da-proxima-fase-da-6a-supercopa-popular-de-futsal\\\/#respond\"]}]},{\"@type\":\"WebPage\",\"@id\":\"https:\\\/\\\/folhapopular.info\\\/index.php\\\/2024\\\/07\\\/27\\\/definidos-os-confrontos-da-proxima-fase-da-6a-supercopa-popular-de-futsal\\\/\",\"url\":\"https:\\\/\\\/folhapopular.info\\\/index.php\\\/2024\\\/07\\\/27\\\/definidos-os-confrontos-da-proxima-fase-da-6a-supercopa-popular-de-futsal\\\/\",\"name\":\"Definidos os confrontos da pr\u00f3xima fase da 6\u00aa Supercopa Popular de Futsal - Folha Popular\",\"isPartOf\":{\"@id\":\"https:\\\/\\\/folhapopular.info\\\/#website\"},\"primaryImageOfPage\":{\"@id\":\"https:\\\/\\\/folhapopular.info\\\/index.php\\\/2024\\\/07\\\/27\\\/definidos-os-confrontos-da-proxima-fase-da-6a-supercopa-popular-de-futsal\\\/#primaryimage\"},\"image\":{\"@id\":\"https:\\\/\\\/folhapopular.info\\\/index.php\\\/2024\\\/07\\\/27\\\/definidos-os-confrontos-da-proxima-fase-da-6a-supercopa-popular-de-futsal\\\/#primaryimage\"},\"thumbnailUrl\":\"https:\\\/\\\/folhapopular.info\\\/wp-content\\\/uploads\\\/2024\\\/07\\\/WhatsApp-Image-2024-07-27-at-07.29.17.jpeg\",\"datePublished\":\"2024-07-27T10:30:18+00:00\",\"dateModified\":\"2024-07-27T10:30:20+00:00\",\"author\":{\"@id\":\"https:\\\/\\\/folhapopular.info\\\/#\\\/schema\\\/person\\\/c9138938e4781f3e1ca513f9bea5659c\"},\"breadcrumb\":{\"@id\":\"https:\\\/\\\/folhapopular.info\\\/index.php\\\/2024\\\/07\\\/27\\\/definidos-os-confrontos-da-proxima-fase-da-6a-supercopa-popular-de-futsal\\\/#breadcrumb\"},\"inLanguage\":\"pt-BR\",\"potentialAction\":[{\"@type\":\"ReadAction\",\"target\":[\"https:\\\/\\\/folhapopular.info\\\/index.php\\\/2024\\\/07\\\/27\\\/definidos-os-confrontos-da-proxima-fase-da-6a-supercopa-popular-de-futsal\\\/\"]}]},{\"@type\":\"ImageObject\",\"inLanguage\":\"pt-BR\",\"@id\":\"https:\\\/\\\/folhapopular.info\\\/index.php\\\/2024\\\/07\\\/27\\\/definidos-os-confrontos-da-proxima-fase-da-6a-supercopa-popular-de-futsal\\\/#primaryimage\",\"url\":\"https:\\\/\\\/folhapopular.info\\\/wp-content\\\/uploads\\\/2024\\\/07\\\/WhatsApp-Image-2024-07-27-at-07.29.17.jpeg\",\"contentUrl\":\"https:\\\/\\\/folhapopular.info\\\/wp-content\\\/uploads\\\/2024\\\/07\\\/WhatsApp-Image-2024-07-27-at-07.29.17.jpeg\",\"width\":1600,\"height\":1066,\"caption\":\"FC Milion\u00e1rios (Azul) venceu o Celtic (Verde) e garantiu vaga na S\u00e9rie Ouro \\\/ Cr\u00e9dito das fotos: Carla Beckmann\"},{\"@type\":\"BreadcrumbList\",\"@id\":\"https:\\\/\\\/folhapopular.info\\\/index.php\\\/2024\\\/07\\\/27\\\/definidos-os-confrontos-da-proxima-fase-da-6a-supercopa-popular-de-futsal\\\/#breadcrumb\",\"itemListElement\":[{\"@type\":\"ListItem\",\"position\":1,\"name\":\"In\u00edcio\",\"item\":\"https:\\\/\\\/folhapopular.info\\\/\"},{\"@type\":\"ListItem\",\"position\":2,\"name\":\"Definidos os confrontos da pr\u00f3xima fase da 6\u00aa Supercopa Popular de Futsal\"}]},{\"@type\":\"WebSite\",\"@id\":\"https:\\\/\\\/folhapopular.info\\\/#website\",\"url\":\"https:\\\/\\\/folhapopular.info\\\/\",\"name\":\"Folha Popular\",\"description\":\"Onde voc\u00ea tem vez e voz\",\"potentialAction\":[{\"@type\":\"SearchAction\",\"target\":{\"@type\":\"EntryPoint\",\"urlTemplate\":\"https:\\\/\\\/folhapopular.info\\\/?s={search_term_string}\"},\"query-input\":{\"@type\":\"PropertyValueSpecification\",\"valueRequired\":true,\"valueName\":\"search_term_string\"}}],\"inLanguage\":\"pt-BR\"},{\"@type\":\"Person\",\"@id\":\"https:\\\/\\\/folhapopular.info\\\/#\\\/schema\\\/person\\\/c9138938e4781f3e1ca513f9bea5659c\",\"name\":\"Carla Beckmann\",\"image\":{\"@type\":\"ImageObject\",\"inLanguage\":\"pt-BR\",\"@id\":\"https:\\\/\\\/secure.gravatar.com\\\/avatar\\\/790078f6ade9f70c31db5a673b88c15df0904c2847c456b3599f72843ac11eb9?s=96&d=mm&r=g\",\"url\":\"https:\\\/\\\/secure.gravatar.com\\\/avatar\\\/790078f6ade9f70c31db5a673b88c15df0904c2847c456b3599f72843ac11eb9?s=96&d=mm&r=g\",\"contentUrl\":\"https:\\\/\\\/secure.gravatar.com\\\/avatar\\\/790078f6ade9f70c31db5a673b88c15df0904c2847c456b3599f72843ac11eb9?s=96&d=mm&r=g\",\"caption\":\"Carla Beckmann\"},\"url\":\"https:\\\/\\\/folhapopular.info\\\/index.php\\\/author\\\/carlabeckmann03gmail-com\\\/\"}]}<\/script>\n<!-- \/ Yoast SEO plugin. -->","yoast_head_json":{"title":"Definidos os confrontos da pr\u00f3xima fase da 6\u00aa Supercopa Popular de Futsal - Folha Popular","robots":{"index":"index","follow":"follow","max-snippet":"max-snippet:-1","max-image-preview":"max-image-preview:large","max-video-preview":"max-video-preview:-1"},"canonical":"https:\/\/folhapopular.info\/index.php\/2024\/07\/27\/definidos-os-confrontos-da-proxima-fase-da-6a-supercopa-popular-de-futsal\/","og_locale":"pt_BR","og_type":"article","og_title":"Definidos os confrontos da pr\u00f3xima fase da 6\u00aa Supercopa Popular de Futsal - Folha Popular","og_description":"Na noite desta sexta-feira (26\/7) foi disputada a \u00faltima rodada da 1\u00aa fase da 6\u00aa Supercopa Popular de Futsal. As partidas foram marcadas por placares equilibrados e goleadas na Associa\u00e7\u00e3o da \u00c1gua, em Teut\u00f4nia. Pela categoria Sub-13, a Teut\u00f4nia Juventus goleou a Associa\u00e7\u00e3o Esportiva CPC de Teut\u00f4nia por 9 a 0. No outro jogo, F\u00eanix [&hellip;]","og_url":"https:\/\/folhapopular.info\/index.php\/2024\/07\/27\/definidos-os-confrontos-da-proxima-fase-da-6a-supercopa-popular-de-futsal\/","og_site_name":"Folha Popular","article_published_time":"2024-07-27T10:30:18+00:00","article_modified_time":"2024-07-27T10:30:20+00:00","og_image":[{"width":1600,"height":1066,"url":"http:\/\/folhapopular.info\/wp-content\/uploads\/2024\/07\/WhatsApp-Image-2024-07-27-at-07.29.17.jpeg","type":"image\/jpeg"}],"author":"Carla Beckmann","twitter_card":"summary_large_image","twitter_misc":{"Escrito por":"Carla Beckmann","Est. tempo de leitura":"3 minutos"},"schema":{"@context":"https:\/\/schema.org","@graph":[{"@type":"Article","@id":"https:\/\/folhapopular.info\/index.php\/2024\/07\/27\/definidos-os-confrontos-da-proxima-fase-da-6a-supercopa-popular-de-futsal\/#article","isPartOf":{"@id":"https:\/\/folhapopular.info\/index.php\/2024\/07\/27\/definidos-os-confrontos-da-proxima-fase-da-6a-supercopa-popular-de-futsal\/"},"author":{"name":"Carla Beckmann","@id":"https:\/\/folhapopular.info\/#\/schema\/person\/c9138938e4781f3e1ca513f9bea5659c"},"headline":"Definidos os confrontos da pr\u00f3xima fase da 6\u00aa Supercopa Popular de Futsal","datePublished":"2024-07-27T10:30:18+00:00","dateModified":"2024-07-27T10:30:20+00:00","mainEntityOfPage":{"@id":"https:\/\/folhapopular.info\/index.php\/2024\/07\/27\/definidos-os-confrontos-da-proxima-fase-da-6a-supercopa-popular-de-futsal\/"},"wordCount":253,"commentCount":0,"image":{"@id":"https:\/\/folhapopular.info\/index.php\/2024\/07\/27\/definidos-os-confrontos-da-proxima-fase-da-6a-supercopa-popular-de-futsal\/#primaryimage"},"thumbnailUrl":"https:\/\/folhapopular.info\/wp-content\/uploads\/2024\/07\/WhatsApp-Image-2024-07-27-at-07.29.17.jpeg","keywords":["6\u00aa edi\u00e7\u00e3o","Futsal","segunda fase","Supercopa Popular de Futsal","Teut\u00f4nia"],"articleSection":["Esportes","Futsal"],"inLanguage":"pt-BR","potentialAction":[{"@type":"CommentAction","name":"Comment","target":["https:\/\/folhapopular.info\/index.php\/2024\/07\/27\/definidos-os-confrontos-da-proxima-fase-da-6a-supercopa-popular-de-futsal\/#respond"]}]},{"@type":"WebPage","@id":"https:\/\/folhapopular.info\/index.php\/2024\/07\/27\/definidos-os-confrontos-da-proxima-fase-da-6a-supercopa-popular-de-futsal\/","url":"https:\/\/folhapopular.info\/index.php\/2024\/07\/27\/definidos-os-confrontos-da-proxima-fase-da-6a-supercopa-popular-de-futsal\/","name":"Definidos os confrontos da pr\u00f3xima fase da 6\u00aa Supercopa Popular de Futsal - Folha Popular","isPartOf":{"@id":"https:\/\/folhapopular.info\/#website"},"primaryImageOfPage":{"@id":"https:\/\/folhapopular.info\/index.php\/2024\/07\/27\/definidos-os-confrontos-da-proxima-fase-da-6a-supercopa-popular-de-futsal\/#primaryimage"},"image":{"@id":"https:\/\/folhapopular.info\/index.php\/2024\/07\/27\/definidos-os-confrontos-da-proxima-fase-da-6a-supercopa-popular-de-futsal\/#primaryimage"},"thumbnailUrl":"https:\/\/folhapopular.info\/wp-content\/uploads\/2024\/07\/WhatsApp-Image-2024-07-27-at-07.29.17.jpeg","datePublished":"2024-07-27T10:30:18+00:00","dateModified":"2024-07-27T10:30:20+00:00","author":{"@id":"https:\/\/folhapopular.info\/#\/schema\/person\/c9138938e4781f3e1ca513f9bea5659c"},"breadcrumb":{"@id":"https:\/\/folhapopular.info\/index.php\/2024\/07\/27\/definidos-os-confrontos-da-proxima-fase-da-6a-supercopa-popular-de-futsal\/#breadcrumb"},"inLanguage":"pt-BR","potentialAction":[{"@type":"ReadAction","target":["https:\/\/folhapopular.info\/index.php\/2024\/07\/27\/definidos-os-confrontos-da-proxima-fase-da-6a-supercopa-popular-de-futsal\/"]}]},{"@type":"ImageObject","inLanguage":"pt-BR","@id":"https:\/\/folhapopular.info\/index.php\/2024\/07\/27\/definidos-os-confrontos-da-proxima-fase-da-6a-supercopa-popular-de-futsal\/#primaryimage","url":"https:\/\/folhapopular.info\/wp-content\/uploads\/2024\/07\/WhatsApp-Image-2024-07-27-at-07.29.17.jpeg","contentUrl":"https:\/\/folhapopular.info\/wp-content\/uploads\/2024\/07\/WhatsApp-Image-2024-07-27-at-07.29.17.jpeg","width":1600,"height":1066,"caption":"FC Milion\u00e1rios (Azul) venceu o Celtic (Verde) e garantiu vaga na S\u00e9rie Ouro \/ Cr\u00e9dito das fotos: Carla Beckmann"},{"@type":"BreadcrumbList","@id":"https:\/\/folhapopular.info\/index.php\/2024\/07\/27\/definidos-os-confrontos-da-proxima-fase-da-6a-supercopa-popular-de-futsal\/#breadcrumb","itemListElement":[{"@type":"ListItem","position":1,"name":"In\u00edcio","item":"https:\/\/folhapopular.info\/"},{"@type":"ListItem","position":2,"name":"Definidos os confrontos da pr\u00f3xima fase da 6\u00aa Supercopa Popular de Futsal"}]},{"@type":"WebSite","@id":"https:\/\/folhapopular.info\/#website","url":"https:\/\/folhapopular.info\/","name":"Folha Popular","description":"Onde voc\u00ea tem vez e voz","potentialAction":[{"@type":"SearchAction","target":{"@type":"EntryPoint","urlTemplate":"https:\/\/folhapopular.info\/?s={search_term_string}"},"query-input":{"@type":"PropertyValueSpecification","valueRequired":true,"valueName":"search_term_string"}}],"inLanguage":"pt-BR"},{"@type":"Person","@id":"https:\/\/folhapopular.info\/#\/schema\/person\/c9138938e4781f3e1ca513f9bea5659c","name":"Carla Beckmann","image":{"@type":"ImageObject","inLanguage":"pt-BR","@id":"https:\/\/secure.gravatar.com\/avatar\/790078f6ade9f70c31db5a673b88c15df0904c2847c456b3599f72843ac11eb9?s=96&d=mm&r=g","url":"https:\/\/secure.gravatar.com\/avatar\/790078f6ade9f70c31db5a673b88c15df0904c2847c456b3599f72843ac11eb9?s=96&d=mm&r=g","contentUrl":"https:\/\/secure.gravatar.com\/avatar\/790078f6ade9f70c31db5a673b88c15df0904c2847c456b3599f72843ac11eb9?s=96&d=mm&r=g","caption":"Carla Beckmann"},"url":"https:\/\/folhapopular.info\/index.php\/author\/carlabeckmann03gmail-com\/"}]}},"jetpack_featured_media_url":"https:\/\/folhapopular.info\/wp-content\/uploads\/2024\/07\/WhatsApp-Image-2024-07-27-at-07.29.17.jpeg","jetpack_sharing_enabled":true,"amp_enabled":true,"_links":{"self":[{"href":"https:\/\/folhapopular.info\/index.php\/wp-json\/wp\/v2\/posts\/164138","targetHints":{"allow":["GET"]}}],"collection":[{"href":"https:\/\/folhapopular.info\/index.php\/wp-json\/wp\/v2\/posts"}],"about":[{"href":"https:\/\/folhapopular.info\/index.php\/wp-json\/wp\/v2\/types\/post"}],"author":[{"embeddable":true,"href":"https:\/\/folhapopular.info\/index.php\/wp-json\/wp\/v2\/users\/601"}],"replies":[{"embeddable":true,"href":"https:\/\/folhapopular.info\/index.php\/wp-json\/wp\/v2\/comments?post=164138"}],"version-history":[{"count":0,"href":"https:\/\/folhapopular.info\/index.php\/wp-json\/wp\/v2\/posts\/164138\/revisions"}],"wp:featuredmedia":[{"embeddable":true,"href":"https:\/\/folhapopular.info\/index.php\/wp-json\/wp\/v2\/media\/164144"}],"wp:attachment":[{"href":"https:\/\/folhapopular.info\/index.php\/wp-json\/wp\/v2\/media?parent=164138"}],"wp:term":[{"taxonomy":"category","embeddable":true,"href":"https:\/\/folhapopular.info\/index.php\/wp-json\/wp\/v2\/categories?post=164138"},{"taxonomy":"post_tag","embeddable":true,"href":"https:\/\/folhapopular.info\/index.php\/wp-json\/wp\/v2\/tags?post=164138"}],"curies":[{"name":"wp","href":"https:\/\/api.w.org\/{rel}","templated":true}]}}