{"id":164263,"date":"2024-07-27T22:37:17","date_gmt":"2024-07-28T01:37:17","guid":{"rendered":"https:\/\/folhapopular.info\/?p=164263"},"modified":"2024-07-27T22:37:53","modified_gmt":"2024-07-28T01:37:53","slug":"psdb-e-uniao-brasil-oficializam-jonatan-e-sandra-para-concorrer-em-teutonia","status":"publish","type":"post","link":"https:\/\/folhapopular.info\/index.php\/2024\/07\/27\/psdb-e-uniao-brasil-oficializam-jonatan-e-sandra-para-concorrer-em-teutonia\/","title":{"rendered":"PSDB e Uni\u00e3o Brasil oficializam Jonatan e Sandra para concorrer em Teut\u00f4nia"},"content":{"rendered":"\n<p>Os dois partidos realizaram as conven\u00e7\u00f5es no fim da tarde e in\u00edcio da noite deste s\u00e1bado (27\/7), no Gr\u00eamio Recreativo Canabarrense. A chapa majorit\u00e1ria ter\u00e1 Jonatan Br\u00f6nstrup (PSDB) como candidato a prefeito e Sandra Anete Tiggemann (UB) como candidata a vice. As duas siglas tamb\u00e9m ter\u00e3o nominata completa para concorrer a vereador: 12 nomes cada um.<\/p>\n\n\n\n<p>Jonatan pretende construir suas plataformas de governo &#8220;ouvindo a comunidade e as lideran\u00e7as&#8221; nesta quarta candidatura consecutiva para prefeito. &#8220;Sensa\u00e7\u00e3o de muita responsabilidade e de gratid\u00e3o pela confian\u00e7a desses dois partidos para liderar um projeto de muitas propostas&#8221;, apresenta.<\/p>\n\n\n\n<p>Sandra Tiggemann agradeceu a oportunidade e a confian\u00e7a para retornar a um pleito. &#8220;Fiquei muito feliz, pois a ideia n\u00e3o era mais concorrer. Decidi aceitar pelo apoio e pela confian\u00e7a que recebi do Uni\u00e3o Brasil para fazer um bom trabalho por Teut\u00f4nia&#8221;, comenta.<\/p>\n\n\n\n<h2 class=\"wp-block-heading\"><strong>Candidatos a vereador<\/strong><\/h2>\n\n\n\n<p><strong>Uni\u00e3o Brasil<\/strong><\/p>\n\n\n\n<p>Adeildo dos Santos Duarte<br>Bruno Letier Angelo Cardoso<br>H\u00e9rcio Landmeier<br>Jary Marino Terhorst<br>Paulo Westenhofen<br>Richer Cardoso Oliveira<br>Willian Fiegenbaum Marques<br>Claudiomir de Souza<br>Alesandra Plautz<br>Carli Cleana Kaiber<br>Sirlei Christ Dummel<br>(ainda ser\u00e1 informado o nome da quarta mulher)<\/p>\n\n\n\n<p><strong>PSDB<\/strong><\/p>\n\n\n\n<p>Ricardo Roth<br>Uriel Bazanella<br>Ademir Tischer<br>Ricardo Marques<br>Paulo Duarte<br>Robson da Costa<br>H\u00e9lio Brand\u00e3o da Silva<br>Hil\u00e1rio Jos\u00e9 Mallmann<br>Rosana Schneider R\u00fchrwiem<br>J\u00e9ssica Rosa<br>Neide Jaqueline Schwarz<br>Simone Machado dos Santos Jantsch<\/p>\n\n\n\n<div class=\"wp-block-jetpack-slideshow aligncenter\" data-effect=\"slide\"><div class=\"wp-block-jetpack-slideshow_container swiper-container\"><ul class=\"wp-block-jetpack-slideshow_swiper-wrapper swiper-wrapper\"><li class=\"wp-block-jetpack-slideshow_slide swiper-slide\"><figure><img loading=\"lazy\" decoding=\"async\" width=\"1024\" height=\"768\" alt=\"\" class=\"wp-block-jetpack-slideshow_image wp-image-164264\" data-id=\"164264\" src=\"https:\/\/folhapopular.info\/wp-content\/uploads\/2024\/07\/Jonatan-Bronstrup-e-Sandra-Tiggemann-concorrerao-juntos-1024x768.jpeg\" srcset=\"https:\/\/folhapopular.info\/wp-content\/uploads\/2024\/07\/Jonatan-Bronstrup-e-Sandra-Tiggemann-concorrerao-juntos-1024x768.jpeg 1024w, https:\/\/folhapopular.info\/wp-content\/uploads\/2024\/07\/Jonatan-Bronstrup-e-Sandra-Tiggemann-concorrerao-juntos-300x225.jpeg 300w, https:\/\/folhapopular.info\/wp-content\/uploads\/2024\/07\/Jonatan-Bronstrup-e-Sandra-Tiggemann-concorrerao-juntos-768x576.jpeg 768w, https:\/\/folhapopular.info\/wp-content\/uploads\/2024\/07\/Jonatan-Bronstrup-e-Sandra-Tiggemann-concorrerao-juntos-1536x1152.jpeg 1536w, https:\/\/folhapopular.info\/wp-content\/uploads\/2024\/07\/Jonatan-Bronstrup-e-Sandra-Tiggemann-concorrerao-juntos-2048x1536.jpeg 2048w, https:\/\/folhapopular.info\/wp-content\/uploads\/2024\/07\/Jonatan-Bronstrup-e-Sandra-Tiggemann-concorrerao-juntos-560x420.jpeg 560w, https:\/\/folhapopular.info\/wp-content\/uploads\/2024\/07\/Jonatan-Bronstrup-e-Sandra-Tiggemann-concorrerao-juntos-80x60.jpeg 80w, https:\/\/folhapopular.info\/wp-content\/uploads\/2024\/07\/Jonatan-Bronstrup-e-Sandra-Tiggemann-concorrerao-juntos-696x522.jpeg 696w, https:\/\/folhapopular.info\/wp-content\/uploads\/2024\/07\/Jonatan-Bronstrup-e-Sandra-Tiggemann-concorrerao-juntos-1068x801.jpeg 1068w, https:\/\/folhapopular.info\/wp-content\/uploads\/2024\/07\/Jonatan-Bronstrup-e-Sandra-Tiggemann-concorrerao-juntos-1920x1440.jpeg 1920w\" sizes=\"(max-width: 1024px) 100vw, 1024px\" \/><figcaption class=\"wp-block-jetpack-slideshow_caption gallery-caption\">Jonatan Br\u00f6nstrup e Sandra Tiggemann concorrer\u00e3o juntos \/\/ Cr\u00e9dito: Divulga\u00e7\u00e3o<\/figcaption><\/figure><\/li><li class=\"wp-block-jetpack-slideshow_slide swiper-slide\"><figure><img loading=\"lazy\" decoding=\"async\" width=\"1024\" height=\"495\" alt=\"\" class=\"wp-block-jetpack-slideshow_image wp-image-164266\" data-id=\"164266\" src=\"https:\/\/folhapopular.info\/wp-content\/uploads\/2024\/07\/WhatsApp-Image-2024-07-27-at-22.32.54-1024x495.jpeg\" srcset=\"https:\/\/folhapopular.info\/wp-content\/uploads\/2024\/07\/WhatsApp-Image-2024-07-27-at-22.32.54-1024x495.jpeg 1024w, https:\/\/folhapopular.info\/wp-content\/uploads\/2024\/07\/WhatsApp-Image-2024-07-27-at-22.32.54-300x145.jpeg 300w, https:\/\/folhapopular.info\/wp-content\/uploads\/2024\/07\/WhatsApp-Image-2024-07-27-at-22.32.54-768x372.jpeg 768w, https:\/\/folhapopular.info\/wp-content\/uploads\/2024\/07\/WhatsApp-Image-2024-07-27-at-22.32.54-1536x743.jpeg 1536w, https:\/\/folhapopular.info\/wp-content\/uploads\/2024\/07\/WhatsApp-Image-2024-07-27-at-22.32.54-2048x991.jpeg 2048w, https:\/\/folhapopular.info\/wp-content\/uploads\/2024\/07\/WhatsApp-Image-2024-07-27-at-22.32.54-868x420.jpeg 868w, https:\/\/folhapopular.info\/wp-content\/uploads\/2024\/07\/WhatsApp-Image-2024-07-27-at-22.32.54-696x337.jpeg 696w, https:\/\/folhapopular.info\/wp-content\/uploads\/2024\/07\/WhatsApp-Image-2024-07-27-at-22.32.54-1068x517.jpeg 1068w, https:\/\/folhapopular.info\/wp-content\/uploads\/2024\/07\/WhatsApp-Image-2024-07-27-at-22.32.54-1920x929.jpeg 1920w\" sizes=\"(max-width: 1024px) 100vw, 1024px\" \/><figcaption class=\"wp-block-jetpack-slideshow_caption gallery-caption\">Uni\u00e3o Brasil e PSDB fizeram conven\u00e7\u00e3o neste s\u00e1bado (27\/7) \/\/ Cr\u00e9dito: Divulga\u00e7\u00e3o<\/figcaption><\/figure><\/li><\/ul><a class=\"wp-block-jetpack-slideshow_button-prev swiper-button-prev swiper-button-white\" role=\"button\"><\/a><a class=\"wp-block-jetpack-slideshow_button-next swiper-button-next swiper-button-white\" role=\"button\"><\/a><a aria-label=\"Pause Slideshow\" class=\"wp-block-jetpack-slideshow_button-pause\" role=\"button\"><\/a><div class=\"wp-block-jetpack-slideshow_pagination swiper-pagination swiper-pagination-white\"><\/div><\/div><\/div>\n","protected":false},"excerpt":{"rendered":"<p>Os dois partidos realizaram as conven\u00e7\u00f5es no fim da tarde e in\u00edcio da noite deste s\u00e1bado (27\/7), no Gr\u00eamio Recreativo Canabarrense. A chapa majorit\u00e1ria ter\u00e1 Jonatan Br\u00f6nstrup (PSDB) como candidato a prefeito e Sandra Anete Tiggemann (UB) como candidata a vice. As duas siglas tamb\u00e9m ter\u00e3o nominata completa para concorrer a vereador: 12 nomes cada [&hellip;]<\/p>\n","protected":false},"author":8,"featured_media":164265,"comment_status":"open","ping_status":"open","sticky":false,"template":"","format":"standard","meta":{"pmpro_default_level":"","_jetpack_memberships_contains_paid_content":false,"footnotes":""},"categories":[2,3553,15550,10985],"tags":[15299,26,156],"class_list":{"0":"post-164263","1":"post","2":"type-post","3":"status-publish","4":"format-standard","5":"has-post-thumbnail","7":"category-featured","8":"category-eleicoes","9":"category-eleicoes-2024","10":"category-politica","11":"tag-eleicao-2024","12":"tag-teutonia","13":"tag-vale-do-taquari","14":"pmpro-has-access"},"yoast_head":"<!-- This site is optimized with the Yoast SEO plugin v27.5 - https:\/\/yoast.com\/product\/yoast-seo-wordpress\/ -->\n<title>PSDB e Uni\u00e3o Brasil oficializam Jonatan e Sandra para concorrer em Teut\u00f4nia - Folha Popular<\/title>\n<meta name=\"robots\" content=\"index, follow, max-snippet:-1, max-image-preview:large, max-video-preview:-1\" \/>\n<link rel=\"canonical\" href=\"https:\/\/folhapopular.info\/index.php\/2024\/07\/27\/psdb-e-uniao-brasil-oficializam-jonatan-e-sandra-para-concorrer-em-teutonia\/\" \/>\n<meta property=\"og:locale\" content=\"pt_BR\" \/>\n<meta property=\"og:type\" content=\"article\" \/>\n<meta property=\"og:title\" content=\"PSDB e Uni\u00e3o Brasil oficializam Jonatan e Sandra para concorrer em Teut\u00f4nia - Folha Popular\" \/>\n<meta property=\"og:description\" content=\"Os dois partidos realizaram as conven\u00e7\u00f5es no fim da tarde e in\u00edcio da noite deste s\u00e1bado (27\/7), no Gr\u00eamio Recreativo Canabarrense. A chapa majorit\u00e1ria ter\u00e1 Jonatan Br\u00f6nstrup (PSDB) como candidato a prefeito e Sandra Anete Tiggemann (UB) como candidata a vice. As duas siglas tamb\u00e9m ter\u00e3o nominata completa para concorrer a vereador: 12 nomes cada [&hellip;]\" \/>\n<meta property=\"og:url\" content=\"https:\/\/folhapopular.info\/index.php\/2024\/07\/27\/psdb-e-uniao-brasil-oficializam-jonatan-e-sandra-para-concorrer-em-teutonia\/\" \/>\n<meta property=\"og:site_name\" content=\"Folha Popular\" \/>\n<meta property=\"article:published_time\" content=\"2024-07-28T01:37:17+00:00\" \/>\n<meta property=\"article:modified_time\" content=\"2024-07-28T01:37:53+00:00\" \/>\n<meta property=\"og:image\" content=\"http:\/\/folhapopular.info\/wp-content\/uploads\/2024\/07\/WhatsApp-Image-2024-07-27-at-22.32.25-scaled.jpeg\" \/>\n\t<meta property=\"og:image:width\" content=\"2560\" \/>\n\t<meta property=\"og:image:height\" content=\"1119\" \/>\n\t<meta property=\"og:image:type\" content=\"image\/jpeg\" \/>\n<meta name=\"author\" content=\"Reda\u00e7\u00e3o Folha Popular\" \/>\n<meta name=\"twitter:card\" content=\"summary_large_image\" \/>\n<meta name=\"twitter:label1\" content=\"Escrito por\" \/>\n\t<meta name=\"twitter:data1\" content=\"Reda\u00e7\u00e3o Folha Popular\" \/>\n\t<meta name=\"twitter:label2\" content=\"Est. tempo de leitura\" \/>\n\t<meta name=\"twitter:data2\" content=\"2 minutos\" \/>\n<script type=\"application\/ld+json\" class=\"yoast-schema-graph\">{\"@context\":\"https:\\\/\\\/schema.org\",\"@graph\":[{\"@type\":\"Article\",\"@id\":\"https:\\\/\\\/folhapopular.info\\\/index.php\\\/2024\\\/07\\\/27\\\/psdb-e-uniao-brasil-oficializam-jonatan-e-sandra-para-concorrer-em-teutonia\\\/#article\",\"isPartOf\":{\"@id\":\"https:\\\/\\\/folhapopular.info\\\/index.php\\\/2024\\\/07\\\/27\\\/psdb-e-uniao-brasil-oficializam-jonatan-e-sandra-para-concorrer-em-teutonia\\\/\"},\"author\":{\"name\":\"Reda\u00e7\u00e3o Folha Popular\",\"@id\":\"https:\\\/\\\/folhapopular.info\\\/#\\\/schema\\\/person\\\/2814e8a0df7643585a9ca38bc6eb9d4b\"},\"headline\":\"PSDB e Uni\u00e3o Brasil oficializam Jonatan e Sandra para concorrer em Teut\u00f4nia\",\"datePublished\":\"2024-07-28T01:37:17+00:00\",\"dateModified\":\"2024-07-28T01:37:53+00:00\",\"mainEntityOfPage\":{\"@id\":\"https:\\\/\\\/folhapopular.info\\\/index.php\\\/2024\\\/07\\\/27\\\/psdb-e-uniao-brasil-oficializam-jonatan-e-sandra-para-concorrer-em-teutonia\\\/\"},\"wordCount\":260,\"commentCount\":0,\"image\":{\"@id\":\"https:\\\/\\\/folhapopular.info\\\/index.php\\\/2024\\\/07\\\/27\\\/psdb-e-uniao-brasil-oficializam-jonatan-e-sandra-para-concorrer-em-teutonia\\\/#primaryimage\"},\"thumbnailUrl\":\"https:\\\/\\\/folhapopular.info\\\/wp-content\\\/uploads\\\/2024\\\/07\\\/WhatsApp-Image-2024-07-27-at-22.32.25-scaled.jpeg\",\"keywords\":[\"elei\u00e7\u00e3o 2024\",\"Teut\u00f4nia\",\"Vale do Taquari\"],\"articleSection\":[\"Destaques\",\"Elei\u00e7\u00f5es\",\"Elei\u00e7\u00f5es 2024\",\"Pol\u00edtica\"],\"inLanguage\":\"pt-BR\",\"potentialAction\":[{\"@type\":\"CommentAction\",\"name\":\"Comment\",\"target\":[\"https:\\\/\\\/folhapopular.info\\\/index.php\\\/2024\\\/07\\\/27\\\/psdb-e-uniao-brasil-oficializam-jonatan-e-sandra-para-concorrer-em-teutonia\\\/#respond\"]}]},{\"@type\":\"WebPage\",\"@id\":\"https:\\\/\\\/folhapopular.info\\\/index.php\\\/2024\\\/07\\\/27\\\/psdb-e-uniao-brasil-oficializam-jonatan-e-sandra-para-concorrer-em-teutonia\\\/\",\"url\":\"https:\\\/\\\/folhapopular.info\\\/index.php\\\/2024\\\/07\\\/27\\\/psdb-e-uniao-brasil-oficializam-jonatan-e-sandra-para-concorrer-em-teutonia\\\/\",\"name\":\"PSDB e Uni\u00e3o Brasil oficializam Jonatan e Sandra para concorrer em Teut\u00f4nia - Folha Popular\",\"isPartOf\":{\"@id\":\"https:\\\/\\\/folhapopular.info\\\/#website\"},\"primaryImageOfPage\":{\"@id\":\"https:\\\/\\\/folhapopular.info\\\/index.php\\\/2024\\\/07\\\/27\\\/psdb-e-uniao-brasil-oficializam-jonatan-e-sandra-para-concorrer-em-teutonia\\\/#primaryimage\"},\"image\":{\"@id\":\"https:\\\/\\\/folhapopular.info\\\/index.php\\\/2024\\\/07\\\/27\\\/psdb-e-uniao-brasil-oficializam-jonatan-e-sandra-para-concorrer-em-teutonia\\\/#primaryimage\"},\"thumbnailUrl\":\"https:\\\/\\\/folhapopular.info\\\/wp-content\\\/uploads\\\/2024\\\/07\\\/WhatsApp-Image-2024-07-27-at-22.32.25-scaled.jpeg\",\"datePublished\":\"2024-07-28T01:37:17+00:00\",\"dateModified\":\"2024-07-28T01:37:53+00:00\",\"author\":{\"@id\":\"https:\\\/\\\/folhapopular.info\\\/#\\\/schema\\\/person\\\/2814e8a0df7643585a9ca38bc6eb9d4b\"},\"breadcrumb\":{\"@id\":\"https:\\\/\\\/folhapopular.info\\\/index.php\\\/2024\\\/07\\\/27\\\/psdb-e-uniao-brasil-oficializam-jonatan-e-sandra-para-concorrer-em-teutonia\\\/#breadcrumb\"},\"inLanguage\":\"pt-BR\",\"potentialAction\":[{\"@type\":\"ReadAction\",\"target\":[\"https:\\\/\\\/folhapopular.info\\\/index.php\\\/2024\\\/07\\\/27\\\/psdb-e-uniao-brasil-oficializam-jonatan-e-sandra-para-concorrer-em-teutonia\\\/\"]}]},{\"@type\":\"ImageObject\",\"inLanguage\":\"pt-BR\",\"@id\":\"https:\\\/\\\/folhapopular.info\\\/index.php\\\/2024\\\/07\\\/27\\\/psdb-e-uniao-brasil-oficializam-jonatan-e-sandra-para-concorrer-em-teutonia\\\/#primaryimage\",\"url\":\"https:\\\/\\\/folhapopular.info\\\/wp-content\\\/uploads\\\/2024\\\/07\\\/WhatsApp-Image-2024-07-27-at-22.32.25-scaled.jpeg\",\"contentUrl\":\"https:\\\/\\\/folhapopular.info\\\/wp-content\\\/uploads\\\/2024\\\/07\\\/WhatsApp-Image-2024-07-27-at-22.32.25-scaled.jpeg\",\"width\":2560,\"height\":1119,\"caption\":\"Partidos fizeram conven\u00e7\u00e3o no GR Canabarrense \\\/\\\/ Cr\u00e9dito: Divulga\u00e7\u00e3o\"},{\"@type\":\"BreadcrumbList\",\"@id\":\"https:\\\/\\\/folhapopular.info\\\/index.php\\\/2024\\\/07\\\/27\\\/psdb-e-uniao-brasil-oficializam-jonatan-e-sandra-para-concorrer-em-teutonia\\\/#breadcrumb\",\"itemListElement\":[{\"@type\":\"ListItem\",\"position\":1,\"name\":\"In\u00edcio\",\"item\":\"https:\\\/\\\/folhapopular.info\\\/\"},{\"@type\":\"ListItem\",\"position\":2,\"name\":\"PSDB e Uni\u00e3o Brasil oficializam Jonatan e Sandra para concorrer em Teut\u00f4nia\"}]},{\"@type\":\"WebSite\",\"@id\":\"https:\\\/\\\/folhapopular.info\\\/#website\",\"url\":\"https:\\\/\\\/folhapopular.info\\\/\",\"name\":\"Folha Popular\",\"description\":\"Onde voc\u00ea tem vez e voz\",\"potentialAction\":[{\"@type\":\"SearchAction\",\"target\":{\"@type\":\"EntryPoint\",\"urlTemplate\":\"https:\\\/\\\/folhapopular.info\\\/?s={search_term_string}\"},\"query-input\":{\"@type\":\"PropertyValueSpecification\",\"valueRequired\":true,\"valueName\":\"search_term_string\"}}],\"inLanguage\":\"pt-BR\"},{\"@type\":\"Person\",\"@id\":\"https:\\\/\\\/folhapopular.info\\\/#\\\/schema\\\/person\\\/2814e8a0df7643585a9ca38bc6eb9d4b\",\"name\":\"Reda\u00e7\u00e3o Folha Popular\",\"image\":{\"@type\":\"ImageObject\",\"inLanguage\":\"pt-BR\",\"@id\":\"https:\\\/\\\/folhapopular.info\\\/wp-content\\\/uploads\\\/2026\\\/04\\\/Folha-1.webp\",\"url\":\"https:\\\/\\\/folhapopular.info\\\/wp-content\\\/uploads\\\/2026\\\/04\\\/Folha-1.webp\",\"contentUrl\":\"https:\\\/\\\/folhapopular.info\\\/wp-content\\\/uploads\\\/2026\\\/04\\\/Folha-1.webp\",\"caption\":\"Reda\u00e7\u00e3o Folha Popular\"},\"url\":\"https:\\\/\\\/folhapopular.info\\\/index.php\\\/author\\\/redacao\\\/\"}]}<\/script>\n<!-- \/ Yoast SEO plugin. -->","yoast_head_json":{"title":"PSDB e Uni\u00e3o Brasil oficializam Jonatan e Sandra para concorrer em Teut\u00f4nia - Folha Popular","robots":{"index":"index","follow":"follow","max-snippet":"max-snippet:-1","max-image-preview":"max-image-preview:large","max-video-preview":"max-video-preview:-1"},"canonical":"https:\/\/folhapopular.info\/index.php\/2024\/07\/27\/psdb-e-uniao-brasil-oficializam-jonatan-e-sandra-para-concorrer-em-teutonia\/","og_locale":"pt_BR","og_type":"article","og_title":"PSDB e Uni\u00e3o Brasil oficializam Jonatan e Sandra para concorrer em Teut\u00f4nia - Folha Popular","og_description":"Os dois partidos realizaram as conven\u00e7\u00f5es no fim da tarde e in\u00edcio da noite deste s\u00e1bado (27\/7), no Gr\u00eamio Recreativo Canabarrense. A chapa majorit\u00e1ria ter\u00e1 Jonatan Br\u00f6nstrup (PSDB) como candidato a prefeito e Sandra Anete Tiggemann (UB) como candidata a vice. As duas siglas tamb\u00e9m ter\u00e3o nominata completa para concorrer a vereador: 12 nomes cada [&hellip;]","og_url":"https:\/\/folhapopular.info\/index.php\/2024\/07\/27\/psdb-e-uniao-brasil-oficializam-jonatan-e-sandra-para-concorrer-em-teutonia\/","og_site_name":"Folha Popular","article_published_time":"2024-07-28T01:37:17+00:00","article_modified_time":"2024-07-28T01:37:53+00:00","og_image":[{"width":2560,"height":1119,"url":"http:\/\/folhapopular.info\/wp-content\/uploads\/2024\/07\/WhatsApp-Image-2024-07-27-at-22.32.25-scaled.jpeg","type":"image\/jpeg"}],"author":"Reda\u00e7\u00e3o Folha Popular","twitter_card":"summary_large_image","twitter_misc":{"Escrito por":"Reda\u00e7\u00e3o Folha Popular","Est. tempo de leitura":"2 minutos"},"schema":{"@context":"https:\/\/schema.org","@graph":[{"@type":"Article","@id":"https:\/\/folhapopular.info\/index.php\/2024\/07\/27\/psdb-e-uniao-brasil-oficializam-jonatan-e-sandra-para-concorrer-em-teutonia\/#article","isPartOf":{"@id":"https:\/\/folhapopular.info\/index.php\/2024\/07\/27\/psdb-e-uniao-brasil-oficializam-jonatan-e-sandra-para-concorrer-em-teutonia\/"},"author":{"name":"Reda\u00e7\u00e3o Folha Popular","@id":"https:\/\/folhapopular.info\/#\/schema\/person\/2814e8a0df7643585a9ca38bc6eb9d4b"},"headline":"PSDB e Uni\u00e3o Brasil oficializam Jonatan e Sandra para concorrer em Teut\u00f4nia","datePublished":"2024-07-28T01:37:17+00:00","dateModified":"2024-07-28T01:37:53+00:00","mainEntityOfPage":{"@id":"https:\/\/folhapopular.info\/index.php\/2024\/07\/27\/psdb-e-uniao-brasil-oficializam-jonatan-e-sandra-para-concorrer-em-teutonia\/"},"wordCount":260,"commentCount":0,"image":{"@id":"https:\/\/folhapopular.info\/index.php\/2024\/07\/27\/psdb-e-uniao-brasil-oficializam-jonatan-e-sandra-para-concorrer-em-teutonia\/#primaryimage"},"thumbnailUrl":"https:\/\/folhapopular.info\/wp-content\/uploads\/2024\/07\/WhatsApp-Image-2024-07-27-at-22.32.25-scaled.jpeg","keywords":["elei\u00e7\u00e3o 2024","Teut\u00f4nia","Vale do Taquari"],"articleSection":["Destaques","Elei\u00e7\u00f5es","Elei\u00e7\u00f5es 2024","Pol\u00edtica"],"inLanguage":"pt-BR","potentialAction":[{"@type":"CommentAction","name":"Comment","target":["https:\/\/folhapopular.info\/index.php\/2024\/07\/27\/psdb-e-uniao-brasil-oficializam-jonatan-e-sandra-para-concorrer-em-teutonia\/#respond"]}]},{"@type":"WebPage","@id":"https:\/\/folhapopular.info\/index.php\/2024\/07\/27\/psdb-e-uniao-brasil-oficializam-jonatan-e-sandra-para-concorrer-em-teutonia\/","url":"https:\/\/folhapopular.info\/index.php\/2024\/07\/27\/psdb-e-uniao-brasil-oficializam-jonatan-e-sandra-para-concorrer-em-teutonia\/","name":"PSDB e Uni\u00e3o Brasil oficializam Jonatan e Sandra para concorrer em Teut\u00f4nia - Folha Popular","isPartOf":{"@id":"https:\/\/folhapopular.info\/#website"},"primaryImageOfPage":{"@id":"https:\/\/folhapopular.info\/index.php\/2024\/07\/27\/psdb-e-uniao-brasil-oficializam-jonatan-e-sandra-para-concorrer-em-teutonia\/#primaryimage"},"image":{"@id":"https:\/\/folhapopular.info\/index.php\/2024\/07\/27\/psdb-e-uniao-brasil-oficializam-jonatan-e-sandra-para-concorrer-em-teutonia\/#primaryimage"},"thumbnailUrl":"https:\/\/folhapopular.info\/wp-content\/uploads\/2024\/07\/WhatsApp-Image-2024-07-27-at-22.32.25-scaled.jpeg","datePublished":"2024-07-28T01:37:17+00:00","dateModified":"2024-07-28T01:37:53+00:00","author":{"@id":"https:\/\/folhapopular.info\/#\/schema\/person\/2814e8a0df7643585a9ca38bc6eb9d4b"},"breadcrumb":{"@id":"https:\/\/folhapopular.info\/index.php\/2024\/07\/27\/psdb-e-uniao-brasil-oficializam-jonatan-e-sandra-para-concorrer-em-teutonia\/#breadcrumb"},"inLanguage":"pt-BR","potentialAction":[{"@type":"ReadAction","target":["https:\/\/folhapopular.info\/index.php\/2024\/07\/27\/psdb-e-uniao-brasil-oficializam-jonatan-e-sandra-para-concorrer-em-teutonia\/"]}]},{"@type":"ImageObject","inLanguage":"pt-BR","@id":"https:\/\/folhapopular.info\/index.php\/2024\/07\/27\/psdb-e-uniao-brasil-oficializam-jonatan-e-sandra-para-concorrer-em-teutonia\/#primaryimage","url":"https:\/\/folhapopular.info\/wp-content\/uploads\/2024\/07\/WhatsApp-Image-2024-07-27-at-22.32.25-scaled.jpeg","contentUrl":"https:\/\/folhapopular.info\/wp-content\/uploads\/2024\/07\/WhatsApp-Image-2024-07-27-at-22.32.25-scaled.jpeg","width":2560,"height":1119,"caption":"Partidos fizeram conven\u00e7\u00e3o no GR Canabarrense \/\/ Cr\u00e9dito: Divulga\u00e7\u00e3o"},{"@type":"BreadcrumbList","@id":"https:\/\/folhapopular.info\/index.php\/2024\/07\/27\/psdb-e-uniao-brasil-oficializam-jonatan-e-sandra-para-concorrer-em-teutonia\/#breadcrumb","itemListElement":[{"@type":"ListItem","position":1,"name":"In\u00edcio","item":"https:\/\/folhapopular.info\/"},{"@type":"ListItem","position":2,"name":"PSDB e Uni\u00e3o Brasil oficializam Jonatan e Sandra para concorrer em Teut\u00f4nia"}]},{"@type":"WebSite","@id":"https:\/\/folhapopular.info\/#website","url":"https:\/\/folhapopular.info\/","name":"Folha Popular","description":"Onde voc\u00ea tem vez e voz","potentialAction":[{"@type":"SearchAction","target":{"@type":"EntryPoint","urlTemplate":"https:\/\/folhapopular.info\/?s={search_term_string}"},"query-input":{"@type":"PropertyValueSpecification","valueRequired":true,"valueName":"search_term_string"}}],"inLanguage":"pt-BR"},{"@type":"Person","@id":"https:\/\/folhapopular.info\/#\/schema\/person\/2814e8a0df7643585a9ca38bc6eb9d4b","name":"Reda\u00e7\u00e3o Folha Popular","image":{"@type":"ImageObject","inLanguage":"pt-BR","@id":"https:\/\/folhapopular.info\/wp-content\/uploads\/2026\/04\/Folha-1.webp","url":"https:\/\/folhapopular.info\/wp-content\/uploads\/2026\/04\/Folha-1.webp","contentUrl":"https:\/\/folhapopular.info\/wp-content\/uploads\/2026\/04\/Folha-1.webp","caption":"Reda\u00e7\u00e3o Folha Popular"},"url":"https:\/\/folhapopular.info\/index.php\/author\/redacao\/"}]}},"jetpack_featured_media_url":"https:\/\/folhapopular.info\/wp-content\/uploads\/2024\/07\/WhatsApp-Image-2024-07-27-at-22.32.25-scaled.jpeg","jetpack_sharing_enabled":true,"amp_enabled":true,"_links":{"self":[{"href":"https:\/\/folhapopular.info\/index.php\/wp-json\/wp\/v2\/posts\/164263","targetHints":{"allow":["GET"]}}],"collection":[{"href":"https:\/\/folhapopular.info\/index.php\/wp-json\/wp\/v2\/posts"}],"about":[{"href":"https:\/\/folhapopular.info\/index.php\/wp-json\/wp\/v2\/types\/post"}],"author":[{"embeddable":true,"href":"https:\/\/folhapopular.info\/index.php\/wp-json\/wp\/v2\/users\/8"}],"replies":[{"embeddable":true,"href":"https:\/\/folhapopular.info\/index.php\/wp-json\/wp\/v2\/comments?post=164263"}],"version-history":[{"count":0,"href":"https:\/\/folhapopular.info\/index.php\/wp-json\/wp\/v2\/posts\/164263\/revisions"}],"wp:featuredmedia":[{"embeddable":true,"href":"https:\/\/folhapopular.info\/index.php\/wp-json\/wp\/v2\/media\/164265"}],"wp:attachment":[{"href":"https:\/\/folhapopular.info\/index.php\/wp-json\/wp\/v2\/media?parent=164263"}],"wp:term":[{"taxonomy":"category","embeddable":true,"href":"https:\/\/folhapopular.info\/index.php\/wp-json\/wp\/v2\/categories?post=164263"},{"taxonomy":"post_tag","embeddable":true,"href":"https:\/\/folhapopular.info\/index.php\/wp-json\/wp\/v2\/tags?post=164263"}],"curies":[{"name":"wp","href":"https:\/\/api.w.org\/{rel}","templated":true}]}}