{"id":164501,"date":"2024-07-30T16:20:00","date_gmt":"2024-07-30T19:20:00","guid":{"rendered":"https:\/\/folhapopular.info\/?p=164501"},"modified":"2024-07-30T16:30:36","modified_gmt":"2024-07-30T19:30:36","slug":"governo-chama-municipios-a-encaminharem-projetos-para-o-plano-rio-grande","status":"publish","type":"post","link":"https:\/\/folhapopular.info\/index.php\/2024\/07\/30\/governo-chama-municipios-a-encaminharem-projetos-para-o-plano-rio-grande\/","title":{"rendered":"Governo chama munic\u00edpios a encaminharem projetos para o Plano Rio Grande"},"content":{"rendered":"\n<p>O governo do Estado publicou, nesta ter\u00e7a-feira (30\/7), no Di\u00e1rio Oficial, um chamamento p\u00fablico para que os munic\u00edpios encaminhem projetos para serem inclu\u00eddos no&nbsp;<a href=\"https:\/\/planoriogrande.rs.gov.br\/inicial\" target=\"_blank\" rel=\"noreferrer noopener\"><strong>Plano Rio Grande<\/strong><\/a>, o programa de Reconstru\u00e7\u00e3o, Adapta\u00e7\u00e3o e Resili\u00eancia Clim\u00e1tica do Rio Grande do Sul.&nbsp; &nbsp; &nbsp;&nbsp;<\/p>\n\n\n\n<p>As propostas dever\u00e3o ser enviadas via<strong>\u00a0<a href=\"https:\/\/www.convenioseparcerias.rs.gov.br\/cdtv\" target=\"_blank\" rel=\"noreferrer noopener\">Sistema de Cadastro de Demandas de Transfer\u00eancias Volunt\u00e1rias<\/a>\u00a0at\u00e9 25 de agosto.<\/strong> A avalia\u00e7\u00e3o da viabilidade ser\u00e1 feita pela Secretaria da Reconstru\u00e7\u00e3o Ga\u00facha\u00a0(Serg). A pasta atua em colabora\u00e7\u00e3o com outras secretarias e entidades governamentais, assegurando a integra\u00e7\u00e3o e efici\u00eancia das a\u00e7\u00f5es de reconstru\u00e7\u00e3o e adapta\u00e7\u00e3o. Ap\u00f3s an\u00e1lise, as iniciativas selecionadas ser\u00e3o qualificadas e encaminhadas para inclus\u00e3o no portf\u00f3lio do Plano Rio Grande.\u00a0\u00a0<\/p>\n\n\n\n<p><strong>Projetos<\/strong>&nbsp; &nbsp;<\/p>\n\n\n\n<p>O plano conta com a\u00e7\u00f5es de curto, m\u00e9dio e longo prazo e est\u00e1 dividido em tr\u00eas frentes: a\u00e7\u00f5es emergenciais, a\u00e7\u00f5es de reconstru\u00e7\u00e3o e conjunto de medidas chamado Rio Grande do Sul do Futuro. Todos os projetos que comp\u00f5e o Plano Rio Grande est\u00e3o publicados no&nbsp;<strong><a href=\"https:\/\/planoriogrande.rs.gov.br\/inicial\" target=\"_blank\" rel=\"noreferrer noopener\">site da iniciativa<\/a><\/strong>, no qual&nbsp;constam uma&nbsp;breve descri\u00e7\u00e3o, o&nbsp;status e outros documentos.<\/p>\n\n\n\n<p><strong>Mais informa\u00e7\u00f5es<\/strong><\/p>\n\n\n\n<ul class=\"wp-block-list\">\n<li><a href=\"https:\/\/www.diariooficial.rs.gov.br\/materia?id=1126577\" target=\"_blank\" rel=\"noreferrer noopener\"><strong>Edital<\/strong><\/a><\/li>\n\n\n\n<li><a href=\"https:\/\/www.convenioseparcerias.rs.gov.br\/cdtv\" target=\"_blank\" rel=\"noreferrer noopener\"><strong>P\u00e1gina para gestores municipais acessarem o Sistema de Cadastro<\/strong><\/a><\/li>\n\n\n\n<li><strong><a href=\"https:\/\/www.convenioseparcerias.rs.gov.br\/upload\/arquivos\/202310\/02083948-manual-cadastro-de-demandas-de-transferencias-voluntarias-cdtv-v-1-0.pdf\" target=\"_blank\" rel=\"noreferrer noopener\">Manual de castrado de demandas (tutorial)<\/a><\/strong><\/li>\n<\/ul>\n","protected":false},"excerpt":{"rendered":"<p>O governo do Estado publicou, nesta ter\u00e7a-feira (30\/7), no Di\u00e1rio Oficial, um chamamento p\u00fablico para que os munic\u00edpios encaminhem projetos para serem inclu\u00eddos no&nbsp;Plano Rio Grande, o programa de Reconstru\u00e7\u00e3o, Adapta\u00e7\u00e3o e Resili\u00eancia Clim\u00e1tica do Rio Grande do Sul.&nbsp; &nbsp; &nbsp;&nbsp; As propostas dever\u00e3o ser enviadas via\u00a0Sistema de Cadastro de Demandas de Transfer\u00eancias Volunt\u00e1rias\u00a0at\u00e9 25 [&hellip;]<\/p>\n","protected":false},"author":8,"featured_media":164502,"comment_status":"open","ping_status":"open","sticky":false,"template":"","format":"standard","meta":{"pmpro_default_level":"","_jetpack_memberships_contains_paid_content":false,"footnotes":""},"categories":[2,3],"tags":[1794],"class_list":{"0":"post-164501","1":"post","2":"type-post","3":"status-publish","4":"format-standard","5":"has-post-thumbnail","7":"category-featured","8":"category-geral","9":"tag-rio-grande-do-sul","10":"pmpro-has-access"},"yoast_head":"<!-- This site is optimized with the Yoast SEO plugin v27.5 - https:\/\/yoast.com\/product\/yoast-seo-wordpress\/ -->\n<title>Governo chama munic\u00edpios a encaminharem projetos para o Plano Rio Grande - Folha Popular<\/title>\n<meta name=\"robots\" content=\"index, follow, max-snippet:-1, max-image-preview:large, max-video-preview:-1\" \/>\n<link rel=\"canonical\" href=\"https:\/\/folhapopular.info\/index.php\/2024\/07\/30\/governo-chama-municipios-a-encaminharem-projetos-para-o-plano-rio-grande\/\" \/>\n<meta property=\"og:locale\" content=\"pt_BR\" \/>\n<meta property=\"og:type\" content=\"article\" \/>\n<meta property=\"og:title\" content=\"Governo chama munic\u00edpios a encaminharem projetos para o Plano Rio Grande - Folha Popular\" \/>\n<meta property=\"og:description\" content=\"O governo do Estado publicou, nesta ter\u00e7a-feira (30\/7), no Di\u00e1rio Oficial, um chamamento p\u00fablico para que os munic\u00edpios encaminhem projetos para serem inclu\u00eddos no&nbsp;Plano Rio Grande, o programa de Reconstru\u00e7\u00e3o, Adapta\u00e7\u00e3o e Resili\u00eancia Clim\u00e1tica do Rio Grande do Sul.&nbsp; &nbsp; &nbsp;&nbsp; As propostas dever\u00e3o ser enviadas via\u00a0Sistema de Cadastro de Demandas de Transfer\u00eancias Volunt\u00e1rias\u00a0at\u00e9 25 [&hellip;]\" \/>\n<meta property=\"og:url\" content=\"https:\/\/folhapopular.info\/index.php\/2024\/07\/30\/governo-chama-municipios-a-encaminharem-projetos-para-o-plano-rio-grande\/\" \/>\n<meta property=\"og:site_name\" content=\"Folha Popular\" \/>\n<meta property=\"article:published_time\" content=\"2024-07-30T19:20:00+00:00\" \/>\n<meta property=\"article:modified_time\" content=\"2024-07-30T19:30:36+00:00\" \/>\n<meta property=\"og:image\" content=\"http:\/\/folhapopular.info\/wp-content\/uploads\/2024\/07\/17163456_2133628_GDO.png\" \/>\n\t<meta property=\"og:image:width\" content=\"800\" \/>\n\t<meta property=\"og:image:height\" content=\"453\" \/>\n\t<meta property=\"og:image:type\" content=\"image\/png\" \/>\n<meta name=\"author\" content=\"Reda\u00e7\u00e3o Folha Popular\" \/>\n<meta name=\"twitter:card\" content=\"summary_large_image\" \/>\n<meta name=\"twitter:label1\" content=\"Escrito por\" \/>\n\t<meta name=\"twitter:data1\" content=\"Reda\u00e7\u00e3o Folha Popular\" \/>\n\t<meta name=\"twitter:label2\" content=\"Est. tempo de leitura\" \/>\n\t<meta name=\"twitter:data2\" content=\"2 minutos\" \/>\n<script type=\"application\/ld+json\" class=\"yoast-schema-graph\">{\"@context\":\"https:\\\/\\\/schema.org\",\"@graph\":[{\"@type\":\"Article\",\"@id\":\"https:\\\/\\\/folhapopular.info\\\/index.php\\\/2024\\\/07\\\/30\\\/governo-chama-municipios-a-encaminharem-projetos-para-o-plano-rio-grande\\\/#article\",\"isPartOf\":{\"@id\":\"https:\\\/\\\/folhapopular.info\\\/index.php\\\/2024\\\/07\\\/30\\\/governo-chama-municipios-a-encaminharem-projetos-para-o-plano-rio-grande\\\/\"},\"author\":{\"name\":\"Reda\u00e7\u00e3o Folha Popular\",\"@id\":\"https:\\\/\\\/folhapopular.info\\\/#\\\/schema\\\/person\\\/2814e8a0df7643585a9ca38bc6eb9d4b\"},\"headline\":\"Governo chama munic\u00edpios a encaminharem projetos para o Plano Rio Grande\",\"datePublished\":\"2024-07-30T19:20:00+00:00\",\"dateModified\":\"2024-07-30T19:30:36+00:00\",\"mainEntityOfPage\":{\"@id\":\"https:\\\/\\\/folhapopular.info\\\/index.php\\\/2024\\\/07\\\/30\\\/governo-chama-municipios-a-encaminharem-projetos-para-o-plano-rio-grande\\\/\"},\"wordCount\":245,\"commentCount\":0,\"image\":{\"@id\":\"https:\\\/\\\/folhapopular.info\\\/index.php\\\/2024\\\/07\\\/30\\\/governo-chama-municipios-a-encaminharem-projetos-para-o-plano-rio-grande\\\/#primaryimage\"},\"thumbnailUrl\":\"https:\\\/\\\/folhapopular.info\\\/wp-content\\\/uploads\\\/2024\\\/07\\\/17163456_2133628_GDO.png\",\"keywords\":[\"Rio Grande do Sul\"],\"articleSection\":[\"Destaques\",\"Geral\"],\"inLanguage\":\"pt-BR\",\"potentialAction\":[{\"@type\":\"CommentAction\",\"name\":\"Comment\",\"target\":[\"https:\\\/\\\/folhapopular.info\\\/index.php\\\/2024\\\/07\\\/30\\\/governo-chama-municipios-a-encaminharem-projetos-para-o-plano-rio-grande\\\/#respond\"]}]},{\"@type\":\"WebPage\",\"@id\":\"https:\\\/\\\/folhapopular.info\\\/index.php\\\/2024\\\/07\\\/30\\\/governo-chama-municipios-a-encaminharem-projetos-para-o-plano-rio-grande\\\/\",\"url\":\"https:\\\/\\\/folhapopular.info\\\/index.php\\\/2024\\\/07\\\/30\\\/governo-chama-municipios-a-encaminharem-projetos-para-o-plano-rio-grande\\\/\",\"name\":\"Governo chama munic\u00edpios a encaminharem projetos para o Plano Rio Grande - Folha Popular\",\"isPartOf\":{\"@id\":\"https:\\\/\\\/folhapopular.info\\\/#website\"},\"primaryImageOfPage\":{\"@id\":\"https:\\\/\\\/folhapopular.info\\\/index.php\\\/2024\\\/07\\\/30\\\/governo-chama-municipios-a-encaminharem-projetos-para-o-plano-rio-grande\\\/#primaryimage\"},\"image\":{\"@id\":\"https:\\\/\\\/folhapopular.info\\\/index.php\\\/2024\\\/07\\\/30\\\/governo-chama-municipios-a-encaminharem-projetos-para-o-plano-rio-grande\\\/#primaryimage\"},\"thumbnailUrl\":\"https:\\\/\\\/folhapopular.info\\\/wp-content\\\/uploads\\\/2024\\\/07\\\/17163456_2133628_GDO.png\",\"datePublished\":\"2024-07-30T19:20:00+00:00\",\"dateModified\":\"2024-07-30T19:30:36+00:00\",\"author\":{\"@id\":\"https:\\\/\\\/folhapopular.info\\\/#\\\/schema\\\/person\\\/2814e8a0df7643585a9ca38bc6eb9d4b\"},\"breadcrumb\":{\"@id\":\"https:\\\/\\\/folhapopular.info\\\/index.php\\\/2024\\\/07\\\/30\\\/governo-chama-municipios-a-encaminharem-projetos-para-o-plano-rio-grande\\\/#breadcrumb\"},\"inLanguage\":\"pt-BR\",\"potentialAction\":[{\"@type\":\"ReadAction\",\"target\":[\"https:\\\/\\\/folhapopular.info\\\/index.php\\\/2024\\\/07\\\/30\\\/governo-chama-municipios-a-encaminharem-projetos-para-o-plano-rio-grande\\\/\"]}]},{\"@type\":\"ImageObject\",\"inLanguage\":\"pt-BR\",\"@id\":\"https:\\\/\\\/folhapopular.info\\\/index.php\\\/2024\\\/07\\\/30\\\/governo-chama-municipios-a-encaminharem-projetos-para-o-plano-rio-grande\\\/#primaryimage\",\"url\":\"https:\\\/\\\/folhapopular.info\\\/wp-content\\\/uploads\\\/2024\\\/07\\\/17163456_2133628_GDO.png\",\"contentUrl\":\"https:\\\/\\\/folhapopular.info\\\/wp-content\\\/uploads\\\/2024\\\/07\\\/17163456_2133628_GDO.png\",\"width\":800,\"height\":453,\"caption\":\"Cr\u00e9dito: Divulg\u00e7\u00e3o\\\/Secom RS\"},{\"@type\":\"BreadcrumbList\",\"@id\":\"https:\\\/\\\/folhapopular.info\\\/index.php\\\/2024\\\/07\\\/30\\\/governo-chama-municipios-a-encaminharem-projetos-para-o-plano-rio-grande\\\/#breadcrumb\",\"itemListElement\":[{\"@type\":\"ListItem\",\"position\":1,\"name\":\"In\u00edcio\",\"item\":\"https:\\\/\\\/folhapopular.info\\\/\"},{\"@type\":\"ListItem\",\"position\":2,\"name\":\"Governo chama munic\u00edpios a encaminharem projetos para o Plano Rio Grande\"}]},{\"@type\":\"WebSite\",\"@id\":\"https:\\\/\\\/folhapopular.info\\\/#website\",\"url\":\"https:\\\/\\\/folhapopular.info\\\/\",\"name\":\"Folha Popular\",\"description\":\"Onde voc\u00ea tem vez e voz\",\"potentialAction\":[{\"@type\":\"SearchAction\",\"target\":{\"@type\":\"EntryPoint\",\"urlTemplate\":\"https:\\\/\\\/folhapopular.info\\\/?s={search_term_string}\"},\"query-input\":{\"@type\":\"PropertyValueSpecification\",\"valueRequired\":true,\"valueName\":\"search_term_string\"}}],\"inLanguage\":\"pt-BR\"},{\"@type\":\"Person\",\"@id\":\"https:\\\/\\\/folhapopular.info\\\/#\\\/schema\\\/person\\\/2814e8a0df7643585a9ca38bc6eb9d4b\",\"name\":\"Reda\u00e7\u00e3o Folha Popular\",\"image\":{\"@type\":\"ImageObject\",\"inLanguage\":\"pt-BR\",\"@id\":\"https:\\\/\\\/folhapopular.info\\\/wp-content\\\/uploads\\\/2026\\\/04\\\/Folha-1.webp\",\"url\":\"https:\\\/\\\/folhapopular.info\\\/wp-content\\\/uploads\\\/2026\\\/04\\\/Folha-1.webp\",\"contentUrl\":\"https:\\\/\\\/folhapopular.info\\\/wp-content\\\/uploads\\\/2026\\\/04\\\/Folha-1.webp\",\"caption\":\"Reda\u00e7\u00e3o Folha Popular\"},\"url\":\"https:\\\/\\\/folhapopular.info\\\/index.php\\\/author\\\/redacao\\\/\"}]}<\/script>\n<!-- \/ Yoast SEO plugin. -->","yoast_head_json":{"title":"Governo chama munic\u00edpios a encaminharem projetos para o Plano Rio Grande - Folha Popular","robots":{"index":"index","follow":"follow","max-snippet":"max-snippet:-1","max-image-preview":"max-image-preview:large","max-video-preview":"max-video-preview:-1"},"canonical":"https:\/\/folhapopular.info\/index.php\/2024\/07\/30\/governo-chama-municipios-a-encaminharem-projetos-para-o-plano-rio-grande\/","og_locale":"pt_BR","og_type":"article","og_title":"Governo chama munic\u00edpios a encaminharem projetos para o Plano Rio Grande - Folha Popular","og_description":"O governo do Estado publicou, nesta ter\u00e7a-feira (30\/7), no Di\u00e1rio Oficial, um chamamento p\u00fablico para que os munic\u00edpios encaminhem projetos para serem inclu\u00eddos no&nbsp;Plano Rio Grande, o programa de Reconstru\u00e7\u00e3o, Adapta\u00e7\u00e3o e Resili\u00eancia Clim\u00e1tica do Rio Grande do Sul.&nbsp; &nbsp; &nbsp;&nbsp; As propostas dever\u00e3o ser enviadas via\u00a0Sistema de Cadastro de Demandas de Transfer\u00eancias Volunt\u00e1rias\u00a0at\u00e9 25 [&hellip;]","og_url":"https:\/\/folhapopular.info\/index.php\/2024\/07\/30\/governo-chama-municipios-a-encaminharem-projetos-para-o-plano-rio-grande\/","og_site_name":"Folha Popular","article_published_time":"2024-07-30T19:20:00+00:00","article_modified_time":"2024-07-30T19:30:36+00:00","og_image":[{"width":800,"height":453,"url":"http:\/\/folhapopular.info\/wp-content\/uploads\/2024\/07\/17163456_2133628_GDO.png","type":"image\/png"}],"author":"Reda\u00e7\u00e3o Folha Popular","twitter_card":"summary_large_image","twitter_misc":{"Escrito por":"Reda\u00e7\u00e3o Folha Popular","Est. tempo de leitura":"2 minutos"},"schema":{"@context":"https:\/\/schema.org","@graph":[{"@type":"Article","@id":"https:\/\/folhapopular.info\/index.php\/2024\/07\/30\/governo-chama-municipios-a-encaminharem-projetos-para-o-plano-rio-grande\/#article","isPartOf":{"@id":"https:\/\/folhapopular.info\/index.php\/2024\/07\/30\/governo-chama-municipios-a-encaminharem-projetos-para-o-plano-rio-grande\/"},"author":{"name":"Reda\u00e7\u00e3o Folha Popular","@id":"https:\/\/folhapopular.info\/#\/schema\/person\/2814e8a0df7643585a9ca38bc6eb9d4b"},"headline":"Governo chama munic\u00edpios a encaminharem projetos para o Plano Rio Grande","datePublished":"2024-07-30T19:20:00+00:00","dateModified":"2024-07-30T19:30:36+00:00","mainEntityOfPage":{"@id":"https:\/\/folhapopular.info\/index.php\/2024\/07\/30\/governo-chama-municipios-a-encaminharem-projetos-para-o-plano-rio-grande\/"},"wordCount":245,"commentCount":0,"image":{"@id":"https:\/\/folhapopular.info\/index.php\/2024\/07\/30\/governo-chama-municipios-a-encaminharem-projetos-para-o-plano-rio-grande\/#primaryimage"},"thumbnailUrl":"https:\/\/folhapopular.info\/wp-content\/uploads\/2024\/07\/17163456_2133628_GDO.png","keywords":["Rio Grande do Sul"],"articleSection":["Destaques","Geral"],"inLanguage":"pt-BR","potentialAction":[{"@type":"CommentAction","name":"Comment","target":["https:\/\/folhapopular.info\/index.php\/2024\/07\/30\/governo-chama-municipios-a-encaminharem-projetos-para-o-plano-rio-grande\/#respond"]}]},{"@type":"WebPage","@id":"https:\/\/folhapopular.info\/index.php\/2024\/07\/30\/governo-chama-municipios-a-encaminharem-projetos-para-o-plano-rio-grande\/","url":"https:\/\/folhapopular.info\/index.php\/2024\/07\/30\/governo-chama-municipios-a-encaminharem-projetos-para-o-plano-rio-grande\/","name":"Governo chama munic\u00edpios a encaminharem projetos para o Plano Rio Grande - Folha Popular","isPartOf":{"@id":"https:\/\/folhapopular.info\/#website"},"primaryImageOfPage":{"@id":"https:\/\/folhapopular.info\/index.php\/2024\/07\/30\/governo-chama-municipios-a-encaminharem-projetos-para-o-plano-rio-grande\/#primaryimage"},"image":{"@id":"https:\/\/folhapopular.info\/index.php\/2024\/07\/30\/governo-chama-municipios-a-encaminharem-projetos-para-o-plano-rio-grande\/#primaryimage"},"thumbnailUrl":"https:\/\/folhapopular.info\/wp-content\/uploads\/2024\/07\/17163456_2133628_GDO.png","datePublished":"2024-07-30T19:20:00+00:00","dateModified":"2024-07-30T19:30:36+00:00","author":{"@id":"https:\/\/folhapopular.info\/#\/schema\/person\/2814e8a0df7643585a9ca38bc6eb9d4b"},"breadcrumb":{"@id":"https:\/\/folhapopular.info\/index.php\/2024\/07\/30\/governo-chama-municipios-a-encaminharem-projetos-para-o-plano-rio-grande\/#breadcrumb"},"inLanguage":"pt-BR","potentialAction":[{"@type":"ReadAction","target":["https:\/\/folhapopular.info\/index.php\/2024\/07\/30\/governo-chama-municipios-a-encaminharem-projetos-para-o-plano-rio-grande\/"]}]},{"@type":"ImageObject","inLanguage":"pt-BR","@id":"https:\/\/folhapopular.info\/index.php\/2024\/07\/30\/governo-chama-municipios-a-encaminharem-projetos-para-o-plano-rio-grande\/#primaryimage","url":"https:\/\/folhapopular.info\/wp-content\/uploads\/2024\/07\/17163456_2133628_GDO.png","contentUrl":"https:\/\/folhapopular.info\/wp-content\/uploads\/2024\/07\/17163456_2133628_GDO.png","width":800,"height":453,"caption":"Cr\u00e9dito: Divulg\u00e7\u00e3o\/Secom RS"},{"@type":"BreadcrumbList","@id":"https:\/\/folhapopular.info\/index.php\/2024\/07\/30\/governo-chama-municipios-a-encaminharem-projetos-para-o-plano-rio-grande\/#breadcrumb","itemListElement":[{"@type":"ListItem","position":1,"name":"In\u00edcio","item":"https:\/\/folhapopular.info\/"},{"@type":"ListItem","position":2,"name":"Governo chama munic\u00edpios a encaminharem projetos para o Plano Rio Grande"}]},{"@type":"WebSite","@id":"https:\/\/folhapopular.info\/#website","url":"https:\/\/folhapopular.info\/","name":"Folha Popular","description":"Onde voc\u00ea tem vez e voz","potentialAction":[{"@type":"SearchAction","target":{"@type":"EntryPoint","urlTemplate":"https:\/\/folhapopular.info\/?s={search_term_string}"},"query-input":{"@type":"PropertyValueSpecification","valueRequired":true,"valueName":"search_term_string"}}],"inLanguage":"pt-BR"},{"@type":"Person","@id":"https:\/\/folhapopular.info\/#\/schema\/person\/2814e8a0df7643585a9ca38bc6eb9d4b","name":"Reda\u00e7\u00e3o Folha Popular","image":{"@type":"ImageObject","inLanguage":"pt-BR","@id":"https:\/\/folhapopular.info\/wp-content\/uploads\/2026\/04\/Folha-1.webp","url":"https:\/\/folhapopular.info\/wp-content\/uploads\/2026\/04\/Folha-1.webp","contentUrl":"https:\/\/folhapopular.info\/wp-content\/uploads\/2026\/04\/Folha-1.webp","caption":"Reda\u00e7\u00e3o Folha Popular"},"url":"https:\/\/folhapopular.info\/index.php\/author\/redacao\/"}]}},"jetpack_featured_media_url":"https:\/\/folhapopular.info\/wp-content\/uploads\/2024\/07\/17163456_2133628_GDO.png","jetpack_sharing_enabled":true,"amp_enabled":true,"_links":{"self":[{"href":"https:\/\/folhapopular.info\/index.php\/wp-json\/wp\/v2\/posts\/164501","targetHints":{"allow":["GET"]}}],"collection":[{"href":"https:\/\/folhapopular.info\/index.php\/wp-json\/wp\/v2\/posts"}],"about":[{"href":"https:\/\/folhapopular.info\/index.php\/wp-json\/wp\/v2\/types\/post"}],"author":[{"embeddable":true,"href":"https:\/\/folhapopular.info\/index.php\/wp-json\/wp\/v2\/users\/8"}],"replies":[{"embeddable":true,"href":"https:\/\/folhapopular.info\/index.php\/wp-json\/wp\/v2\/comments?post=164501"}],"version-history":[{"count":0,"href":"https:\/\/folhapopular.info\/index.php\/wp-json\/wp\/v2\/posts\/164501\/revisions"}],"wp:featuredmedia":[{"embeddable":true,"href":"https:\/\/folhapopular.info\/index.php\/wp-json\/wp\/v2\/media\/164502"}],"wp:attachment":[{"href":"https:\/\/folhapopular.info\/index.php\/wp-json\/wp\/v2\/media?parent=164501"}],"wp:term":[{"taxonomy":"category","embeddable":true,"href":"https:\/\/folhapopular.info\/index.php\/wp-json\/wp\/v2\/categories?post=164501"},{"taxonomy":"post_tag","embeddable":true,"href":"https:\/\/folhapopular.info\/index.php\/wp-json\/wp\/v2\/tags?post=164501"}],"curies":[{"name":"wp","href":"https:\/\/api.w.org\/{rel}","templated":true}]}}