{"id":164529,"date":"2024-07-31T07:06:49","date_gmt":"2024-07-31T10:06:49","guid":{"rendered":"https:\/\/folhapopular.info\/?p=164529"},"modified":"2024-07-31T07:06:52","modified_gmt":"2024-07-31T10:06:52","slug":"homem-conhecido-pela-realizacao-de-atos-obscenos-e-preso-no-interior-de-santa-clara-do-sul","status":"publish","type":"post","link":"https:\/\/folhapopular.info\/index.php\/2024\/07\/31\/homem-conhecido-pela-realizacao-de-atos-obscenos-e-preso-no-interior-de-santa-clara-do-sul\/","title":{"rendered":"Homem conhecido pela realiza\u00e7\u00e3o de atos obscenos \u00e9 preso no interior de Santa Clara do Sul"},"content":{"rendered":"\n<p>Um homem com mandado de pris\u00e3o em aberto foi preso pela Brigada Militar na noite desta ter\u00e7a-feira (30\/7) em Santa Clara do Sul.<\/p>\n\n\n\n<p>O indiv\u00edduo de 22 anos, morador da localidade de Sampainho, interior de Santa Clara, possu\u00eda antecedentes criminais por importuna\u00e7\u00e3o sexual (6x), persegui\u00e7\u00e3o (3x), amea\u00e7a, maus tratos, ato obsceno, al\u00e9m de outros crimes e foi localizado no interior de sua resid\u00eancia.<\/p>\n\n\n\n<p>Entre as ocorr\u00eancias mais recentes do criminoso, est\u00e3o a realiza\u00e7\u00e3o de atos obscenos em p\u00fablico, bem como importuna\u00e7\u00e3o sexual atrav\u00e9s de gestos e palavras \u00e0 mulheres na \u00e1rea urbana da cidade.<\/p>\n\n\n\n<p>A a\u00e7\u00e3o foi uma parceria entre Pol\u00edcia Civil e Brigada Militar.<\/p>\n","protected":false},"excerpt":{"rendered":"<p>Um homem com mandado de pris\u00e3o em aberto foi preso pela Brigada Militar na noite desta ter\u00e7a-feira (30\/7) em Santa Clara do Sul. O indiv\u00edduo de 22 anos, morador da localidade de Sampainho, interior de Santa Clara, possu\u00eda antecedentes criminais por importuna\u00e7\u00e3o sexual (6x), persegui\u00e7\u00e3o (3x), amea\u00e7a, maus tratos, ato obsceno, al\u00e9m de outros crimes [&hellip;]<\/p>\n","protected":false},"author":8,"featured_media":164532,"comment_status":"open","ping_status":"open","sticky":false,"template":"","format":"standard","meta":{"pmpro_default_level":"","_jetpack_memberships_contains_paid_content":false,"footnotes":""},"categories":[10982,7],"tags":[15711,295,251,107],"class_list":{"0":"post-164529","1":"post","2":"type-post","3":"status-publish","4":"format-standard","5":"has-post-thumbnail","7":"category-policia","8":"category-seguranca","9":"tag-atos-obscenos","10":"tag-bm","11":"tag-brigada-militar","12":"tag-prisao","13":"pmpro-has-access"},"yoast_head":"<!-- This site is optimized with the Yoast SEO plugin v27.5 - https:\/\/yoast.com\/product\/yoast-seo-wordpress\/ -->\n<title>Homem conhecido pela realiza\u00e7\u00e3o de atos obscenos \u00e9 preso no interior de Santa Clara do Sul - Folha Popular<\/title>\n<meta name=\"robots\" content=\"index, follow, max-snippet:-1, max-image-preview:large, max-video-preview:-1\" \/>\n<link rel=\"canonical\" href=\"https:\/\/folhapopular.info\/index.php\/2024\/07\/31\/homem-conhecido-pela-realizacao-de-atos-obscenos-e-preso-no-interior-de-santa-clara-do-sul\/\" \/>\n<meta property=\"og:locale\" content=\"pt_BR\" \/>\n<meta property=\"og:type\" content=\"article\" \/>\n<meta property=\"og:title\" content=\"Homem conhecido pela realiza\u00e7\u00e3o de atos obscenos \u00e9 preso no interior de Santa Clara do Sul - Folha Popular\" \/>\n<meta property=\"og:description\" content=\"Um homem com mandado de pris\u00e3o em aberto foi preso pela Brigada Militar na noite desta ter\u00e7a-feira (30\/7) em Santa Clara do Sul. O indiv\u00edduo de 22 anos, morador da localidade de Sampainho, interior de Santa Clara, possu\u00eda antecedentes criminais por importuna\u00e7\u00e3o sexual (6x), persegui\u00e7\u00e3o (3x), amea\u00e7a, maus tratos, ato obsceno, al\u00e9m de outros crimes [&hellip;]\" \/>\n<meta property=\"og:url\" content=\"https:\/\/folhapopular.info\/index.php\/2024\/07\/31\/homem-conhecido-pela-realizacao-de-atos-obscenos-e-preso-no-interior-de-santa-clara-do-sul\/\" \/>\n<meta property=\"og:site_name\" content=\"Folha Popular\" \/>\n<meta property=\"article:published_time\" content=\"2024-07-31T10:06:49+00:00\" \/>\n<meta property=\"article:modified_time\" content=\"2024-07-31T10:06:52+00:00\" \/>\n<meta property=\"og:image\" content=\"http:\/\/folhapopular.info\/wp-content\/uploads\/2024\/07\/WhatsApp-Image-2024-07-30-at-23.32.50.jpeg\" \/>\n\t<meta property=\"og:image:width\" content=\"576\" \/>\n\t<meta property=\"og:image:height\" content=\"1280\" \/>\n\t<meta property=\"og:image:type\" content=\"image\/jpeg\" \/>\n<meta name=\"author\" content=\"Reda\u00e7\u00e3o Folha Popular\" \/>\n<meta name=\"twitter:card\" content=\"summary_large_image\" \/>\n<meta name=\"twitter:label1\" content=\"Escrito por\" \/>\n\t<meta name=\"twitter:data1\" content=\"Reda\u00e7\u00e3o Folha Popular\" \/>\n\t<meta name=\"twitter:label2\" content=\"Est. tempo de leitura\" \/>\n\t<meta name=\"twitter:data2\" content=\"1 minuto\" \/>\n<script type=\"application\/ld+json\" class=\"yoast-schema-graph\">{\"@context\":\"https:\\\/\\\/schema.org\",\"@graph\":[{\"@type\":\"Article\",\"@id\":\"https:\\\/\\\/folhapopular.info\\\/index.php\\\/2024\\\/07\\\/31\\\/homem-conhecido-pela-realizacao-de-atos-obscenos-e-preso-no-interior-de-santa-clara-do-sul\\\/#article\",\"isPartOf\":{\"@id\":\"https:\\\/\\\/folhapopular.info\\\/index.php\\\/2024\\\/07\\\/31\\\/homem-conhecido-pela-realizacao-de-atos-obscenos-e-preso-no-interior-de-santa-clara-do-sul\\\/\"},\"author\":{\"name\":\"Reda\u00e7\u00e3o Folha Popular\",\"@id\":\"https:\\\/\\\/folhapopular.info\\\/#\\\/schema\\\/person\\\/2814e8a0df7643585a9ca38bc6eb9d4b\"},\"headline\":\"Homem conhecido pela realiza\u00e7\u00e3o de atos obscenos \u00e9 preso no interior de Santa Clara do Sul\",\"datePublished\":\"2024-07-31T10:06:49+00:00\",\"dateModified\":\"2024-07-31T10:06:52+00:00\",\"mainEntityOfPage\":{\"@id\":\"https:\\\/\\\/folhapopular.info\\\/index.php\\\/2024\\\/07\\\/31\\\/homem-conhecido-pela-realizacao-de-atos-obscenos-e-preso-no-interior-de-santa-clara-do-sul\\\/\"},\"wordCount\":135,\"commentCount\":0,\"image\":{\"@id\":\"https:\\\/\\\/folhapopular.info\\\/index.php\\\/2024\\\/07\\\/31\\\/homem-conhecido-pela-realizacao-de-atos-obscenos-e-preso-no-interior-de-santa-clara-do-sul\\\/#primaryimage\"},\"thumbnailUrl\":\"https:\\\/\\\/folhapopular.info\\\/wp-content\\\/uploads\\\/2024\\\/07\\\/WhatsApp-Image-2024-07-30-at-23.32.50.jpeg\",\"keywords\":[\"Atos obscenos\",\"BM\",\"Brigada Militar\",\"Pris\u00e3o\"],\"articleSection\":[\"Pol\u00edcia\",\"Seguran\u00e7a\"],\"inLanguage\":\"pt-BR\",\"potentialAction\":[{\"@type\":\"CommentAction\",\"name\":\"Comment\",\"target\":[\"https:\\\/\\\/folhapopular.info\\\/index.php\\\/2024\\\/07\\\/31\\\/homem-conhecido-pela-realizacao-de-atos-obscenos-e-preso-no-interior-de-santa-clara-do-sul\\\/#respond\"]}]},{\"@type\":\"WebPage\",\"@id\":\"https:\\\/\\\/folhapopular.info\\\/index.php\\\/2024\\\/07\\\/31\\\/homem-conhecido-pela-realizacao-de-atos-obscenos-e-preso-no-interior-de-santa-clara-do-sul\\\/\",\"url\":\"https:\\\/\\\/folhapopular.info\\\/index.php\\\/2024\\\/07\\\/31\\\/homem-conhecido-pela-realizacao-de-atos-obscenos-e-preso-no-interior-de-santa-clara-do-sul\\\/\",\"name\":\"Homem conhecido pela realiza\u00e7\u00e3o de atos obscenos \u00e9 preso no interior de Santa Clara do Sul - Folha Popular\",\"isPartOf\":{\"@id\":\"https:\\\/\\\/folhapopular.info\\\/#website\"},\"primaryImageOfPage\":{\"@id\":\"https:\\\/\\\/folhapopular.info\\\/index.php\\\/2024\\\/07\\\/31\\\/homem-conhecido-pela-realizacao-de-atos-obscenos-e-preso-no-interior-de-santa-clara-do-sul\\\/#primaryimage\"},\"image\":{\"@id\":\"https:\\\/\\\/folhapopular.info\\\/index.php\\\/2024\\\/07\\\/31\\\/homem-conhecido-pela-realizacao-de-atos-obscenos-e-preso-no-interior-de-santa-clara-do-sul\\\/#primaryimage\"},\"thumbnailUrl\":\"https:\\\/\\\/folhapopular.info\\\/wp-content\\\/uploads\\\/2024\\\/07\\\/WhatsApp-Image-2024-07-30-at-23.32.50.jpeg\",\"datePublished\":\"2024-07-31T10:06:49+00:00\",\"dateModified\":\"2024-07-31T10:06:52+00:00\",\"author\":{\"@id\":\"https:\\\/\\\/folhapopular.info\\\/#\\\/schema\\\/person\\\/2814e8a0df7643585a9ca38bc6eb9d4b\"},\"breadcrumb\":{\"@id\":\"https:\\\/\\\/folhapopular.info\\\/index.php\\\/2024\\\/07\\\/31\\\/homem-conhecido-pela-realizacao-de-atos-obscenos-e-preso-no-interior-de-santa-clara-do-sul\\\/#breadcrumb\"},\"inLanguage\":\"pt-BR\",\"potentialAction\":[{\"@type\":\"ReadAction\",\"target\":[\"https:\\\/\\\/folhapopular.info\\\/index.php\\\/2024\\\/07\\\/31\\\/homem-conhecido-pela-realizacao-de-atos-obscenos-e-preso-no-interior-de-santa-clara-do-sul\\\/\"]}]},{\"@type\":\"ImageObject\",\"inLanguage\":\"pt-BR\",\"@id\":\"https:\\\/\\\/folhapopular.info\\\/index.php\\\/2024\\\/07\\\/31\\\/homem-conhecido-pela-realizacao-de-atos-obscenos-e-preso-no-interior-de-santa-clara-do-sul\\\/#primaryimage\",\"url\":\"https:\\\/\\\/folhapopular.info\\\/wp-content\\\/uploads\\\/2024\\\/07\\\/WhatsApp-Image-2024-07-30-at-23.32.50.jpeg\",\"contentUrl\":\"https:\\\/\\\/folhapopular.info\\\/wp-content\\\/uploads\\\/2024\\\/07\\\/WhatsApp-Image-2024-07-30-at-23.32.50.jpeg\",\"width\":576,\"height\":1280,\"caption\":\"Cr\u00e9dito: BM \\\/ Divulga\u00e7\u00e3o\"},{\"@type\":\"BreadcrumbList\",\"@id\":\"https:\\\/\\\/folhapopular.info\\\/index.php\\\/2024\\\/07\\\/31\\\/homem-conhecido-pela-realizacao-de-atos-obscenos-e-preso-no-interior-de-santa-clara-do-sul\\\/#breadcrumb\",\"itemListElement\":[{\"@type\":\"ListItem\",\"position\":1,\"name\":\"In\u00edcio\",\"item\":\"https:\\\/\\\/folhapopular.info\\\/\"},{\"@type\":\"ListItem\",\"position\":2,\"name\":\"Homem conhecido pela realiza\u00e7\u00e3o de atos obscenos \u00e9 preso no interior de Santa Clara do Sul\"}]},{\"@type\":\"WebSite\",\"@id\":\"https:\\\/\\\/folhapopular.info\\\/#website\",\"url\":\"https:\\\/\\\/folhapopular.info\\\/\",\"name\":\"Folha Popular\",\"description\":\"Onde voc\u00ea tem vez e voz\",\"potentialAction\":[{\"@type\":\"SearchAction\",\"target\":{\"@type\":\"EntryPoint\",\"urlTemplate\":\"https:\\\/\\\/folhapopular.info\\\/?s={search_term_string}\"},\"query-input\":{\"@type\":\"PropertyValueSpecification\",\"valueRequired\":true,\"valueName\":\"search_term_string\"}}],\"inLanguage\":\"pt-BR\"},{\"@type\":\"Person\",\"@id\":\"https:\\\/\\\/folhapopular.info\\\/#\\\/schema\\\/person\\\/2814e8a0df7643585a9ca38bc6eb9d4b\",\"name\":\"Reda\u00e7\u00e3o Folha Popular\",\"image\":{\"@type\":\"ImageObject\",\"inLanguage\":\"pt-BR\",\"@id\":\"https:\\\/\\\/folhapopular.info\\\/wp-content\\\/uploads\\\/2026\\\/04\\\/Folha-1.webp\",\"url\":\"https:\\\/\\\/folhapopular.info\\\/wp-content\\\/uploads\\\/2026\\\/04\\\/Folha-1.webp\",\"contentUrl\":\"https:\\\/\\\/folhapopular.info\\\/wp-content\\\/uploads\\\/2026\\\/04\\\/Folha-1.webp\",\"caption\":\"Reda\u00e7\u00e3o Folha Popular\"},\"url\":\"https:\\\/\\\/folhapopular.info\\\/index.php\\\/author\\\/redacao\\\/\"}]}<\/script>\n<!-- \/ Yoast SEO plugin. -->","yoast_head_json":{"title":"Homem conhecido pela realiza\u00e7\u00e3o de atos obscenos \u00e9 preso no interior de Santa Clara do Sul - Folha Popular","robots":{"index":"index","follow":"follow","max-snippet":"max-snippet:-1","max-image-preview":"max-image-preview:large","max-video-preview":"max-video-preview:-1"},"canonical":"https:\/\/folhapopular.info\/index.php\/2024\/07\/31\/homem-conhecido-pela-realizacao-de-atos-obscenos-e-preso-no-interior-de-santa-clara-do-sul\/","og_locale":"pt_BR","og_type":"article","og_title":"Homem conhecido pela realiza\u00e7\u00e3o de atos obscenos \u00e9 preso no interior de Santa Clara do Sul - Folha Popular","og_description":"Um homem com mandado de pris\u00e3o em aberto foi preso pela Brigada Militar na noite desta ter\u00e7a-feira (30\/7) em Santa Clara do Sul. O indiv\u00edduo de 22 anos, morador da localidade de Sampainho, interior de Santa Clara, possu\u00eda antecedentes criminais por importuna\u00e7\u00e3o sexual (6x), persegui\u00e7\u00e3o (3x), amea\u00e7a, maus tratos, ato obsceno, al\u00e9m de outros crimes [&hellip;]","og_url":"https:\/\/folhapopular.info\/index.php\/2024\/07\/31\/homem-conhecido-pela-realizacao-de-atos-obscenos-e-preso-no-interior-de-santa-clara-do-sul\/","og_site_name":"Folha Popular","article_published_time":"2024-07-31T10:06:49+00:00","article_modified_time":"2024-07-31T10:06:52+00:00","og_image":[{"width":576,"height":1280,"url":"http:\/\/folhapopular.info\/wp-content\/uploads\/2024\/07\/WhatsApp-Image-2024-07-30-at-23.32.50.jpeg","type":"image\/jpeg"}],"author":"Reda\u00e7\u00e3o Folha Popular","twitter_card":"summary_large_image","twitter_misc":{"Escrito por":"Reda\u00e7\u00e3o Folha Popular","Est. tempo de leitura":"1 minuto"},"schema":{"@context":"https:\/\/schema.org","@graph":[{"@type":"Article","@id":"https:\/\/folhapopular.info\/index.php\/2024\/07\/31\/homem-conhecido-pela-realizacao-de-atos-obscenos-e-preso-no-interior-de-santa-clara-do-sul\/#article","isPartOf":{"@id":"https:\/\/folhapopular.info\/index.php\/2024\/07\/31\/homem-conhecido-pela-realizacao-de-atos-obscenos-e-preso-no-interior-de-santa-clara-do-sul\/"},"author":{"name":"Reda\u00e7\u00e3o Folha Popular","@id":"https:\/\/folhapopular.info\/#\/schema\/person\/2814e8a0df7643585a9ca38bc6eb9d4b"},"headline":"Homem conhecido pela realiza\u00e7\u00e3o de atos obscenos \u00e9 preso no interior de Santa Clara do Sul","datePublished":"2024-07-31T10:06:49+00:00","dateModified":"2024-07-31T10:06:52+00:00","mainEntityOfPage":{"@id":"https:\/\/folhapopular.info\/index.php\/2024\/07\/31\/homem-conhecido-pela-realizacao-de-atos-obscenos-e-preso-no-interior-de-santa-clara-do-sul\/"},"wordCount":135,"commentCount":0,"image":{"@id":"https:\/\/folhapopular.info\/index.php\/2024\/07\/31\/homem-conhecido-pela-realizacao-de-atos-obscenos-e-preso-no-interior-de-santa-clara-do-sul\/#primaryimage"},"thumbnailUrl":"https:\/\/folhapopular.info\/wp-content\/uploads\/2024\/07\/WhatsApp-Image-2024-07-30-at-23.32.50.jpeg","keywords":["Atos obscenos","BM","Brigada Militar","Pris\u00e3o"],"articleSection":["Pol\u00edcia","Seguran\u00e7a"],"inLanguage":"pt-BR","potentialAction":[{"@type":"CommentAction","name":"Comment","target":["https:\/\/folhapopular.info\/index.php\/2024\/07\/31\/homem-conhecido-pela-realizacao-de-atos-obscenos-e-preso-no-interior-de-santa-clara-do-sul\/#respond"]}]},{"@type":"WebPage","@id":"https:\/\/folhapopular.info\/index.php\/2024\/07\/31\/homem-conhecido-pela-realizacao-de-atos-obscenos-e-preso-no-interior-de-santa-clara-do-sul\/","url":"https:\/\/folhapopular.info\/index.php\/2024\/07\/31\/homem-conhecido-pela-realizacao-de-atos-obscenos-e-preso-no-interior-de-santa-clara-do-sul\/","name":"Homem conhecido pela realiza\u00e7\u00e3o de atos obscenos \u00e9 preso no interior de Santa Clara do Sul - Folha Popular","isPartOf":{"@id":"https:\/\/folhapopular.info\/#website"},"primaryImageOfPage":{"@id":"https:\/\/folhapopular.info\/index.php\/2024\/07\/31\/homem-conhecido-pela-realizacao-de-atos-obscenos-e-preso-no-interior-de-santa-clara-do-sul\/#primaryimage"},"image":{"@id":"https:\/\/folhapopular.info\/index.php\/2024\/07\/31\/homem-conhecido-pela-realizacao-de-atos-obscenos-e-preso-no-interior-de-santa-clara-do-sul\/#primaryimage"},"thumbnailUrl":"https:\/\/folhapopular.info\/wp-content\/uploads\/2024\/07\/WhatsApp-Image-2024-07-30-at-23.32.50.jpeg","datePublished":"2024-07-31T10:06:49+00:00","dateModified":"2024-07-31T10:06:52+00:00","author":{"@id":"https:\/\/folhapopular.info\/#\/schema\/person\/2814e8a0df7643585a9ca38bc6eb9d4b"},"breadcrumb":{"@id":"https:\/\/folhapopular.info\/index.php\/2024\/07\/31\/homem-conhecido-pela-realizacao-de-atos-obscenos-e-preso-no-interior-de-santa-clara-do-sul\/#breadcrumb"},"inLanguage":"pt-BR","potentialAction":[{"@type":"ReadAction","target":["https:\/\/folhapopular.info\/index.php\/2024\/07\/31\/homem-conhecido-pela-realizacao-de-atos-obscenos-e-preso-no-interior-de-santa-clara-do-sul\/"]}]},{"@type":"ImageObject","inLanguage":"pt-BR","@id":"https:\/\/folhapopular.info\/index.php\/2024\/07\/31\/homem-conhecido-pela-realizacao-de-atos-obscenos-e-preso-no-interior-de-santa-clara-do-sul\/#primaryimage","url":"https:\/\/folhapopular.info\/wp-content\/uploads\/2024\/07\/WhatsApp-Image-2024-07-30-at-23.32.50.jpeg","contentUrl":"https:\/\/folhapopular.info\/wp-content\/uploads\/2024\/07\/WhatsApp-Image-2024-07-30-at-23.32.50.jpeg","width":576,"height":1280,"caption":"Cr\u00e9dito: BM \/ Divulga\u00e7\u00e3o"},{"@type":"BreadcrumbList","@id":"https:\/\/folhapopular.info\/index.php\/2024\/07\/31\/homem-conhecido-pela-realizacao-de-atos-obscenos-e-preso-no-interior-de-santa-clara-do-sul\/#breadcrumb","itemListElement":[{"@type":"ListItem","position":1,"name":"In\u00edcio","item":"https:\/\/folhapopular.info\/"},{"@type":"ListItem","position":2,"name":"Homem conhecido pela realiza\u00e7\u00e3o de atos obscenos \u00e9 preso no interior de Santa Clara do Sul"}]},{"@type":"WebSite","@id":"https:\/\/folhapopular.info\/#website","url":"https:\/\/folhapopular.info\/","name":"Folha Popular","description":"Onde voc\u00ea tem vez e voz","potentialAction":[{"@type":"SearchAction","target":{"@type":"EntryPoint","urlTemplate":"https:\/\/folhapopular.info\/?s={search_term_string}"},"query-input":{"@type":"PropertyValueSpecification","valueRequired":true,"valueName":"search_term_string"}}],"inLanguage":"pt-BR"},{"@type":"Person","@id":"https:\/\/folhapopular.info\/#\/schema\/person\/2814e8a0df7643585a9ca38bc6eb9d4b","name":"Reda\u00e7\u00e3o Folha Popular","image":{"@type":"ImageObject","inLanguage":"pt-BR","@id":"https:\/\/folhapopular.info\/wp-content\/uploads\/2026\/04\/Folha-1.webp","url":"https:\/\/folhapopular.info\/wp-content\/uploads\/2026\/04\/Folha-1.webp","contentUrl":"https:\/\/folhapopular.info\/wp-content\/uploads\/2026\/04\/Folha-1.webp","caption":"Reda\u00e7\u00e3o Folha Popular"},"url":"https:\/\/folhapopular.info\/index.php\/author\/redacao\/"}]}},"jetpack_featured_media_url":"https:\/\/folhapopular.info\/wp-content\/uploads\/2024\/07\/WhatsApp-Image-2024-07-30-at-23.32.50.jpeg","jetpack_sharing_enabled":true,"amp_enabled":true,"_links":{"self":[{"href":"https:\/\/folhapopular.info\/index.php\/wp-json\/wp\/v2\/posts\/164529","targetHints":{"allow":["GET"]}}],"collection":[{"href":"https:\/\/folhapopular.info\/index.php\/wp-json\/wp\/v2\/posts"}],"about":[{"href":"https:\/\/folhapopular.info\/index.php\/wp-json\/wp\/v2\/types\/post"}],"author":[{"embeddable":true,"href":"https:\/\/folhapopular.info\/index.php\/wp-json\/wp\/v2\/users\/8"}],"replies":[{"embeddable":true,"href":"https:\/\/folhapopular.info\/index.php\/wp-json\/wp\/v2\/comments?post=164529"}],"version-history":[{"count":0,"href":"https:\/\/folhapopular.info\/index.php\/wp-json\/wp\/v2\/posts\/164529\/revisions"}],"wp:featuredmedia":[{"embeddable":true,"href":"https:\/\/folhapopular.info\/index.php\/wp-json\/wp\/v2\/media\/164532"}],"wp:attachment":[{"href":"https:\/\/folhapopular.info\/index.php\/wp-json\/wp\/v2\/media?parent=164529"}],"wp:term":[{"taxonomy":"category","embeddable":true,"href":"https:\/\/folhapopular.info\/index.php\/wp-json\/wp\/v2\/categories?post=164529"},{"taxonomy":"post_tag","embeddable":true,"href":"https:\/\/folhapopular.info\/index.php\/wp-json\/wp\/v2\/tags?post=164529"}],"curies":[{"name":"wp","href":"https:\/\/api.w.org\/{rel}","templated":true}]}}