{"id":164749,"date":"2024-08-02T16:13:46","date_gmt":"2024-08-02T19:13:46","guid":{"rendered":"https:\/\/folhapopular.info\/?p=164749"},"modified":"2024-08-02T16:13:50","modified_gmt":"2024-08-02T19:13:50","slug":"cic-teutonia-realiza-jantar-baile-de-25-anos","status":"publish","type":"post","link":"https:\/\/folhapopular.info\/index.php\/2024\/08\/02\/cic-teutonia-realiza-jantar-baile-de-25-anos\/","title":{"rendered":"CIC Teut\u00f4nia realiza jantar-baile de 25 anos"},"content":{"rendered":"\n<p>No dia 1\u00ba de dezembro a CIC Teut\u00f4nia comemora 25 anos de funda\u00e7\u00e3o. Para celebrar a importante data, a entidade realiza a 11\u00aa edi\u00e7\u00e3o do seu tradicional jantar-baile. O evento ser\u00e1 no dia 30 de novembro, a partir das 20h, na Associa\u00e7\u00e3o Pr\u00f3-Desenvolvimento de Languiru, em Teut\u00f4nia.<\/p>\n\n\n\n<p>A anima\u00e7\u00e3o estar\u00e1 por conta da Banda S\u00e9timo Sentido. Ingressos individuais podem ser adquiridos a R$ 120,00. Mesas com oito lugares podem ser adquiridas por R$ 900,00. Nestes valores est\u00e3o inclusos jantar, chopp, \u00e1gua e refrigerante. No primeiro dia de vendas, mais de 50% das mesas j\u00e1 foram comercializadas.<\/p>\n\n\n\n<p>Mais informa\u00e7\u00f5es e reservas podem ser efetuadas pelo WhatsApp (51) 99250-1992. O patroc\u00ednio \u00e9 de CDL POA, Celeiro Feiras e Eventos, Certel, Reinigend, Sicredi e Unimed.<\/p>\n","protected":false},"excerpt":{"rendered":"<p>No dia 1\u00ba de dezembro a CIC Teut\u00f4nia comemora 25 anos de funda\u00e7\u00e3o. Para celebrar a importante data, a entidade realiza a 11\u00aa edi\u00e7\u00e3o do seu tradicional jantar-baile. O evento ser\u00e1 no dia 30 de novembro, a partir das 20h, na Associa\u00e7\u00e3o Pr\u00f3-Desenvolvimento de Languiru, em Teut\u00f4nia. A anima\u00e7\u00e3o estar\u00e1 por conta da Banda S\u00e9timo [&hellip;]<\/p>\n","protected":false},"author":8,"featured_media":164750,"comment_status":"open","ping_status":"open","sticky":false,"template":"","format":"standard","meta":{"pmpro_default_level":"","_jetpack_memberships_contains_paid_content":false,"footnotes":""},"categories":[2,10999,3,6],"tags":[26],"class_list":{"0":"post-164749","1":"post","2":"type-post","3":"status-publish","4":"format-standard","5":"has-post-thumbnail","7":"category-featured","8":"category-entretenimento","9":"category-geral","10":"category-inclusive","11":"tag-teutonia","12":"pmpro-has-access"},"yoast_head":"<!-- This site is optimized with the Yoast SEO plugin v27.5 - https:\/\/yoast.com\/product\/yoast-seo-wordpress\/ -->\n<title>CIC Teut\u00f4nia realiza jantar-baile de 25 anos - Folha Popular<\/title>\n<meta name=\"robots\" content=\"index, follow, max-snippet:-1, max-image-preview:large, max-video-preview:-1\" \/>\n<link rel=\"canonical\" href=\"https:\/\/folhapopular.info\/index.php\/2024\/08\/02\/cic-teutonia-realiza-jantar-baile-de-25-anos\/\" \/>\n<meta property=\"og:locale\" content=\"pt_BR\" \/>\n<meta property=\"og:type\" content=\"article\" \/>\n<meta property=\"og:title\" content=\"CIC Teut\u00f4nia realiza jantar-baile de 25 anos - Folha Popular\" \/>\n<meta property=\"og:description\" content=\"No dia 1\u00ba de dezembro a CIC Teut\u00f4nia comemora 25 anos de funda\u00e7\u00e3o. Para celebrar a importante data, a entidade realiza a 11\u00aa edi\u00e7\u00e3o do seu tradicional jantar-baile. O evento ser\u00e1 no dia 30 de novembro, a partir das 20h, na Associa\u00e7\u00e3o Pr\u00f3-Desenvolvimento de Languiru, em Teut\u00f4nia. A anima\u00e7\u00e3o estar\u00e1 por conta da Banda S\u00e9timo [&hellip;]\" \/>\n<meta property=\"og:url\" content=\"https:\/\/folhapopular.info\/index.php\/2024\/08\/02\/cic-teutonia-realiza-jantar-baile-de-25-anos\/\" \/>\n<meta property=\"og:site_name\" content=\"Folha Popular\" \/>\n<meta property=\"article:published_time\" content=\"2024-08-02T19:13:46+00:00\" \/>\n<meta property=\"article:modified_time\" content=\"2024-08-02T19:13:50+00:00\" \/>\n<meta property=\"og:image\" content=\"http:\/\/folhapopular.info\/wp-content\/uploads\/2024\/08\/jantar-baile.jpeg\" \/>\n\t<meta property=\"og:image:width\" content=\"1080\" \/>\n\t<meta property=\"og:image:height\" content=\"1350\" \/>\n\t<meta property=\"og:image:type\" content=\"image\/jpeg\" \/>\n<meta name=\"author\" content=\"Reda\u00e7\u00e3o Folha Popular\" \/>\n<meta name=\"twitter:card\" content=\"summary_large_image\" \/>\n<meta name=\"twitter:label1\" content=\"Escrito por\" \/>\n\t<meta name=\"twitter:data1\" content=\"Reda\u00e7\u00e3o Folha Popular\" \/>\n\t<meta name=\"twitter:label2\" content=\"Est. tempo de leitura\" \/>\n\t<meta name=\"twitter:data2\" content=\"1 minuto\" \/>\n<script type=\"application\/ld+json\" class=\"yoast-schema-graph\">{\"@context\":\"https:\\\/\\\/schema.org\",\"@graph\":[{\"@type\":\"Article\",\"@id\":\"https:\\\/\\\/folhapopular.info\\\/index.php\\\/2024\\\/08\\\/02\\\/cic-teutonia-realiza-jantar-baile-de-25-anos\\\/#article\",\"isPartOf\":{\"@id\":\"https:\\\/\\\/folhapopular.info\\\/index.php\\\/2024\\\/08\\\/02\\\/cic-teutonia-realiza-jantar-baile-de-25-anos\\\/\"},\"author\":{\"name\":\"Reda\u00e7\u00e3o Folha Popular\",\"@id\":\"https:\\\/\\\/folhapopular.info\\\/#\\\/schema\\\/person\\\/2814e8a0df7643585a9ca38bc6eb9d4b\"},\"headline\":\"CIC Teut\u00f4nia realiza jantar-baile de 25 anos\",\"datePublished\":\"2024-08-02T19:13:46+00:00\",\"dateModified\":\"2024-08-02T19:13:50+00:00\",\"mainEntityOfPage\":{\"@id\":\"https:\\\/\\\/folhapopular.info\\\/index.php\\\/2024\\\/08\\\/02\\\/cic-teutonia-realiza-jantar-baile-de-25-anos\\\/\"},\"wordCount\":131,\"commentCount\":0,\"image\":{\"@id\":\"https:\\\/\\\/folhapopular.info\\\/index.php\\\/2024\\\/08\\\/02\\\/cic-teutonia-realiza-jantar-baile-de-25-anos\\\/#primaryimage\"},\"thumbnailUrl\":\"https:\\\/\\\/folhapopular.info\\\/wp-content\\\/uploads\\\/2024\\\/08\\\/jantar-baile.jpeg\",\"keywords\":[\"Teut\u00f4nia\"],\"articleSection\":[\"Destaques\",\"Entretenimento\",\"Geral\",\"Inclusive\"],\"inLanguage\":\"pt-BR\",\"potentialAction\":[{\"@type\":\"CommentAction\",\"name\":\"Comment\",\"target\":[\"https:\\\/\\\/folhapopular.info\\\/index.php\\\/2024\\\/08\\\/02\\\/cic-teutonia-realiza-jantar-baile-de-25-anos\\\/#respond\"]}]},{\"@type\":\"WebPage\",\"@id\":\"https:\\\/\\\/folhapopular.info\\\/index.php\\\/2024\\\/08\\\/02\\\/cic-teutonia-realiza-jantar-baile-de-25-anos\\\/\",\"url\":\"https:\\\/\\\/folhapopular.info\\\/index.php\\\/2024\\\/08\\\/02\\\/cic-teutonia-realiza-jantar-baile-de-25-anos\\\/\",\"name\":\"CIC Teut\u00f4nia realiza jantar-baile de 25 anos - Folha Popular\",\"isPartOf\":{\"@id\":\"https:\\\/\\\/folhapopular.info\\\/#website\"},\"primaryImageOfPage\":{\"@id\":\"https:\\\/\\\/folhapopular.info\\\/index.php\\\/2024\\\/08\\\/02\\\/cic-teutonia-realiza-jantar-baile-de-25-anos\\\/#primaryimage\"},\"image\":{\"@id\":\"https:\\\/\\\/folhapopular.info\\\/index.php\\\/2024\\\/08\\\/02\\\/cic-teutonia-realiza-jantar-baile-de-25-anos\\\/#primaryimage\"},\"thumbnailUrl\":\"https:\\\/\\\/folhapopular.info\\\/wp-content\\\/uploads\\\/2024\\\/08\\\/jantar-baile.jpeg\",\"datePublished\":\"2024-08-02T19:13:46+00:00\",\"dateModified\":\"2024-08-02T19:13:50+00:00\",\"author\":{\"@id\":\"https:\\\/\\\/folhapopular.info\\\/#\\\/schema\\\/person\\\/2814e8a0df7643585a9ca38bc6eb9d4b\"},\"breadcrumb\":{\"@id\":\"https:\\\/\\\/folhapopular.info\\\/index.php\\\/2024\\\/08\\\/02\\\/cic-teutonia-realiza-jantar-baile-de-25-anos\\\/#breadcrumb\"},\"inLanguage\":\"pt-BR\",\"potentialAction\":[{\"@type\":\"ReadAction\",\"target\":[\"https:\\\/\\\/folhapopular.info\\\/index.php\\\/2024\\\/08\\\/02\\\/cic-teutonia-realiza-jantar-baile-de-25-anos\\\/\"]}]},{\"@type\":\"ImageObject\",\"inLanguage\":\"pt-BR\",\"@id\":\"https:\\\/\\\/folhapopular.info\\\/index.php\\\/2024\\\/08\\\/02\\\/cic-teutonia-realiza-jantar-baile-de-25-anos\\\/#primaryimage\",\"url\":\"https:\\\/\\\/folhapopular.info\\\/wp-content\\\/uploads\\\/2024\\\/08\\\/jantar-baile.jpeg\",\"contentUrl\":\"https:\\\/\\\/folhapopular.info\\\/wp-content\\\/uploads\\\/2024\\\/08\\\/jantar-baile.jpeg\",\"width\":1080,\"height\":1350},{\"@type\":\"BreadcrumbList\",\"@id\":\"https:\\\/\\\/folhapopular.info\\\/index.php\\\/2024\\\/08\\\/02\\\/cic-teutonia-realiza-jantar-baile-de-25-anos\\\/#breadcrumb\",\"itemListElement\":[{\"@type\":\"ListItem\",\"position\":1,\"name\":\"In\u00edcio\",\"item\":\"https:\\\/\\\/folhapopular.info\\\/\"},{\"@type\":\"ListItem\",\"position\":2,\"name\":\"CIC Teut\u00f4nia realiza jantar-baile de 25 anos\"}]},{\"@type\":\"WebSite\",\"@id\":\"https:\\\/\\\/folhapopular.info\\\/#website\",\"url\":\"https:\\\/\\\/folhapopular.info\\\/\",\"name\":\"Folha Popular\",\"description\":\"Onde voc\u00ea tem vez e voz\",\"potentialAction\":[{\"@type\":\"SearchAction\",\"target\":{\"@type\":\"EntryPoint\",\"urlTemplate\":\"https:\\\/\\\/folhapopular.info\\\/?s={search_term_string}\"},\"query-input\":{\"@type\":\"PropertyValueSpecification\",\"valueRequired\":true,\"valueName\":\"search_term_string\"}}],\"inLanguage\":\"pt-BR\"},{\"@type\":\"Person\",\"@id\":\"https:\\\/\\\/folhapopular.info\\\/#\\\/schema\\\/person\\\/2814e8a0df7643585a9ca38bc6eb9d4b\",\"name\":\"Reda\u00e7\u00e3o Folha Popular\",\"image\":{\"@type\":\"ImageObject\",\"inLanguage\":\"pt-BR\",\"@id\":\"https:\\\/\\\/folhapopular.info\\\/wp-content\\\/uploads\\\/2026\\\/04\\\/Folha-1.webp\",\"url\":\"https:\\\/\\\/folhapopular.info\\\/wp-content\\\/uploads\\\/2026\\\/04\\\/Folha-1.webp\",\"contentUrl\":\"https:\\\/\\\/folhapopular.info\\\/wp-content\\\/uploads\\\/2026\\\/04\\\/Folha-1.webp\",\"caption\":\"Reda\u00e7\u00e3o Folha Popular\"},\"url\":\"https:\\\/\\\/folhapopular.info\\\/index.php\\\/author\\\/redacao\\\/\"}]}<\/script>\n<!-- \/ Yoast SEO plugin. -->","yoast_head_json":{"title":"CIC Teut\u00f4nia realiza jantar-baile de 25 anos - Folha Popular","robots":{"index":"index","follow":"follow","max-snippet":"max-snippet:-1","max-image-preview":"max-image-preview:large","max-video-preview":"max-video-preview:-1"},"canonical":"https:\/\/folhapopular.info\/index.php\/2024\/08\/02\/cic-teutonia-realiza-jantar-baile-de-25-anos\/","og_locale":"pt_BR","og_type":"article","og_title":"CIC Teut\u00f4nia realiza jantar-baile de 25 anos - Folha Popular","og_description":"No dia 1\u00ba de dezembro a CIC Teut\u00f4nia comemora 25 anos de funda\u00e7\u00e3o. Para celebrar a importante data, a entidade realiza a 11\u00aa edi\u00e7\u00e3o do seu tradicional jantar-baile. O evento ser\u00e1 no dia 30 de novembro, a partir das 20h, na Associa\u00e7\u00e3o Pr\u00f3-Desenvolvimento de Languiru, em Teut\u00f4nia. A anima\u00e7\u00e3o estar\u00e1 por conta da Banda S\u00e9timo [&hellip;]","og_url":"https:\/\/folhapopular.info\/index.php\/2024\/08\/02\/cic-teutonia-realiza-jantar-baile-de-25-anos\/","og_site_name":"Folha Popular","article_published_time":"2024-08-02T19:13:46+00:00","article_modified_time":"2024-08-02T19:13:50+00:00","og_image":[{"width":1080,"height":1350,"url":"http:\/\/folhapopular.info\/wp-content\/uploads\/2024\/08\/jantar-baile.jpeg","type":"image\/jpeg"}],"author":"Reda\u00e7\u00e3o Folha Popular","twitter_card":"summary_large_image","twitter_misc":{"Escrito por":"Reda\u00e7\u00e3o Folha Popular","Est. tempo de leitura":"1 minuto"},"schema":{"@context":"https:\/\/schema.org","@graph":[{"@type":"Article","@id":"https:\/\/folhapopular.info\/index.php\/2024\/08\/02\/cic-teutonia-realiza-jantar-baile-de-25-anos\/#article","isPartOf":{"@id":"https:\/\/folhapopular.info\/index.php\/2024\/08\/02\/cic-teutonia-realiza-jantar-baile-de-25-anos\/"},"author":{"name":"Reda\u00e7\u00e3o Folha Popular","@id":"https:\/\/folhapopular.info\/#\/schema\/person\/2814e8a0df7643585a9ca38bc6eb9d4b"},"headline":"CIC Teut\u00f4nia realiza jantar-baile de 25 anos","datePublished":"2024-08-02T19:13:46+00:00","dateModified":"2024-08-02T19:13:50+00:00","mainEntityOfPage":{"@id":"https:\/\/folhapopular.info\/index.php\/2024\/08\/02\/cic-teutonia-realiza-jantar-baile-de-25-anos\/"},"wordCount":131,"commentCount":0,"image":{"@id":"https:\/\/folhapopular.info\/index.php\/2024\/08\/02\/cic-teutonia-realiza-jantar-baile-de-25-anos\/#primaryimage"},"thumbnailUrl":"https:\/\/folhapopular.info\/wp-content\/uploads\/2024\/08\/jantar-baile.jpeg","keywords":["Teut\u00f4nia"],"articleSection":["Destaques","Entretenimento","Geral","Inclusive"],"inLanguage":"pt-BR","potentialAction":[{"@type":"CommentAction","name":"Comment","target":["https:\/\/folhapopular.info\/index.php\/2024\/08\/02\/cic-teutonia-realiza-jantar-baile-de-25-anos\/#respond"]}]},{"@type":"WebPage","@id":"https:\/\/folhapopular.info\/index.php\/2024\/08\/02\/cic-teutonia-realiza-jantar-baile-de-25-anos\/","url":"https:\/\/folhapopular.info\/index.php\/2024\/08\/02\/cic-teutonia-realiza-jantar-baile-de-25-anos\/","name":"CIC Teut\u00f4nia realiza jantar-baile de 25 anos - Folha Popular","isPartOf":{"@id":"https:\/\/folhapopular.info\/#website"},"primaryImageOfPage":{"@id":"https:\/\/folhapopular.info\/index.php\/2024\/08\/02\/cic-teutonia-realiza-jantar-baile-de-25-anos\/#primaryimage"},"image":{"@id":"https:\/\/folhapopular.info\/index.php\/2024\/08\/02\/cic-teutonia-realiza-jantar-baile-de-25-anos\/#primaryimage"},"thumbnailUrl":"https:\/\/folhapopular.info\/wp-content\/uploads\/2024\/08\/jantar-baile.jpeg","datePublished":"2024-08-02T19:13:46+00:00","dateModified":"2024-08-02T19:13:50+00:00","author":{"@id":"https:\/\/folhapopular.info\/#\/schema\/person\/2814e8a0df7643585a9ca38bc6eb9d4b"},"breadcrumb":{"@id":"https:\/\/folhapopular.info\/index.php\/2024\/08\/02\/cic-teutonia-realiza-jantar-baile-de-25-anos\/#breadcrumb"},"inLanguage":"pt-BR","potentialAction":[{"@type":"ReadAction","target":["https:\/\/folhapopular.info\/index.php\/2024\/08\/02\/cic-teutonia-realiza-jantar-baile-de-25-anos\/"]}]},{"@type":"ImageObject","inLanguage":"pt-BR","@id":"https:\/\/folhapopular.info\/index.php\/2024\/08\/02\/cic-teutonia-realiza-jantar-baile-de-25-anos\/#primaryimage","url":"https:\/\/folhapopular.info\/wp-content\/uploads\/2024\/08\/jantar-baile.jpeg","contentUrl":"https:\/\/folhapopular.info\/wp-content\/uploads\/2024\/08\/jantar-baile.jpeg","width":1080,"height":1350},{"@type":"BreadcrumbList","@id":"https:\/\/folhapopular.info\/index.php\/2024\/08\/02\/cic-teutonia-realiza-jantar-baile-de-25-anos\/#breadcrumb","itemListElement":[{"@type":"ListItem","position":1,"name":"In\u00edcio","item":"https:\/\/folhapopular.info\/"},{"@type":"ListItem","position":2,"name":"CIC Teut\u00f4nia realiza jantar-baile de 25 anos"}]},{"@type":"WebSite","@id":"https:\/\/folhapopular.info\/#website","url":"https:\/\/folhapopular.info\/","name":"Folha Popular","description":"Onde voc\u00ea tem vez e voz","potentialAction":[{"@type":"SearchAction","target":{"@type":"EntryPoint","urlTemplate":"https:\/\/folhapopular.info\/?s={search_term_string}"},"query-input":{"@type":"PropertyValueSpecification","valueRequired":true,"valueName":"search_term_string"}}],"inLanguage":"pt-BR"},{"@type":"Person","@id":"https:\/\/folhapopular.info\/#\/schema\/person\/2814e8a0df7643585a9ca38bc6eb9d4b","name":"Reda\u00e7\u00e3o Folha Popular","image":{"@type":"ImageObject","inLanguage":"pt-BR","@id":"https:\/\/folhapopular.info\/wp-content\/uploads\/2026\/04\/Folha-1.webp","url":"https:\/\/folhapopular.info\/wp-content\/uploads\/2026\/04\/Folha-1.webp","contentUrl":"https:\/\/folhapopular.info\/wp-content\/uploads\/2026\/04\/Folha-1.webp","caption":"Reda\u00e7\u00e3o Folha Popular"},"url":"https:\/\/folhapopular.info\/index.php\/author\/redacao\/"}]}},"jetpack_featured_media_url":"https:\/\/folhapopular.info\/wp-content\/uploads\/2024\/08\/jantar-baile.jpeg","jetpack_sharing_enabled":true,"amp_enabled":true,"_links":{"self":[{"href":"https:\/\/folhapopular.info\/index.php\/wp-json\/wp\/v2\/posts\/164749","targetHints":{"allow":["GET"]}}],"collection":[{"href":"https:\/\/folhapopular.info\/index.php\/wp-json\/wp\/v2\/posts"}],"about":[{"href":"https:\/\/folhapopular.info\/index.php\/wp-json\/wp\/v2\/types\/post"}],"author":[{"embeddable":true,"href":"https:\/\/folhapopular.info\/index.php\/wp-json\/wp\/v2\/users\/8"}],"replies":[{"embeddable":true,"href":"https:\/\/folhapopular.info\/index.php\/wp-json\/wp\/v2\/comments?post=164749"}],"version-history":[{"count":0,"href":"https:\/\/folhapopular.info\/index.php\/wp-json\/wp\/v2\/posts\/164749\/revisions"}],"wp:featuredmedia":[{"embeddable":true,"href":"https:\/\/folhapopular.info\/index.php\/wp-json\/wp\/v2\/media\/164750"}],"wp:attachment":[{"href":"https:\/\/folhapopular.info\/index.php\/wp-json\/wp\/v2\/media?parent=164749"}],"wp:term":[{"taxonomy":"category","embeddable":true,"href":"https:\/\/folhapopular.info\/index.php\/wp-json\/wp\/v2\/categories?post=164749"},{"taxonomy":"post_tag","embeddable":true,"href":"https:\/\/folhapopular.info\/index.php\/wp-json\/wp\/v2\/tags?post=164749"}],"curies":[{"name":"wp","href":"https:\/\/api.w.org\/{rel}","templated":true}]}}