{"id":164858,"date":"2024-08-03T14:35:46","date_gmt":"2024-08-03T17:35:46","guid":{"rendered":"https:\/\/folhapopular.info\/?p=164858"},"modified":"2025-03-19T17:27:42","modified_gmt":"2025-03-19T20:27:42","slug":"pdt-podemos-e-psb-confirmam-forneck-e-vitor-para-concorrer-em-teutonia","status":"publish","type":"post","link":"https:\/\/folhapopular.info\/index.php\/2024\/08\/03\/pdt-podemos-e-psb-confirmam-forneck-e-vitor-para-concorrer-em-teutonia\/","title":{"rendered":"PDT, Podemos e PSB confirmam Forneck e Vitor para concorrer em Teut\u00f4nia"},"content":{"rendered":"\n<p>O atual prefeito Celso Alo\u00edsio Forneck (PDT) concorrer\u00e1 \u00e0 reelei\u00e7\u00e3o no pleito de 2024 em Teut\u00f4nia. Ele estar\u00e1 acompanhado pelo colega de partido e vereador Vitor Ernesto Krabbe. A dobradinha foi confirmada nas conven\u00e7\u00f5es dos tr\u00eas partidos &#8211; PDT, Podemos e PSB &#8211; realizada na manh\u00e3 deste s\u00e1bado (3\/8), na C\u00e2mara de Vereadores. Agora, as siglas t\u00eam at\u00e9 o dia 15 de agosto para registrar os candidatos no sistema Candex da Justi\u00e7a Eleitoral.<\/p>\n\n\n\n<p>Forneck concorre sua terceira elei\u00e7\u00e3o consecutiva para prefeito: derrota em 2016 e vit\u00f3ria em 2020. &#8220;Cada elei\u00e7\u00e3o \u00e9 uma realidade diferente. Na primeira, n\u00e3o \u00e9ramos conhecidos e nos apresentamos. Na segunda, vencemos e fizemos um trabalho. O trabalho est\u00e1 aqui e a comunidade poder\u00e1 olhar e se quer continue neste processo, estamos \u00e0 disposi\u00e7\u00e3o mais uma vez&#8221;, explana.<\/p>\n\n\n\n<p>O atual prefeito ressalta a dificuldade do atual mandato, com pandemia, estiagens e enchentes. &#8220;Acreditamos que de fato organizamos a casa do jeito que precisa. A comunidade pode ter certeza que vamos dar continuidade ao trabalho de transpar\u00eancia e seriedade para atender a popula\u00e7\u00e3o&#8221;, salienta.<\/p>\n\n\n\n<p>Vitor Krabbe comenta a troca do Legislativo pela disputa no Executivo. &#8220;Inicialmente, parecia um desafio, mas pelo acolhimento e apoio parece que se tornou mais tranquilo. Ser\u00e1 poss\u00edvel mostrar mais o que se fez. Tentamos ajudar a melhorar Teut\u00f4nia e no Executivo tentar ajudar mais ainda para trazer progresso a Teut\u00f4nia&#8221;, diz.<\/p>\n\n\n\n<p>Celso Forneck e Vitor Krabbe s\u00e3o professores, trabalharam juntos em escolas e t\u00eam afinidade nas ideias. &#8220;A gente se conhece e trabalhou juntos na escola. Estamos bem afinados. Temos ideias parecidas e n\u00e3o ser\u00e1 problema trabalhar junto&#8221;, comenta Vitor Krabbe. &#8220;\u00c9 um amigo pessoal de muito tempo, ele conhece os desafios pela frente. Ele se destacou muito em uma pesquisa interna, e a\u00ed n\u00e3o tem d\u00favida. E combinamos que a pesquisa daria a indica\u00e7\u00e3o&#8221;, conclui Forneck.<\/p>\n\n\n\n<h2 class=\"wp-block-heading\"><strong>Candidatos a vereador PDT<\/strong><\/h2>\n\n\n\n<p>\u2022 Carla Ramos;<br>\u2022 Diego Tenn-Pass;<br>\u2022 Fabiana Lampert;<br>\u2022 Jeferson K\u00f6rner;<br>\u2022 Carlos Leandro Tiggemann;<br>\u2022 L\u00eddia Dhein;<br>\u2022 Rosilea Luersen;<br>\u2022 Rudi Werkhausen;<br>\u2022 S\u00edrio de Castro;<br>\u2022 Valdemir dos Santos Lima &#8220;Japon\u00eas&#8221;;<br>\u2022 Werner Wiebusch &#8220;Fif&#8221;.<\/p>\n\n\n\n<h2 class=\"wp-block-heading\"><strong>Candidatos a vereador PSB<\/strong><\/h2>\n\n\n\n<p>\u2022 Adriano Fell;<br>\u2022 Aliandro Rockembach;<br>\u2022 Claudiane Ficagna;<br>\u2022 Denise Ohlweiler;<br>\u2022 Fabiane Lenz;<br>\u2022 Fernandinho Meyer;<br>\u2022 Lauri Ant\u00f4nio Perete;<br>\u2022 Lucas Hauschild;<br>\u2022 Silv\u00e9rio Renato da Silva.<\/p>\n\n\n\n<h2 class=\"wp-block-heading\"><strong>Candidatos a vereador Podemos<\/strong><\/h2>\n\n\n\n<p>\u2022 Carlos Peixoto;\n\u2022 Daiane Brito;\n\u2022 Izadete Meneghetti;\n\u2022 Jardelino Amaral;\n\u2022 J\u00falio C\u00e9sar;\n\u2022 Volmir da Rosa.<\/p>\n\n\n\n<figure class=\"wp-block-image size-large\"><img loading=\"lazy\" decoding=\"async\" width=\"1024\" height=\"768\" src=\"https:\/\/folhapopular.info\/wp-content\/uploads\/2024\/08\/IMG_7453-Grande-1024x768.jpeg\" alt=\"\" class=\"wp-image-164861\" srcset=\"https:\/\/folhapopular.info\/wp-content\/uploads\/2024\/08\/IMG_7453-Grande-1024x768.jpeg 1024w, https:\/\/folhapopular.info\/wp-content\/uploads\/2024\/08\/IMG_7453-Grande-300x225.jpeg 300w, https:\/\/folhapopular.info\/wp-content\/uploads\/2024\/08\/IMG_7453-Grande-768x576.jpeg 768w, https:\/\/folhapopular.info\/wp-content\/uploads\/2024\/08\/IMG_7453-Grande-560x420.jpeg 560w, https:\/\/folhapopular.info\/wp-content\/uploads\/2024\/08\/IMG_7453-Grande-80x60.jpeg 80w, https:\/\/folhapopular.info\/wp-content\/uploads\/2024\/08\/IMG_7453-Grande-696x522.jpeg 696w, https:\/\/folhapopular.info\/wp-content\/uploads\/2024\/08\/IMG_7453-Grande-1068x801.jpeg 1068w, https:\/\/folhapopular.info\/wp-content\/uploads\/2024\/08\/IMG_7453-Grande.jpeg 1280w\" sizes=\"auto, (max-width: 1024px) 100vw, 1024px\" \/><figcaption class=\"wp-element-caption\">Candidatos do PDT foram oficializados na conven\u00e7\u00e3o \/\/ Cr\u00e9dito: Divulga\u00e7\u00e3o<\/figcaption><\/figure>\n","protected":false},"excerpt":{"rendered":"<p>O atual prefeito Celso Alo\u00edsio Forneck (PDT) concorrer\u00e1 \u00e0 reelei\u00e7\u00e3o no pleito de 2024 em Teut\u00f4nia. Ele estar\u00e1 acompanhado pelo colega de partido e vereador Vitor Ernesto Krabbe. A dobradinha foi confirmada nas conven\u00e7\u00f5es dos tr\u00eas partidos &#8211; PDT, Podemos e PSB &#8211; realizada na manh\u00e3 deste s\u00e1bado (3\/8), na C\u00e2mara de Vereadores. Agora, as [&hellip;]<\/p>\n","protected":false},"author":7,"featured_media":164860,"comment_status":"open","ping_status":"open","sticky":false,"template":"","format":"standard","meta":{"pmpro_default_level":"","_jetpack_memberships_contains_paid_content":false,"footnotes":""},"categories":[18239,18240,2,3553,15550,10985],"tags":[15299,2218,26],"class_list":{"0":"post-164858","1":"post","2":"type-post","3":"status-publish","4":"format-standard","5":"has-post-thumbnail","7":"category-camara-de-vereadores-de-teutonia","8":"category-camaras-de-vereadores","9":"category-featured","10":"category-eleicoes","11":"category-eleicoes-2024","12":"category-politica","13":"tag-eleicao-2024","14":"tag-politica","15":"tag-teutonia","16":"pmpro-has-access"},"yoast_head":"<!-- This site is optimized with the Yoast SEO plugin v27.5 - https:\/\/yoast.com\/product\/yoast-seo-wordpress\/ -->\n<title>PDT, Podemos e PSB confirmam Forneck e Vitor para concorrer em Teut\u00f4nia - Folha Popular<\/title>\n<meta name=\"robots\" content=\"index, follow, max-snippet:-1, max-image-preview:large, max-video-preview:-1\" \/>\n<link rel=\"canonical\" href=\"https:\/\/folhapopular.info\/index.php\/2024\/08\/03\/pdt-podemos-e-psb-confirmam-forneck-e-vitor-para-concorrer-em-teutonia\/\" \/>\n<meta property=\"og:locale\" content=\"pt_BR\" \/>\n<meta property=\"og:type\" content=\"article\" \/>\n<meta property=\"og:title\" content=\"PDT, Podemos e PSB confirmam Forneck e Vitor para concorrer em Teut\u00f4nia - Folha Popular\" \/>\n<meta property=\"og:description\" content=\"O atual prefeito Celso Alo\u00edsio Forneck (PDT) concorrer\u00e1 \u00e0 reelei\u00e7\u00e3o no pleito de 2024 em Teut\u00f4nia. Ele estar\u00e1 acompanhado pelo colega de partido e vereador Vitor Ernesto Krabbe. A dobradinha foi confirmada nas conven\u00e7\u00f5es dos tr\u00eas partidos &#8211; PDT, Podemos e PSB &#8211; realizada na manh\u00e3 deste s\u00e1bado (3\/8), na C\u00e2mara de Vereadores. Agora, as [&hellip;]\" \/>\n<meta property=\"og:url\" content=\"https:\/\/folhapopular.info\/index.php\/2024\/08\/03\/pdt-podemos-e-psb-confirmam-forneck-e-vitor-para-concorrer-em-teutonia\/\" \/>\n<meta property=\"og:site_name\" content=\"Folha Popular\" \/>\n<meta property=\"article:published_time\" content=\"2024-08-03T17:35:46+00:00\" \/>\n<meta property=\"article:modified_time\" content=\"2025-03-19T20:27:42+00:00\" \/>\n<meta property=\"og:image\" content=\"http:\/\/folhapopular.info\/wp-content\/uploads\/2024\/08\/IMG_7452-Grande.jpeg\" \/>\n\t<meta property=\"og:image:width\" content=\"1280\" \/>\n\t<meta property=\"og:image:height\" content=\"960\" \/>\n\t<meta property=\"og:image:type\" content=\"image\/jpeg\" \/>\n<meta name=\"author\" content=\"Lucas Leandro Brune\" \/>\n<meta name=\"twitter:card\" content=\"summary_large_image\" \/>\n<meta name=\"twitter:label1\" content=\"Escrito por\" \/>\n\t<meta name=\"twitter:data1\" content=\"Lucas Leandro Brune\" \/>\n\t<meta name=\"twitter:label2\" content=\"Est. tempo de leitura\" \/>\n\t<meta name=\"twitter:data2\" content=\"3 minutos\" \/>\n<script type=\"application\/ld+json\" class=\"yoast-schema-graph\">{\"@context\":\"https:\\\/\\\/schema.org\",\"@graph\":[{\"@type\":\"Article\",\"@id\":\"https:\\\/\\\/folhapopular.info\\\/index.php\\\/2024\\\/08\\\/03\\\/pdt-podemos-e-psb-confirmam-forneck-e-vitor-para-concorrer-em-teutonia\\\/#article\",\"isPartOf\":{\"@id\":\"https:\\\/\\\/folhapopular.info\\\/index.php\\\/2024\\\/08\\\/03\\\/pdt-podemos-e-psb-confirmam-forneck-e-vitor-para-concorrer-em-teutonia\\\/\"},\"author\":{\"name\":\"Lucas Leandro Brune\",\"@id\":\"https:\\\/\\\/folhapopular.info\\\/#\\\/schema\\\/person\\\/533a15f60cd49e81ab3a90b4ca33cb36\"},\"headline\":\"PDT, Podemos e PSB confirmam Forneck e Vitor para concorrer em Teut\u00f4nia\",\"datePublished\":\"2024-08-03T17:35:46+00:00\",\"dateModified\":\"2025-03-19T20:27:42+00:00\",\"mainEntityOfPage\":{\"@id\":\"https:\\\/\\\/folhapopular.info\\\/index.php\\\/2024\\\/08\\\/03\\\/pdt-podemos-e-psb-confirmam-forneck-e-vitor-para-concorrer-em-teutonia\\\/\"},\"wordCount\":427,\"commentCount\":0,\"image\":{\"@id\":\"https:\\\/\\\/folhapopular.info\\\/index.php\\\/2024\\\/08\\\/03\\\/pdt-podemos-e-psb-confirmam-forneck-e-vitor-para-concorrer-em-teutonia\\\/#primaryimage\"},\"thumbnailUrl\":\"https:\\\/\\\/folhapopular.info\\\/wp-content\\\/uploads\\\/2024\\\/08\\\/IMG_7452-Grande.jpeg\",\"keywords\":[\"elei\u00e7\u00e3o 2024\",\"pol\u00edtica\",\"Teut\u00f4nia\"],\"articleSection\":[\"C\u00e2mara de Vereadores de Teut\u00f4nia\",\"C\u00e2maras de Vereadores\",\"Destaques\",\"Elei\u00e7\u00f5es\",\"Elei\u00e7\u00f5es 2024\",\"Pol\u00edtica\"],\"inLanguage\":\"pt-BR\",\"potentialAction\":[{\"@type\":\"CommentAction\",\"name\":\"Comment\",\"target\":[\"https:\\\/\\\/folhapopular.info\\\/index.php\\\/2024\\\/08\\\/03\\\/pdt-podemos-e-psb-confirmam-forneck-e-vitor-para-concorrer-em-teutonia\\\/#respond\"]}]},{\"@type\":\"WebPage\",\"@id\":\"https:\\\/\\\/folhapopular.info\\\/index.php\\\/2024\\\/08\\\/03\\\/pdt-podemos-e-psb-confirmam-forneck-e-vitor-para-concorrer-em-teutonia\\\/\",\"url\":\"https:\\\/\\\/folhapopular.info\\\/index.php\\\/2024\\\/08\\\/03\\\/pdt-podemos-e-psb-confirmam-forneck-e-vitor-para-concorrer-em-teutonia\\\/\",\"name\":\"PDT, Podemos e PSB confirmam Forneck e Vitor para concorrer em Teut\u00f4nia - Folha Popular\",\"isPartOf\":{\"@id\":\"https:\\\/\\\/folhapopular.info\\\/#website\"},\"primaryImageOfPage\":{\"@id\":\"https:\\\/\\\/folhapopular.info\\\/index.php\\\/2024\\\/08\\\/03\\\/pdt-podemos-e-psb-confirmam-forneck-e-vitor-para-concorrer-em-teutonia\\\/#primaryimage\"},\"image\":{\"@id\":\"https:\\\/\\\/folhapopular.info\\\/index.php\\\/2024\\\/08\\\/03\\\/pdt-podemos-e-psb-confirmam-forneck-e-vitor-para-concorrer-em-teutonia\\\/#primaryimage\"},\"thumbnailUrl\":\"https:\\\/\\\/folhapopular.info\\\/wp-content\\\/uploads\\\/2024\\\/08\\\/IMG_7452-Grande.jpeg\",\"datePublished\":\"2024-08-03T17:35:46+00:00\",\"dateModified\":\"2025-03-19T20:27:42+00:00\",\"author\":{\"@id\":\"https:\\\/\\\/folhapopular.info\\\/#\\\/schema\\\/person\\\/533a15f60cd49e81ab3a90b4ca33cb36\"},\"breadcrumb\":{\"@id\":\"https:\\\/\\\/folhapopular.info\\\/index.php\\\/2024\\\/08\\\/03\\\/pdt-podemos-e-psb-confirmam-forneck-e-vitor-para-concorrer-em-teutonia\\\/#breadcrumb\"},\"inLanguage\":\"pt-BR\",\"potentialAction\":[{\"@type\":\"ReadAction\",\"target\":[\"https:\\\/\\\/folhapopular.info\\\/index.php\\\/2024\\\/08\\\/03\\\/pdt-podemos-e-psb-confirmam-forneck-e-vitor-para-concorrer-em-teutonia\\\/\"]}]},{\"@type\":\"ImageObject\",\"inLanguage\":\"pt-BR\",\"@id\":\"https:\\\/\\\/folhapopular.info\\\/index.php\\\/2024\\\/08\\\/03\\\/pdt-podemos-e-psb-confirmam-forneck-e-vitor-para-concorrer-em-teutonia\\\/#primaryimage\",\"url\":\"https:\\\/\\\/folhapopular.info\\\/wp-content\\\/uploads\\\/2024\\\/08\\\/IMG_7452-Grande.jpeg\",\"contentUrl\":\"https:\\\/\\\/folhapopular.info\\\/wp-content\\\/uploads\\\/2024\\\/08\\\/IMG_7452-Grande.jpeg\",\"width\":1280,\"height\":960,\"caption\":\"Os tr\u00eas partidos oficializaram os candidatos nas conven\u00e7\u00f5es realizadas na C\u00e2mara de Vereadores \\\/\\\/ Cr\u00e9dito: Lucas Leandro Brune\"},{\"@type\":\"BreadcrumbList\",\"@id\":\"https:\\\/\\\/folhapopular.info\\\/index.php\\\/2024\\\/08\\\/03\\\/pdt-podemos-e-psb-confirmam-forneck-e-vitor-para-concorrer-em-teutonia\\\/#breadcrumb\",\"itemListElement\":[{\"@type\":\"ListItem\",\"position\":1,\"name\":\"In\u00edcio\",\"item\":\"https:\\\/\\\/folhapopular.info\\\/\"},{\"@type\":\"ListItem\",\"position\":2,\"name\":\"PDT, Podemos e PSB confirmam Forneck e Vitor para concorrer em Teut\u00f4nia\"}]},{\"@type\":\"WebSite\",\"@id\":\"https:\\\/\\\/folhapopular.info\\\/#website\",\"url\":\"https:\\\/\\\/folhapopular.info\\\/\",\"name\":\"Folha Popular\",\"description\":\"Onde voc\u00ea tem vez e voz\",\"potentialAction\":[{\"@type\":\"SearchAction\",\"target\":{\"@type\":\"EntryPoint\",\"urlTemplate\":\"https:\\\/\\\/folhapopular.info\\\/?s={search_term_string}\"},\"query-input\":{\"@type\":\"PropertyValueSpecification\",\"valueRequired\":true,\"valueName\":\"search_term_string\"}}],\"inLanguage\":\"pt-BR\"},{\"@type\":\"Person\",\"@id\":\"https:\\\/\\\/folhapopular.info\\\/#\\\/schema\\\/person\\\/533a15f60cd49e81ab3a90b4ca33cb36\",\"name\":\"Lucas Leandro Brune\",\"image\":{\"@type\":\"ImageObject\",\"inLanguage\":\"pt-BR\",\"@id\":\"https:\\\/\\\/folhapopular.info\\\/wp-content\\\/uploads\\\/2026\\\/04\\\/LUCAS-1-1.webp\",\"url\":\"https:\\\/\\\/folhapopular.info\\\/wp-content\\\/uploads\\\/2026\\\/04\\\/LUCAS-1-1.webp\",\"contentUrl\":\"https:\\\/\\\/folhapopular.info\\\/wp-content\\\/uploads\\\/2026\\\/04\\\/LUCAS-1-1.webp\",\"caption\":\"Lucas Leandro Brune\"},\"description\":\"Jornalista Profissional Diplomado MTB\\\/RS 14.333\",\"url\":\"https:\\\/\\\/folhapopular.info\\\/index.php\\\/author\\\/lucas-brune\\\/\"}]}<\/script>\n<!-- \/ Yoast SEO plugin. -->","yoast_head_json":{"title":"PDT, Podemos e PSB confirmam Forneck e Vitor para concorrer em Teut\u00f4nia - Folha Popular","robots":{"index":"index","follow":"follow","max-snippet":"max-snippet:-1","max-image-preview":"max-image-preview:large","max-video-preview":"max-video-preview:-1"},"canonical":"https:\/\/folhapopular.info\/index.php\/2024\/08\/03\/pdt-podemos-e-psb-confirmam-forneck-e-vitor-para-concorrer-em-teutonia\/","og_locale":"pt_BR","og_type":"article","og_title":"PDT, Podemos e PSB confirmam Forneck e Vitor para concorrer em Teut\u00f4nia - Folha Popular","og_description":"O atual prefeito Celso Alo\u00edsio Forneck (PDT) concorrer\u00e1 \u00e0 reelei\u00e7\u00e3o no pleito de 2024 em Teut\u00f4nia. Ele estar\u00e1 acompanhado pelo colega de partido e vereador Vitor Ernesto Krabbe. A dobradinha foi confirmada nas conven\u00e7\u00f5es dos tr\u00eas partidos &#8211; PDT, Podemos e PSB &#8211; realizada na manh\u00e3 deste s\u00e1bado (3\/8), na C\u00e2mara de Vereadores. Agora, as [&hellip;]","og_url":"https:\/\/folhapopular.info\/index.php\/2024\/08\/03\/pdt-podemos-e-psb-confirmam-forneck-e-vitor-para-concorrer-em-teutonia\/","og_site_name":"Folha Popular","article_published_time":"2024-08-03T17:35:46+00:00","article_modified_time":"2025-03-19T20:27:42+00:00","og_image":[{"width":1280,"height":960,"url":"http:\/\/folhapopular.info\/wp-content\/uploads\/2024\/08\/IMG_7452-Grande.jpeg","type":"image\/jpeg"}],"author":"Lucas Leandro Brune","twitter_card":"summary_large_image","twitter_misc":{"Escrito por":"Lucas Leandro Brune","Est. tempo de leitura":"3 minutos"},"schema":{"@context":"https:\/\/schema.org","@graph":[{"@type":"Article","@id":"https:\/\/folhapopular.info\/index.php\/2024\/08\/03\/pdt-podemos-e-psb-confirmam-forneck-e-vitor-para-concorrer-em-teutonia\/#article","isPartOf":{"@id":"https:\/\/folhapopular.info\/index.php\/2024\/08\/03\/pdt-podemos-e-psb-confirmam-forneck-e-vitor-para-concorrer-em-teutonia\/"},"author":{"name":"Lucas Leandro Brune","@id":"https:\/\/folhapopular.info\/#\/schema\/person\/533a15f60cd49e81ab3a90b4ca33cb36"},"headline":"PDT, Podemos e PSB confirmam Forneck e Vitor para concorrer em Teut\u00f4nia","datePublished":"2024-08-03T17:35:46+00:00","dateModified":"2025-03-19T20:27:42+00:00","mainEntityOfPage":{"@id":"https:\/\/folhapopular.info\/index.php\/2024\/08\/03\/pdt-podemos-e-psb-confirmam-forneck-e-vitor-para-concorrer-em-teutonia\/"},"wordCount":427,"commentCount":0,"image":{"@id":"https:\/\/folhapopular.info\/index.php\/2024\/08\/03\/pdt-podemos-e-psb-confirmam-forneck-e-vitor-para-concorrer-em-teutonia\/#primaryimage"},"thumbnailUrl":"https:\/\/folhapopular.info\/wp-content\/uploads\/2024\/08\/IMG_7452-Grande.jpeg","keywords":["elei\u00e7\u00e3o 2024","pol\u00edtica","Teut\u00f4nia"],"articleSection":["C\u00e2mara de Vereadores de Teut\u00f4nia","C\u00e2maras de Vereadores","Destaques","Elei\u00e7\u00f5es","Elei\u00e7\u00f5es 2024","Pol\u00edtica"],"inLanguage":"pt-BR","potentialAction":[{"@type":"CommentAction","name":"Comment","target":["https:\/\/folhapopular.info\/index.php\/2024\/08\/03\/pdt-podemos-e-psb-confirmam-forneck-e-vitor-para-concorrer-em-teutonia\/#respond"]}]},{"@type":"WebPage","@id":"https:\/\/folhapopular.info\/index.php\/2024\/08\/03\/pdt-podemos-e-psb-confirmam-forneck-e-vitor-para-concorrer-em-teutonia\/","url":"https:\/\/folhapopular.info\/index.php\/2024\/08\/03\/pdt-podemos-e-psb-confirmam-forneck-e-vitor-para-concorrer-em-teutonia\/","name":"PDT, Podemos e PSB confirmam Forneck e Vitor para concorrer em Teut\u00f4nia - Folha Popular","isPartOf":{"@id":"https:\/\/folhapopular.info\/#website"},"primaryImageOfPage":{"@id":"https:\/\/folhapopular.info\/index.php\/2024\/08\/03\/pdt-podemos-e-psb-confirmam-forneck-e-vitor-para-concorrer-em-teutonia\/#primaryimage"},"image":{"@id":"https:\/\/folhapopular.info\/index.php\/2024\/08\/03\/pdt-podemos-e-psb-confirmam-forneck-e-vitor-para-concorrer-em-teutonia\/#primaryimage"},"thumbnailUrl":"https:\/\/folhapopular.info\/wp-content\/uploads\/2024\/08\/IMG_7452-Grande.jpeg","datePublished":"2024-08-03T17:35:46+00:00","dateModified":"2025-03-19T20:27:42+00:00","author":{"@id":"https:\/\/folhapopular.info\/#\/schema\/person\/533a15f60cd49e81ab3a90b4ca33cb36"},"breadcrumb":{"@id":"https:\/\/folhapopular.info\/index.php\/2024\/08\/03\/pdt-podemos-e-psb-confirmam-forneck-e-vitor-para-concorrer-em-teutonia\/#breadcrumb"},"inLanguage":"pt-BR","potentialAction":[{"@type":"ReadAction","target":["https:\/\/folhapopular.info\/index.php\/2024\/08\/03\/pdt-podemos-e-psb-confirmam-forneck-e-vitor-para-concorrer-em-teutonia\/"]}]},{"@type":"ImageObject","inLanguage":"pt-BR","@id":"https:\/\/folhapopular.info\/index.php\/2024\/08\/03\/pdt-podemos-e-psb-confirmam-forneck-e-vitor-para-concorrer-em-teutonia\/#primaryimage","url":"https:\/\/folhapopular.info\/wp-content\/uploads\/2024\/08\/IMG_7452-Grande.jpeg","contentUrl":"https:\/\/folhapopular.info\/wp-content\/uploads\/2024\/08\/IMG_7452-Grande.jpeg","width":1280,"height":960,"caption":"Os tr\u00eas partidos oficializaram os candidatos nas conven\u00e7\u00f5es realizadas na C\u00e2mara de Vereadores \/\/ Cr\u00e9dito: Lucas Leandro Brune"},{"@type":"BreadcrumbList","@id":"https:\/\/folhapopular.info\/index.php\/2024\/08\/03\/pdt-podemos-e-psb-confirmam-forneck-e-vitor-para-concorrer-em-teutonia\/#breadcrumb","itemListElement":[{"@type":"ListItem","position":1,"name":"In\u00edcio","item":"https:\/\/folhapopular.info\/"},{"@type":"ListItem","position":2,"name":"PDT, Podemos e PSB confirmam Forneck e Vitor para concorrer em Teut\u00f4nia"}]},{"@type":"WebSite","@id":"https:\/\/folhapopular.info\/#website","url":"https:\/\/folhapopular.info\/","name":"Folha Popular","description":"Onde voc\u00ea tem vez e voz","potentialAction":[{"@type":"SearchAction","target":{"@type":"EntryPoint","urlTemplate":"https:\/\/folhapopular.info\/?s={search_term_string}"},"query-input":{"@type":"PropertyValueSpecification","valueRequired":true,"valueName":"search_term_string"}}],"inLanguage":"pt-BR"},{"@type":"Person","@id":"https:\/\/folhapopular.info\/#\/schema\/person\/533a15f60cd49e81ab3a90b4ca33cb36","name":"Lucas Leandro Brune","image":{"@type":"ImageObject","inLanguage":"pt-BR","@id":"https:\/\/folhapopular.info\/wp-content\/uploads\/2026\/04\/LUCAS-1-1.webp","url":"https:\/\/folhapopular.info\/wp-content\/uploads\/2026\/04\/LUCAS-1-1.webp","contentUrl":"https:\/\/folhapopular.info\/wp-content\/uploads\/2026\/04\/LUCAS-1-1.webp","caption":"Lucas Leandro Brune"},"description":"Jornalista Profissional Diplomado MTB\/RS 14.333","url":"https:\/\/folhapopular.info\/index.php\/author\/lucas-brune\/"}]}},"jetpack_featured_media_url":"https:\/\/folhapopular.info\/wp-content\/uploads\/2024\/08\/IMG_7452-Grande.jpeg","jetpack_sharing_enabled":true,"amp_enabled":true,"_links":{"self":[{"href":"https:\/\/folhapopular.info\/index.php\/wp-json\/wp\/v2\/posts\/164858","targetHints":{"allow":["GET"]}}],"collection":[{"href":"https:\/\/folhapopular.info\/index.php\/wp-json\/wp\/v2\/posts"}],"about":[{"href":"https:\/\/folhapopular.info\/index.php\/wp-json\/wp\/v2\/types\/post"}],"author":[{"embeddable":true,"href":"https:\/\/folhapopular.info\/index.php\/wp-json\/wp\/v2\/users\/7"}],"replies":[{"embeddable":true,"href":"https:\/\/folhapopular.info\/index.php\/wp-json\/wp\/v2\/comments?post=164858"}],"version-history":[{"count":0,"href":"https:\/\/folhapopular.info\/index.php\/wp-json\/wp\/v2\/posts\/164858\/revisions"}],"wp:featuredmedia":[{"embeddable":true,"href":"https:\/\/folhapopular.info\/index.php\/wp-json\/wp\/v2\/media\/164860"}],"wp:attachment":[{"href":"https:\/\/folhapopular.info\/index.php\/wp-json\/wp\/v2\/media?parent=164858"}],"wp:term":[{"taxonomy":"category","embeddable":true,"href":"https:\/\/folhapopular.info\/index.php\/wp-json\/wp\/v2\/categories?post=164858"},{"taxonomy":"post_tag","embeddable":true,"href":"https:\/\/folhapopular.info\/index.php\/wp-json\/wp\/v2\/tags?post=164858"}],"curies":[{"name":"wp","href":"https:\/\/api.w.org\/{rel}","templated":true}]}}