{"id":164878,"date":"2024-08-03T15:22:21","date_gmt":"2024-08-03T18:22:21","guid":{"rendered":"https:\/\/folhapopular.info\/?p=164878"},"modified":"2024-08-03T15:27:55","modified_gmt":"2024-08-03T18:27:55","slug":"elmar-schneider-e-joao-schafer-concorrerao-a-reeleicao-em-estrela","status":"publish","type":"post","link":"https:\/\/folhapopular.info\/index.php\/2024\/08\/03\/elmar-schneider-e-joao-schafer-concorrerao-a-reeleicao-em-estrela\/","title":{"rendered":"Elmar Schneider e Jo\u00e3o Sch\u00e4fer concorrer\u00e3o \u00e0 reelei\u00e7\u00e3o em Estrela"},"content":{"rendered":"\n<p>O MDB, PDT, PL e PSD realizaram suas conven\u00e7\u00f5es municipais na manh\u00e3 deste s\u00e1bado (3\/8) em Estrela. Os atuais prefeito e vice, Elmar Schneider e Jo\u00e3o Sch\u00e4fer, foram aprovados como candidatos a mais um mandato pelos associados dos partidos. O deputado estadual Edivilson Brum e o diretor-presidente da FGTAS, Jos\u00e9 Scorsatto, acompanharam os encontros.<\/p>\n\n\n\n<h2 class=\"wp-block-heading\">Proporcional<\/h2>\n\n\n\n<p>Quanto aos candidatos \u00e0 verean\u00e7a, o MDB disponibilizou 14 nomes; o PL, 15, o PSD, 13 e o PDT, oito.<\/p>\n\n\n\n<p><strong>Candidatos a vereador pelo MDB<\/strong><\/p>\n\n\n\n<p>Ernani Luis de Castro<br>Douglas Angelo Daroit<br>\u00c9lio Jair Kunzler<br>Simone Kuhn Gartner<br>Regina Maria Klock Mallmann<br>Tiane Ruschel Cagliari<br>Il\u00e2nia Maria Diedrich K\u00e4fer<br>Daniel da Silva<br>Avalicio Jos\u00e9 Wille<br>B\u00e1rbara Caroline Machado<br>Martinho Jos\u00e9 Dullius <br>Julio Saldanha Pereira<br>Oscar Maria Plentz<br>Carlos Alessandro Brem <\/p>\n\n\n\n<p><strong>Candidatos a vereador pelo PL<\/strong><\/p>\n\n\n\n<p>Adriano Scheeren<br>Daniel Cardoso dos Santos<br>Felipe Alexandre Klein Diehl<br>Humberto Canigia Rerig<br>Jonatan Morgenstern da Cruz<br>Luiz Fernando Kalsing<br>Volnei de Oliveira<br>Sidinei Daniel Mallmann<br>Cintia Lisiane Viana da Silveira<br>Angelica de Souza Cunha<br>Adriana M\u00fcller Lara<br>Liria Marisa Barth<br>Paulo Luiz da Silva<br>Diogo Loro Ferreira<br>Nilda Trumseider<\/p>\n\n\n\n<p><strong>Candidatos a vereador pelo PSD<\/strong><\/p>\n\n\n\n<p>Tiago Augusto Lehnen<br>Edite Maria Bianchini<br>Erotildes Sulzbach<br>Sabrina Scheer dos Santos<br>Jo\u00e3o Carlos Ferreira<br>Milton Roque da Silva<br>Luciano Luis Birck<br>Luiz Gomes dos Santos Filho<br>Gilberto Fensterseifer<br>Magdiel Turatti<br>Valder\u00eas Oliveira da Rosa<br>Lino Oscar Bruxel<br>Rafaela de Souza Vargas<\/p>\n\n\n\n<p><strong>Candidatos a vereador pelo PDT<\/strong><\/p>\n\n\n\n<p>Jo\u00e3o Vitor Boeira<br>Sandra Ahlert<br>Isac Fabiano de Melo Rocha<br>Claudiomiro da Silva<br>Andr\u00e9ia Regina Barreto dos Santos Batista<br>Andreia Vanessa da Paix\u00e3o<br>F\u00e1tima Cleci do Nascimento<br>Felipe Schossler<\/p>\n","protected":false},"excerpt":{"rendered":"<p>O MDB, PDT, PL e PSD realizaram suas conven\u00e7\u00f5es municipais na manh\u00e3 deste s\u00e1bado (3\/8) em Estrela. Os atuais prefeito e vice, Elmar Schneider e Jo\u00e3o Sch\u00e4fer, foram aprovados como candidatos a mais um mandato pelos associados dos partidos. O deputado estadual Edivilson Brum e o diretor-presidente da FGTAS, Jos\u00e9 Scorsatto, acompanharam os encontros. Proporcional [&hellip;]<\/p>\n","protected":false},"author":639,"featured_media":164889,"comment_status":"open","ping_status":"open","sticky":false,"template":"","format":"standard","meta":{"pmpro_default_level":"","_jetpack_memberships_contains_paid_content":false,"footnotes":""},"categories":[2,3553,15550,3,10985],"tags":[6333,6129,6344],"class_list":{"0":"post-164878","1":"post","2":"type-post","3":"status-publish","4":"format-standard","5":"has-post-thumbnail","7":"category-featured","8":"category-eleicoes","9":"category-eleicoes-2024","10":"category-geral","11":"category-politica","12":"tag-elmar-schneider","13":"tag-pdt","14":"tag-psd","15":"pmpro-has-access"},"yoast_head":"<!-- This site is optimized with the Yoast SEO plugin v27.5 - https:\/\/yoast.com\/product\/yoast-seo-wordpress\/ -->\n<title>Elmar Schneider e Jo\u00e3o Sch\u00e4fer concorrer\u00e3o \u00e0 reelei\u00e7\u00e3o em Estrela - Folha Popular<\/title>\n<meta name=\"robots\" content=\"index, follow, max-snippet:-1, max-image-preview:large, max-video-preview:-1\" \/>\n<link rel=\"canonical\" href=\"https:\/\/folhapopular.info\/index.php\/2024\/08\/03\/elmar-schneider-e-joao-schafer-concorrerao-a-reeleicao-em-estrela\/\" \/>\n<meta property=\"og:locale\" content=\"pt_BR\" \/>\n<meta property=\"og:type\" content=\"article\" \/>\n<meta property=\"og:title\" content=\"Elmar Schneider e Jo\u00e3o Sch\u00e4fer concorrer\u00e3o \u00e0 reelei\u00e7\u00e3o em Estrela - Folha Popular\" \/>\n<meta property=\"og:description\" content=\"O MDB, PDT, PL e PSD realizaram suas conven\u00e7\u00f5es municipais na manh\u00e3 deste s\u00e1bado (3\/8) em Estrela. Os atuais prefeito e vice, Elmar Schneider e Jo\u00e3o Sch\u00e4fer, foram aprovados como candidatos a mais um mandato pelos associados dos partidos. O deputado estadual Edivilson Brum e o diretor-presidente da FGTAS, Jos\u00e9 Scorsatto, acompanharam os encontros. Proporcional [&hellip;]\" \/>\n<meta property=\"og:url\" content=\"https:\/\/folhapopular.info\/index.php\/2024\/08\/03\/elmar-schneider-e-joao-schafer-concorrerao-a-reeleicao-em-estrela\/\" \/>\n<meta property=\"og:site_name\" content=\"Folha Popular\" \/>\n<meta property=\"article:published_time\" content=\"2024-08-03T18:22:21+00:00\" \/>\n<meta property=\"article:modified_time\" content=\"2024-08-03T18:27:55+00:00\" \/>\n<meta property=\"og:image\" content=\"http:\/\/folhapopular.info\/wp-content\/uploads\/2024\/08\/C83582C9-39D9-47E1-9F4C-9F8EE1341EEC_1_105_c.jpeg\" \/>\n\t<meta property=\"og:image:width\" content=\"1024\" \/>\n\t<meta property=\"og:image:height\" content=\"768\" \/>\n\t<meta property=\"og:image:type\" content=\"image\/jpeg\" \/>\n<meta name=\"author\" content=\"Camille Lenz da Silva\" \/>\n<meta name=\"twitter:card\" content=\"summary_large_image\" \/>\n<meta name=\"twitter:label1\" content=\"Escrito por\" \/>\n\t<meta name=\"twitter:data1\" content=\"Camille Lenz da Silva\" \/>\n\t<meta name=\"twitter:label2\" content=\"Est. tempo de leitura\" \/>\n\t<meta name=\"twitter:data2\" content=\"2 minutos\" \/>\n<script type=\"application\/ld+json\" class=\"yoast-schema-graph\">{\"@context\":\"https:\\\/\\\/schema.org\",\"@graph\":[{\"@type\":\"Article\",\"@id\":\"https:\\\/\\\/folhapopular.info\\\/index.php\\\/2024\\\/08\\\/03\\\/elmar-schneider-e-joao-schafer-concorrerao-a-reeleicao-em-estrela\\\/#article\",\"isPartOf\":{\"@id\":\"https:\\\/\\\/folhapopular.info\\\/index.php\\\/2024\\\/08\\\/03\\\/elmar-schneider-e-joao-schafer-concorrerao-a-reeleicao-em-estrela\\\/\"},\"author\":{\"name\":\"Camille Lenz da Silva\",\"@id\":\"https:\\\/\\\/folhapopular.info\\\/#\\\/schema\\\/person\\\/f0b811f932ef2505faf473ffaef49df5\"},\"headline\":\"Elmar Schneider e Jo\u00e3o Sch\u00e4fer concorrer\u00e3o \u00e0 reelei\u00e7\u00e3o em Estrela\",\"datePublished\":\"2024-08-03T18:22:21+00:00\",\"dateModified\":\"2024-08-03T18:27:55+00:00\",\"mainEntityOfPage\":{\"@id\":\"https:\\\/\\\/folhapopular.info\\\/index.php\\\/2024\\\/08\\\/03\\\/elmar-schneider-e-joao-schafer-concorrerao-a-reeleicao-em-estrela\\\/\"},\"wordCount\":240,\"commentCount\":0,\"image\":{\"@id\":\"https:\\\/\\\/folhapopular.info\\\/index.php\\\/2024\\\/08\\\/03\\\/elmar-schneider-e-joao-schafer-concorrerao-a-reeleicao-em-estrela\\\/#primaryimage\"},\"thumbnailUrl\":\"https:\\\/\\\/folhapopular.info\\\/wp-content\\\/uploads\\\/2024\\\/08\\\/C83582C9-39D9-47E1-9F4C-9F8EE1341EEC_1_105_c.jpeg\",\"keywords\":[\"Elmar Schneider\",\"PDT\",\"PSD\"],\"articleSection\":[\"Destaques\",\"Elei\u00e7\u00f5es\",\"Elei\u00e7\u00f5es 2024\",\"Geral\",\"Pol\u00edtica\"],\"inLanguage\":\"pt-BR\",\"potentialAction\":[{\"@type\":\"CommentAction\",\"name\":\"Comment\",\"target\":[\"https:\\\/\\\/folhapopular.info\\\/index.php\\\/2024\\\/08\\\/03\\\/elmar-schneider-e-joao-schafer-concorrerao-a-reeleicao-em-estrela\\\/#respond\"]}]},{\"@type\":\"WebPage\",\"@id\":\"https:\\\/\\\/folhapopular.info\\\/index.php\\\/2024\\\/08\\\/03\\\/elmar-schneider-e-joao-schafer-concorrerao-a-reeleicao-em-estrela\\\/\",\"url\":\"https:\\\/\\\/folhapopular.info\\\/index.php\\\/2024\\\/08\\\/03\\\/elmar-schneider-e-joao-schafer-concorrerao-a-reeleicao-em-estrela\\\/\",\"name\":\"Elmar Schneider e Jo\u00e3o Sch\u00e4fer concorrer\u00e3o \u00e0 reelei\u00e7\u00e3o em Estrela - Folha Popular\",\"isPartOf\":{\"@id\":\"https:\\\/\\\/folhapopular.info\\\/#website\"},\"primaryImageOfPage\":{\"@id\":\"https:\\\/\\\/folhapopular.info\\\/index.php\\\/2024\\\/08\\\/03\\\/elmar-schneider-e-joao-schafer-concorrerao-a-reeleicao-em-estrela\\\/#primaryimage\"},\"image\":{\"@id\":\"https:\\\/\\\/folhapopular.info\\\/index.php\\\/2024\\\/08\\\/03\\\/elmar-schneider-e-joao-schafer-concorrerao-a-reeleicao-em-estrela\\\/#primaryimage\"},\"thumbnailUrl\":\"https:\\\/\\\/folhapopular.info\\\/wp-content\\\/uploads\\\/2024\\\/08\\\/C83582C9-39D9-47E1-9F4C-9F8EE1341EEC_1_105_c.jpeg\",\"datePublished\":\"2024-08-03T18:22:21+00:00\",\"dateModified\":\"2024-08-03T18:27:55+00:00\",\"author\":{\"@id\":\"https:\\\/\\\/folhapopular.info\\\/#\\\/schema\\\/person\\\/f0b811f932ef2505faf473ffaef49df5\"},\"breadcrumb\":{\"@id\":\"https:\\\/\\\/folhapopular.info\\\/index.php\\\/2024\\\/08\\\/03\\\/elmar-schneider-e-joao-schafer-concorrerao-a-reeleicao-em-estrela\\\/#breadcrumb\"},\"inLanguage\":\"pt-BR\",\"potentialAction\":[{\"@type\":\"ReadAction\",\"target\":[\"https:\\\/\\\/folhapopular.info\\\/index.php\\\/2024\\\/08\\\/03\\\/elmar-schneider-e-joao-schafer-concorrerao-a-reeleicao-em-estrela\\\/\"]}]},{\"@type\":\"ImageObject\",\"inLanguage\":\"pt-BR\",\"@id\":\"https:\\\/\\\/folhapopular.info\\\/index.php\\\/2024\\\/08\\\/03\\\/elmar-schneider-e-joao-schafer-concorrerao-a-reeleicao-em-estrela\\\/#primaryimage\",\"url\":\"https:\\\/\\\/folhapopular.info\\\/wp-content\\\/uploads\\\/2024\\\/08\\\/C83582C9-39D9-47E1-9F4C-9F8EE1341EEC_1_105_c.jpeg\",\"contentUrl\":\"https:\\\/\\\/folhapopular.info\\\/wp-content\\\/uploads\\\/2024\\\/08\\\/C83582C9-39D9-47E1-9F4C-9F8EE1341EEC_1_105_c.jpeg\",\"width\":1024,\"height\":768,\"caption\":\"Elmar Schneider (d) e Jo\u00e3o Sch\u00e4fer (e) concorrer\u00e3o pelo n\u00famero 15. Cr\u00e9dito: Camille Lenz da Silva\"},{\"@type\":\"BreadcrumbList\",\"@id\":\"https:\\\/\\\/folhapopular.info\\\/index.php\\\/2024\\\/08\\\/03\\\/elmar-schneider-e-joao-schafer-concorrerao-a-reeleicao-em-estrela\\\/#breadcrumb\",\"itemListElement\":[{\"@type\":\"ListItem\",\"position\":1,\"name\":\"In\u00edcio\",\"item\":\"https:\\\/\\\/folhapopular.info\\\/\"},{\"@type\":\"ListItem\",\"position\":2,\"name\":\"Elmar Schneider e Jo\u00e3o Sch\u00e4fer concorrer\u00e3o \u00e0 reelei\u00e7\u00e3o em Estrela\"}]},{\"@type\":\"WebSite\",\"@id\":\"https:\\\/\\\/folhapopular.info\\\/#website\",\"url\":\"https:\\\/\\\/folhapopular.info\\\/\",\"name\":\"Folha Popular\",\"description\":\"Onde voc\u00ea tem vez e voz\",\"potentialAction\":[{\"@type\":\"SearchAction\",\"target\":{\"@type\":\"EntryPoint\",\"urlTemplate\":\"https:\\\/\\\/folhapopular.info\\\/?s={search_term_string}\"},\"query-input\":{\"@type\":\"PropertyValueSpecification\",\"valueRequired\":true,\"valueName\":\"search_term_string\"}}],\"inLanguage\":\"pt-BR\"},{\"@type\":\"Person\",\"@id\":\"https:\\\/\\\/folhapopular.info\\\/#\\\/schema\\\/person\\\/f0b811f932ef2505faf473ffaef49df5\",\"name\":\"Camille Lenz da Silva\",\"image\":{\"@type\":\"ImageObject\",\"inLanguage\":\"pt-BR\",\"@id\":\"https:\\\/\\\/secure.gravatar.com\\\/avatar\\\/50be826d73ca259ec0e0a88a407f5de800c576c46cfdc57e50ef28551e216fff?s=96&d=mm&r=g\",\"url\":\"https:\\\/\\\/secure.gravatar.com\\\/avatar\\\/50be826d73ca259ec0e0a88a407f5de800c576c46cfdc57e50ef28551e216fff?s=96&d=mm&r=g\",\"contentUrl\":\"https:\\\/\\\/secure.gravatar.com\\\/avatar\\\/50be826d73ca259ec0e0a88a407f5de800c576c46cfdc57e50ef28551e216fff?s=96&d=mm&r=g\",\"caption\":\"Camille Lenz da Silva\"},\"url\":\"https:\\\/\\\/folhapopular.info\\\/index.php\\\/author\\\/camillelenzgmail-com\\\/\"}]}<\/script>\n<!-- \/ Yoast SEO plugin. -->","yoast_head_json":{"title":"Elmar Schneider e Jo\u00e3o Sch\u00e4fer concorrer\u00e3o \u00e0 reelei\u00e7\u00e3o em Estrela - Folha Popular","robots":{"index":"index","follow":"follow","max-snippet":"max-snippet:-1","max-image-preview":"max-image-preview:large","max-video-preview":"max-video-preview:-1"},"canonical":"https:\/\/folhapopular.info\/index.php\/2024\/08\/03\/elmar-schneider-e-joao-schafer-concorrerao-a-reeleicao-em-estrela\/","og_locale":"pt_BR","og_type":"article","og_title":"Elmar Schneider e Jo\u00e3o Sch\u00e4fer concorrer\u00e3o \u00e0 reelei\u00e7\u00e3o em Estrela - Folha Popular","og_description":"O MDB, PDT, PL e PSD realizaram suas conven\u00e7\u00f5es municipais na manh\u00e3 deste s\u00e1bado (3\/8) em Estrela. Os atuais prefeito e vice, Elmar Schneider e Jo\u00e3o Sch\u00e4fer, foram aprovados como candidatos a mais um mandato pelos associados dos partidos. O deputado estadual Edivilson Brum e o diretor-presidente da FGTAS, Jos\u00e9 Scorsatto, acompanharam os encontros. Proporcional [&hellip;]","og_url":"https:\/\/folhapopular.info\/index.php\/2024\/08\/03\/elmar-schneider-e-joao-schafer-concorrerao-a-reeleicao-em-estrela\/","og_site_name":"Folha Popular","article_published_time":"2024-08-03T18:22:21+00:00","article_modified_time":"2024-08-03T18:27:55+00:00","og_image":[{"width":1024,"height":768,"url":"http:\/\/folhapopular.info\/wp-content\/uploads\/2024\/08\/C83582C9-39D9-47E1-9F4C-9F8EE1341EEC_1_105_c.jpeg","type":"image\/jpeg"}],"author":"Camille Lenz da Silva","twitter_card":"summary_large_image","twitter_misc":{"Escrito por":"Camille Lenz da Silva","Est. tempo de leitura":"2 minutos"},"schema":{"@context":"https:\/\/schema.org","@graph":[{"@type":"Article","@id":"https:\/\/folhapopular.info\/index.php\/2024\/08\/03\/elmar-schneider-e-joao-schafer-concorrerao-a-reeleicao-em-estrela\/#article","isPartOf":{"@id":"https:\/\/folhapopular.info\/index.php\/2024\/08\/03\/elmar-schneider-e-joao-schafer-concorrerao-a-reeleicao-em-estrela\/"},"author":{"name":"Camille Lenz da Silva","@id":"https:\/\/folhapopular.info\/#\/schema\/person\/f0b811f932ef2505faf473ffaef49df5"},"headline":"Elmar Schneider e Jo\u00e3o Sch\u00e4fer concorrer\u00e3o \u00e0 reelei\u00e7\u00e3o em Estrela","datePublished":"2024-08-03T18:22:21+00:00","dateModified":"2024-08-03T18:27:55+00:00","mainEntityOfPage":{"@id":"https:\/\/folhapopular.info\/index.php\/2024\/08\/03\/elmar-schneider-e-joao-schafer-concorrerao-a-reeleicao-em-estrela\/"},"wordCount":240,"commentCount":0,"image":{"@id":"https:\/\/folhapopular.info\/index.php\/2024\/08\/03\/elmar-schneider-e-joao-schafer-concorrerao-a-reeleicao-em-estrela\/#primaryimage"},"thumbnailUrl":"https:\/\/folhapopular.info\/wp-content\/uploads\/2024\/08\/C83582C9-39D9-47E1-9F4C-9F8EE1341EEC_1_105_c.jpeg","keywords":["Elmar Schneider","PDT","PSD"],"articleSection":["Destaques","Elei\u00e7\u00f5es","Elei\u00e7\u00f5es 2024","Geral","Pol\u00edtica"],"inLanguage":"pt-BR","potentialAction":[{"@type":"CommentAction","name":"Comment","target":["https:\/\/folhapopular.info\/index.php\/2024\/08\/03\/elmar-schneider-e-joao-schafer-concorrerao-a-reeleicao-em-estrela\/#respond"]}]},{"@type":"WebPage","@id":"https:\/\/folhapopular.info\/index.php\/2024\/08\/03\/elmar-schneider-e-joao-schafer-concorrerao-a-reeleicao-em-estrela\/","url":"https:\/\/folhapopular.info\/index.php\/2024\/08\/03\/elmar-schneider-e-joao-schafer-concorrerao-a-reeleicao-em-estrela\/","name":"Elmar Schneider e Jo\u00e3o Sch\u00e4fer concorrer\u00e3o \u00e0 reelei\u00e7\u00e3o em Estrela - Folha Popular","isPartOf":{"@id":"https:\/\/folhapopular.info\/#website"},"primaryImageOfPage":{"@id":"https:\/\/folhapopular.info\/index.php\/2024\/08\/03\/elmar-schneider-e-joao-schafer-concorrerao-a-reeleicao-em-estrela\/#primaryimage"},"image":{"@id":"https:\/\/folhapopular.info\/index.php\/2024\/08\/03\/elmar-schneider-e-joao-schafer-concorrerao-a-reeleicao-em-estrela\/#primaryimage"},"thumbnailUrl":"https:\/\/folhapopular.info\/wp-content\/uploads\/2024\/08\/C83582C9-39D9-47E1-9F4C-9F8EE1341EEC_1_105_c.jpeg","datePublished":"2024-08-03T18:22:21+00:00","dateModified":"2024-08-03T18:27:55+00:00","author":{"@id":"https:\/\/folhapopular.info\/#\/schema\/person\/f0b811f932ef2505faf473ffaef49df5"},"breadcrumb":{"@id":"https:\/\/folhapopular.info\/index.php\/2024\/08\/03\/elmar-schneider-e-joao-schafer-concorrerao-a-reeleicao-em-estrela\/#breadcrumb"},"inLanguage":"pt-BR","potentialAction":[{"@type":"ReadAction","target":["https:\/\/folhapopular.info\/index.php\/2024\/08\/03\/elmar-schneider-e-joao-schafer-concorrerao-a-reeleicao-em-estrela\/"]}]},{"@type":"ImageObject","inLanguage":"pt-BR","@id":"https:\/\/folhapopular.info\/index.php\/2024\/08\/03\/elmar-schneider-e-joao-schafer-concorrerao-a-reeleicao-em-estrela\/#primaryimage","url":"https:\/\/folhapopular.info\/wp-content\/uploads\/2024\/08\/C83582C9-39D9-47E1-9F4C-9F8EE1341EEC_1_105_c.jpeg","contentUrl":"https:\/\/folhapopular.info\/wp-content\/uploads\/2024\/08\/C83582C9-39D9-47E1-9F4C-9F8EE1341EEC_1_105_c.jpeg","width":1024,"height":768,"caption":"Elmar Schneider (d) e Jo\u00e3o Sch\u00e4fer (e) concorrer\u00e3o pelo n\u00famero 15. Cr\u00e9dito: Camille Lenz da Silva"},{"@type":"BreadcrumbList","@id":"https:\/\/folhapopular.info\/index.php\/2024\/08\/03\/elmar-schneider-e-joao-schafer-concorrerao-a-reeleicao-em-estrela\/#breadcrumb","itemListElement":[{"@type":"ListItem","position":1,"name":"In\u00edcio","item":"https:\/\/folhapopular.info\/"},{"@type":"ListItem","position":2,"name":"Elmar Schneider e Jo\u00e3o Sch\u00e4fer concorrer\u00e3o \u00e0 reelei\u00e7\u00e3o em Estrela"}]},{"@type":"WebSite","@id":"https:\/\/folhapopular.info\/#website","url":"https:\/\/folhapopular.info\/","name":"Folha Popular","description":"Onde voc\u00ea tem vez e voz","potentialAction":[{"@type":"SearchAction","target":{"@type":"EntryPoint","urlTemplate":"https:\/\/folhapopular.info\/?s={search_term_string}"},"query-input":{"@type":"PropertyValueSpecification","valueRequired":true,"valueName":"search_term_string"}}],"inLanguage":"pt-BR"},{"@type":"Person","@id":"https:\/\/folhapopular.info\/#\/schema\/person\/f0b811f932ef2505faf473ffaef49df5","name":"Camille Lenz da Silva","image":{"@type":"ImageObject","inLanguage":"pt-BR","@id":"https:\/\/secure.gravatar.com\/avatar\/50be826d73ca259ec0e0a88a407f5de800c576c46cfdc57e50ef28551e216fff?s=96&d=mm&r=g","url":"https:\/\/secure.gravatar.com\/avatar\/50be826d73ca259ec0e0a88a407f5de800c576c46cfdc57e50ef28551e216fff?s=96&d=mm&r=g","contentUrl":"https:\/\/secure.gravatar.com\/avatar\/50be826d73ca259ec0e0a88a407f5de800c576c46cfdc57e50ef28551e216fff?s=96&d=mm&r=g","caption":"Camille Lenz da Silva"},"url":"https:\/\/folhapopular.info\/index.php\/author\/camillelenzgmail-com\/"}]}},"jetpack_featured_media_url":"https:\/\/folhapopular.info\/wp-content\/uploads\/2024\/08\/C83582C9-39D9-47E1-9F4C-9F8EE1341EEC_1_105_c.jpeg","jetpack_sharing_enabled":true,"amp_enabled":true,"_links":{"self":[{"href":"https:\/\/folhapopular.info\/index.php\/wp-json\/wp\/v2\/posts\/164878","targetHints":{"allow":["GET"]}}],"collection":[{"href":"https:\/\/folhapopular.info\/index.php\/wp-json\/wp\/v2\/posts"}],"about":[{"href":"https:\/\/folhapopular.info\/index.php\/wp-json\/wp\/v2\/types\/post"}],"author":[{"embeddable":true,"href":"https:\/\/folhapopular.info\/index.php\/wp-json\/wp\/v2\/users\/639"}],"replies":[{"embeddable":true,"href":"https:\/\/folhapopular.info\/index.php\/wp-json\/wp\/v2\/comments?post=164878"}],"version-history":[{"count":0,"href":"https:\/\/folhapopular.info\/index.php\/wp-json\/wp\/v2\/posts\/164878\/revisions"}],"wp:featuredmedia":[{"embeddable":true,"href":"https:\/\/folhapopular.info\/index.php\/wp-json\/wp\/v2\/media\/164889"}],"wp:attachment":[{"href":"https:\/\/folhapopular.info\/index.php\/wp-json\/wp\/v2\/media?parent=164878"}],"wp:term":[{"taxonomy":"category","embeddable":true,"href":"https:\/\/folhapopular.info\/index.php\/wp-json\/wp\/v2\/categories?post=164878"},{"taxonomy":"post_tag","embeddable":true,"href":"https:\/\/folhapopular.info\/index.php\/wp-json\/wp\/v2\/tags?post=164878"}],"curies":[{"name":"wp","href":"https:\/\/api.w.org\/{rel}","templated":true}]}}