{"id":164937,"date":"2024-08-04T16:59:39","date_gmt":"2024-08-04T19:59:39","guid":{"rendered":"https:\/\/folhapopular.info\/?p=164937"},"modified":"2024-08-04T16:59:43","modified_gmt":"2024-08-04T19:59:43","slug":"convencao-do-mdb-de-westfalia-confirma-candidatura-de-joacir-docena-e-vitor-cristiano-ahlert-a-prefeito-e-vice","status":"publish","type":"post","link":"https:\/\/folhapopular.info\/index.php\/2024\/08\/04\/convencao-do-mdb-de-westfalia-confirma-candidatura-de-joacir-docena-e-vitor-cristiano-ahlert-a-prefeito-e-vice\/","title":{"rendered":"Conven\u00e7\u00e3o do MDB de Westf\u00e1lia confirma candidatura de Joacir Docena e Vitor Cristiano Ahlert a prefeito e vice"},"content":{"rendered":"\n<p>A conven\u00e7\u00e3o que restava para firmar a chapa em apoio \u00e0 reelei\u00e7\u00e3o do atual prefeito Joacir Docena e ao candidato a vice Vitor Cristiano Ahlert ocorreu neste domingo (4\/8). O MDB, partido de Docena, realizou encontro com votantes, apresentando, tamb\u00e9m, 10 nomes \u00e0 verean\u00e7a.<\/p>\n\n\n\n<p>O PDT, que tamb\u00e9m apoiar\u00e1 a candidatura, realizou conven\u00e7\u00e3o neste s\u00e1bado (3\/8). O grupo n\u00e3o lan\u00e7ar\u00e1 nomes de candidatos a vereador.<\/p>\n\n\n\n<p><strong>Candidatos a vereador pelo MDB:<\/strong><\/p>\n\n\n\n<p>Ren\u00e9 Rex<br>Val\u00e9rio da Fonseca<br>Gilberto Pott<br>Pablo Rex Cardoso<br>Jair Sand<br>Sirlei Wahlbrinck<br>Anelise Grimm Horst<br>Carina Ahlert<br>Vanderlei Klein<br>Evanir Baller<\/p>\n\n\n\n<p>  <\/p>\n","protected":false},"excerpt":{"rendered":"<p>A conven\u00e7\u00e3o que restava para firmar a chapa em apoio \u00e0 reelei\u00e7\u00e3o do atual prefeito Joacir Docena e ao candidato a vice Vitor Cristiano Ahlert ocorreu neste domingo (4\/8). O MDB, partido de Docena, realizou encontro com votantes, apresentando, tamb\u00e9m, 10 nomes \u00e0 verean\u00e7a. O PDT, que tamb\u00e9m apoiar\u00e1 a candidatura, realizou conven\u00e7\u00e3o neste s\u00e1bado [&hellip;]<\/p>\n","protected":false},"author":639,"featured_media":164939,"comment_status":"open","ping_status":"open","sticky":false,"template":"","format":"standard","meta":{"pmpro_default_level":"","_jetpack_memberships_contains_paid_content":false,"footnotes":""},"categories":[2,3553,15550,10985],"tags":[15690,15691,6132,1826,2466,25],"class_list":{"0":"post-164937","1":"post","2":"type-post","3":"status-publish","4":"format-standard","5":"has-post-thumbnail","7":"category-featured","8":"category-eleicoes","9":"category-eleicoes-2024","10":"category-politica","11":"tag-candidatura","12":"tag-joacir-docena","13":"tag-mdb","14":"tag-prefeito","15":"tag-vereador","16":"tag-westfalia","17":"pmpro-has-access"},"yoast_head":"<!-- This site is optimized with the Yoast SEO plugin v27.5 - https:\/\/yoast.com\/product\/yoast-seo-wordpress\/ -->\n<title>Conven\u00e7\u00e3o do MDB de Westf\u00e1lia confirma candidatura de Joacir Docena e Vitor Cristiano Ahlert a prefeito e vice - Folha Popular<\/title>\n<meta name=\"robots\" content=\"index, follow, max-snippet:-1, max-image-preview:large, max-video-preview:-1\" \/>\n<link rel=\"canonical\" href=\"https:\/\/folhapopular.info\/index.php\/2024\/08\/04\/convencao-do-mdb-de-westfalia-confirma-candidatura-de-joacir-docena-e-vitor-cristiano-ahlert-a-prefeito-e-vice\/\" \/>\n<meta property=\"og:locale\" content=\"pt_BR\" \/>\n<meta property=\"og:type\" content=\"article\" \/>\n<meta property=\"og:title\" content=\"Conven\u00e7\u00e3o do MDB de Westf\u00e1lia confirma candidatura de Joacir Docena e Vitor Cristiano Ahlert a prefeito e vice - Folha Popular\" \/>\n<meta property=\"og:description\" content=\"A conven\u00e7\u00e3o que restava para firmar a chapa em apoio \u00e0 reelei\u00e7\u00e3o do atual prefeito Joacir Docena e ao candidato a vice Vitor Cristiano Ahlert ocorreu neste domingo (4\/8). O MDB, partido de Docena, realizou encontro com votantes, apresentando, tamb\u00e9m, 10 nomes \u00e0 verean\u00e7a. O PDT, que tamb\u00e9m apoiar\u00e1 a candidatura, realizou conven\u00e7\u00e3o neste s\u00e1bado [&hellip;]\" \/>\n<meta property=\"og:url\" content=\"https:\/\/folhapopular.info\/index.php\/2024\/08\/04\/convencao-do-mdb-de-westfalia-confirma-candidatura-de-joacir-docena-e-vitor-cristiano-ahlert-a-prefeito-e-vice\/\" \/>\n<meta property=\"og:site_name\" content=\"Folha Popular\" \/>\n<meta property=\"article:published_time\" content=\"2024-08-04T19:59:39+00:00\" \/>\n<meta property=\"article:modified_time\" content=\"2024-08-04T19:59:43+00:00\" \/>\n<meta property=\"og:image\" content=\"http:\/\/folhapopular.info\/wp-content\/uploads\/2024\/08\/WhatsApp-Image-2024-08-04-at-15.36.42.jpeg\" \/>\n\t<meta property=\"og:image:width\" content=\"1280\" \/>\n\t<meta property=\"og:image:height\" content=\"960\" \/>\n\t<meta property=\"og:image:type\" content=\"image\/jpeg\" \/>\n<meta name=\"author\" content=\"Camille Lenz da Silva\" \/>\n<meta name=\"twitter:card\" content=\"summary_large_image\" \/>\n<meta name=\"twitter:label1\" content=\"Escrito por\" \/>\n\t<meta name=\"twitter:data1\" content=\"Camille Lenz da Silva\" \/>\n\t<meta name=\"twitter:label2\" content=\"Est. tempo de leitura\" \/>\n\t<meta name=\"twitter:data2\" content=\"1 minuto\" \/>\n<script type=\"application\/ld+json\" class=\"yoast-schema-graph\">{\"@context\":\"https:\\\/\\\/schema.org\",\"@graph\":[{\"@type\":\"Article\",\"@id\":\"https:\\\/\\\/folhapopular.info\\\/index.php\\\/2024\\\/08\\\/04\\\/convencao-do-mdb-de-westfalia-confirma-candidatura-de-joacir-docena-e-vitor-cristiano-ahlert-a-prefeito-e-vice\\\/#article\",\"isPartOf\":{\"@id\":\"https:\\\/\\\/folhapopular.info\\\/index.php\\\/2024\\\/08\\\/04\\\/convencao-do-mdb-de-westfalia-confirma-candidatura-de-joacir-docena-e-vitor-cristiano-ahlert-a-prefeito-e-vice\\\/\"},\"author\":{\"name\":\"Camille Lenz da Silva\",\"@id\":\"https:\\\/\\\/folhapopular.info\\\/#\\\/schema\\\/person\\\/f0b811f932ef2505faf473ffaef49df5\"},\"headline\":\"Conven\u00e7\u00e3o do MDB de Westf\u00e1lia confirma candidatura de Joacir Docena e Vitor Cristiano Ahlert a prefeito e vice\",\"datePublished\":\"2024-08-04T19:59:39+00:00\",\"dateModified\":\"2024-08-04T19:59:43+00:00\",\"mainEntityOfPage\":{\"@id\":\"https:\\\/\\\/folhapopular.info\\\/index.php\\\/2024\\\/08\\\/04\\\/convencao-do-mdb-de-westfalia-confirma-candidatura-de-joacir-docena-e-vitor-cristiano-ahlert-a-prefeito-e-vice\\\/\"},\"wordCount\":109,\"commentCount\":0,\"image\":{\"@id\":\"https:\\\/\\\/folhapopular.info\\\/index.php\\\/2024\\\/08\\\/04\\\/convencao-do-mdb-de-westfalia-confirma-candidatura-de-joacir-docena-e-vitor-cristiano-ahlert-a-prefeito-e-vice\\\/#primaryimage\"},\"thumbnailUrl\":\"https:\\\/\\\/folhapopular.info\\\/wp-content\\\/uploads\\\/2024\\\/08\\\/WhatsApp-Image-2024-08-04-at-15.36.42.jpeg\",\"keywords\":[\"candidatura\",\"Joacir Docena\",\"MDB\",\"Prefeito\",\"Vereador\",\"Westf\u00e1lia\"],\"articleSection\":[\"Destaques\",\"Elei\u00e7\u00f5es\",\"Elei\u00e7\u00f5es 2024\",\"Pol\u00edtica\"],\"inLanguage\":\"pt-BR\",\"potentialAction\":[{\"@type\":\"CommentAction\",\"name\":\"Comment\",\"target\":[\"https:\\\/\\\/folhapopular.info\\\/index.php\\\/2024\\\/08\\\/04\\\/convencao-do-mdb-de-westfalia-confirma-candidatura-de-joacir-docena-e-vitor-cristiano-ahlert-a-prefeito-e-vice\\\/#respond\"]}]},{\"@type\":\"WebPage\",\"@id\":\"https:\\\/\\\/folhapopular.info\\\/index.php\\\/2024\\\/08\\\/04\\\/convencao-do-mdb-de-westfalia-confirma-candidatura-de-joacir-docena-e-vitor-cristiano-ahlert-a-prefeito-e-vice\\\/\",\"url\":\"https:\\\/\\\/folhapopular.info\\\/index.php\\\/2024\\\/08\\\/04\\\/convencao-do-mdb-de-westfalia-confirma-candidatura-de-joacir-docena-e-vitor-cristiano-ahlert-a-prefeito-e-vice\\\/\",\"name\":\"Conven\u00e7\u00e3o do MDB de Westf\u00e1lia confirma candidatura de Joacir Docena e Vitor Cristiano Ahlert a prefeito e vice - Folha Popular\",\"isPartOf\":{\"@id\":\"https:\\\/\\\/folhapopular.info\\\/#website\"},\"primaryImageOfPage\":{\"@id\":\"https:\\\/\\\/folhapopular.info\\\/index.php\\\/2024\\\/08\\\/04\\\/convencao-do-mdb-de-westfalia-confirma-candidatura-de-joacir-docena-e-vitor-cristiano-ahlert-a-prefeito-e-vice\\\/#primaryimage\"},\"image\":{\"@id\":\"https:\\\/\\\/folhapopular.info\\\/index.php\\\/2024\\\/08\\\/04\\\/convencao-do-mdb-de-westfalia-confirma-candidatura-de-joacir-docena-e-vitor-cristiano-ahlert-a-prefeito-e-vice\\\/#primaryimage\"},\"thumbnailUrl\":\"https:\\\/\\\/folhapopular.info\\\/wp-content\\\/uploads\\\/2024\\\/08\\\/WhatsApp-Image-2024-08-04-at-15.36.42.jpeg\",\"datePublished\":\"2024-08-04T19:59:39+00:00\",\"dateModified\":\"2024-08-04T19:59:43+00:00\",\"author\":{\"@id\":\"https:\\\/\\\/folhapopular.info\\\/#\\\/schema\\\/person\\\/f0b811f932ef2505faf473ffaef49df5\"},\"breadcrumb\":{\"@id\":\"https:\\\/\\\/folhapopular.info\\\/index.php\\\/2024\\\/08\\\/04\\\/convencao-do-mdb-de-westfalia-confirma-candidatura-de-joacir-docena-e-vitor-cristiano-ahlert-a-prefeito-e-vice\\\/#breadcrumb\"},\"inLanguage\":\"pt-BR\",\"potentialAction\":[{\"@type\":\"ReadAction\",\"target\":[\"https:\\\/\\\/folhapopular.info\\\/index.php\\\/2024\\\/08\\\/04\\\/convencao-do-mdb-de-westfalia-confirma-candidatura-de-joacir-docena-e-vitor-cristiano-ahlert-a-prefeito-e-vice\\\/\"]}]},{\"@type\":\"ImageObject\",\"inLanguage\":\"pt-BR\",\"@id\":\"https:\\\/\\\/folhapopular.info\\\/index.php\\\/2024\\\/08\\\/04\\\/convencao-do-mdb-de-westfalia-confirma-candidatura-de-joacir-docena-e-vitor-cristiano-ahlert-a-prefeito-e-vice\\\/#primaryimage\",\"url\":\"https:\\\/\\\/folhapopular.info\\\/wp-content\\\/uploads\\\/2024\\\/08\\\/WhatsApp-Image-2024-08-04-at-15.36.42.jpeg\",\"contentUrl\":\"https:\\\/\\\/folhapopular.info\\\/wp-content\\\/uploads\\\/2024\\\/08\\\/WhatsApp-Image-2024-08-04-at-15.36.42.jpeg\",\"width\":1280,\"height\":960,\"caption\":\"Cr\u00e9dito: Divulga\u00e7\u00e3o\"},{\"@type\":\"BreadcrumbList\",\"@id\":\"https:\\\/\\\/folhapopular.info\\\/index.php\\\/2024\\\/08\\\/04\\\/convencao-do-mdb-de-westfalia-confirma-candidatura-de-joacir-docena-e-vitor-cristiano-ahlert-a-prefeito-e-vice\\\/#breadcrumb\",\"itemListElement\":[{\"@type\":\"ListItem\",\"position\":1,\"name\":\"In\u00edcio\",\"item\":\"https:\\\/\\\/folhapopular.info\\\/\"},{\"@type\":\"ListItem\",\"position\":2,\"name\":\"Conven\u00e7\u00e3o do MDB de Westf\u00e1lia confirma candidatura de Joacir Docena e Vitor Cristiano Ahlert a prefeito e vice\"}]},{\"@type\":\"WebSite\",\"@id\":\"https:\\\/\\\/folhapopular.info\\\/#website\",\"url\":\"https:\\\/\\\/folhapopular.info\\\/\",\"name\":\"Folha Popular\",\"description\":\"Onde voc\u00ea tem vez e voz\",\"potentialAction\":[{\"@type\":\"SearchAction\",\"target\":{\"@type\":\"EntryPoint\",\"urlTemplate\":\"https:\\\/\\\/folhapopular.info\\\/?s={search_term_string}\"},\"query-input\":{\"@type\":\"PropertyValueSpecification\",\"valueRequired\":true,\"valueName\":\"search_term_string\"}}],\"inLanguage\":\"pt-BR\"},{\"@type\":\"Person\",\"@id\":\"https:\\\/\\\/folhapopular.info\\\/#\\\/schema\\\/person\\\/f0b811f932ef2505faf473ffaef49df5\",\"name\":\"Camille Lenz da Silva\",\"image\":{\"@type\":\"ImageObject\",\"inLanguage\":\"pt-BR\",\"@id\":\"https:\\\/\\\/secure.gravatar.com\\\/avatar\\\/50be826d73ca259ec0e0a88a407f5de800c576c46cfdc57e50ef28551e216fff?s=96&d=mm&r=g\",\"url\":\"https:\\\/\\\/secure.gravatar.com\\\/avatar\\\/50be826d73ca259ec0e0a88a407f5de800c576c46cfdc57e50ef28551e216fff?s=96&d=mm&r=g\",\"contentUrl\":\"https:\\\/\\\/secure.gravatar.com\\\/avatar\\\/50be826d73ca259ec0e0a88a407f5de800c576c46cfdc57e50ef28551e216fff?s=96&d=mm&r=g\",\"caption\":\"Camille Lenz da Silva\"},\"url\":\"https:\\\/\\\/folhapopular.info\\\/index.php\\\/author\\\/camillelenzgmail-com\\\/\"}]}<\/script>\n<!-- \/ Yoast SEO plugin. -->","yoast_head_json":{"title":"Conven\u00e7\u00e3o do MDB de Westf\u00e1lia confirma candidatura de Joacir Docena e Vitor Cristiano Ahlert a prefeito e vice - Folha Popular","robots":{"index":"index","follow":"follow","max-snippet":"max-snippet:-1","max-image-preview":"max-image-preview:large","max-video-preview":"max-video-preview:-1"},"canonical":"https:\/\/folhapopular.info\/index.php\/2024\/08\/04\/convencao-do-mdb-de-westfalia-confirma-candidatura-de-joacir-docena-e-vitor-cristiano-ahlert-a-prefeito-e-vice\/","og_locale":"pt_BR","og_type":"article","og_title":"Conven\u00e7\u00e3o do MDB de Westf\u00e1lia confirma candidatura de Joacir Docena e Vitor Cristiano Ahlert a prefeito e vice - Folha Popular","og_description":"A conven\u00e7\u00e3o que restava para firmar a chapa em apoio \u00e0 reelei\u00e7\u00e3o do atual prefeito Joacir Docena e ao candidato a vice Vitor Cristiano Ahlert ocorreu neste domingo (4\/8). O MDB, partido de Docena, realizou encontro com votantes, apresentando, tamb\u00e9m, 10 nomes \u00e0 verean\u00e7a. O PDT, que tamb\u00e9m apoiar\u00e1 a candidatura, realizou conven\u00e7\u00e3o neste s\u00e1bado [&hellip;]","og_url":"https:\/\/folhapopular.info\/index.php\/2024\/08\/04\/convencao-do-mdb-de-westfalia-confirma-candidatura-de-joacir-docena-e-vitor-cristiano-ahlert-a-prefeito-e-vice\/","og_site_name":"Folha Popular","article_published_time":"2024-08-04T19:59:39+00:00","article_modified_time":"2024-08-04T19:59:43+00:00","og_image":[{"width":1280,"height":960,"url":"http:\/\/folhapopular.info\/wp-content\/uploads\/2024\/08\/WhatsApp-Image-2024-08-04-at-15.36.42.jpeg","type":"image\/jpeg"}],"author":"Camille Lenz da Silva","twitter_card":"summary_large_image","twitter_misc":{"Escrito por":"Camille Lenz da Silva","Est. tempo de leitura":"1 minuto"},"schema":{"@context":"https:\/\/schema.org","@graph":[{"@type":"Article","@id":"https:\/\/folhapopular.info\/index.php\/2024\/08\/04\/convencao-do-mdb-de-westfalia-confirma-candidatura-de-joacir-docena-e-vitor-cristiano-ahlert-a-prefeito-e-vice\/#article","isPartOf":{"@id":"https:\/\/folhapopular.info\/index.php\/2024\/08\/04\/convencao-do-mdb-de-westfalia-confirma-candidatura-de-joacir-docena-e-vitor-cristiano-ahlert-a-prefeito-e-vice\/"},"author":{"name":"Camille Lenz da Silva","@id":"https:\/\/folhapopular.info\/#\/schema\/person\/f0b811f932ef2505faf473ffaef49df5"},"headline":"Conven\u00e7\u00e3o do MDB de Westf\u00e1lia confirma candidatura de Joacir Docena e Vitor Cristiano Ahlert a prefeito e vice","datePublished":"2024-08-04T19:59:39+00:00","dateModified":"2024-08-04T19:59:43+00:00","mainEntityOfPage":{"@id":"https:\/\/folhapopular.info\/index.php\/2024\/08\/04\/convencao-do-mdb-de-westfalia-confirma-candidatura-de-joacir-docena-e-vitor-cristiano-ahlert-a-prefeito-e-vice\/"},"wordCount":109,"commentCount":0,"image":{"@id":"https:\/\/folhapopular.info\/index.php\/2024\/08\/04\/convencao-do-mdb-de-westfalia-confirma-candidatura-de-joacir-docena-e-vitor-cristiano-ahlert-a-prefeito-e-vice\/#primaryimage"},"thumbnailUrl":"https:\/\/folhapopular.info\/wp-content\/uploads\/2024\/08\/WhatsApp-Image-2024-08-04-at-15.36.42.jpeg","keywords":["candidatura","Joacir Docena","MDB","Prefeito","Vereador","Westf\u00e1lia"],"articleSection":["Destaques","Elei\u00e7\u00f5es","Elei\u00e7\u00f5es 2024","Pol\u00edtica"],"inLanguage":"pt-BR","potentialAction":[{"@type":"CommentAction","name":"Comment","target":["https:\/\/folhapopular.info\/index.php\/2024\/08\/04\/convencao-do-mdb-de-westfalia-confirma-candidatura-de-joacir-docena-e-vitor-cristiano-ahlert-a-prefeito-e-vice\/#respond"]}]},{"@type":"WebPage","@id":"https:\/\/folhapopular.info\/index.php\/2024\/08\/04\/convencao-do-mdb-de-westfalia-confirma-candidatura-de-joacir-docena-e-vitor-cristiano-ahlert-a-prefeito-e-vice\/","url":"https:\/\/folhapopular.info\/index.php\/2024\/08\/04\/convencao-do-mdb-de-westfalia-confirma-candidatura-de-joacir-docena-e-vitor-cristiano-ahlert-a-prefeito-e-vice\/","name":"Conven\u00e7\u00e3o do MDB de Westf\u00e1lia confirma candidatura de Joacir Docena e Vitor Cristiano Ahlert a prefeito e vice - Folha Popular","isPartOf":{"@id":"https:\/\/folhapopular.info\/#website"},"primaryImageOfPage":{"@id":"https:\/\/folhapopular.info\/index.php\/2024\/08\/04\/convencao-do-mdb-de-westfalia-confirma-candidatura-de-joacir-docena-e-vitor-cristiano-ahlert-a-prefeito-e-vice\/#primaryimage"},"image":{"@id":"https:\/\/folhapopular.info\/index.php\/2024\/08\/04\/convencao-do-mdb-de-westfalia-confirma-candidatura-de-joacir-docena-e-vitor-cristiano-ahlert-a-prefeito-e-vice\/#primaryimage"},"thumbnailUrl":"https:\/\/folhapopular.info\/wp-content\/uploads\/2024\/08\/WhatsApp-Image-2024-08-04-at-15.36.42.jpeg","datePublished":"2024-08-04T19:59:39+00:00","dateModified":"2024-08-04T19:59:43+00:00","author":{"@id":"https:\/\/folhapopular.info\/#\/schema\/person\/f0b811f932ef2505faf473ffaef49df5"},"breadcrumb":{"@id":"https:\/\/folhapopular.info\/index.php\/2024\/08\/04\/convencao-do-mdb-de-westfalia-confirma-candidatura-de-joacir-docena-e-vitor-cristiano-ahlert-a-prefeito-e-vice\/#breadcrumb"},"inLanguage":"pt-BR","potentialAction":[{"@type":"ReadAction","target":["https:\/\/folhapopular.info\/index.php\/2024\/08\/04\/convencao-do-mdb-de-westfalia-confirma-candidatura-de-joacir-docena-e-vitor-cristiano-ahlert-a-prefeito-e-vice\/"]}]},{"@type":"ImageObject","inLanguage":"pt-BR","@id":"https:\/\/folhapopular.info\/index.php\/2024\/08\/04\/convencao-do-mdb-de-westfalia-confirma-candidatura-de-joacir-docena-e-vitor-cristiano-ahlert-a-prefeito-e-vice\/#primaryimage","url":"https:\/\/folhapopular.info\/wp-content\/uploads\/2024\/08\/WhatsApp-Image-2024-08-04-at-15.36.42.jpeg","contentUrl":"https:\/\/folhapopular.info\/wp-content\/uploads\/2024\/08\/WhatsApp-Image-2024-08-04-at-15.36.42.jpeg","width":1280,"height":960,"caption":"Cr\u00e9dito: Divulga\u00e7\u00e3o"},{"@type":"BreadcrumbList","@id":"https:\/\/folhapopular.info\/index.php\/2024\/08\/04\/convencao-do-mdb-de-westfalia-confirma-candidatura-de-joacir-docena-e-vitor-cristiano-ahlert-a-prefeito-e-vice\/#breadcrumb","itemListElement":[{"@type":"ListItem","position":1,"name":"In\u00edcio","item":"https:\/\/folhapopular.info\/"},{"@type":"ListItem","position":2,"name":"Conven\u00e7\u00e3o do MDB de Westf\u00e1lia confirma candidatura de Joacir Docena e Vitor Cristiano Ahlert a prefeito e vice"}]},{"@type":"WebSite","@id":"https:\/\/folhapopular.info\/#website","url":"https:\/\/folhapopular.info\/","name":"Folha Popular","description":"Onde voc\u00ea tem vez e voz","potentialAction":[{"@type":"SearchAction","target":{"@type":"EntryPoint","urlTemplate":"https:\/\/folhapopular.info\/?s={search_term_string}"},"query-input":{"@type":"PropertyValueSpecification","valueRequired":true,"valueName":"search_term_string"}}],"inLanguage":"pt-BR"},{"@type":"Person","@id":"https:\/\/folhapopular.info\/#\/schema\/person\/f0b811f932ef2505faf473ffaef49df5","name":"Camille Lenz da Silva","image":{"@type":"ImageObject","inLanguage":"pt-BR","@id":"https:\/\/secure.gravatar.com\/avatar\/50be826d73ca259ec0e0a88a407f5de800c576c46cfdc57e50ef28551e216fff?s=96&d=mm&r=g","url":"https:\/\/secure.gravatar.com\/avatar\/50be826d73ca259ec0e0a88a407f5de800c576c46cfdc57e50ef28551e216fff?s=96&d=mm&r=g","contentUrl":"https:\/\/secure.gravatar.com\/avatar\/50be826d73ca259ec0e0a88a407f5de800c576c46cfdc57e50ef28551e216fff?s=96&d=mm&r=g","caption":"Camille Lenz da Silva"},"url":"https:\/\/folhapopular.info\/index.php\/author\/camillelenzgmail-com\/"}]}},"jetpack_featured_media_url":"https:\/\/folhapopular.info\/wp-content\/uploads\/2024\/08\/WhatsApp-Image-2024-08-04-at-15.36.42.jpeg","jetpack_sharing_enabled":true,"amp_enabled":true,"_links":{"self":[{"href":"https:\/\/folhapopular.info\/index.php\/wp-json\/wp\/v2\/posts\/164937","targetHints":{"allow":["GET"]}}],"collection":[{"href":"https:\/\/folhapopular.info\/index.php\/wp-json\/wp\/v2\/posts"}],"about":[{"href":"https:\/\/folhapopular.info\/index.php\/wp-json\/wp\/v2\/types\/post"}],"author":[{"embeddable":true,"href":"https:\/\/folhapopular.info\/index.php\/wp-json\/wp\/v2\/users\/639"}],"replies":[{"embeddable":true,"href":"https:\/\/folhapopular.info\/index.php\/wp-json\/wp\/v2\/comments?post=164937"}],"version-history":[{"count":0,"href":"https:\/\/folhapopular.info\/index.php\/wp-json\/wp\/v2\/posts\/164937\/revisions"}],"wp:featuredmedia":[{"embeddable":true,"href":"https:\/\/folhapopular.info\/index.php\/wp-json\/wp\/v2\/media\/164939"}],"wp:attachment":[{"href":"https:\/\/folhapopular.info\/index.php\/wp-json\/wp\/v2\/media?parent=164937"}],"wp:term":[{"taxonomy":"category","embeddable":true,"href":"https:\/\/folhapopular.info\/index.php\/wp-json\/wp\/v2\/categories?post=164937"},{"taxonomy":"post_tag","embeddable":true,"href":"https:\/\/folhapopular.info\/index.php\/wp-json\/wp\/v2\/tags?post=164937"}],"curies":[{"name":"wp","href":"https:\/\/api.w.org\/{rel}","templated":true}]}}