{"id":165002,"date":"2024-08-06T07:25:16","date_gmt":"2024-08-06T10:25:16","guid":{"rendered":"https:\/\/folhapopular.info\/?p=165002"},"modified":"2024-08-06T07:25:18","modified_gmt":"2024-08-06T10:25:18","slug":"setor-avicola-cobra-reversao-dos-embargos-ao-rs","status":"publish","type":"post","link":"https:\/\/folhapopular.info\/index.php\/2024\/08\/06\/setor-avicola-cobra-reversao-dos-embargos-ao-rs\/","title":{"rendered":"Setor av\u00edcola cobra revers\u00e3o dos embargos ao RS"},"content":{"rendered":"\n<p>Produtores do setor av\u00edcola do Rio Grande do Sul, devem pedir nesta ter\u00e7a-feira (6\/8) ajuda do Executivo para reverter os impedimentos de exporta\u00e7\u00e3o de frango do estado que ainda est\u00e3o vigentes. A solicita\u00e7\u00e3o da categoria ser\u00e1 feita no Sal\u00e3o Internacional de Prote\u00edna Animal (SIAVS), que come\u00e7a hoje em S\u00e3o Paulo <\/p>\n\n\n\n<p>Organizado pela Associa\u00e7\u00e3o Brasileira de Prote\u00edna Animal (ABPA), o SIAVS vai at\u00e9 a pr\u00f3xima quinta-feira, dia 8 de agosto. A expectativa \u00e9 que a cerim\u00f4nia de abertura conte com os ministros da Agricultura e Pecu\u00e1ria, Carlos F\u00e1varo, e do Desenvolvimento Agr\u00e1rio, Paulo Teixeira, al\u00e9m de governadores e parlamentares da Frente Parlamentar da Agropecu\u00e1ria (FPA).<\/p>\n\n\n\n<p>Segundo o presidente da Associa\u00e7\u00e3o Ga\u00facha de Avicultura (Asgav), Jos\u00e9 Eduardo dos Santos, o objetivo \u00e9 mobilizar as autoridades presentes para refor\u00e7ar o encerramento do caso de Newcastle, registrado em 8 de julho, em Anta Gorda. A ocorr\u00eancia foi oficialmente encerrada pelo Minist\u00e9rio da Agricultura e Pecu\u00e1ria (Mapa)&nbsp;<strong><a href=\"https:\/\/www.correiodopovo.com.br\/not%C3%ADcias\/rural\/brasil-comunica-encerramento-de-foco-de-doen%C3%A7a-de-newcastle-%C3%A0-omsa-1.1516311\" target=\"_blank\" rel=\"noreferrer noopener\">em 17 dias<\/a><\/strong>&nbsp;e o feito comunicado \u00e0&nbsp;<strong><a href=\"https:\/\/www.correiodopovo.com.br\/not%C3%ADcias\/rural\/brasil-comunica-encerramento-de-foco-de-doen%C3%A7a-de-newcastle-%C3%A0-omsa-1.1516311\" target=\"_blank\" rel=\"noreferrer noopener\">Organiza\u00e7\u00e3o Mundial de Sa\u00fade Animal (OMSA)<\/a><\/strong>&nbsp;em 25 de julho.<\/p>\n","protected":false},"excerpt":{"rendered":"<p>Produtores do setor av\u00edcola do Rio Grande do Sul, devem pedir nesta ter\u00e7a-feira (6\/8) ajuda do Executivo para reverter os impedimentos de exporta\u00e7\u00e3o de frango do estado que ainda est\u00e3o vigentes. A solicita\u00e7\u00e3o da categoria ser\u00e1 feita no Sal\u00e3o Internacional de Prote\u00edna Animal (SIAVS), que come\u00e7a hoje em S\u00e3o Paulo Organizado pela Associa\u00e7\u00e3o Brasileira de [&hellip;]<\/p>\n","protected":false},"author":8,"featured_media":143011,"comment_status":"open","ping_status":"open","sticky":false,"template":"","format":"standard","meta":{"pmpro_default_level":"","_jetpack_memberships_contains_paid_content":false,"footnotes":""},"categories":[2,10991,10994],"tags":[15768,746,11027],"class_list":{"0":"post-165002","1":"post","2":"type-post","3":"status-publish","4":"format-standard","5":"has-post-thumbnail","7":"category-featured","8":"category-economia","9":"category-rural","10":"tag-avicola","11":"tag-economia","12":"tag-rural","13":"pmpro-has-access"},"yoast_head":"<!-- This site is optimized with the Yoast SEO plugin v27.5 - https:\/\/yoast.com\/product\/yoast-seo-wordpress\/ -->\n<title>Setor av\u00edcola cobra revers\u00e3o dos embargos ao RS - Folha Popular<\/title>\n<meta name=\"robots\" content=\"index, follow, max-snippet:-1, max-image-preview:large, max-video-preview:-1\" \/>\n<link rel=\"canonical\" href=\"https:\/\/folhapopular.info\/index.php\/2024\/08\/06\/setor-avicola-cobra-reversao-dos-embargos-ao-rs\/\" \/>\n<meta property=\"og:locale\" content=\"pt_BR\" \/>\n<meta property=\"og:type\" content=\"article\" \/>\n<meta property=\"og:title\" content=\"Setor av\u00edcola cobra revers\u00e3o dos embargos ao RS - Folha Popular\" \/>\n<meta property=\"og:description\" content=\"Produtores do setor av\u00edcola do Rio Grande do Sul, devem pedir nesta ter\u00e7a-feira (6\/8) ajuda do Executivo para reverter os impedimentos de exporta\u00e7\u00e3o de frango do estado que ainda est\u00e3o vigentes. A solicita\u00e7\u00e3o da categoria ser\u00e1 feita no Sal\u00e3o Internacional de Prote\u00edna Animal (SIAVS), que come\u00e7a hoje em S\u00e3o Paulo Organizado pela Associa\u00e7\u00e3o Brasileira de [&hellip;]\" \/>\n<meta property=\"og:url\" content=\"https:\/\/folhapopular.info\/index.php\/2024\/08\/06\/setor-avicola-cobra-reversao-dos-embargos-ao-rs\/\" \/>\n<meta property=\"og:site_name\" content=\"Folha Popular\" \/>\n<meta property=\"article:published_time\" content=\"2024-08-06T10:25:16+00:00\" \/>\n<meta property=\"article:modified_time\" content=\"2024-08-06T10:25:18+00:00\" \/>\n<meta property=\"og:image\" content=\"http:\/\/folhapopular.info\/wp-content\/uploads\/2023\/11\/pexels-zahaoha-1543841.jpg\" \/>\n\t<meta property=\"og:image:width\" content=\"1280\" \/>\n\t<meta property=\"og:image:height\" content=\"853\" \/>\n\t<meta property=\"og:image:type\" content=\"image\/jpeg\" \/>\n<meta name=\"author\" content=\"Reda\u00e7\u00e3o Folha Popular\" \/>\n<meta name=\"twitter:card\" content=\"summary_large_image\" \/>\n<meta name=\"twitter:label1\" content=\"Escrito por\" \/>\n\t<meta name=\"twitter:data1\" content=\"Reda\u00e7\u00e3o Folha Popular\" \/>\n\t<meta name=\"twitter:label2\" content=\"Est. tempo de leitura\" \/>\n\t<meta name=\"twitter:data2\" content=\"2 minutos\" \/>\n<script type=\"application\/ld+json\" class=\"yoast-schema-graph\">{\"@context\":\"https:\\\/\\\/schema.org\",\"@graph\":[{\"@type\":\"Article\",\"@id\":\"https:\\\/\\\/folhapopular.info\\\/index.php\\\/2024\\\/08\\\/06\\\/setor-avicola-cobra-reversao-dos-embargos-ao-rs\\\/#article\",\"isPartOf\":{\"@id\":\"https:\\\/\\\/folhapopular.info\\\/index.php\\\/2024\\\/08\\\/06\\\/setor-avicola-cobra-reversao-dos-embargos-ao-rs\\\/\"},\"author\":{\"name\":\"Reda\u00e7\u00e3o Folha Popular\",\"@id\":\"https:\\\/\\\/folhapopular.info\\\/#\\\/schema\\\/person\\\/2814e8a0df7643585a9ca38bc6eb9d4b\"},\"headline\":\"Setor av\u00edcola cobra revers\u00e3o dos embargos ao RS\",\"datePublished\":\"2024-08-06T10:25:16+00:00\",\"dateModified\":\"2024-08-06T10:25:18+00:00\",\"mainEntityOfPage\":{\"@id\":\"https:\\\/\\\/folhapopular.info\\\/index.php\\\/2024\\\/08\\\/06\\\/setor-avicola-cobra-reversao-dos-embargos-ao-rs\\\/\"},\"wordCount\":202,\"commentCount\":0,\"image\":{\"@id\":\"https:\\\/\\\/folhapopular.info\\\/index.php\\\/2024\\\/08\\\/06\\\/setor-avicola-cobra-reversao-dos-embargos-ao-rs\\\/#primaryimage\"},\"thumbnailUrl\":\"https:\\\/\\\/folhapopular.info\\\/wp-content\\\/uploads\\\/2023\\\/11\\\/pexels-zahaoha-1543841.jpg\",\"keywords\":[\"Av\u00edcola\",\"Economia\",\"rural\"],\"articleSection\":[\"Destaques\",\"Economia\",\"Rural\"],\"inLanguage\":\"pt-BR\",\"potentialAction\":[{\"@type\":\"CommentAction\",\"name\":\"Comment\",\"target\":[\"https:\\\/\\\/folhapopular.info\\\/index.php\\\/2024\\\/08\\\/06\\\/setor-avicola-cobra-reversao-dos-embargos-ao-rs\\\/#respond\"]}]},{\"@type\":\"WebPage\",\"@id\":\"https:\\\/\\\/folhapopular.info\\\/index.php\\\/2024\\\/08\\\/06\\\/setor-avicola-cobra-reversao-dos-embargos-ao-rs\\\/\",\"url\":\"https:\\\/\\\/folhapopular.info\\\/index.php\\\/2024\\\/08\\\/06\\\/setor-avicola-cobra-reversao-dos-embargos-ao-rs\\\/\",\"name\":\"Setor av\u00edcola cobra revers\u00e3o dos embargos ao RS - Folha Popular\",\"isPartOf\":{\"@id\":\"https:\\\/\\\/folhapopular.info\\\/#website\"},\"primaryImageOfPage\":{\"@id\":\"https:\\\/\\\/folhapopular.info\\\/index.php\\\/2024\\\/08\\\/06\\\/setor-avicola-cobra-reversao-dos-embargos-ao-rs\\\/#primaryimage\"},\"image\":{\"@id\":\"https:\\\/\\\/folhapopular.info\\\/index.php\\\/2024\\\/08\\\/06\\\/setor-avicola-cobra-reversao-dos-embargos-ao-rs\\\/#primaryimage\"},\"thumbnailUrl\":\"https:\\\/\\\/folhapopular.info\\\/wp-content\\\/uploads\\\/2023\\\/11\\\/pexels-zahaoha-1543841.jpg\",\"datePublished\":\"2024-08-06T10:25:16+00:00\",\"dateModified\":\"2024-08-06T10:25:18+00:00\",\"author\":{\"@id\":\"https:\\\/\\\/folhapopular.info\\\/#\\\/schema\\\/person\\\/2814e8a0df7643585a9ca38bc6eb9d4b\"},\"breadcrumb\":{\"@id\":\"https:\\\/\\\/folhapopular.info\\\/index.php\\\/2024\\\/08\\\/06\\\/setor-avicola-cobra-reversao-dos-embargos-ao-rs\\\/#breadcrumb\"},\"inLanguage\":\"pt-BR\",\"potentialAction\":[{\"@type\":\"ReadAction\",\"target\":[\"https:\\\/\\\/folhapopular.info\\\/index.php\\\/2024\\\/08\\\/06\\\/setor-avicola-cobra-reversao-dos-embargos-ao-rs\\\/\"]}]},{\"@type\":\"ImageObject\",\"inLanguage\":\"pt-BR\",\"@id\":\"https:\\\/\\\/folhapopular.info\\\/index.php\\\/2024\\\/08\\\/06\\\/setor-avicola-cobra-reversao-dos-embargos-ao-rs\\\/#primaryimage\",\"url\":\"https:\\\/\\\/folhapopular.info\\\/wp-content\\\/uploads\\\/2023\\\/11\\\/pexels-zahaoha-1543841.jpg\",\"contentUrl\":\"https:\\\/\\\/folhapopular.info\\\/wp-content\\\/uploads\\\/2023\\\/11\\\/pexels-zahaoha-1543841.jpg\",\"width\":1280,\"height\":853,\"caption\":\"Cr\u00e9dito: Pexels\"},{\"@type\":\"BreadcrumbList\",\"@id\":\"https:\\\/\\\/folhapopular.info\\\/index.php\\\/2024\\\/08\\\/06\\\/setor-avicola-cobra-reversao-dos-embargos-ao-rs\\\/#breadcrumb\",\"itemListElement\":[{\"@type\":\"ListItem\",\"position\":1,\"name\":\"In\u00edcio\",\"item\":\"https:\\\/\\\/folhapopular.info\\\/\"},{\"@type\":\"ListItem\",\"position\":2,\"name\":\"Setor av\u00edcola cobra revers\u00e3o dos embargos ao RS\"}]},{\"@type\":\"WebSite\",\"@id\":\"https:\\\/\\\/folhapopular.info\\\/#website\",\"url\":\"https:\\\/\\\/folhapopular.info\\\/\",\"name\":\"Folha Popular\",\"description\":\"Onde voc\u00ea tem vez e voz\",\"potentialAction\":[{\"@type\":\"SearchAction\",\"target\":{\"@type\":\"EntryPoint\",\"urlTemplate\":\"https:\\\/\\\/folhapopular.info\\\/?s={search_term_string}\"},\"query-input\":{\"@type\":\"PropertyValueSpecification\",\"valueRequired\":true,\"valueName\":\"search_term_string\"}}],\"inLanguage\":\"pt-BR\"},{\"@type\":\"Person\",\"@id\":\"https:\\\/\\\/folhapopular.info\\\/#\\\/schema\\\/person\\\/2814e8a0df7643585a9ca38bc6eb9d4b\",\"name\":\"Reda\u00e7\u00e3o Folha Popular\",\"image\":{\"@type\":\"ImageObject\",\"inLanguage\":\"pt-BR\",\"@id\":\"https:\\\/\\\/folhapopular.info\\\/wp-content\\\/uploads\\\/2026\\\/04\\\/Folha-1.webp\",\"url\":\"https:\\\/\\\/folhapopular.info\\\/wp-content\\\/uploads\\\/2026\\\/04\\\/Folha-1.webp\",\"contentUrl\":\"https:\\\/\\\/folhapopular.info\\\/wp-content\\\/uploads\\\/2026\\\/04\\\/Folha-1.webp\",\"caption\":\"Reda\u00e7\u00e3o Folha Popular\"},\"url\":\"https:\\\/\\\/folhapopular.info\\\/index.php\\\/author\\\/redacao\\\/\"}]}<\/script>\n<!-- \/ Yoast SEO plugin. -->","yoast_head_json":{"title":"Setor av\u00edcola cobra revers\u00e3o dos embargos ao RS - Folha Popular","robots":{"index":"index","follow":"follow","max-snippet":"max-snippet:-1","max-image-preview":"max-image-preview:large","max-video-preview":"max-video-preview:-1"},"canonical":"https:\/\/folhapopular.info\/index.php\/2024\/08\/06\/setor-avicola-cobra-reversao-dos-embargos-ao-rs\/","og_locale":"pt_BR","og_type":"article","og_title":"Setor av\u00edcola cobra revers\u00e3o dos embargos ao RS - Folha Popular","og_description":"Produtores do setor av\u00edcola do Rio Grande do Sul, devem pedir nesta ter\u00e7a-feira (6\/8) ajuda do Executivo para reverter os impedimentos de exporta\u00e7\u00e3o de frango do estado que ainda est\u00e3o vigentes. A solicita\u00e7\u00e3o da categoria ser\u00e1 feita no Sal\u00e3o Internacional de Prote\u00edna Animal (SIAVS), que come\u00e7a hoje em S\u00e3o Paulo Organizado pela Associa\u00e7\u00e3o Brasileira de [&hellip;]","og_url":"https:\/\/folhapopular.info\/index.php\/2024\/08\/06\/setor-avicola-cobra-reversao-dos-embargos-ao-rs\/","og_site_name":"Folha Popular","article_published_time":"2024-08-06T10:25:16+00:00","article_modified_time":"2024-08-06T10:25:18+00:00","og_image":[{"width":1280,"height":853,"url":"http:\/\/folhapopular.info\/wp-content\/uploads\/2023\/11\/pexels-zahaoha-1543841.jpg","type":"image\/jpeg"}],"author":"Reda\u00e7\u00e3o Folha Popular","twitter_card":"summary_large_image","twitter_misc":{"Escrito por":"Reda\u00e7\u00e3o Folha Popular","Est. tempo de leitura":"2 minutos"},"schema":{"@context":"https:\/\/schema.org","@graph":[{"@type":"Article","@id":"https:\/\/folhapopular.info\/index.php\/2024\/08\/06\/setor-avicola-cobra-reversao-dos-embargos-ao-rs\/#article","isPartOf":{"@id":"https:\/\/folhapopular.info\/index.php\/2024\/08\/06\/setor-avicola-cobra-reversao-dos-embargos-ao-rs\/"},"author":{"name":"Reda\u00e7\u00e3o Folha Popular","@id":"https:\/\/folhapopular.info\/#\/schema\/person\/2814e8a0df7643585a9ca38bc6eb9d4b"},"headline":"Setor av\u00edcola cobra revers\u00e3o dos embargos ao RS","datePublished":"2024-08-06T10:25:16+00:00","dateModified":"2024-08-06T10:25:18+00:00","mainEntityOfPage":{"@id":"https:\/\/folhapopular.info\/index.php\/2024\/08\/06\/setor-avicola-cobra-reversao-dos-embargos-ao-rs\/"},"wordCount":202,"commentCount":0,"image":{"@id":"https:\/\/folhapopular.info\/index.php\/2024\/08\/06\/setor-avicola-cobra-reversao-dos-embargos-ao-rs\/#primaryimage"},"thumbnailUrl":"https:\/\/folhapopular.info\/wp-content\/uploads\/2023\/11\/pexels-zahaoha-1543841.jpg","keywords":["Av\u00edcola","Economia","rural"],"articleSection":["Destaques","Economia","Rural"],"inLanguage":"pt-BR","potentialAction":[{"@type":"CommentAction","name":"Comment","target":["https:\/\/folhapopular.info\/index.php\/2024\/08\/06\/setor-avicola-cobra-reversao-dos-embargos-ao-rs\/#respond"]}]},{"@type":"WebPage","@id":"https:\/\/folhapopular.info\/index.php\/2024\/08\/06\/setor-avicola-cobra-reversao-dos-embargos-ao-rs\/","url":"https:\/\/folhapopular.info\/index.php\/2024\/08\/06\/setor-avicola-cobra-reversao-dos-embargos-ao-rs\/","name":"Setor av\u00edcola cobra revers\u00e3o dos embargos ao RS - Folha Popular","isPartOf":{"@id":"https:\/\/folhapopular.info\/#website"},"primaryImageOfPage":{"@id":"https:\/\/folhapopular.info\/index.php\/2024\/08\/06\/setor-avicola-cobra-reversao-dos-embargos-ao-rs\/#primaryimage"},"image":{"@id":"https:\/\/folhapopular.info\/index.php\/2024\/08\/06\/setor-avicola-cobra-reversao-dos-embargos-ao-rs\/#primaryimage"},"thumbnailUrl":"https:\/\/folhapopular.info\/wp-content\/uploads\/2023\/11\/pexels-zahaoha-1543841.jpg","datePublished":"2024-08-06T10:25:16+00:00","dateModified":"2024-08-06T10:25:18+00:00","author":{"@id":"https:\/\/folhapopular.info\/#\/schema\/person\/2814e8a0df7643585a9ca38bc6eb9d4b"},"breadcrumb":{"@id":"https:\/\/folhapopular.info\/index.php\/2024\/08\/06\/setor-avicola-cobra-reversao-dos-embargos-ao-rs\/#breadcrumb"},"inLanguage":"pt-BR","potentialAction":[{"@type":"ReadAction","target":["https:\/\/folhapopular.info\/index.php\/2024\/08\/06\/setor-avicola-cobra-reversao-dos-embargos-ao-rs\/"]}]},{"@type":"ImageObject","inLanguage":"pt-BR","@id":"https:\/\/folhapopular.info\/index.php\/2024\/08\/06\/setor-avicola-cobra-reversao-dos-embargos-ao-rs\/#primaryimage","url":"https:\/\/folhapopular.info\/wp-content\/uploads\/2023\/11\/pexels-zahaoha-1543841.jpg","contentUrl":"https:\/\/folhapopular.info\/wp-content\/uploads\/2023\/11\/pexels-zahaoha-1543841.jpg","width":1280,"height":853,"caption":"Cr\u00e9dito: Pexels"},{"@type":"BreadcrumbList","@id":"https:\/\/folhapopular.info\/index.php\/2024\/08\/06\/setor-avicola-cobra-reversao-dos-embargos-ao-rs\/#breadcrumb","itemListElement":[{"@type":"ListItem","position":1,"name":"In\u00edcio","item":"https:\/\/folhapopular.info\/"},{"@type":"ListItem","position":2,"name":"Setor av\u00edcola cobra revers\u00e3o dos embargos ao RS"}]},{"@type":"WebSite","@id":"https:\/\/folhapopular.info\/#website","url":"https:\/\/folhapopular.info\/","name":"Folha Popular","description":"Onde voc\u00ea tem vez e voz","potentialAction":[{"@type":"SearchAction","target":{"@type":"EntryPoint","urlTemplate":"https:\/\/folhapopular.info\/?s={search_term_string}"},"query-input":{"@type":"PropertyValueSpecification","valueRequired":true,"valueName":"search_term_string"}}],"inLanguage":"pt-BR"},{"@type":"Person","@id":"https:\/\/folhapopular.info\/#\/schema\/person\/2814e8a0df7643585a9ca38bc6eb9d4b","name":"Reda\u00e7\u00e3o Folha Popular","image":{"@type":"ImageObject","inLanguage":"pt-BR","@id":"https:\/\/folhapopular.info\/wp-content\/uploads\/2026\/04\/Folha-1.webp","url":"https:\/\/folhapopular.info\/wp-content\/uploads\/2026\/04\/Folha-1.webp","contentUrl":"https:\/\/folhapopular.info\/wp-content\/uploads\/2026\/04\/Folha-1.webp","caption":"Reda\u00e7\u00e3o Folha Popular"},"url":"https:\/\/folhapopular.info\/index.php\/author\/redacao\/"}]}},"jetpack_featured_media_url":"https:\/\/folhapopular.info\/wp-content\/uploads\/2023\/11\/pexels-zahaoha-1543841.jpg","jetpack_sharing_enabled":true,"amp_enabled":true,"_links":{"self":[{"href":"https:\/\/folhapopular.info\/index.php\/wp-json\/wp\/v2\/posts\/165002","targetHints":{"allow":["GET"]}}],"collection":[{"href":"https:\/\/folhapopular.info\/index.php\/wp-json\/wp\/v2\/posts"}],"about":[{"href":"https:\/\/folhapopular.info\/index.php\/wp-json\/wp\/v2\/types\/post"}],"author":[{"embeddable":true,"href":"https:\/\/folhapopular.info\/index.php\/wp-json\/wp\/v2\/users\/8"}],"replies":[{"embeddable":true,"href":"https:\/\/folhapopular.info\/index.php\/wp-json\/wp\/v2\/comments?post=165002"}],"version-history":[{"count":0,"href":"https:\/\/folhapopular.info\/index.php\/wp-json\/wp\/v2\/posts\/165002\/revisions"}],"wp:featuredmedia":[{"embeddable":true,"href":"https:\/\/folhapopular.info\/index.php\/wp-json\/wp\/v2\/media\/143011"}],"wp:attachment":[{"href":"https:\/\/folhapopular.info\/index.php\/wp-json\/wp\/v2\/media?parent=165002"}],"wp:term":[{"taxonomy":"category","embeddable":true,"href":"https:\/\/folhapopular.info\/index.php\/wp-json\/wp\/v2\/categories?post=165002"},{"taxonomy":"post_tag","embeddable":true,"href":"https:\/\/folhapopular.info\/index.php\/wp-json\/wp\/v2\/tags?post=165002"}],"curies":[{"name":"wp","href":"https:\/\/api.w.org\/{rel}","templated":true}]}}