{"id":165092,"date":"2024-08-07T15:00:00","date_gmt":"2024-08-07T18:00:00","guid":{"rendered":"https:\/\/folhapopular.info\/?p=165092"},"modified":"2024-08-08T17:38:20","modified_gmt":"2024-08-08T20:38:20","slug":"bianca-luiza-ludwig-vence-a-final-municipal-do-projeto-oratoria-nas-escolas-em-lajeado","status":"publish","type":"post","link":"https:\/\/folhapopular.info\/index.php\/2024\/08\/07\/bianca-luiza-ludwig-vence-a-final-municipal-do-projeto-oratoria-nas-escolas-em-lajeado\/","title":{"rendered":"Bianca Luiza Ludwig vence a final municipal do projeto Orat\u00f3ria nas Escolas em Lajeado"},"content":{"rendered":"\n<p>A JCI Lajeado realizou, na noite da segunda-feira (5\/8), a 18\u00aa edi\u00e7\u00e3o do projeto Orat\u00f3ria nas Escolas. Oito alunos de escolas de ensino fundamental de Lajeado e Forquetinha apresentaram seus textos \u00e0 mesa avaliadora e \u00e0 comunidade que prestigiou o evento, realizado na C\u00e2mara de Vereadores de Lajeado.<\/p>\n\n\n\n<p>O tema deste ano foi \u201cO futuro da Educa\u00e7\u00e3o: Como a intelig\u00eancia artificial vai mudar a forma que aprendemos\u201d.A avalia\u00e7\u00e3o envolveu voz, apresenta\u00e7\u00e3o, mensagem e tempo. Os alunos tinham entre 4 e 6 minutos para orar, devendo aproveitar o tempo da melhor forma poss\u00edvel.<\/p>\n\n\n\n<p>Bianca Luiza Ludwig, aluna do 8\u00ba ano da Emef Jo\u00e3o Batista de Melo, de Forquetinha, foi a vencedora da fase municipal, e agora representar\u00e1 a JCI Lajeado na fase regional do evento, que ser\u00e1 realizada de 16 a 18 de agosto em Arvorezinha. Se passar desta fase, ela competir\u00e1 com representantes das organiza\u00e7\u00f5es locais de todo o pa\u00eds na Conven\u00e7\u00e3o Nacional da JCI Brasil, que neste ano acontecer\u00e1 em Maravilha, Santa Catarina.<\/p>\n\n\n\n<p>Al\u00e9m da oportunidade de avan\u00e7ar para a fase regional, Bianca recebeu o trof\u00e9u de campe\u00e3, um Notebook Asus, cursos de Comunica\u00e7\u00e3o Eficaz e Excel B\u00e1sico e uma mochila esportiva da Univates.<\/p>\n\n\n\n<p>A aluna explica que a final foi fruto de muito esfor\u00e7o. \u201cTanto a minha professora quanto os meus pais, em casa, ajudaram muito, com dicas sobre como melhorar o texto.\u201d O mesmo foi repetido diversas vezes at\u00e9 ser decorado e ela conseguisse falar com naturalidade. \u201cFoi um processo dif\u00edcil, entrar em um lugar e ter que falar um discurso para v\u00e1rias pessoas. Mas com certeza vai melhorar muito a minha orat\u00f3ria e vou levar para minha vida toda\u201d, aponta Bianca.<\/p>\n\n\n\n<p>No processo de escrita, a jovem se baseou na pr\u00f3pria intelig\u00eancia artificial. Pesquisando em diversos lugares, juntou informa\u00e7\u00f5es e montou o texto. \u201cDepois eu mandei para a intelig\u00eancia artificial com o comando \u2018Meu texto est\u00e1 pronto. Como eu poderia melhorar para express\u00e1-lo com mais naturalidade?\u2019\u201d, explica.<\/p>\n\n\n\n<p>Para a coordenadora do projeto em 2024, Gabriela Daiprai, os meses que antecederam o concurso foram desafiadores, mas foi poss\u00edvel manter o projeto. A proposta para este ano previa a participa\u00e7\u00e3o das escolas de Estrela e de Santa Clara do Sul. O contato com as secretarias iniciou ainda em 2023. Por\u00e9m, devido \u00e0 cat\u00e1strofe de maio, houve desist\u00eancias.<\/p>\n\n\n\n<p>\u201cPara mim foi um desenvolvimento pessoal grande e bom. Tentamos levar para os alunos e para as escolas o nosso melhor, a nossa ess\u00eancia enquanto JCI. Acredito que eles se sa\u00edram muito bem, deram o seu melhor e contribu\u00edram com a gente. A final coroou o esfor\u00e7o, fechou com chave de ouro\u201d, cita Gabriela.<\/p>\n\n\n\n<p>Para a pr\u00f3xima fase, a aluna continuar\u00e1 se preparando, com aux\u00edlio dos membros da JCI e apresenta\u00e7\u00f5es durante os encontros da entidade. \u201cDaremos <em>feedbacks<\/em> para ela, instruindo da melhor forma para que ela se sinta ainda mais preparada e segura. A atitude de vencedor \u00e9 treinar, treinar e treinar\u201d, finaliza a coordenadora.<\/p>\n\n\n\n<p><strong>Demais coloca\u00e7\u00f5es<\/strong><\/p>\n\n\n\n<figure class=\"wp-block-image size-large\"><img loading=\"lazy\" decoding=\"async\" width=\"1024\" height=\"684\" src=\"https:\/\/folhapopular.info\/wp-content\/uploads\/2024\/08\/Membros-da-JCI-com-os-tres-primeiros-colocados_CLS-1024x684.jpg\" alt=\"\" class=\"wp-image-165097\" srcset=\"https:\/\/folhapopular.info\/wp-content\/uploads\/2024\/08\/Membros-da-JCI-com-os-tres-primeiros-colocados_CLS-1024x684.jpg 1024w, https:\/\/folhapopular.info\/wp-content\/uploads\/2024\/08\/Membros-da-JCI-com-os-tres-primeiros-colocados_CLS-300x201.jpg 300w, https:\/\/folhapopular.info\/wp-content\/uploads\/2024\/08\/Membros-da-JCI-com-os-tres-primeiros-colocados_CLS-768x513.jpg 768w, https:\/\/folhapopular.info\/wp-content\/uploads\/2024\/08\/Membros-da-JCI-com-os-tres-primeiros-colocados_CLS-1536x1027.jpg 1536w, https:\/\/folhapopular.info\/wp-content\/uploads\/2024\/08\/Membros-da-JCI-com-os-tres-primeiros-colocados_CLS-2048x1369.jpg 2048w, https:\/\/folhapopular.info\/wp-content\/uploads\/2024\/08\/Membros-da-JCI-com-os-tres-primeiros-colocados_CLS-628x420.jpg 628w, https:\/\/folhapopular.info\/wp-content\/uploads\/2024\/08\/Membros-da-JCI-com-os-tres-primeiros-colocados_CLS-696x465.jpg 696w, https:\/\/folhapopular.info\/wp-content\/uploads\/2024\/08\/Membros-da-JCI-com-os-tres-primeiros-colocados_CLS-1068x714.jpg 1068w, https:\/\/folhapopular.info\/wp-content\/uploads\/2024\/08\/Membros-da-JCI-com-os-tres-primeiros-colocados_CLS-1920x1283.jpg 1920w\" sizes=\"auto, (max-width: 1024px) 100vw, 1024px\" \/><figcaption class=\"wp-element-caption\">Membros da JCI com os tr\u00eas primeiros colocados \/ Cr\u00e9dito: Camille Lenz da Silva<\/figcaption><\/figure>\n\n\n\n<p>O segundo lugar foi para Lu\u00eds Goularte Schmidt, tamb\u00e9m da Emef de Forquetinha, e o terceiro, para Laura Cardoso da Silva, da Emef Santo Andr\u00e9, de Lajeado. Todos os oito candidatos receberam certificado de participa\u00e7\u00e3o. As escolas dos alunos que ficaram em primeiro e segundo lugares tamb\u00e9m foram presenteadas.<\/p>\n\n\n\n<p>Entre os demais participantes estiveram Eloisa da Silva, da Emef Guido Lermen, Lucas dos Santos, da Emef Dom Pedro I, Martina Radavelli e Larissa Marquese Bassani, da Emef Universit\u00e1rio e Larissa Vargas de Oliveira, da Emef S\u00e3o Bento, todos de Lajeado.<\/p>\n","protected":false},"excerpt":{"rendered":"<p>A JCI Lajeado realizou, na noite da segunda-feira (5\/8), a 18\u00aa edi\u00e7\u00e3o do projeto Orat\u00f3ria nas Escolas. Oito alunos de escolas de ensino fundamental de Lajeado e Forquetinha apresentaram seus textos \u00e0 mesa avaliadora e \u00e0 comunidade que prestigiou o evento, realizado na C\u00e2mara de Vereadores de Lajeado. O tema deste ano foi \u201cO futuro [&hellip;]<\/p>\n","protected":false},"author":639,"featured_media":165096,"comment_status":"open","ping_status":"open","sticky":false,"template":"","format":"standard","meta":{"pmpro_default_level":"","_jetpack_memberships_contains_paid_content":false,"footnotes":""},"categories":[2,6],"tags":[519,11041,518],"class_list":{"0":"post-165092","1":"post","2":"type-post","3":"status-publish","4":"format-standard","5":"has-post-thumbnail","7":"category-featured","8":"category-inclusive","9":"tag-jci","10":"tag-jci-lajeado","11":"tag-oratoria","12":"pmpro-has-access"},"yoast_head":"<!-- This site is optimized with the Yoast SEO plugin v27.5 - https:\/\/yoast.com\/product\/yoast-seo-wordpress\/ -->\n<title>Bianca Luiza Ludwig vence a final municipal do projeto Orat\u00f3ria nas Escolas em Lajeado - Folha Popular<\/title>\n<meta name=\"robots\" content=\"index, follow, max-snippet:-1, max-image-preview:large, max-video-preview:-1\" \/>\n<link rel=\"canonical\" href=\"https:\/\/folhapopular.info\/index.php\/2024\/08\/07\/bianca-luiza-ludwig-vence-a-final-municipal-do-projeto-oratoria-nas-escolas-em-lajeado\/\" \/>\n<meta property=\"og:locale\" content=\"pt_BR\" \/>\n<meta property=\"og:type\" content=\"article\" \/>\n<meta property=\"og:title\" content=\"Bianca Luiza Ludwig vence a final municipal do projeto Orat\u00f3ria nas Escolas em Lajeado - Folha Popular\" \/>\n<meta property=\"og:description\" content=\"A JCI Lajeado realizou, na noite da segunda-feira (5\/8), a 18\u00aa edi\u00e7\u00e3o do projeto Orat\u00f3ria nas Escolas. Oito alunos de escolas de ensino fundamental de Lajeado e Forquetinha apresentaram seus textos \u00e0 mesa avaliadora e \u00e0 comunidade que prestigiou o evento, realizado na C\u00e2mara de Vereadores de Lajeado. O tema deste ano foi \u201cO futuro [&hellip;]\" \/>\n<meta property=\"og:url\" content=\"https:\/\/folhapopular.info\/index.php\/2024\/08\/07\/bianca-luiza-ludwig-vence-a-final-municipal-do-projeto-oratoria-nas-escolas-em-lajeado\/\" \/>\n<meta property=\"og:site_name\" content=\"Folha Popular\" \/>\n<meta property=\"article:published_time\" content=\"2024-08-07T18:00:00+00:00\" \/>\n<meta property=\"article:modified_time\" content=\"2024-08-08T20:38:20+00:00\" \/>\n<meta property=\"og:image\" content=\"http:\/\/folhapopular.info\/wp-content\/uploads\/2024\/08\/Jovem-disputara-a-proxima-fase-no-Encontro-Regional-que-ocorre-de-16-a-18-de-agosto-em-Arvorezinha_CLS-scaled.jpg\" \/>\n\t<meta property=\"og:image:width\" content=\"2560\" \/>\n\t<meta property=\"og:image:height\" content=\"1711\" \/>\n\t<meta property=\"og:image:type\" content=\"image\/jpeg\" \/>\n<meta name=\"author\" content=\"Camille Lenz da Silva\" \/>\n<meta name=\"twitter:card\" content=\"summary_large_image\" \/>\n<meta name=\"twitter:label1\" content=\"Escrito por\" \/>\n\t<meta name=\"twitter:data1\" content=\"Camille Lenz da Silva\" \/>\n\t<meta name=\"twitter:label2\" content=\"Est. tempo de leitura\" \/>\n\t<meta name=\"twitter:data2\" content=\"4 minutos\" \/>\n<script type=\"application\/ld+json\" class=\"yoast-schema-graph\">{\"@context\":\"https:\\\/\\\/schema.org\",\"@graph\":[{\"@type\":\"Article\",\"@id\":\"https:\\\/\\\/folhapopular.info\\\/index.php\\\/2024\\\/08\\\/07\\\/bianca-luiza-ludwig-vence-a-final-municipal-do-projeto-oratoria-nas-escolas-em-lajeado\\\/#article\",\"isPartOf\":{\"@id\":\"https:\\\/\\\/folhapopular.info\\\/index.php\\\/2024\\\/08\\\/07\\\/bianca-luiza-ludwig-vence-a-final-municipal-do-projeto-oratoria-nas-escolas-em-lajeado\\\/\"},\"author\":{\"name\":\"Camille Lenz da Silva\",\"@id\":\"https:\\\/\\\/folhapopular.info\\\/#\\\/schema\\\/person\\\/f0b811f932ef2505faf473ffaef49df5\"},\"headline\":\"Bianca Luiza Ludwig vence a final municipal do projeto Orat\u00f3ria nas Escolas em Lajeado\",\"datePublished\":\"2024-08-07T18:00:00+00:00\",\"dateModified\":\"2024-08-08T20:38:20+00:00\",\"mainEntityOfPage\":{\"@id\":\"https:\\\/\\\/folhapopular.info\\\/index.php\\\/2024\\\/08\\\/07\\\/bianca-luiza-ludwig-vence-a-final-municipal-do-projeto-oratoria-nas-escolas-em-lajeado\\\/\"},\"wordCount\":640,\"commentCount\":0,\"image\":{\"@id\":\"https:\\\/\\\/folhapopular.info\\\/index.php\\\/2024\\\/08\\\/07\\\/bianca-luiza-ludwig-vence-a-final-municipal-do-projeto-oratoria-nas-escolas-em-lajeado\\\/#primaryimage\"},\"thumbnailUrl\":\"https:\\\/\\\/folhapopular.info\\\/wp-content\\\/uploads\\\/2024\\\/08\\\/Jovem-disputara-a-proxima-fase-no-Encontro-Regional-que-ocorre-de-16-a-18-de-agosto-em-Arvorezinha_CLS-scaled.jpg\",\"keywords\":[\"JCI\",\"jci lajeado\",\"Orat\u00f3ria\"],\"articleSection\":[\"Destaques\",\"Inclusive\"],\"inLanguage\":\"pt-BR\",\"potentialAction\":[{\"@type\":\"CommentAction\",\"name\":\"Comment\",\"target\":[\"https:\\\/\\\/folhapopular.info\\\/index.php\\\/2024\\\/08\\\/07\\\/bianca-luiza-ludwig-vence-a-final-municipal-do-projeto-oratoria-nas-escolas-em-lajeado\\\/#respond\"]}]},{\"@type\":\"WebPage\",\"@id\":\"https:\\\/\\\/folhapopular.info\\\/index.php\\\/2024\\\/08\\\/07\\\/bianca-luiza-ludwig-vence-a-final-municipal-do-projeto-oratoria-nas-escolas-em-lajeado\\\/\",\"url\":\"https:\\\/\\\/folhapopular.info\\\/index.php\\\/2024\\\/08\\\/07\\\/bianca-luiza-ludwig-vence-a-final-municipal-do-projeto-oratoria-nas-escolas-em-lajeado\\\/\",\"name\":\"Bianca Luiza Ludwig vence a final municipal do projeto Orat\u00f3ria nas Escolas em Lajeado - Folha Popular\",\"isPartOf\":{\"@id\":\"https:\\\/\\\/folhapopular.info\\\/#website\"},\"primaryImageOfPage\":{\"@id\":\"https:\\\/\\\/folhapopular.info\\\/index.php\\\/2024\\\/08\\\/07\\\/bianca-luiza-ludwig-vence-a-final-municipal-do-projeto-oratoria-nas-escolas-em-lajeado\\\/#primaryimage\"},\"image\":{\"@id\":\"https:\\\/\\\/folhapopular.info\\\/index.php\\\/2024\\\/08\\\/07\\\/bianca-luiza-ludwig-vence-a-final-municipal-do-projeto-oratoria-nas-escolas-em-lajeado\\\/#primaryimage\"},\"thumbnailUrl\":\"https:\\\/\\\/folhapopular.info\\\/wp-content\\\/uploads\\\/2024\\\/08\\\/Jovem-disputara-a-proxima-fase-no-Encontro-Regional-que-ocorre-de-16-a-18-de-agosto-em-Arvorezinha_CLS-scaled.jpg\",\"datePublished\":\"2024-08-07T18:00:00+00:00\",\"dateModified\":\"2024-08-08T20:38:20+00:00\",\"author\":{\"@id\":\"https:\\\/\\\/folhapopular.info\\\/#\\\/schema\\\/person\\\/f0b811f932ef2505faf473ffaef49df5\"},\"breadcrumb\":{\"@id\":\"https:\\\/\\\/folhapopular.info\\\/index.php\\\/2024\\\/08\\\/07\\\/bianca-luiza-ludwig-vence-a-final-municipal-do-projeto-oratoria-nas-escolas-em-lajeado\\\/#breadcrumb\"},\"inLanguage\":\"pt-BR\",\"potentialAction\":[{\"@type\":\"ReadAction\",\"target\":[\"https:\\\/\\\/folhapopular.info\\\/index.php\\\/2024\\\/08\\\/07\\\/bianca-luiza-ludwig-vence-a-final-municipal-do-projeto-oratoria-nas-escolas-em-lajeado\\\/\"]}]},{\"@type\":\"ImageObject\",\"inLanguage\":\"pt-BR\",\"@id\":\"https:\\\/\\\/folhapopular.info\\\/index.php\\\/2024\\\/08\\\/07\\\/bianca-luiza-ludwig-vence-a-final-municipal-do-projeto-oratoria-nas-escolas-em-lajeado\\\/#primaryimage\",\"url\":\"https:\\\/\\\/folhapopular.info\\\/wp-content\\\/uploads\\\/2024\\\/08\\\/Jovem-disputara-a-proxima-fase-no-Encontro-Regional-que-ocorre-de-16-a-18-de-agosto-em-Arvorezinha_CLS-scaled.jpg\",\"contentUrl\":\"https:\\\/\\\/folhapopular.info\\\/wp-content\\\/uploads\\\/2024\\\/08\\\/Jovem-disputara-a-proxima-fase-no-Encontro-Regional-que-ocorre-de-16-a-18-de-agosto-em-Arvorezinha_CLS-scaled.jpg\",\"width\":2560,\"height\":1711,\"caption\":\"Jovem disputar\u00e1 a pr\u00f3xima fase no Encontro Regional, que ocorre de 16 a 18 de agosto em Arvorezinha \\\/ Cr\u00e9dito: Camille Lenz da Silva\"},{\"@type\":\"BreadcrumbList\",\"@id\":\"https:\\\/\\\/folhapopular.info\\\/index.php\\\/2024\\\/08\\\/07\\\/bianca-luiza-ludwig-vence-a-final-municipal-do-projeto-oratoria-nas-escolas-em-lajeado\\\/#breadcrumb\",\"itemListElement\":[{\"@type\":\"ListItem\",\"position\":1,\"name\":\"In\u00edcio\",\"item\":\"https:\\\/\\\/folhapopular.info\\\/\"},{\"@type\":\"ListItem\",\"position\":2,\"name\":\"Bianca Luiza Ludwig vence a final municipal do projeto Orat\u00f3ria nas Escolas em Lajeado\"}]},{\"@type\":\"WebSite\",\"@id\":\"https:\\\/\\\/folhapopular.info\\\/#website\",\"url\":\"https:\\\/\\\/folhapopular.info\\\/\",\"name\":\"Folha Popular\",\"description\":\"Onde voc\u00ea tem vez e voz\",\"potentialAction\":[{\"@type\":\"SearchAction\",\"target\":{\"@type\":\"EntryPoint\",\"urlTemplate\":\"https:\\\/\\\/folhapopular.info\\\/?s={search_term_string}\"},\"query-input\":{\"@type\":\"PropertyValueSpecification\",\"valueRequired\":true,\"valueName\":\"search_term_string\"}}],\"inLanguage\":\"pt-BR\"},{\"@type\":\"Person\",\"@id\":\"https:\\\/\\\/folhapopular.info\\\/#\\\/schema\\\/person\\\/f0b811f932ef2505faf473ffaef49df5\",\"name\":\"Camille Lenz da Silva\",\"image\":{\"@type\":\"ImageObject\",\"inLanguage\":\"pt-BR\",\"@id\":\"https:\\\/\\\/secure.gravatar.com\\\/avatar\\\/50be826d73ca259ec0e0a88a407f5de800c576c46cfdc57e50ef28551e216fff?s=96&d=mm&r=g\",\"url\":\"https:\\\/\\\/secure.gravatar.com\\\/avatar\\\/50be826d73ca259ec0e0a88a407f5de800c576c46cfdc57e50ef28551e216fff?s=96&d=mm&r=g\",\"contentUrl\":\"https:\\\/\\\/secure.gravatar.com\\\/avatar\\\/50be826d73ca259ec0e0a88a407f5de800c576c46cfdc57e50ef28551e216fff?s=96&d=mm&r=g\",\"caption\":\"Camille Lenz da Silva\"},\"url\":\"https:\\\/\\\/folhapopular.info\\\/index.php\\\/author\\\/camillelenzgmail-com\\\/\"}]}<\/script>\n<!-- \/ Yoast SEO plugin. -->","yoast_head_json":{"title":"Bianca Luiza Ludwig vence a final municipal do projeto Orat\u00f3ria nas Escolas em Lajeado - Folha Popular","robots":{"index":"index","follow":"follow","max-snippet":"max-snippet:-1","max-image-preview":"max-image-preview:large","max-video-preview":"max-video-preview:-1"},"canonical":"https:\/\/folhapopular.info\/index.php\/2024\/08\/07\/bianca-luiza-ludwig-vence-a-final-municipal-do-projeto-oratoria-nas-escolas-em-lajeado\/","og_locale":"pt_BR","og_type":"article","og_title":"Bianca Luiza Ludwig vence a final municipal do projeto Orat\u00f3ria nas Escolas em Lajeado - Folha Popular","og_description":"A JCI Lajeado realizou, na noite da segunda-feira (5\/8), a 18\u00aa edi\u00e7\u00e3o do projeto Orat\u00f3ria nas Escolas. Oito alunos de escolas de ensino fundamental de Lajeado e Forquetinha apresentaram seus textos \u00e0 mesa avaliadora e \u00e0 comunidade que prestigiou o evento, realizado na C\u00e2mara de Vereadores de Lajeado. O tema deste ano foi \u201cO futuro [&hellip;]","og_url":"https:\/\/folhapopular.info\/index.php\/2024\/08\/07\/bianca-luiza-ludwig-vence-a-final-municipal-do-projeto-oratoria-nas-escolas-em-lajeado\/","og_site_name":"Folha Popular","article_published_time":"2024-08-07T18:00:00+00:00","article_modified_time":"2024-08-08T20:38:20+00:00","og_image":[{"width":2560,"height":1711,"url":"http:\/\/folhapopular.info\/wp-content\/uploads\/2024\/08\/Jovem-disputara-a-proxima-fase-no-Encontro-Regional-que-ocorre-de-16-a-18-de-agosto-em-Arvorezinha_CLS-scaled.jpg","type":"image\/jpeg"}],"author":"Camille Lenz da Silva","twitter_card":"summary_large_image","twitter_misc":{"Escrito por":"Camille Lenz da Silva","Est. tempo de leitura":"4 minutos"},"schema":{"@context":"https:\/\/schema.org","@graph":[{"@type":"Article","@id":"https:\/\/folhapopular.info\/index.php\/2024\/08\/07\/bianca-luiza-ludwig-vence-a-final-municipal-do-projeto-oratoria-nas-escolas-em-lajeado\/#article","isPartOf":{"@id":"https:\/\/folhapopular.info\/index.php\/2024\/08\/07\/bianca-luiza-ludwig-vence-a-final-municipal-do-projeto-oratoria-nas-escolas-em-lajeado\/"},"author":{"name":"Camille Lenz da Silva","@id":"https:\/\/folhapopular.info\/#\/schema\/person\/f0b811f932ef2505faf473ffaef49df5"},"headline":"Bianca Luiza Ludwig vence a final municipal do projeto Orat\u00f3ria nas Escolas em Lajeado","datePublished":"2024-08-07T18:00:00+00:00","dateModified":"2024-08-08T20:38:20+00:00","mainEntityOfPage":{"@id":"https:\/\/folhapopular.info\/index.php\/2024\/08\/07\/bianca-luiza-ludwig-vence-a-final-municipal-do-projeto-oratoria-nas-escolas-em-lajeado\/"},"wordCount":640,"commentCount":0,"image":{"@id":"https:\/\/folhapopular.info\/index.php\/2024\/08\/07\/bianca-luiza-ludwig-vence-a-final-municipal-do-projeto-oratoria-nas-escolas-em-lajeado\/#primaryimage"},"thumbnailUrl":"https:\/\/folhapopular.info\/wp-content\/uploads\/2024\/08\/Jovem-disputara-a-proxima-fase-no-Encontro-Regional-que-ocorre-de-16-a-18-de-agosto-em-Arvorezinha_CLS-scaled.jpg","keywords":["JCI","jci lajeado","Orat\u00f3ria"],"articleSection":["Destaques","Inclusive"],"inLanguage":"pt-BR","potentialAction":[{"@type":"CommentAction","name":"Comment","target":["https:\/\/folhapopular.info\/index.php\/2024\/08\/07\/bianca-luiza-ludwig-vence-a-final-municipal-do-projeto-oratoria-nas-escolas-em-lajeado\/#respond"]}]},{"@type":"WebPage","@id":"https:\/\/folhapopular.info\/index.php\/2024\/08\/07\/bianca-luiza-ludwig-vence-a-final-municipal-do-projeto-oratoria-nas-escolas-em-lajeado\/","url":"https:\/\/folhapopular.info\/index.php\/2024\/08\/07\/bianca-luiza-ludwig-vence-a-final-municipal-do-projeto-oratoria-nas-escolas-em-lajeado\/","name":"Bianca Luiza Ludwig vence a final municipal do projeto Orat\u00f3ria nas Escolas em Lajeado - Folha Popular","isPartOf":{"@id":"https:\/\/folhapopular.info\/#website"},"primaryImageOfPage":{"@id":"https:\/\/folhapopular.info\/index.php\/2024\/08\/07\/bianca-luiza-ludwig-vence-a-final-municipal-do-projeto-oratoria-nas-escolas-em-lajeado\/#primaryimage"},"image":{"@id":"https:\/\/folhapopular.info\/index.php\/2024\/08\/07\/bianca-luiza-ludwig-vence-a-final-municipal-do-projeto-oratoria-nas-escolas-em-lajeado\/#primaryimage"},"thumbnailUrl":"https:\/\/folhapopular.info\/wp-content\/uploads\/2024\/08\/Jovem-disputara-a-proxima-fase-no-Encontro-Regional-que-ocorre-de-16-a-18-de-agosto-em-Arvorezinha_CLS-scaled.jpg","datePublished":"2024-08-07T18:00:00+00:00","dateModified":"2024-08-08T20:38:20+00:00","author":{"@id":"https:\/\/folhapopular.info\/#\/schema\/person\/f0b811f932ef2505faf473ffaef49df5"},"breadcrumb":{"@id":"https:\/\/folhapopular.info\/index.php\/2024\/08\/07\/bianca-luiza-ludwig-vence-a-final-municipal-do-projeto-oratoria-nas-escolas-em-lajeado\/#breadcrumb"},"inLanguage":"pt-BR","potentialAction":[{"@type":"ReadAction","target":["https:\/\/folhapopular.info\/index.php\/2024\/08\/07\/bianca-luiza-ludwig-vence-a-final-municipal-do-projeto-oratoria-nas-escolas-em-lajeado\/"]}]},{"@type":"ImageObject","inLanguage":"pt-BR","@id":"https:\/\/folhapopular.info\/index.php\/2024\/08\/07\/bianca-luiza-ludwig-vence-a-final-municipal-do-projeto-oratoria-nas-escolas-em-lajeado\/#primaryimage","url":"https:\/\/folhapopular.info\/wp-content\/uploads\/2024\/08\/Jovem-disputara-a-proxima-fase-no-Encontro-Regional-que-ocorre-de-16-a-18-de-agosto-em-Arvorezinha_CLS-scaled.jpg","contentUrl":"https:\/\/folhapopular.info\/wp-content\/uploads\/2024\/08\/Jovem-disputara-a-proxima-fase-no-Encontro-Regional-que-ocorre-de-16-a-18-de-agosto-em-Arvorezinha_CLS-scaled.jpg","width":2560,"height":1711,"caption":"Jovem disputar\u00e1 a pr\u00f3xima fase no Encontro Regional, que ocorre de 16 a 18 de agosto em Arvorezinha \/ Cr\u00e9dito: Camille Lenz da Silva"},{"@type":"BreadcrumbList","@id":"https:\/\/folhapopular.info\/index.php\/2024\/08\/07\/bianca-luiza-ludwig-vence-a-final-municipal-do-projeto-oratoria-nas-escolas-em-lajeado\/#breadcrumb","itemListElement":[{"@type":"ListItem","position":1,"name":"In\u00edcio","item":"https:\/\/folhapopular.info\/"},{"@type":"ListItem","position":2,"name":"Bianca Luiza Ludwig vence a final municipal do projeto Orat\u00f3ria nas Escolas em Lajeado"}]},{"@type":"WebSite","@id":"https:\/\/folhapopular.info\/#website","url":"https:\/\/folhapopular.info\/","name":"Folha Popular","description":"Onde voc\u00ea tem vez e voz","potentialAction":[{"@type":"SearchAction","target":{"@type":"EntryPoint","urlTemplate":"https:\/\/folhapopular.info\/?s={search_term_string}"},"query-input":{"@type":"PropertyValueSpecification","valueRequired":true,"valueName":"search_term_string"}}],"inLanguage":"pt-BR"},{"@type":"Person","@id":"https:\/\/folhapopular.info\/#\/schema\/person\/f0b811f932ef2505faf473ffaef49df5","name":"Camille Lenz da Silva","image":{"@type":"ImageObject","inLanguage":"pt-BR","@id":"https:\/\/secure.gravatar.com\/avatar\/50be826d73ca259ec0e0a88a407f5de800c576c46cfdc57e50ef28551e216fff?s=96&d=mm&r=g","url":"https:\/\/secure.gravatar.com\/avatar\/50be826d73ca259ec0e0a88a407f5de800c576c46cfdc57e50ef28551e216fff?s=96&d=mm&r=g","contentUrl":"https:\/\/secure.gravatar.com\/avatar\/50be826d73ca259ec0e0a88a407f5de800c576c46cfdc57e50ef28551e216fff?s=96&d=mm&r=g","caption":"Camille Lenz da Silva"},"url":"https:\/\/folhapopular.info\/index.php\/author\/camillelenzgmail-com\/"}]}},"jetpack_featured_media_url":"https:\/\/folhapopular.info\/wp-content\/uploads\/2024\/08\/Jovem-disputara-a-proxima-fase-no-Encontro-Regional-que-ocorre-de-16-a-18-de-agosto-em-Arvorezinha_CLS-scaled.jpg","jetpack_sharing_enabled":true,"amp_enabled":true,"_links":{"self":[{"href":"https:\/\/folhapopular.info\/index.php\/wp-json\/wp\/v2\/posts\/165092","targetHints":{"allow":["GET"]}}],"collection":[{"href":"https:\/\/folhapopular.info\/index.php\/wp-json\/wp\/v2\/posts"}],"about":[{"href":"https:\/\/folhapopular.info\/index.php\/wp-json\/wp\/v2\/types\/post"}],"author":[{"embeddable":true,"href":"https:\/\/folhapopular.info\/index.php\/wp-json\/wp\/v2\/users\/639"}],"replies":[{"embeddable":true,"href":"https:\/\/folhapopular.info\/index.php\/wp-json\/wp\/v2\/comments?post=165092"}],"version-history":[{"count":0,"href":"https:\/\/folhapopular.info\/index.php\/wp-json\/wp\/v2\/posts\/165092\/revisions"}],"wp:featuredmedia":[{"embeddable":true,"href":"https:\/\/folhapopular.info\/index.php\/wp-json\/wp\/v2\/media\/165096"}],"wp:attachment":[{"href":"https:\/\/folhapopular.info\/index.php\/wp-json\/wp\/v2\/media?parent=165092"}],"wp:term":[{"taxonomy":"category","embeddable":true,"href":"https:\/\/folhapopular.info\/index.php\/wp-json\/wp\/v2\/categories?post=165092"},{"taxonomy":"post_tag","embeddable":true,"href":"https:\/\/folhapopular.info\/index.php\/wp-json\/wp\/v2\/tags?post=165092"}],"curies":[{"name":"wp","href":"https:\/\/api.w.org\/{rel}","templated":true}]}}