{"id":165432,"date":"2024-08-10T08:00:00","date_gmt":"2024-08-10T11:00:00","guid":{"rendered":"https:\/\/folhapopular.info\/?p=165432"},"modified":"2024-08-10T07:43:19","modified_gmt":"2024-08-10T10:43:19","slug":"farmacia-do-posto-do-bairro-alesgut-em-teutonia-retoma-atendimento","status":"publish","type":"post","link":"https:\/\/folhapopular.info\/index.php\/2024\/08\/10\/farmacia-do-posto-do-bairro-alesgut-em-teutonia-retoma-atendimento\/","title":{"rendered":"Farm\u00e1cia do posto do Bairro Alesgut em Teut\u00f4nia retoma atendimento"},"content":{"rendered":"\n<p>Desde quarta-feira (7\/8), os moradores do Bairro Alesgut podem voltar a retirar medicamentos via SUS na farm\u00e1cia do posto de sa\u00fade. A retomada do servi\u00e7o ocorre ap\u00f3s 4 anos de inatividade, per\u00edodo em que era preciso se deslocar at\u00e9 o posto de Languiru para obter as medica\u00e7\u00f5es. Por enquanto, o atendimento ocorre somente no turno da tarde, das 13h \u00e0s 17h, mas j\u00e1 representa um avan\u00e7o para a popula\u00e7\u00e3o.<\/p>\n\n\n\n<p>A farm\u00e1cia pode ser reaberta ap\u00f3s a restrutura\u00e7\u00e3o do almoxarifado central da Sa\u00fade do Munic\u00edpio, que passou para o subsolo do posto. Com isso, foram liberadas quatro salas, das quais duas abrigam a farm\u00e1cia e uma sala para atendimento farmac\u00eautico.<\/p>\n\n\n\n<p>Nas demais ser\u00e1 poss\u00edvel instalar mais um consult\u00f3rio e ampliar os servi\u00e7os multidisciplinares, com sala para reuni\u00f5es de grupos como os de idosos e de gestantes. O espa\u00e7o livre permitir\u00e1 a instala\u00e7\u00e3o de mais um consult\u00f3rio e tamb\u00e9m a amplia\u00e7\u00e3o do atendimento psicol\u00f3gico.<\/p>\n","protected":false},"excerpt":{"rendered":"<p>Desde quarta-feira (7\/8), os moradores do Bairro Alesgut podem voltar a retirar medicamentos via SUS na farm\u00e1cia do posto de sa\u00fade. A retomada do servi\u00e7o ocorre ap\u00f3s 4 anos de inatividade, per\u00edodo em que era preciso se deslocar at\u00e9 o posto de Languiru para obter as medica\u00e7\u00f5es. Por enquanto, o atendimento ocorre somente no turno [&hellip;]<\/p>\n","protected":false},"author":639,"featured_media":165434,"comment_status":"open","ping_status":"open","sticky":false,"template":"","format":"standard","meta":{"pmpro_default_level":"","_jetpack_memberships_contains_paid_content":false,"footnotes":""},"categories":[2,3,10986],"tags":[1176,203,379],"class_list":{"0":"post-165432","1":"post","2":"type-post","3":"status-publish","4":"format-standard","5":"has-post-thumbnail","7":"category-featured","8":"category-geral","9":"category-saude","10":"tag-bairro-alesgut","11":"tag-posto-de-saude","12":"tag-sus","13":"pmpro-has-access"},"yoast_head":"<!-- This site is optimized with the Yoast SEO plugin v27.5 - https:\/\/yoast.com\/product\/yoast-seo-wordpress\/ -->\n<title>Farm\u00e1cia do posto do Bairro Alesgut em Teut\u00f4nia retoma atendimento - Folha Popular<\/title>\n<meta name=\"robots\" content=\"index, follow, max-snippet:-1, max-image-preview:large, max-video-preview:-1\" \/>\n<link rel=\"canonical\" href=\"https:\/\/folhapopular.info\/index.php\/2024\/08\/10\/farmacia-do-posto-do-bairro-alesgut-em-teutonia-retoma-atendimento\/\" \/>\n<meta property=\"og:locale\" content=\"pt_BR\" \/>\n<meta property=\"og:type\" content=\"article\" \/>\n<meta property=\"og:title\" content=\"Farm\u00e1cia do posto do Bairro Alesgut em Teut\u00f4nia retoma atendimento - Folha Popular\" \/>\n<meta property=\"og:description\" content=\"Desde quarta-feira (7\/8), os moradores do Bairro Alesgut podem voltar a retirar medicamentos via SUS na farm\u00e1cia do posto de sa\u00fade. A retomada do servi\u00e7o ocorre ap\u00f3s 4 anos de inatividade, per\u00edodo em que era preciso se deslocar at\u00e9 o posto de Languiru para obter as medica\u00e7\u00f5es. Por enquanto, o atendimento ocorre somente no turno [&hellip;]\" \/>\n<meta property=\"og:url\" content=\"https:\/\/folhapopular.info\/index.php\/2024\/08\/10\/farmacia-do-posto-do-bairro-alesgut-em-teutonia-retoma-atendimento\/\" \/>\n<meta property=\"og:site_name\" content=\"Folha Popular\" \/>\n<meta property=\"article:published_time\" content=\"2024-08-10T11:00:00+00:00\" \/>\n<meta property=\"og:image\" content=\"https:\/\/folhapopular.info\/wp-content\/uploads\/2024\/08\/Atendimento-ao-publico-ocorre-das-13h-as-17h_Camille-Lenz-da-Silva.jpeg\" \/>\n\t<meta property=\"og:image:width\" content=\"2048\" \/>\n\t<meta property=\"og:image:height\" content=\"1536\" \/>\n\t<meta property=\"og:image:type\" content=\"image\/jpeg\" \/>\n<meta name=\"author\" content=\"Camille Lenz da Silva\" \/>\n<meta name=\"twitter:card\" content=\"summary_large_image\" \/>\n<meta name=\"twitter:label1\" content=\"Escrito por\" \/>\n\t<meta name=\"twitter:data1\" content=\"Camille Lenz da Silva\" \/>\n\t<meta name=\"twitter:label2\" content=\"Est. tempo de leitura\" \/>\n\t<meta name=\"twitter:data2\" content=\"2 minutos\" \/>\n<script type=\"application\/ld+json\" class=\"yoast-schema-graph\">{\"@context\":\"https:\\\/\\\/schema.org\",\"@graph\":[{\"@type\":\"Article\",\"@id\":\"https:\\\/\\\/folhapopular.info\\\/index.php\\\/2024\\\/08\\\/10\\\/farmacia-do-posto-do-bairro-alesgut-em-teutonia-retoma-atendimento\\\/#article\",\"isPartOf\":{\"@id\":\"https:\\\/\\\/folhapopular.info\\\/index.php\\\/2024\\\/08\\\/10\\\/farmacia-do-posto-do-bairro-alesgut-em-teutonia-retoma-atendimento\\\/\"},\"author\":{\"name\":\"Camille Lenz da Silva\",\"@id\":\"https:\\\/\\\/folhapopular.info\\\/#\\\/schema\\\/person\\\/f0b811f932ef2505faf473ffaef49df5\"},\"headline\":\"Farm\u00e1cia do posto do Bairro Alesgut em Teut\u00f4nia retoma atendimento\",\"datePublished\":\"2024-08-10T11:00:00+00:00\",\"mainEntityOfPage\":{\"@id\":\"https:\\\/\\\/folhapopular.info\\\/index.php\\\/2024\\\/08\\\/10\\\/farmacia-do-posto-do-bairro-alesgut-em-teutonia-retoma-atendimento\\\/\"},\"wordCount\":187,\"commentCount\":0,\"image\":{\"@id\":\"https:\\\/\\\/folhapopular.info\\\/index.php\\\/2024\\\/08\\\/10\\\/farmacia-do-posto-do-bairro-alesgut-em-teutonia-retoma-atendimento\\\/#primaryimage\"},\"thumbnailUrl\":\"https:\\\/\\\/folhapopular.info\\\/wp-content\\\/uploads\\\/2024\\\/08\\\/Atendimento-ao-publico-ocorre-das-13h-as-17h_Camille-Lenz-da-Silva.jpeg\",\"keywords\":[\"Bairro Alesgut\",\"Posto de Sa\u00fade\",\"SUS\"],\"articleSection\":[\"Destaques\",\"Geral\",\"Sa\u00fade\"],\"inLanguage\":\"pt-BR\",\"potentialAction\":[{\"@type\":\"CommentAction\",\"name\":\"Comment\",\"target\":[\"https:\\\/\\\/folhapopular.info\\\/index.php\\\/2024\\\/08\\\/10\\\/farmacia-do-posto-do-bairro-alesgut-em-teutonia-retoma-atendimento\\\/#respond\"]}]},{\"@type\":\"WebPage\",\"@id\":\"https:\\\/\\\/folhapopular.info\\\/index.php\\\/2024\\\/08\\\/10\\\/farmacia-do-posto-do-bairro-alesgut-em-teutonia-retoma-atendimento\\\/\",\"url\":\"https:\\\/\\\/folhapopular.info\\\/index.php\\\/2024\\\/08\\\/10\\\/farmacia-do-posto-do-bairro-alesgut-em-teutonia-retoma-atendimento\\\/\",\"name\":\"Farm\u00e1cia do posto do Bairro Alesgut em Teut\u00f4nia retoma atendimento - Folha Popular\",\"isPartOf\":{\"@id\":\"https:\\\/\\\/folhapopular.info\\\/#website\"},\"primaryImageOfPage\":{\"@id\":\"https:\\\/\\\/folhapopular.info\\\/index.php\\\/2024\\\/08\\\/10\\\/farmacia-do-posto-do-bairro-alesgut-em-teutonia-retoma-atendimento\\\/#primaryimage\"},\"image\":{\"@id\":\"https:\\\/\\\/folhapopular.info\\\/index.php\\\/2024\\\/08\\\/10\\\/farmacia-do-posto-do-bairro-alesgut-em-teutonia-retoma-atendimento\\\/#primaryimage\"},\"thumbnailUrl\":\"https:\\\/\\\/folhapopular.info\\\/wp-content\\\/uploads\\\/2024\\\/08\\\/Atendimento-ao-publico-ocorre-das-13h-as-17h_Camille-Lenz-da-Silva.jpeg\",\"datePublished\":\"2024-08-10T11:00:00+00:00\",\"author\":{\"@id\":\"https:\\\/\\\/folhapopular.info\\\/#\\\/schema\\\/person\\\/f0b811f932ef2505faf473ffaef49df5\"},\"breadcrumb\":{\"@id\":\"https:\\\/\\\/folhapopular.info\\\/index.php\\\/2024\\\/08\\\/10\\\/farmacia-do-posto-do-bairro-alesgut-em-teutonia-retoma-atendimento\\\/#breadcrumb\"},\"inLanguage\":\"pt-BR\",\"potentialAction\":[{\"@type\":\"ReadAction\",\"target\":[\"https:\\\/\\\/folhapopular.info\\\/index.php\\\/2024\\\/08\\\/10\\\/farmacia-do-posto-do-bairro-alesgut-em-teutonia-retoma-atendimento\\\/\"]}]},{\"@type\":\"ImageObject\",\"inLanguage\":\"pt-BR\",\"@id\":\"https:\\\/\\\/folhapopular.info\\\/index.php\\\/2024\\\/08\\\/10\\\/farmacia-do-posto-do-bairro-alesgut-em-teutonia-retoma-atendimento\\\/#primaryimage\",\"url\":\"https:\\\/\\\/folhapopular.info\\\/wp-content\\\/uploads\\\/2024\\\/08\\\/Atendimento-ao-publico-ocorre-das-13h-as-17h_Camille-Lenz-da-Silva.jpeg\",\"contentUrl\":\"https:\\\/\\\/folhapopular.info\\\/wp-content\\\/uploads\\\/2024\\\/08\\\/Atendimento-ao-publico-ocorre-das-13h-as-17h_Camille-Lenz-da-Silva.jpeg\",\"width\":2048,\"height\":1536,\"caption\":\"Atendimento ao p\u00fablico ocorre das 13h \u00e0s 17h \\\/ Cr\u00e9dito: Camille Lenz da Silva\"},{\"@type\":\"BreadcrumbList\",\"@id\":\"https:\\\/\\\/folhapopular.info\\\/index.php\\\/2024\\\/08\\\/10\\\/farmacia-do-posto-do-bairro-alesgut-em-teutonia-retoma-atendimento\\\/#breadcrumb\",\"itemListElement\":[{\"@type\":\"ListItem\",\"position\":1,\"name\":\"In\u00edcio\",\"item\":\"https:\\\/\\\/folhapopular.info\\\/\"},{\"@type\":\"ListItem\",\"position\":2,\"name\":\"Farm\u00e1cia do posto do Bairro Alesgut em Teut\u00f4nia retoma atendimento\"}]},{\"@type\":\"WebSite\",\"@id\":\"https:\\\/\\\/folhapopular.info\\\/#website\",\"url\":\"https:\\\/\\\/folhapopular.info\\\/\",\"name\":\"Folha Popular\",\"description\":\"Onde voc\u00ea tem vez e voz\",\"potentialAction\":[{\"@type\":\"SearchAction\",\"target\":{\"@type\":\"EntryPoint\",\"urlTemplate\":\"https:\\\/\\\/folhapopular.info\\\/?s={search_term_string}\"},\"query-input\":{\"@type\":\"PropertyValueSpecification\",\"valueRequired\":true,\"valueName\":\"search_term_string\"}}],\"inLanguage\":\"pt-BR\"},{\"@type\":\"Person\",\"@id\":\"https:\\\/\\\/folhapopular.info\\\/#\\\/schema\\\/person\\\/f0b811f932ef2505faf473ffaef49df5\",\"name\":\"Camille Lenz da Silva\",\"image\":{\"@type\":\"ImageObject\",\"inLanguage\":\"pt-BR\",\"@id\":\"https:\\\/\\\/secure.gravatar.com\\\/avatar\\\/50be826d73ca259ec0e0a88a407f5de800c576c46cfdc57e50ef28551e216fff?s=96&d=mm&r=g\",\"url\":\"https:\\\/\\\/secure.gravatar.com\\\/avatar\\\/50be826d73ca259ec0e0a88a407f5de800c576c46cfdc57e50ef28551e216fff?s=96&d=mm&r=g\",\"contentUrl\":\"https:\\\/\\\/secure.gravatar.com\\\/avatar\\\/50be826d73ca259ec0e0a88a407f5de800c576c46cfdc57e50ef28551e216fff?s=96&d=mm&r=g\",\"caption\":\"Camille Lenz da Silva\"},\"url\":\"https:\\\/\\\/folhapopular.info\\\/index.php\\\/author\\\/camillelenzgmail-com\\\/\"}]}<\/script>\n<!-- \/ Yoast SEO plugin. -->","yoast_head_json":{"title":"Farm\u00e1cia do posto do Bairro Alesgut em Teut\u00f4nia retoma atendimento - Folha Popular","robots":{"index":"index","follow":"follow","max-snippet":"max-snippet:-1","max-image-preview":"max-image-preview:large","max-video-preview":"max-video-preview:-1"},"canonical":"https:\/\/folhapopular.info\/index.php\/2024\/08\/10\/farmacia-do-posto-do-bairro-alesgut-em-teutonia-retoma-atendimento\/","og_locale":"pt_BR","og_type":"article","og_title":"Farm\u00e1cia do posto do Bairro Alesgut em Teut\u00f4nia retoma atendimento - Folha Popular","og_description":"Desde quarta-feira (7\/8), os moradores do Bairro Alesgut podem voltar a retirar medicamentos via SUS na farm\u00e1cia do posto de sa\u00fade. A retomada do servi\u00e7o ocorre ap\u00f3s 4 anos de inatividade, per\u00edodo em que era preciso se deslocar at\u00e9 o posto de Languiru para obter as medica\u00e7\u00f5es. Por enquanto, o atendimento ocorre somente no turno [&hellip;]","og_url":"https:\/\/folhapopular.info\/index.php\/2024\/08\/10\/farmacia-do-posto-do-bairro-alesgut-em-teutonia-retoma-atendimento\/","og_site_name":"Folha Popular","article_published_time":"2024-08-10T11:00:00+00:00","og_image":[{"width":2048,"height":1536,"url":"https:\/\/folhapopular.info\/wp-content\/uploads\/2024\/08\/Atendimento-ao-publico-ocorre-das-13h-as-17h_Camille-Lenz-da-Silva.jpeg","type":"image\/jpeg"}],"author":"Camille Lenz da Silva","twitter_card":"summary_large_image","twitter_misc":{"Escrito por":"Camille Lenz da Silva","Est. tempo de leitura":"2 minutos"},"schema":{"@context":"https:\/\/schema.org","@graph":[{"@type":"Article","@id":"https:\/\/folhapopular.info\/index.php\/2024\/08\/10\/farmacia-do-posto-do-bairro-alesgut-em-teutonia-retoma-atendimento\/#article","isPartOf":{"@id":"https:\/\/folhapopular.info\/index.php\/2024\/08\/10\/farmacia-do-posto-do-bairro-alesgut-em-teutonia-retoma-atendimento\/"},"author":{"name":"Camille Lenz da Silva","@id":"https:\/\/folhapopular.info\/#\/schema\/person\/f0b811f932ef2505faf473ffaef49df5"},"headline":"Farm\u00e1cia do posto do Bairro Alesgut em Teut\u00f4nia retoma atendimento","datePublished":"2024-08-10T11:00:00+00:00","mainEntityOfPage":{"@id":"https:\/\/folhapopular.info\/index.php\/2024\/08\/10\/farmacia-do-posto-do-bairro-alesgut-em-teutonia-retoma-atendimento\/"},"wordCount":187,"commentCount":0,"image":{"@id":"https:\/\/folhapopular.info\/index.php\/2024\/08\/10\/farmacia-do-posto-do-bairro-alesgut-em-teutonia-retoma-atendimento\/#primaryimage"},"thumbnailUrl":"https:\/\/folhapopular.info\/wp-content\/uploads\/2024\/08\/Atendimento-ao-publico-ocorre-das-13h-as-17h_Camille-Lenz-da-Silva.jpeg","keywords":["Bairro Alesgut","Posto de Sa\u00fade","SUS"],"articleSection":["Destaques","Geral","Sa\u00fade"],"inLanguage":"pt-BR","potentialAction":[{"@type":"CommentAction","name":"Comment","target":["https:\/\/folhapopular.info\/index.php\/2024\/08\/10\/farmacia-do-posto-do-bairro-alesgut-em-teutonia-retoma-atendimento\/#respond"]}]},{"@type":"WebPage","@id":"https:\/\/folhapopular.info\/index.php\/2024\/08\/10\/farmacia-do-posto-do-bairro-alesgut-em-teutonia-retoma-atendimento\/","url":"https:\/\/folhapopular.info\/index.php\/2024\/08\/10\/farmacia-do-posto-do-bairro-alesgut-em-teutonia-retoma-atendimento\/","name":"Farm\u00e1cia do posto do Bairro Alesgut em Teut\u00f4nia retoma atendimento - Folha Popular","isPartOf":{"@id":"https:\/\/folhapopular.info\/#website"},"primaryImageOfPage":{"@id":"https:\/\/folhapopular.info\/index.php\/2024\/08\/10\/farmacia-do-posto-do-bairro-alesgut-em-teutonia-retoma-atendimento\/#primaryimage"},"image":{"@id":"https:\/\/folhapopular.info\/index.php\/2024\/08\/10\/farmacia-do-posto-do-bairro-alesgut-em-teutonia-retoma-atendimento\/#primaryimage"},"thumbnailUrl":"https:\/\/folhapopular.info\/wp-content\/uploads\/2024\/08\/Atendimento-ao-publico-ocorre-das-13h-as-17h_Camille-Lenz-da-Silva.jpeg","datePublished":"2024-08-10T11:00:00+00:00","author":{"@id":"https:\/\/folhapopular.info\/#\/schema\/person\/f0b811f932ef2505faf473ffaef49df5"},"breadcrumb":{"@id":"https:\/\/folhapopular.info\/index.php\/2024\/08\/10\/farmacia-do-posto-do-bairro-alesgut-em-teutonia-retoma-atendimento\/#breadcrumb"},"inLanguage":"pt-BR","potentialAction":[{"@type":"ReadAction","target":["https:\/\/folhapopular.info\/index.php\/2024\/08\/10\/farmacia-do-posto-do-bairro-alesgut-em-teutonia-retoma-atendimento\/"]}]},{"@type":"ImageObject","inLanguage":"pt-BR","@id":"https:\/\/folhapopular.info\/index.php\/2024\/08\/10\/farmacia-do-posto-do-bairro-alesgut-em-teutonia-retoma-atendimento\/#primaryimage","url":"https:\/\/folhapopular.info\/wp-content\/uploads\/2024\/08\/Atendimento-ao-publico-ocorre-das-13h-as-17h_Camille-Lenz-da-Silva.jpeg","contentUrl":"https:\/\/folhapopular.info\/wp-content\/uploads\/2024\/08\/Atendimento-ao-publico-ocorre-das-13h-as-17h_Camille-Lenz-da-Silva.jpeg","width":2048,"height":1536,"caption":"Atendimento ao p\u00fablico ocorre das 13h \u00e0s 17h \/ Cr\u00e9dito: Camille Lenz da Silva"},{"@type":"BreadcrumbList","@id":"https:\/\/folhapopular.info\/index.php\/2024\/08\/10\/farmacia-do-posto-do-bairro-alesgut-em-teutonia-retoma-atendimento\/#breadcrumb","itemListElement":[{"@type":"ListItem","position":1,"name":"In\u00edcio","item":"https:\/\/folhapopular.info\/"},{"@type":"ListItem","position":2,"name":"Farm\u00e1cia do posto do Bairro Alesgut em Teut\u00f4nia retoma atendimento"}]},{"@type":"WebSite","@id":"https:\/\/folhapopular.info\/#website","url":"https:\/\/folhapopular.info\/","name":"Folha Popular","description":"Onde voc\u00ea tem vez e voz","potentialAction":[{"@type":"SearchAction","target":{"@type":"EntryPoint","urlTemplate":"https:\/\/folhapopular.info\/?s={search_term_string}"},"query-input":{"@type":"PropertyValueSpecification","valueRequired":true,"valueName":"search_term_string"}}],"inLanguage":"pt-BR"},{"@type":"Person","@id":"https:\/\/folhapopular.info\/#\/schema\/person\/f0b811f932ef2505faf473ffaef49df5","name":"Camille Lenz da Silva","image":{"@type":"ImageObject","inLanguage":"pt-BR","@id":"https:\/\/secure.gravatar.com\/avatar\/50be826d73ca259ec0e0a88a407f5de800c576c46cfdc57e50ef28551e216fff?s=96&d=mm&r=g","url":"https:\/\/secure.gravatar.com\/avatar\/50be826d73ca259ec0e0a88a407f5de800c576c46cfdc57e50ef28551e216fff?s=96&d=mm&r=g","contentUrl":"https:\/\/secure.gravatar.com\/avatar\/50be826d73ca259ec0e0a88a407f5de800c576c46cfdc57e50ef28551e216fff?s=96&d=mm&r=g","caption":"Camille Lenz da Silva"},"url":"https:\/\/folhapopular.info\/index.php\/author\/camillelenzgmail-com\/"}]}},"jetpack_featured_media_url":"https:\/\/folhapopular.info\/wp-content\/uploads\/2024\/08\/Atendimento-ao-publico-ocorre-das-13h-as-17h_Camille-Lenz-da-Silva.jpeg","jetpack_sharing_enabled":true,"amp_enabled":true,"_links":{"self":[{"href":"https:\/\/folhapopular.info\/index.php\/wp-json\/wp\/v2\/posts\/165432","targetHints":{"allow":["GET"]}}],"collection":[{"href":"https:\/\/folhapopular.info\/index.php\/wp-json\/wp\/v2\/posts"}],"about":[{"href":"https:\/\/folhapopular.info\/index.php\/wp-json\/wp\/v2\/types\/post"}],"author":[{"embeddable":true,"href":"https:\/\/folhapopular.info\/index.php\/wp-json\/wp\/v2\/users\/639"}],"replies":[{"embeddable":true,"href":"https:\/\/folhapopular.info\/index.php\/wp-json\/wp\/v2\/comments?post=165432"}],"version-history":[{"count":0,"href":"https:\/\/folhapopular.info\/index.php\/wp-json\/wp\/v2\/posts\/165432\/revisions"}],"wp:featuredmedia":[{"embeddable":true,"href":"https:\/\/folhapopular.info\/index.php\/wp-json\/wp\/v2\/media\/165434"}],"wp:attachment":[{"href":"https:\/\/folhapopular.info\/index.php\/wp-json\/wp\/v2\/media?parent=165432"}],"wp:term":[{"taxonomy":"category","embeddable":true,"href":"https:\/\/folhapopular.info\/index.php\/wp-json\/wp\/v2\/categories?post=165432"},{"taxonomy":"post_tag","embeddable":true,"href":"https:\/\/folhapopular.info\/index.php\/wp-json\/wp\/v2\/tags?post=165432"}],"curies":[{"name":"wp","href":"https:\/\/api.w.org\/{rel}","templated":true}]}}