{"id":165712,"date":"2024-08-13T07:10:30","date_gmt":"2024-08-13T10:10:30","guid":{"rendered":"https:\/\/folhapopular.info\/?p=165712"},"modified":"2024-08-13T07:10:33","modified_gmt":"2024-08-13T10:10:33","slug":"sicredi-destaca-compromisso-com-esg-no-concred","status":"publish","type":"post","link":"https:\/\/folhapopular.info\/index.php\/2024\/08\/13\/sicredi-destaca-compromisso-com-esg-no-concred\/","title":{"rendered":"Sicredi destaca compromisso com ESG no Concred"},"content":{"rendered":"\n<p>A 15\u00aa edi\u00e7\u00e3o do Congresso Brasileiro do Cooperativismo de Cr\u00e9dito (Concred), promovida pela Confedera\u00e7\u00e3o Brasileira das Cooperativas de Cr\u00e9dito \u2013 Confebras, ocorreu de 7 a 9 de agosto em Belo Horizonte. Com o tema \u201cA Sustentabilidade Humana e o Mundo Exponencial: Construir o Futuro em Tempos de Transforma\u00e7\u00e3o\u201d, os debates envolvem temas como intercoopera\u00e7\u00e3o, sustentabilidade e o futuro do cooperativismo de cr\u00e9dito. <strong>O Sicredi, al\u00e9m de ser patrocinador do congresso, marca presen\u00e7a com profissionais que compartilham perspectivas sobre estrat\u00e9gias sustent\u00e1veis para assegurar a longevidade, tanto de neg\u00f3cios quanto setorial, enfatizando o compromisso com temas ESG, melhores pr\u00e1ticas em educa\u00e7\u00e3o\/inclus\u00e3o financeira, quest\u00f5es clim\u00e1ticas, entre outros.<\/strong><\/p>\n\n\n\n<p>O diretor-presidente do Sicredi, C\u00e9sar Bochi, estar\u00e1 no painel \u201cLideran\u00e7a inspiradora: estrat\u00e9gia ESG na pr\u00e1tica\u201d, e o diretor de riscos do Sicredi, Marcus Barboza, falar\u00e1 sobre \u201cResili\u00eancia Clim\u00e1tica: aprendizados e oportunidades na vis\u00e3o da gest\u00e3o de riscos\u201d. Matheus Salton, associado e l\u00edder do 1\u00ba Comit\u00ea Jovem de Desenvolvimento Social e Financeiro da Cooperativa Sicredi Integra\u00e7\u00e3o RS\/MG, aborda sua hist\u00f3ria junto ao cooperativismo de cr\u00e9dito e em projetos de impacto social. J\u00e1 no painel sobre Open Finance, teremos a participa\u00e7\u00e3o de Patr\u00edcia Albani Garay, especialista de Open Finance, e no debate sobre DREX e Tokeniza\u00e7\u00e3o, de Fabr\u00edcio Reis Furtado, consultor de tecnologia e neg\u00f3cios do Sicredi. Al\u00e9m disso, a institui\u00e7\u00e3o ter\u00e1 um estande especialmente projetado para acolher as mais de 2,5 mil pessoas esperadas durante tr\u00eas dias de encontro. \u201cA nossa participa\u00e7\u00e3o no Concred \u00e9 mais uma oportunidade marcante para refor\u00e7ar a necessidade de olhar para o futuro e trabalhar juntos na constru\u00e7\u00e3o de um setor ainda mais sustent\u00e1vel e resiliente. \u00c9 sempre bom poder compartilhar ideias com os colegas dos demais sistemas cooperativos brasileiros\u201d, afirma C\u00e9sar.<\/p>\n\n\n\n<p>Durante o evento, tamb\u00e9m ocorre a premia\u00e7\u00e3o ProsperaCoop, iniciativa da Confebras que reconhece a\u00e7\u00f5es que as cooperativas t\u00eam colocado em pr\u00e1tica com impacto positivo para a sociedade. O Sicredi ser\u00e1 premiado em duas categorias: em finan\u00e7as sustent\u00e1veis, com a Primeira Emiss\u00e3o de Letra Financeira Sustent\u00e1vel do Brasil, e em governan\u00e7a, com o Comit\u00ea Jovem e Comit\u00ea Mulher, da Cooperativa Sicredi Parque das Arauc\u00e1rias (PR\/SC\/SP).<\/p>\n\n\n\n<p>Atualmente, o Sicredi realiza uma s\u00e9rie de a\u00e7\u00f5es com base em pr\u00e1ticas ESG, que v\u00e3o al\u00e9m de sua oferta de produtos e servi\u00e7os. Entre as solu\u00e7\u00f5es financeiras oferecidas, est\u00e3o as linhas de cr\u00e9dito alinhadas \u00e0 Economia Verde, voltadas \u00e0 gera\u00e7\u00e3o de benef\u00edcios econ\u00f4micos, sociais e ambientais e que, apenas em 2023, somaram R$ 51 bilh\u00f5es em carteira de cr\u00e9dito. Do total da carteira, foram mais de R$ 14,3 bilh\u00f5es para a Produ\u00e7\u00e3o Rural Familiar, R$ 8,4 bilh\u00f5es para Agricultura de Baixo Carbono, R$ 7,8 bilh\u00f5es para mulheres empreendedoras de micro, pequenas e m\u00e9dias empresas e R$ 5,8 bilh\u00f5es em energia renov\u00e1vel. No mesmo ano, a institui\u00e7\u00e3o investiu mais de R$ 390 milh\u00f5es em a\u00e7\u00f5es sociais por meio do Fundo de Assist\u00eancia T\u00e9cnica, Educacional e Social (FATES), Fundo Social, doa\u00e7\u00f5es, Leis de Incentivo e patroc\u00ednio sociocultural. Desse total, mais de R$ 60 milh\u00f5es foram investidos em mais de 7,3mil projetos sociais. Apenas no programa de educa\u00e7\u00e3o A Uni\u00e3o Faz a Vida, mais de 530 mil crian\u00e7as e adolescentes foram beneficiados em mais de 3 mil escolas em todo o Brasil, e foram capacitados mais de 44,5 mil educadores com a metodologia em 620 munic\u00edpios.<\/p>\n\n\n\n<p>Para conferir a programa\u00e7\u00e3o completa do Concred 2024,&nbsp;<a href=\"https:\/\/click.presskit.com.br\/url\/1031427abf6\/6310933f3d7\" target=\"_blank\" rel=\"noreferrer noopener\">clique aqui<\/a>.<\/p>\n\n\n\n<p>Cesar Bochi, diretor-presidente do Sicredi<br>(Germano Luders)<\/p>\n","protected":false},"excerpt":{"rendered":"<p>A 15\u00aa edi\u00e7\u00e3o do Congresso Brasileiro do Cooperativismo de Cr\u00e9dito (Concred), promovida pela Confedera\u00e7\u00e3o Brasileira das Cooperativas de Cr\u00e9dito \u2013 Confebras, ocorreu de 7 a 9 de agosto em Belo Horizonte. Com o tema \u201cA Sustentabilidade Humana e o Mundo Exponencial: Construir o Futuro em Tempos de Transforma\u00e7\u00e3o\u201d, os debates envolvem temas como intercoopera\u00e7\u00e3o, sustentabilidade [&hellip;]<\/p>\n","protected":false},"author":8,"featured_media":147501,"comment_status":"open","ping_status":"open","sticky":false,"template":"","format":"standard","meta":{"pmpro_default_level":"","_jetpack_memberships_contains_paid_content":false,"footnotes":""},"categories":[10992,10991],"tags":[9165,292],"class_list":{"0":"post-165712","1":"post","2":"type-post","3":"status-publish","4":"format-standard","5":"has-post-thumbnail","7":"category-coopop","8":"category-economia","9":"tag-coopop","10":"tag-sicredi","11":"pmpro-has-access"},"yoast_head":"<!-- This site is optimized with the Yoast SEO plugin v27.5 - https:\/\/yoast.com\/product\/yoast-seo-wordpress\/ -->\n<title>Sicredi destaca compromisso com ESG no Concred - Folha Popular<\/title>\n<meta name=\"robots\" content=\"index, follow, max-snippet:-1, max-image-preview:large, max-video-preview:-1\" \/>\n<link rel=\"canonical\" href=\"https:\/\/folhapopular.info\/index.php\/2024\/08\/13\/sicredi-destaca-compromisso-com-esg-no-concred\/\" \/>\n<meta property=\"og:locale\" content=\"pt_BR\" \/>\n<meta property=\"og:type\" content=\"article\" \/>\n<meta property=\"og:title\" content=\"Sicredi destaca compromisso com ESG no Concred - Folha Popular\" \/>\n<meta property=\"og:description\" content=\"A 15\u00aa edi\u00e7\u00e3o do Congresso Brasileiro do Cooperativismo de Cr\u00e9dito (Concred), promovida pela Confedera\u00e7\u00e3o Brasileira das Cooperativas de Cr\u00e9dito \u2013 Confebras, ocorreu de 7 a 9 de agosto em Belo Horizonte. Com o tema \u201cA Sustentabilidade Humana e o Mundo Exponencial: Construir o Futuro em Tempos de Transforma\u00e7\u00e3o\u201d, os debates envolvem temas como intercoopera\u00e7\u00e3o, sustentabilidade [&hellip;]\" \/>\n<meta property=\"og:url\" content=\"https:\/\/folhapopular.info\/index.php\/2024\/08\/13\/sicredi-destaca-compromisso-com-esg-no-concred\/\" \/>\n<meta property=\"og:site_name\" content=\"Folha Popular\" \/>\n<meta property=\"article:published_time\" content=\"2024-08-13T10:10:30+00:00\" \/>\n<meta property=\"article:modified_time\" content=\"2024-08-13T10:10:33+00:00\" \/>\n<meta property=\"og:image\" content=\"http:\/\/folhapopular.info\/wp-content\/uploads\/2024\/01\/primeira-agencia-sicredi-minas_DIV-Sicredi-scaled.jpeg\" \/>\n\t<meta property=\"og:image:width\" content=\"2560\" \/>\n\t<meta property=\"og:image:height\" content=\"1920\" \/>\n\t<meta property=\"og:image:type\" content=\"image\/jpeg\" \/>\n<meta name=\"author\" content=\"Reda\u00e7\u00e3o Folha Popular\" \/>\n<meta name=\"twitter:card\" content=\"summary_large_image\" \/>\n<meta name=\"twitter:label1\" content=\"Escrito por\" \/>\n\t<meta name=\"twitter:data1\" content=\"Reda\u00e7\u00e3o Folha Popular\" \/>\n\t<meta name=\"twitter:label2\" content=\"Est. tempo de leitura\" \/>\n\t<meta name=\"twitter:data2\" content=\"4 minutos\" \/>\n<script type=\"application\/ld+json\" class=\"yoast-schema-graph\">{\"@context\":\"https:\\\/\\\/schema.org\",\"@graph\":[{\"@type\":\"Article\",\"@id\":\"https:\\\/\\\/folhapopular.info\\\/index.php\\\/2024\\\/08\\\/13\\\/sicredi-destaca-compromisso-com-esg-no-concred\\\/#article\",\"isPartOf\":{\"@id\":\"https:\\\/\\\/folhapopular.info\\\/index.php\\\/2024\\\/08\\\/13\\\/sicredi-destaca-compromisso-com-esg-no-concred\\\/\"},\"author\":{\"name\":\"Reda\u00e7\u00e3o Folha Popular\",\"@id\":\"https:\\\/\\\/folhapopular.info\\\/#\\\/schema\\\/person\\\/2814e8a0df7643585a9ca38bc6eb9d4b\"},\"headline\":\"Sicredi destaca compromisso com ESG no Concred\",\"datePublished\":\"2024-08-13T10:10:30+00:00\",\"dateModified\":\"2024-08-13T10:10:33+00:00\",\"mainEntityOfPage\":{\"@id\":\"https:\\\/\\\/folhapopular.info\\\/index.php\\\/2024\\\/08\\\/13\\\/sicredi-destaca-compromisso-com-esg-no-concred\\\/\"},\"wordCount\":630,\"commentCount\":0,\"image\":{\"@id\":\"https:\\\/\\\/folhapopular.info\\\/index.php\\\/2024\\\/08\\\/13\\\/sicredi-destaca-compromisso-com-esg-no-concred\\\/#primaryimage\"},\"thumbnailUrl\":\"https:\\\/\\\/folhapopular.info\\\/wp-content\\\/uploads\\\/2024\\\/01\\\/primeira-agencia-sicredi-minas_DIV-Sicredi-scaled.jpeg\",\"keywords\":[\"Coopop\",\"Sicredi\"],\"articleSection\":[\"Coopop\",\"Economia\"],\"inLanguage\":\"pt-BR\",\"potentialAction\":[{\"@type\":\"CommentAction\",\"name\":\"Comment\",\"target\":[\"https:\\\/\\\/folhapopular.info\\\/index.php\\\/2024\\\/08\\\/13\\\/sicredi-destaca-compromisso-com-esg-no-concred\\\/#respond\"]}]},{\"@type\":\"WebPage\",\"@id\":\"https:\\\/\\\/folhapopular.info\\\/index.php\\\/2024\\\/08\\\/13\\\/sicredi-destaca-compromisso-com-esg-no-concred\\\/\",\"url\":\"https:\\\/\\\/folhapopular.info\\\/index.php\\\/2024\\\/08\\\/13\\\/sicredi-destaca-compromisso-com-esg-no-concred\\\/\",\"name\":\"Sicredi destaca compromisso com ESG no Concred - Folha Popular\",\"isPartOf\":{\"@id\":\"https:\\\/\\\/folhapopular.info\\\/#website\"},\"primaryImageOfPage\":{\"@id\":\"https:\\\/\\\/folhapopular.info\\\/index.php\\\/2024\\\/08\\\/13\\\/sicredi-destaca-compromisso-com-esg-no-concred\\\/#primaryimage\"},\"image\":{\"@id\":\"https:\\\/\\\/folhapopular.info\\\/index.php\\\/2024\\\/08\\\/13\\\/sicredi-destaca-compromisso-com-esg-no-concred\\\/#primaryimage\"},\"thumbnailUrl\":\"https:\\\/\\\/folhapopular.info\\\/wp-content\\\/uploads\\\/2024\\\/01\\\/primeira-agencia-sicredi-minas_DIV-Sicredi-scaled.jpeg\",\"datePublished\":\"2024-08-13T10:10:30+00:00\",\"dateModified\":\"2024-08-13T10:10:33+00:00\",\"author\":{\"@id\":\"https:\\\/\\\/folhapopular.info\\\/#\\\/schema\\\/person\\\/2814e8a0df7643585a9ca38bc6eb9d4b\"},\"breadcrumb\":{\"@id\":\"https:\\\/\\\/folhapopular.info\\\/index.php\\\/2024\\\/08\\\/13\\\/sicredi-destaca-compromisso-com-esg-no-concred\\\/#breadcrumb\"},\"inLanguage\":\"pt-BR\",\"potentialAction\":[{\"@type\":\"ReadAction\",\"target\":[\"https:\\\/\\\/folhapopular.info\\\/index.php\\\/2024\\\/08\\\/13\\\/sicredi-destaca-compromisso-com-esg-no-concred\\\/\"]}]},{\"@type\":\"ImageObject\",\"inLanguage\":\"pt-BR\",\"@id\":\"https:\\\/\\\/folhapopular.info\\\/index.php\\\/2024\\\/08\\\/13\\\/sicredi-destaca-compromisso-com-esg-no-concred\\\/#primaryimage\",\"url\":\"https:\\\/\\\/folhapopular.info\\\/wp-content\\\/uploads\\\/2024\\\/01\\\/primeira-agencia-sicredi-minas_DIV-Sicredi-scaled.jpeg\",\"contentUrl\":\"https:\\\/\\\/folhapopular.info\\\/wp-content\\\/uploads\\\/2024\\\/01\\\/primeira-agencia-sicredi-minas_DIV-Sicredi-scaled.jpeg\",\"width\":2560,\"height\":1920,\"caption\":\"Cr\u00e9dito: Divulga\u00e7\u00e3o\"},{\"@type\":\"BreadcrumbList\",\"@id\":\"https:\\\/\\\/folhapopular.info\\\/index.php\\\/2024\\\/08\\\/13\\\/sicredi-destaca-compromisso-com-esg-no-concred\\\/#breadcrumb\",\"itemListElement\":[{\"@type\":\"ListItem\",\"position\":1,\"name\":\"In\u00edcio\",\"item\":\"https:\\\/\\\/folhapopular.info\\\/\"},{\"@type\":\"ListItem\",\"position\":2,\"name\":\"Sicredi destaca compromisso com ESG no Concred\"}]},{\"@type\":\"WebSite\",\"@id\":\"https:\\\/\\\/folhapopular.info\\\/#website\",\"url\":\"https:\\\/\\\/folhapopular.info\\\/\",\"name\":\"Folha Popular\",\"description\":\"Onde voc\u00ea tem vez e voz\",\"potentialAction\":[{\"@type\":\"SearchAction\",\"target\":{\"@type\":\"EntryPoint\",\"urlTemplate\":\"https:\\\/\\\/folhapopular.info\\\/?s={search_term_string}\"},\"query-input\":{\"@type\":\"PropertyValueSpecification\",\"valueRequired\":true,\"valueName\":\"search_term_string\"}}],\"inLanguage\":\"pt-BR\"},{\"@type\":\"Person\",\"@id\":\"https:\\\/\\\/folhapopular.info\\\/#\\\/schema\\\/person\\\/2814e8a0df7643585a9ca38bc6eb9d4b\",\"name\":\"Reda\u00e7\u00e3o Folha Popular\",\"image\":{\"@type\":\"ImageObject\",\"inLanguage\":\"pt-BR\",\"@id\":\"https:\\\/\\\/folhapopular.info\\\/wp-content\\\/uploads\\\/2026\\\/04\\\/Folha-1.webp\",\"url\":\"https:\\\/\\\/folhapopular.info\\\/wp-content\\\/uploads\\\/2026\\\/04\\\/Folha-1.webp\",\"contentUrl\":\"https:\\\/\\\/folhapopular.info\\\/wp-content\\\/uploads\\\/2026\\\/04\\\/Folha-1.webp\",\"caption\":\"Reda\u00e7\u00e3o Folha Popular\"},\"url\":\"https:\\\/\\\/folhapopular.info\\\/index.php\\\/author\\\/redacao\\\/\"}]}<\/script>\n<!-- \/ Yoast SEO plugin. -->","yoast_head_json":{"title":"Sicredi destaca compromisso com ESG no Concred - Folha Popular","robots":{"index":"index","follow":"follow","max-snippet":"max-snippet:-1","max-image-preview":"max-image-preview:large","max-video-preview":"max-video-preview:-1"},"canonical":"https:\/\/folhapopular.info\/index.php\/2024\/08\/13\/sicredi-destaca-compromisso-com-esg-no-concred\/","og_locale":"pt_BR","og_type":"article","og_title":"Sicredi destaca compromisso com ESG no Concred - Folha Popular","og_description":"A 15\u00aa edi\u00e7\u00e3o do Congresso Brasileiro do Cooperativismo de Cr\u00e9dito (Concred), promovida pela Confedera\u00e7\u00e3o Brasileira das Cooperativas de Cr\u00e9dito \u2013 Confebras, ocorreu de 7 a 9 de agosto em Belo Horizonte. Com o tema \u201cA Sustentabilidade Humana e o Mundo Exponencial: Construir o Futuro em Tempos de Transforma\u00e7\u00e3o\u201d, os debates envolvem temas como intercoopera\u00e7\u00e3o, sustentabilidade [&hellip;]","og_url":"https:\/\/folhapopular.info\/index.php\/2024\/08\/13\/sicredi-destaca-compromisso-com-esg-no-concred\/","og_site_name":"Folha Popular","article_published_time":"2024-08-13T10:10:30+00:00","article_modified_time":"2024-08-13T10:10:33+00:00","og_image":[{"width":2560,"height":1920,"url":"http:\/\/folhapopular.info\/wp-content\/uploads\/2024\/01\/primeira-agencia-sicredi-minas_DIV-Sicredi-scaled.jpeg","type":"image\/jpeg"}],"author":"Reda\u00e7\u00e3o Folha Popular","twitter_card":"summary_large_image","twitter_misc":{"Escrito por":"Reda\u00e7\u00e3o Folha Popular","Est. tempo de leitura":"4 minutos"},"schema":{"@context":"https:\/\/schema.org","@graph":[{"@type":"Article","@id":"https:\/\/folhapopular.info\/index.php\/2024\/08\/13\/sicredi-destaca-compromisso-com-esg-no-concred\/#article","isPartOf":{"@id":"https:\/\/folhapopular.info\/index.php\/2024\/08\/13\/sicredi-destaca-compromisso-com-esg-no-concred\/"},"author":{"name":"Reda\u00e7\u00e3o Folha Popular","@id":"https:\/\/folhapopular.info\/#\/schema\/person\/2814e8a0df7643585a9ca38bc6eb9d4b"},"headline":"Sicredi destaca compromisso com ESG no Concred","datePublished":"2024-08-13T10:10:30+00:00","dateModified":"2024-08-13T10:10:33+00:00","mainEntityOfPage":{"@id":"https:\/\/folhapopular.info\/index.php\/2024\/08\/13\/sicredi-destaca-compromisso-com-esg-no-concred\/"},"wordCount":630,"commentCount":0,"image":{"@id":"https:\/\/folhapopular.info\/index.php\/2024\/08\/13\/sicredi-destaca-compromisso-com-esg-no-concred\/#primaryimage"},"thumbnailUrl":"https:\/\/folhapopular.info\/wp-content\/uploads\/2024\/01\/primeira-agencia-sicredi-minas_DIV-Sicredi-scaled.jpeg","keywords":["Coopop","Sicredi"],"articleSection":["Coopop","Economia"],"inLanguage":"pt-BR","potentialAction":[{"@type":"CommentAction","name":"Comment","target":["https:\/\/folhapopular.info\/index.php\/2024\/08\/13\/sicredi-destaca-compromisso-com-esg-no-concred\/#respond"]}]},{"@type":"WebPage","@id":"https:\/\/folhapopular.info\/index.php\/2024\/08\/13\/sicredi-destaca-compromisso-com-esg-no-concred\/","url":"https:\/\/folhapopular.info\/index.php\/2024\/08\/13\/sicredi-destaca-compromisso-com-esg-no-concred\/","name":"Sicredi destaca compromisso com ESG no Concred - Folha Popular","isPartOf":{"@id":"https:\/\/folhapopular.info\/#website"},"primaryImageOfPage":{"@id":"https:\/\/folhapopular.info\/index.php\/2024\/08\/13\/sicredi-destaca-compromisso-com-esg-no-concred\/#primaryimage"},"image":{"@id":"https:\/\/folhapopular.info\/index.php\/2024\/08\/13\/sicredi-destaca-compromisso-com-esg-no-concred\/#primaryimage"},"thumbnailUrl":"https:\/\/folhapopular.info\/wp-content\/uploads\/2024\/01\/primeira-agencia-sicredi-minas_DIV-Sicredi-scaled.jpeg","datePublished":"2024-08-13T10:10:30+00:00","dateModified":"2024-08-13T10:10:33+00:00","author":{"@id":"https:\/\/folhapopular.info\/#\/schema\/person\/2814e8a0df7643585a9ca38bc6eb9d4b"},"breadcrumb":{"@id":"https:\/\/folhapopular.info\/index.php\/2024\/08\/13\/sicredi-destaca-compromisso-com-esg-no-concred\/#breadcrumb"},"inLanguage":"pt-BR","potentialAction":[{"@type":"ReadAction","target":["https:\/\/folhapopular.info\/index.php\/2024\/08\/13\/sicredi-destaca-compromisso-com-esg-no-concred\/"]}]},{"@type":"ImageObject","inLanguage":"pt-BR","@id":"https:\/\/folhapopular.info\/index.php\/2024\/08\/13\/sicredi-destaca-compromisso-com-esg-no-concred\/#primaryimage","url":"https:\/\/folhapopular.info\/wp-content\/uploads\/2024\/01\/primeira-agencia-sicredi-minas_DIV-Sicredi-scaled.jpeg","contentUrl":"https:\/\/folhapopular.info\/wp-content\/uploads\/2024\/01\/primeira-agencia-sicredi-minas_DIV-Sicredi-scaled.jpeg","width":2560,"height":1920,"caption":"Cr\u00e9dito: Divulga\u00e7\u00e3o"},{"@type":"BreadcrumbList","@id":"https:\/\/folhapopular.info\/index.php\/2024\/08\/13\/sicredi-destaca-compromisso-com-esg-no-concred\/#breadcrumb","itemListElement":[{"@type":"ListItem","position":1,"name":"In\u00edcio","item":"https:\/\/folhapopular.info\/"},{"@type":"ListItem","position":2,"name":"Sicredi destaca compromisso com ESG no Concred"}]},{"@type":"WebSite","@id":"https:\/\/folhapopular.info\/#website","url":"https:\/\/folhapopular.info\/","name":"Folha Popular","description":"Onde voc\u00ea tem vez e voz","potentialAction":[{"@type":"SearchAction","target":{"@type":"EntryPoint","urlTemplate":"https:\/\/folhapopular.info\/?s={search_term_string}"},"query-input":{"@type":"PropertyValueSpecification","valueRequired":true,"valueName":"search_term_string"}}],"inLanguage":"pt-BR"},{"@type":"Person","@id":"https:\/\/folhapopular.info\/#\/schema\/person\/2814e8a0df7643585a9ca38bc6eb9d4b","name":"Reda\u00e7\u00e3o Folha Popular","image":{"@type":"ImageObject","inLanguage":"pt-BR","@id":"https:\/\/folhapopular.info\/wp-content\/uploads\/2026\/04\/Folha-1.webp","url":"https:\/\/folhapopular.info\/wp-content\/uploads\/2026\/04\/Folha-1.webp","contentUrl":"https:\/\/folhapopular.info\/wp-content\/uploads\/2026\/04\/Folha-1.webp","caption":"Reda\u00e7\u00e3o Folha Popular"},"url":"https:\/\/folhapopular.info\/index.php\/author\/redacao\/"}]}},"jetpack_featured_media_url":"https:\/\/folhapopular.info\/wp-content\/uploads\/2024\/01\/primeira-agencia-sicredi-minas_DIV-Sicredi-scaled.jpeg","jetpack_sharing_enabled":true,"amp_enabled":true,"_links":{"self":[{"href":"https:\/\/folhapopular.info\/index.php\/wp-json\/wp\/v2\/posts\/165712","targetHints":{"allow":["GET"]}}],"collection":[{"href":"https:\/\/folhapopular.info\/index.php\/wp-json\/wp\/v2\/posts"}],"about":[{"href":"https:\/\/folhapopular.info\/index.php\/wp-json\/wp\/v2\/types\/post"}],"author":[{"embeddable":true,"href":"https:\/\/folhapopular.info\/index.php\/wp-json\/wp\/v2\/users\/8"}],"replies":[{"embeddable":true,"href":"https:\/\/folhapopular.info\/index.php\/wp-json\/wp\/v2\/comments?post=165712"}],"version-history":[{"count":0,"href":"https:\/\/folhapopular.info\/index.php\/wp-json\/wp\/v2\/posts\/165712\/revisions"}],"wp:featuredmedia":[{"embeddable":true,"href":"https:\/\/folhapopular.info\/index.php\/wp-json\/wp\/v2\/media\/147501"}],"wp:attachment":[{"href":"https:\/\/folhapopular.info\/index.php\/wp-json\/wp\/v2\/media?parent=165712"}],"wp:term":[{"taxonomy":"category","embeddable":true,"href":"https:\/\/folhapopular.info\/index.php\/wp-json\/wp\/v2\/categories?post=165712"},{"taxonomy":"post_tag","embeddable":true,"href":"https:\/\/folhapopular.info\/index.php\/wp-json\/wp\/v2\/tags?post=165712"}],"curies":[{"name":"wp","href":"https:\/\/api.w.org\/{rel}","templated":true}]}}