{"id":165867,"date":"2024-08-14T19:00:00","date_gmt":"2024-08-14T22:00:00","guid":{"rendered":"https:\/\/folhapopular.info\/?p=165867"},"modified":"2024-08-14T16:55:21","modified_gmt":"2024-08-14T19:55:21","slug":"cmn-autoriza-prorrogacao-de-dividas-do-agricultores-atingidos-pelas-cheias","status":"publish","type":"post","link":"https:\/\/folhapopular.info\/index.php\/2024\/08\/14\/cmn-autoriza-prorrogacao-de-dividas-do-agricultores-atingidos-pelas-cheias\/","title":{"rendered":"CMN autoriza prorroga\u00e7\u00e3o das d\u00edvidas de agricultores atingidos pelas cheias"},"content":{"rendered":"\n<p>O Conselho Monet\u00e1rio Nacional (CMN) autorizou as institui\u00e7\u00f5es financeiras, de modo emergencial, a prorrogar, at\u00e9 16 de setembro, as parcelas de financiamentos de cr\u00e9dito rural de produtores ga\u00fachos que tenham vencimento de 1\u00ba de maio a 15 de setembro.<\/p>\n\n\n\n<p>A medida \u00e9 v\u00e1lida para empreendimentos localizados em munic\u00edpios do Rio Grande do Sul com decreta\u00e7\u00e3o de situa\u00e7\u00e3o de emerg\u00eancia ou de estado de calamidade p\u00fablica, at\u00e9 31 de julho reconhecida pelo governo federal, em decorr\u00eancia de enchentes, alagamentos, chuvas intensas, enxurradas, vendavais, deslizamentos ou semelhantes.<br><br>Com o prazo adicional, os produtores ter\u00e3o mais tempo para solicitar descontos para liquida\u00e7\u00e3o ou renegocia\u00e7\u00e3o de d\u00edvidas.<\/p>\n","protected":false},"excerpt":{"rendered":"<p>O Conselho Monet\u00e1rio Nacional (CMN) autorizou as institui\u00e7\u00f5es financeiras, de modo emergencial, a prorrogar, at\u00e9 16 de setembro, as parcelas de financiamentos de cr\u00e9dito rural de produtores ga\u00fachos que tenham vencimento de 1\u00ba de maio a 15 de setembro. A medida \u00e9 v\u00e1lida para empreendimentos localizados em munic\u00edpios do Rio Grande do Sul com decreta\u00e7\u00e3o [&hellip;]<\/p>\n","protected":false},"author":8,"featured_media":165868,"comment_status":"open","ping_status":"open","sticky":false,"template":"","format":"standard","meta":{"pmpro_default_level":"","_jetpack_memberships_contains_paid_content":false,"footnotes":""},"categories":[2,10991,10994],"tags":[15834,15835,1794],"class_list":{"0":"post-165867","1":"post","2":"type-post","3":"status-publish","4":"format-standard","5":"has-post-thumbnail","7":"category-featured","8":"category-economia","9":"category-rural","10":"tag-agricultores-atingidos-pelas-cheias","11":"tag-conselho-monetario-nacional","12":"tag-rio-grande-do-sul","13":"pmpro-has-access"},"yoast_head":"<!-- This site is optimized with the Yoast SEO plugin v27.5 - https:\/\/yoast.com\/product\/yoast-seo-wordpress\/ -->\n<title>CMN autoriza prorroga\u00e7\u00e3o das d\u00edvidas de agricultores atingidos pelas cheias - Folha Popular<\/title>\n<meta name=\"robots\" content=\"index, follow, max-snippet:-1, max-image-preview:large, max-video-preview:-1\" \/>\n<link rel=\"canonical\" href=\"https:\/\/folhapopular.info\/index.php\/2024\/08\/14\/cmn-autoriza-prorrogacao-de-dividas-do-agricultores-atingidos-pelas-cheias\/\" \/>\n<meta property=\"og:locale\" content=\"pt_BR\" \/>\n<meta property=\"og:type\" content=\"article\" \/>\n<meta property=\"og:title\" content=\"CMN autoriza prorroga\u00e7\u00e3o das d\u00edvidas de agricultores atingidos pelas cheias - Folha Popular\" \/>\n<meta property=\"og:description\" content=\"O Conselho Monet\u00e1rio Nacional (CMN) autorizou as institui\u00e7\u00f5es financeiras, de modo emergencial, a prorrogar, at\u00e9 16 de setembro, as parcelas de financiamentos de cr\u00e9dito rural de produtores ga\u00fachos que tenham vencimento de 1\u00ba de maio a 15 de setembro. A medida \u00e9 v\u00e1lida para empreendimentos localizados em munic\u00edpios do Rio Grande do Sul com decreta\u00e7\u00e3o [&hellip;]\" \/>\n<meta property=\"og:url\" content=\"https:\/\/folhapopular.info\/index.php\/2024\/08\/14\/cmn-autoriza-prorrogacao-de-dividas-do-agricultores-atingidos-pelas-cheias\/\" \/>\n<meta property=\"og:site_name\" content=\"Folha Popular\" \/>\n<meta property=\"article:published_time\" content=\"2024-08-14T22:00:00+00:00\" \/>\n<meta property=\"og:image\" content=\"https:\/\/folhapopular.info\/wp-content\/uploads\/2024\/08\/WhatsApp-Image-2024-05-15-at-11.14.43-1-696x381-1.jpeg\" \/>\n\t<meta property=\"og:image:width\" content=\"696\" \/>\n\t<meta property=\"og:image:height\" content=\"381\" \/>\n\t<meta property=\"og:image:type\" content=\"image\/jpeg\" \/>\n<meta name=\"author\" content=\"Reda\u00e7\u00e3o Folha Popular\" \/>\n<meta name=\"twitter:card\" content=\"summary_large_image\" \/>\n<meta name=\"twitter:label1\" content=\"Escrito por\" \/>\n\t<meta name=\"twitter:data1\" content=\"Reda\u00e7\u00e3o Folha Popular\" \/>\n\t<meta name=\"twitter:label2\" content=\"Est. tempo de leitura\" \/>\n\t<meta name=\"twitter:data2\" content=\"1 minuto\" \/>\n<script type=\"application\/ld+json\" class=\"yoast-schema-graph\">{\"@context\":\"https:\\\/\\\/schema.org\",\"@graph\":[{\"@type\":\"Article\",\"@id\":\"https:\\\/\\\/folhapopular.info\\\/index.php\\\/2024\\\/08\\\/14\\\/cmn-autoriza-prorrogacao-de-dividas-do-agricultores-atingidos-pelas-cheias\\\/#article\",\"isPartOf\":{\"@id\":\"https:\\\/\\\/folhapopular.info\\\/index.php\\\/2024\\\/08\\\/14\\\/cmn-autoriza-prorrogacao-de-dividas-do-agricultores-atingidos-pelas-cheias\\\/\"},\"author\":{\"name\":\"Reda\u00e7\u00e3o Folha Popular\",\"@id\":\"https:\\\/\\\/folhapopular.info\\\/#\\\/schema\\\/person\\\/2814e8a0df7643585a9ca38bc6eb9d4b\"},\"headline\":\"CMN autoriza prorroga\u00e7\u00e3o das d\u00edvidas de agricultores atingidos pelas cheias\",\"datePublished\":\"2024-08-14T22:00:00+00:00\",\"mainEntityOfPage\":{\"@id\":\"https:\\\/\\\/folhapopular.info\\\/index.php\\\/2024\\\/08\\\/14\\\/cmn-autoriza-prorrogacao-de-dividas-do-agricultores-atingidos-pelas-cheias\\\/\"},\"wordCount\":125,\"commentCount\":0,\"image\":{\"@id\":\"https:\\\/\\\/folhapopular.info\\\/index.php\\\/2024\\\/08\\\/14\\\/cmn-autoriza-prorrogacao-de-dividas-do-agricultores-atingidos-pelas-cheias\\\/#primaryimage\"},\"thumbnailUrl\":\"https:\\\/\\\/folhapopular.info\\\/wp-content\\\/uploads\\\/2024\\\/08\\\/WhatsApp-Image-2024-05-15-at-11.14.43-1-696x381-1.jpeg\",\"keywords\":[\"Agricultores atingidos pelas cheias\",\"Conselho Monet\u00e1rio Nacional\",\"Rio Grande do Sul\"],\"articleSection\":[\"Destaques\",\"Economia\",\"Rural\"],\"inLanguage\":\"pt-BR\",\"potentialAction\":[{\"@type\":\"CommentAction\",\"name\":\"Comment\",\"target\":[\"https:\\\/\\\/folhapopular.info\\\/index.php\\\/2024\\\/08\\\/14\\\/cmn-autoriza-prorrogacao-de-dividas-do-agricultores-atingidos-pelas-cheias\\\/#respond\"]}]},{\"@type\":\"WebPage\",\"@id\":\"https:\\\/\\\/folhapopular.info\\\/index.php\\\/2024\\\/08\\\/14\\\/cmn-autoriza-prorrogacao-de-dividas-do-agricultores-atingidos-pelas-cheias\\\/\",\"url\":\"https:\\\/\\\/folhapopular.info\\\/index.php\\\/2024\\\/08\\\/14\\\/cmn-autoriza-prorrogacao-de-dividas-do-agricultores-atingidos-pelas-cheias\\\/\",\"name\":\"CMN autoriza prorroga\u00e7\u00e3o das d\u00edvidas de agricultores atingidos pelas cheias - Folha Popular\",\"isPartOf\":{\"@id\":\"https:\\\/\\\/folhapopular.info\\\/#website\"},\"primaryImageOfPage\":{\"@id\":\"https:\\\/\\\/folhapopular.info\\\/index.php\\\/2024\\\/08\\\/14\\\/cmn-autoriza-prorrogacao-de-dividas-do-agricultores-atingidos-pelas-cheias\\\/#primaryimage\"},\"image\":{\"@id\":\"https:\\\/\\\/folhapopular.info\\\/index.php\\\/2024\\\/08\\\/14\\\/cmn-autoriza-prorrogacao-de-dividas-do-agricultores-atingidos-pelas-cheias\\\/#primaryimage\"},\"thumbnailUrl\":\"https:\\\/\\\/folhapopular.info\\\/wp-content\\\/uploads\\\/2024\\\/08\\\/WhatsApp-Image-2024-05-15-at-11.14.43-1-696x381-1.jpeg\",\"datePublished\":\"2024-08-14T22:00:00+00:00\",\"author\":{\"@id\":\"https:\\\/\\\/folhapopular.info\\\/#\\\/schema\\\/person\\\/2814e8a0df7643585a9ca38bc6eb9d4b\"},\"breadcrumb\":{\"@id\":\"https:\\\/\\\/folhapopular.info\\\/index.php\\\/2024\\\/08\\\/14\\\/cmn-autoriza-prorrogacao-de-dividas-do-agricultores-atingidos-pelas-cheias\\\/#breadcrumb\"},\"inLanguage\":\"pt-BR\",\"potentialAction\":[{\"@type\":\"ReadAction\",\"target\":[\"https:\\\/\\\/folhapopular.info\\\/index.php\\\/2024\\\/08\\\/14\\\/cmn-autoriza-prorrogacao-de-dividas-do-agricultores-atingidos-pelas-cheias\\\/\"]}]},{\"@type\":\"ImageObject\",\"inLanguage\":\"pt-BR\",\"@id\":\"https:\\\/\\\/folhapopular.info\\\/index.php\\\/2024\\\/08\\\/14\\\/cmn-autoriza-prorrogacao-de-dividas-do-agricultores-atingidos-pelas-cheias\\\/#primaryimage\",\"url\":\"https:\\\/\\\/folhapopular.info\\\/wp-content\\\/uploads\\\/2024\\\/08\\\/WhatsApp-Image-2024-05-15-at-11.14.43-1-696x381-1.jpeg\",\"contentUrl\":\"https:\\\/\\\/folhapopular.info\\\/wp-content\\\/uploads\\\/2024\\\/08\\\/WhatsApp-Image-2024-05-15-at-11.14.43-1-696x381-1.jpeg\",\"width\":696,\"height\":381,\"caption\":\"Cr\u00e9dito: Divulga\u00e7\u00e3o\"},{\"@type\":\"BreadcrumbList\",\"@id\":\"https:\\\/\\\/folhapopular.info\\\/index.php\\\/2024\\\/08\\\/14\\\/cmn-autoriza-prorrogacao-de-dividas-do-agricultores-atingidos-pelas-cheias\\\/#breadcrumb\",\"itemListElement\":[{\"@type\":\"ListItem\",\"position\":1,\"name\":\"In\u00edcio\",\"item\":\"https:\\\/\\\/folhapopular.info\\\/\"},{\"@type\":\"ListItem\",\"position\":2,\"name\":\"CMN autoriza prorroga\u00e7\u00e3o das d\u00edvidas de agricultores atingidos pelas cheias\"}]},{\"@type\":\"WebSite\",\"@id\":\"https:\\\/\\\/folhapopular.info\\\/#website\",\"url\":\"https:\\\/\\\/folhapopular.info\\\/\",\"name\":\"Folha Popular\",\"description\":\"Onde voc\u00ea tem vez e voz\",\"potentialAction\":[{\"@type\":\"SearchAction\",\"target\":{\"@type\":\"EntryPoint\",\"urlTemplate\":\"https:\\\/\\\/folhapopular.info\\\/?s={search_term_string}\"},\"query-input\":{\"@type\":\"PropertyValueSpecification\",\"valueRequired\":true,\"valueName\":\"search_term_string\"}}],\"inLanguage\":\"pt-BR\"},{\"@type\":\"Person\",\"@id\":\"https:\\\/\\\/folhapopular.info\\\/#\\\/schema\\\/person\\\/2814e8a0df7643585a9ca38bc6eb9d4b\",\"name\":\"Reda\u00e7\u00e3o Folha Popular\",\"image\":{\"@type\":\"ImageObject\",\"inLanguage\":\"pt-BR\",\"@id\":\"https:\\\/\\\/folhapopular.info\\\/wp-content\\\/uploads\\\/2026\\\/04\\\/Folha-1.webp\",\"url\":\"https:\\\/\\\/folhapopular.info\\\/wp-content\\\/uploads\\\/2026\\\/04\\\/Folha-1.webp\",\"contentUrl\":\"https:\\\/\\\/folhapopular.info\\\/wp-content\\\/uploads\\\/2026\\\/04\\\/Folha-1.webp\",\"caption\":\"Reda\u00e7\u00e3o Folha Popular\"},\"url\":\"https:\\\/\\\/folhapopular.info\\\/index.php\\\/author\\\/redacao\\\/\"}]}<\/script>\n<!-- \/ Yoast SEO plugin. -->","yoast_head_json":{"title":"CMN autoriza prorroga\u00e7\u00e3o das d\u00edvidas de agricultores atingidos pelas cheias - Folha Popular","robots":{"index":"index","follow":"follow","max-snippet":"max-snippet:-1","max-image-preview":"max-image-preview:large","max-video-preview":"max-video-preview:-1"},"canonical":"https:\/\/folhapopular.info\/index.php\/2024\/08\/14\/cmn-autoriza-prorrogacao-de-dividas-do-agricultores-atingidos-pelas-cheias\/","og_locale":"pt_BR","og_type":"article","og_title":"CMN autoriza prorroga\u00e7\u00e3o das d\u00edvidas de agricultores atingidos pelas cheias - Folha Popular","og_description":"O Conselho Monet\u00e1rio Nacional (CMN) autorizou as institui\u00e7\u00f5es financeiras, de modo emergencial, a prorrogar, at\u00e9 16 de setembro, as parcelas de financiamentos de cr\u00e9dito rural de produtores ga\u00fachos que tenham vencimento de 1\u00ba de maio a 15 de setembro. A medida \u00e9 v\u00e1lida para empreendimentos localizados em munic\u00edpios do Rio Grande do Sul com decreta\u00e7\u00e3o [&hellip;]","og_url":"https:\/\/folhapopular.info\/index.php\/2024\/08\/14\/cmn-autoriza-prorrogacao-de-dividas-do-agricultores-atingidos-pelas-cheias\/","og_site_name":"Folha Popular","article_published_time":"2024-08-14T22:00:00+00:00","og_image":[{"width":696,"height":381,"url":"https:\/\/folhapopular.info\/wp-content\/uploads\/2024\/08\/WhatsApp-Image-2024-05-15-at-11.14.43-1-696x381-1.jpeg","type":"image\/jpeg"}],"author":"Reda\u00e7\u00e3o Folha Popular","twitter_card":"summary_large_image","twitter_misc":{"Escrito por":"Reda\u00e7\u00e3o Folha Popular","Est. tempo de leitura":"1 minuto"},"schema":{"@context":"https:\/\/schema.org","@graph":[{"@type":"Article","@id":"https:\/\/folhapopular.info\/index.php\/2024\/08\/14\/cmn-autoriza-prorrogacao-de-dividas-do-agricultores-atingidos-pelas-cheias\/#article","isPartOf":{"@id":"https:\/\/folhapopular.info\/index.php\/2024\/08\/14\/cmn-autoriza-prorrogacao-de-dividas-do-agricultores-atingidos-pelas-cheias\/"},"author":{"name":"Reda\u00e7\u00e3o Folha Popular","@id":"https:\/\/folhapopular.info\/#\/schema\/person\/2814e8a0df7643585a9ca38bc6eb9d4b"},"headline":"CMN autoriza prorroga\u00e7\u00e3o das d\u00edvidas de agricultores atingidos pelas cheias","datePublished":"2024-08-14T22:00:00+00:00","mainEntityOfPage":{"@id":"https:\/\/folhapopular.info\/index.php\/2024\/08\/14\/cmn-autoriza-prorrogacao-de-dividas-do-agricultores-atingidos-pelas-cheias\/"},"wordCount":125,"commentCount":0,"image":{"@id":"https:\/\/folhapopular.info\/index.php\/2024\/08\/14\/cmn-autoriza-prorrogacao-de-dividas-do-agricultores-atingidos-pelas-cheias\/#primaryimage"},"thumbnailUrl":"https:\/\/folhapopular.info\/wp-content\/uploads\/2024\/08\/WhatsApp-Image-2024-05-15-at-11.14.43-1-696x381-1.jpeg","keywords":["Agricultores atingidos pelas cheias","Conselho Monet\u00e1rio Nacional","Rio Grande do Sul"],"articleSection":["Destaques","Economia","Rural"],"inLanguage":"pt-BR","potentialAction":[{"@type":"CommentAction","name":"Comment","target":["https:\/\/folhapopular.info\/index.php\/2024\/08\/14\/cmn-autoriza-prorrogacao-de-dividas-do-agricultores-atingidos-pelas-cheias\/#respond"]}]},{"@type":"WebPage","@id":"https:\/\/folhapopular.info\/index.php\/2024\/08\/14\/cmn-autoriza-prorrogacao-de-dividas-do-agricultores-atingidos-pelas-cheias\/","url":"https:\/\/folhapopular.info\/index.php\/2024\/08\/14\/cmn-autoriza-prorrogacao-de-dividas-do-agricultores-atingidos-pelas-cheias\/","name":"CMN autoriza prorroga\u00e7\u00e3o das d\u00edvidas de agricultores atingidos pelas cheias - Folha Popular","isPartOf":{"@id":"https:\/\/folhapopular.info\/#website"},"primaryImageOfPage":{"@id":"https:\/\/folhapopular.info\/index.php\/2024\/08\/14\/cmn-autoriza-prorrogacao-de-dividas-do-agricultores-atingidos-pelas-cheias\/#primaryimage"},"image":{"@id":"https:\/\/folhapopular.info\/index.php\/2024\/08\/14\/cmn-autoriza-prorrogacao-de-dividas-do-agricultores-atingidos-pelas-cheias\/#primaryimage"},"thumbnailUrl":"https:\/\/folhapopular.info\/wp-content\/uploads\/2024\/08\/WhatsApp-Image-2024-05-15-at-11.14.43-1-696x381-1.jpeg","datePublished":"2024-08-14T22:00:00+00:00","author":{"@id":"https:\/\/folhapopular.info\/#\/schema\/person\/2814e8a0df7643585a9ca38bc6eb9d4b"},"breadcrumb":{"@id":"https:\/\/folhapopular.info\/index.php\/2024\/08\/14\/cmn-autoriza-prorrogacao-de-dividas-do-agricultores-atingidos-pelas-cheias\/#breadcrumb"},"inLanguage":"pt-BR","potentialAction":[{"@type":"ReadAction","target":["https:\/\/folhapopular.info\/index.php\/2024\/08\/14\/cmn-autoriza-prorrogacao-de-dividas-do-agricultores-atingidos-pelas-cheias\/"]}]},{"@type":"ImageObject","inLanguage":"pt-BR","@id":"https:\/\/folhapopular.info\/index.php\/2024\/08\/14\/cmn-autoriza-prorrogacao-de-dividas-do-agricultores-atingidos-pelas-cheias\/#primaryimage","url":"https:\/\/folhapopular.info\/wp-content\/uploads\/2024\/08\/WhatsApp-Image-2024-05-15-at-11.14.43-1-696x381-1.jpeg","contentUrl":"https:\/\/folhapopular.info\/wp-content\/uploads\/2024\/08\/WhatsApp-Image-2024-05-15-at-11.14.43-1-696x381-1.jpeg","width":696,"height":381,"caption":"Cr\u00e9dito: Divulga\u00e7\u00e3o"},{"@type":"BreadcrumbList","@id":"https:\/\/folhapopular.info\/index.php\/2024\/08\/14\/cmn-autoriza-prorrogacao-de-dividas-do-agricultores-atingidos-pelas-cheias\/#breadcrumb","itemListElement":[{"@type":"ListItem","position":1,"name":"In\u00edcio","item":"https:\/\/folhapopular.info\/"},{"@type":"ListItem","position":2,"name":"CMN autoriza prorroga\u00e7\u00e3o das d\u00edvidas de agricultores atingidos pelas cheias"}]},{"@type":"WebSite","@id":"https:\/\/folhapopular.info\/#website","url":"https:\/\/folhapopular.info\/","name":"Folha Popular","description":"Onde voc\u00ea tem vez e voz","potentialAction":[{"@type":"SearchAction","target":{"@type":"EntryPoint","urlTemplate":"https:\/\/folhapopular.info\/?s={search_term_string}"},"query-input":{"@type":"PropertyValueSpecification","valueRequired":true,"valueName":"search_term_string"}}],"inLanguage":"pt-BR"},{"@type":"Person","@id":"https:\/\/folhapopular.info\/#\/schema\/person\/2814e8a0df7643585a9ca38bc6eb9d4b","name":"Reda\u00e7\u00e3o Folha Popular","image":{"@type":"ImageObject","inLanguage":"pt-BR","@id":"https:\/\/folhapopular.info\/wp-content\/uploads\/2026\/04\/Folha-1.webp","url":"https:\/\/folhapopular.info\/wp-content\/uploads\/2026\/04\/Folha-1.webp","contentUrl":"https:\/\/folhapopular.info\/wp-content\/uploads\/2026\/04\/Folha-1.webp","caption":"Reda\u00e7\u00e3o Folha Popular"},"url":"https:\/\/folhapopular.info\/index.php\/author\/redacao\/"}]}},"jetpack_featured_media_url":"https:\/\/folhapopular.info\/wp-content\/uploads\/2024\/08\/WhatsApp-Image-2024-05-15-at-11.14.43-1-696x381-1.jpeg","jetpack_sharing_enabled":true,"amp_enabled":true,"_links":{"self":[{"href":"https:\/\/folhapopular.info\/index.php\/wp-json\/wp\/v2\/posts\/165867","targetHints":{"allow":["GET"]}}],"collection":[{"href":"https:\/\/folhapopular.info\/index.php\/wp-json\/wp\/v2\/posts"}],"about":[{"href":"https:\/\/folhapopular.info\/index.php\/wp-json\/wp\/v2\/types\/post"}],"author":[{"embeddable":true,"href":"https:\/\/folhapopular.info\/index.php\/wp-json\/wp\/v2\/users\/8"}],"replies":[{"embeddable":true,"href":"https:\/\/folhapopular.info\/index.php\/wp-json\/wp\/v2\/comments?post=165867"}],"version-history":[{"count":0,"href":"https:\/\/folhapopular.info\/index.php\/wp-json\/wp\/v2\/posts\/165867\/revisions"}],"wp:featuredmedia":[{"embeddable":true,"href":"https:\/\/folhapopular.info\/index.php\/wp-json\/wp\/v2\/media\/165868"}],"wp:attachment":[{"href":"https:\/\/folhapopular.info\/index.php\/wp-json\/wp\/v2\/media?parent=165867"}],"wp:term":[{"taxonomy":"category","embeddable":true,"href":"https:\/\/folhapopular.info\/index.php\/wp-json\/wp\/v2\/categories?post=165867"},{"taxonomy":"post_tag","embeddable":true,"href":"https:\/\/folhapopular.info\/index.php\/wp-json\/wp\/v2\/tags?post=165867"}],"curies":[{"name":"wp","href":"https:\/\/api.w.org\/{rel}","templated":true}]}}