{"id":165934,"date":"2024-08-15T13:00:00","date_gmt":"2024-08-15T16:00:00","guid":{"rendered":"https:\/\/folhapopular.info\/?p=165934"},"modified":"2024-08-15T10:35:15","modified_gmt":"2024-08-15T13:35:15","slug":"governador-faz-balanco-dos-100-dias-apos-as-enchentes-em-reuniao-do-conselho-do-plano-rio-grande","status":"publish","type":"post","link":"https:\/\/folhapopular.info\/index.php\/2024\/08\/15\/governador-faz-balanco-dos-100-dias-apos-as-enchentes-em-reuniao-do-conselho-do-plano-rio-grande\/","title":{"rendered":"Governador faz balan\u00e7o dos 100 dias ap\u00f3s as enchentes"},"content":{"rendered":"\n<p>O governador Eduardo Leite conduziu, na tarde desta quarta-feira (14\/8), uma reuni\u00e3o de trabalho do Conselho do Plano Rio Grande, no Pal\u00e1cio Piratini, na qual foram apresentadas as entregas realizadas nos primeiros 100 dias ap\u00f3s as enchentes que assolaram o Rio Grande do Sul.&nbsp;<\/p>\n\n\n\n<p>Leite destacou a import\u00e2ncia do conselho, que \u00e9 presidido pelo vice-governador Gabriel Souza, e falou sobre o andamento dos projetos do Estado para a reconstru\u00e7\u00e3o.&nbsp;<\/p>\n\n\n\n<p>\u201cEstamos de fechando os 100 primeiros dias e temos projetos evoluindo. O Comit\u00ea Cient\u00edfico est\u00e1 funcionando e tem dado contribui\u00e7\u00f5es importantes. Estamos avan\u00e7ando, tamb\u00e9m, em quest\u00f5es como resili\u00eancia e adapta\u00e7\u00e3o clim\u00e1tica, diques e sistemas de prote\u00e7\u00e3o, blocos de rodovias, solu\u00e7\u00f5es para aeroportos, causa animal e medidas econ\u00f4micas, como o Pronampe Ga\u00facho e o MEI RS Calamidades\u201d, afirmou.<\/p>\n\n\n\n<p>Desde os primeiros alertas meteorol\u00f3gicos emitidos pelo Estado, no final de abril, o governo ga\u00facho investiu R$ 1,6 bilh\u00e3o em a\u00e7\u00f5es para mitigar os efeitos das chuvas e planejar a\u00e7\u00f5es de reconstru\u00e7\u00e3o.\u00a0\u00a0\u00a0<\/p>\n\n\n\n<p>O balan\u00e7o elencou a\u00e7\u00f5es emergenciais do\u00a0Plano Rio Grande, como qualifica\u00e7\u00e3o de abrigos; implementa\u00e7\u00e3o de Centros Humanit\u00e1rios de Acolhimento; conserva\u00e7\u00e3o e manuten\u00e7\u00e3o de estradas, escolas e hospitais; aux\u00edlios financeiros para pessoas (Volta por Cima e SOS Pix) e empresas afetadas (MEI RS Calamidades); al\u00e9m de benef\u00edcios tribut\u00e1rios e linhas de cr\u00e9dito para empreendedores.\u00a0<\/p>\n\n\n\n<p>Durante a reuni\u00e3o, o secret\u00e1rio da Reconstru\u00e7\u00e3o Ga\u00facha, Pedro Capeluppi, atualizou sobre os projetos de m\u00e9dio e longo prazo, considerados estruturantes. A pasta est\u00e1 monitorando 50 demandas de resili\u00eancia (sistema de prote\u00e7\u00e3o de cheias, desassoreamento de rios, nova urbaniza\u00e7\u00e3o de cidades, ativa\u00e7\u00e3o econ\u00f4mica), de prepara\u00e7\u00e3o (mapeamento topogr\u00e1fico, sistema de monitoramento mais avan\u00e7ados, refor\u00e7os das estruturas de resposta) e de reconstru\u00e7\u00e3o (escolas, pontes, rodovias, habita\u00e7\u00e3o tempor\u00e1ria e definitiva).\u00a0\u00a0<\/p>\n\n\n\n<p>Na reuni\u00e3o, tamb\u00e9m foram apresentados novos projetos da Defesa Civil do Estado, como a implementa\u00e7\u00e3o do Centro Estadual de Gest\u00e3o Integrada de Riscos e Desastres (Cegird) e a Pol\u00edtica Estadual de Gest\u00e3o de Riscos e Desastres, al\u00e9m de uma nova medida para as empresas ga\u00fachas, o Fundopem RS Recupera.&nbsp;&nbsp;&nbsp;&nbsp;<\/p>\n\n\n\n<p>O evento contou com a presen\u00e7a do coordenador estadual de Prote\u00e7\u00e3o e Defesa Civil e chefe da Casa Militar, coronel Luciano Boeira, e dos secret\u00e1rios de Inova\u00e7\u00e3o, Ci\u00eancia e Tecnologia, Simone St\u00fclp, de Desenvolvimento Econ\u00f4mico, Ernani Polo, e de Planejamento, Governan\u00e7a e Gest\u00e3o, Danielle Calazans, al\u00e9m de outros membros do conselho.<\/p>\n","protected":false},"excerpt":{"rendered":"<p>O governador Eduardo Leite conduziu, na tarde desta quarta-feira (14\/8), uma reuni\u00e3o de trabalho do Conselho do Plano Rio Grande, no Pal\u00e1cio Piratini, na qual foram apresentadas as entregas realizadas nos primeiros 100 dias ap\u00f3s as enchentes que assolaram o Rio Grande do Sul.&nbsp; Leite destacou a import\u00e2ncia do conselho, que \u00e9 presidido pelo vice-governador [&hellip;]<\/p>\n","protected":false},"author":8,"featured_media":165935,"comment_status":"open","ping_status":"open","sticky":false,"template":"","format":"standard","meta":{"pmpro_default_level":"","_jetpack_memberships_contains_paid_content":false,"footnotes":""},"categories":[2,10991],"tags":[15844,15846,15431,1794],"class_list":{"0":"post-165934","1":"post","2":"type-post","3":"status-publish","4":"format-standard","5":"has-post-thumbnail","7":"category-featured","8":"category-economia","9":"tag-100-dias-apos-as-enchentes","10":"tag-balanco-de-acoes-do-governo-estadual","11":"tag-conselho-do-plano-rio-grande","12":"tag-rio-grande-do-sul","13":"pmpro-has-access"},"yoast_head":"<!-- This site is optimized with the Yoast SEO plugin v27.5 - https:\/\/yoast.com\/product\/yoast-seo-wordpress\/ -->\n<title>Governador faz balan\u00e7o dos 100 dias ap\u00f3s as enchentes - Folha Popular<\/title>\n<meta name=\"robots\" content=\"index, follow, max-snippet:-1, max-image-preview:large, max-video-preview:-1\" \/>\n<link rel=\"canonical\" href=\"https:\/\/folhapopular.info\/index.php\/2024\/08\/15\/governador-faz-balanco-dos-100-dias-apos-as-enchentes-em-reuniao-do-conselho-do-plano-rio-grande\/\" \/>\n<meta property=\"og:locale\" content=\"pt_BR\" \/>\n<meta property=\"og:type\" content=\"article\" \/>\n<meta property=\"og:title\" content=\"Governador faz balan\u00e7o dos 100 dias ap\u00f3s as enchentes - Folha Popular\" \/>\n<meta property=\"og:description\" content=\"O governador Eduardo Leite conduziu, na tarde desta quarta-feira (14\/8), uma reuni\u00e3o de trabalho do Conselho do Plano Rio Grande, no Pal\u00e1cio Piratini, na qual foram apresentadas as entregas realizadas nos primeiros 100 dias ap\u00f3s as enchentes que assolaram o Rio Grande do Sul.&nbsp; Leite destacou a import\u00e2ncia do conselho, que \u00e9 presidido pelo vice-governador [&hellip;]\" \/>\n<meta property=\"og:url\" content=\"https:\/\/folhapopular.info\/index.php\/2024\/08\/15\/governador-faz-balanco-dos-100-dias-apos-as-enchentes-em-reuniao-do-conselho-do-plano-rio-grande\/\" \/>\n<meta property=\"og:site_name\" content=\"Folha Popular\" \/>\n<meta property=\"article:published_time\" content=\"2024-08-15T16:00:00+00:00\" \/>\n<meta property=\"og:image\" content=\"https:\/\/folhapopular.info\/wp-content\/uploads\/2024\/08\/14181316_2147033_GD.jpg\" \/>\n\t<meta property=\"og:image:width\" content=\"945\" \/>\n\t<meta property=\"og:image:height\" content=\"532\" \/>\n\t<meta property=\"og:image:type\" content=\"image\/jpeg\" \/>\n<meta name=\"author\" content=\"Reda\u00e7\u00e3o Folha Popular\" \/>\n<meta name=\"twitter:card\" content=\"summary_large_image\" \/>\n<meta name=\"twitter:label1\" content=\"Escrito por\" \/>\n\t<meta name=\"twitter:data1\" content=\"Reda\u00e7\u00e3o Folha Popular\" \/>\n\t<meta name=\"twitter:label2\" content=\"Est. tempo de leitura\" \/>\n\t<meta name=\"twitter:data2\" content=\"3 minutos\" \/>\n<script type=\"application\/ld+json\" class=\"yoast-schema-graph\">{\"@context\":\"https:\\\/\\\/schema.org\",\"@graph\":[{\"@type\":\"Article\",\"@id\":\"https:\\\/\\\/folhapopular.info\\\/index.php\\\/2024\\\/08\\\/15\\\/governador-faz-balanco-dos-100-dias-apos-as-enchentes-em-reuniao-do-conselho-do-plano-rio-grande\\\/#article\",\"isPartOf\":{\"@id\":\"https:\\\/\\\/folhapopular.info\\\/index.php\\\/2024\\\/08\\\/15\\\/governador-faz-balanco-dos-100-dias-apos-as-enchentes-em-reuniao-do-conselho-do-plano-rio-grande\\\/\"},\"author\":{\"name\":\"Reda\u00e7\u00e3o Folha Popular\",\"@id\":\"https:\\\/\\\/folhapopular.info\\\/#\\\/schema\\\/person\\\/2814e8a0df7643585a9ca38bc6eb9d4b\"},\"headline\":\"Governador faz balan\u00e7o dos 100 dias ap\u00f3s as enchentes\",\"datePublished\":\"2024-08-15T16:00:00+00:00\",\"mainEntityOfPage\":{\"@id\":\"https:\\\/\\\/folhapopular.info\\\/index.php\\\/2024\\\/08\\\/15\\\/governador-faz-balanco-dos-100-dias-apos-as-enchentes-em-reuniao-do-conselho-do-plano-rio-grande\\\/\"},\"wordCount\":458,\"commentCount\":0,\"image\":{\"@id\":\"https:\\\/\\\/folhapopular.info\\\/index.php\\\/2024\\\/08\\\/15\\\/governador-faz-balanco-dos-100-dias-apos-as-enchentes-em-reuniao-do-conselho-do-plano-rio-grande\\\/#primaryimage\"},\"thumbnailUrl\":\"https:\\\/\\\/folhapopular.info\\\/wp-content\\\/uploads\\\/2024\\\/08\\\/14181316_2147033_GD.jpg\",\"keywords\":[\"100 dias ap\u00f3s as enchentes\",\"balan\u00e7o de a\u00e7\u00f5es do governo estadual\",\"Conselho do Plano Rio Grande\",\"Rio Grande do Sul\"],\"articleSection\":[\"Destaques\",\"Economia\"],\"inLanguage\":\"pt-BR\",\"potentialAction\":[{\"@type\":\"CommentAction\",\"name\":\"Comment\",\"target\":[\"https:\\\/\\\/folhapopular.info\\\/index.php\\\/2024\\\/08\\\/15\\\/governador-faz-balanco-dos-100-dias-apos-as-enchentes-em-reuniao-do-conselho-do-plano-rio-grande\\\/#respond\"]}]},{\"@type\":\"WebPage\",\"@id\":\"https:\\\/\\\/folhapopular.info\\\/index.php\\\/2024\\\/08\\\/15\\\/governador-faz-balanco-dos-100-dias-apos-as-enchentes-em-reuniao-do-conselho-do-plano-rio-grande\\\/\",\"url\":\"https:\\\/\\\/folhapopular.info\\\/index.php\\\/2024\\\/08\\\/15\\\/governador-faz-balanco-dos-100-dias-apos-as-enchentes-em-reuniao-do-conselho-do-plano-rio-grande\\\/\",\"name\":\"Governador faz balan\u00e7o dos 100 dias ap\u00f3s as enchentes - Folha Popular\",\"isPartOf\":{\"@id\":\"https:\\\/\\\/folhapopular.info\\\/#website\"},\"primaryImageOfPage\":{\"@id\":\"https:\\\/\\\/folhapopular.info\\\/index.php\\\/2024\\\/08\\\/15\\\/governador-faz-balanco-dos-100-dias-apos-as-enchentes-em-reuniao-do-conselho-do-plano-rio-grande\\\/#primaryimage\"},\"image\":{\"@id\":\"https:\\\/\\\/folhapopular.info\\\/index.php\\\/2024\\\/08\\\/15\\\/governador-faz-balanco-dos-100-dias-apos-as-enchentes-em-reuniao-do-conselho-do-plano-rio-grande\\\/#primaryimage\"},\"thumbnailUrl\":\"https:\\\/\\\/folhapopular.info\\\/wp-content\\\/uploads\\\/2024\\\/08\\\/14181316_2147033_GD.jpg\",\"datePublished\":\"2024-08-15T16:00:00+00:00\",\"author\":{\"@id\":\"https:\\\/\\\/folhapopular.info\\\/#\\\/schema\\\/person\\\/2814e8a0df7643585a9ca38bc6eb9d4b\"},\"breadcrumb\":{\"@id\":\"https:\\\/\\\/folhapopular.info\\\/index.php\\\/2024\\\/08\\\/15\\\/governador-faz-balanco-dos-100-dias-apos-as-enchentes-em-reuniao-do-conselho-do-plano-rio-grande\\\/#breadcrumb\"},\"inLanguage\":\"pt-BR\",\"potentialAction\":[{\"@type\":\"ReadAction\",\"target\":[\"https:\\\/\\\/folhapopular.info\\\/index.php\\\/2024\\\/08\\\/15\\\/governador-faz-balanco-dos-100-dias-apos-as-enchentes-em-reuniao-do-conselho-do-plano-rio-grande\\\/\"]}]},{\"@type\":\"ImageObject\",\"inLanguage\":\"pt-BR\",\"@id\":\"https:\\\/\\\/folhapopular.info\\\/index.php\\\/2024\\\/08\\\/15\\\/governador-faz-balanco-dos-100-dias-apos-as-enchentes-em-reuniao-do-conselho-do-plano-rio-grande\\\/#primaryimage\",\"url\":\"https:\\\/\\\/folhapopular.info\\\/wp-content\\\/uploads\\\/2024\\\/08\\\/14181316_2147033_GD.jpg\",\"contentUrl\":\"https:\\\/\\\/folhapopular.info\\\/wp-content\\\/uploads\\\/2024\\\/08\\\/14181316_2147033_GD.jpg\",\"width\":945,\"height\":532,\"caption\":\"Cr\u00e9dito: Divulga\u00e7\u00e3o\"},{\"@type\":\"BreadcrumbList\",\"@id\":\"https:\\\/\\\/folhapopular.info\\\/index.php\\\/2024\\\/08\\\/15\\\/governador-faz-balanco-dos-100-dias-apos-as-enchentes-em-reuniao-do-conselho-do-plano-rio-grande\\\/#breadcrumb\",\"itemListElement\":[{\"@type\":\"ListItem\",\"position\":1,\"name\":\"In\u00edcio\",\"item\":\"https:\\\/\\\/folhapopular.info\\\/\"},{\"@type\":\"ListItem\",\"position\":2,\"name\":\"Governador faz balan\u00e7o dos 100 dias ap\u00f3s as enchentes\"}]},{\"@type\":\"WebSite\",\"@id\":\"https:\\\/\\\/folhapopular.info\\\/#website\",\"url\":\"https:\\\/\\\/folhapopular.info\\\/\",\"name\":\"Folha Popular\",\"description\":\"Onde voc\u00ea tem vez e voz\",\"potentialAction\":[{\"@type\":\"SearchAction\",\"target\":{\"@type\":\"EntryPoint\",\"urlTemplate\":\"https:\\\/\\\/folhapopular.info\\\/?s={search_term_string}\"},\"query-input\":{\"@type\":\"PropertyValueSpecification\",\"valueRequired\":true,\"valueName\":\"search_term_string\"}}],\"inLanguage\":\"pt-BR\"},{\"@type\":\"Person\",\"@id\":\"https:\\\/\\\/folhapopular.info\\\/#\\\/schema\\\/person\\\/2814e8a0df7643585a9ca38bc6eb9d4b\",\"name\":\"Reda\u00e7\u00e3o Folha Popular\",\"image\":{\"@type\":\"ImageObject\",\"inLanguage\":\"pt-BR\",\"@id\":\"https:\\\/\\\/folhapopular.info\\\/wp-content\\\/uploads\\\/2026\\\/04\\\/Folha-1.webp\",\"url\":\"https:\\\/\\\/folhapopular.info\\\/wp-content\\\/uploads\\\/2026\\\/04\\\/Folha-1.webp\",\"contentUrl\":\"https:\\\/\\\/folhapopular.info\\\/wp-content\\\/uploads\\\/2026\\\/04\\\/Folha-1.webp\",\"caption\":\"Reda\u00e7\u00e3o Folha Popular\"},\"url\":\"https:\\\/\\\/folhapopular.info\\\/index.php\\\/author\\\/redacao\\\/\"}]}<\/script>\n<!-- \/ Yoast SEO plugin. -->","yoast_head_json":{"title":"Governador faz balan\u00e7o dos 100 dias ap\u00f3s as enchentes - Folha Popular","robots":{"index":"index","follow":"follow","max-snippet":"max-snippet:-1","max-image-preview":"max-image-preview:large","max-video-preview":"max-video-preview:-1"},"canonical":"https:\/\/folhapopular.info\/index.php\/2024\/08\/15\/governador-faz-balanco-dos-100-dias-apos-as-enchentes-em-reuniao-do-conselho-do-plano-rio-grande\/","og_locale":"pt_BR","og_type":"article","og_title":"Governador faz balan\u00e7o dos 100 dias ap\u00f3s as enchentes - Folha Popular","og_description":"O governador Eduardo Leite conduziu, na tarde desta quarta-feira (14\/8), uma reuni\u00e3o de trabalho do Conselho do Plano Rio Grande, no Pal\u00e1cio Piratini, na qual foram apresentadas as entregas realizadas nos primeiros 100 dias ap\u00f3s as enchentes que assolaram o Rio Grande do Sul.&nbsp; Leite destacou a import\u00e2ncia do conselho, que \u00e9 presidido pelo vice-governador [&hellip;]","og_url":"https:\/\/folhapopular.info\/index.php\/2024\/08\/15\/governador-faz-balanco-dos-100-dias-apos-as-enchentes-em-reuniao-do-conselho-do-plano-rio-grande\/","og_site_name":"Folha Popular","article_published_time":"2024-08-15T16:00:00+00:00","og_image":[{"width":945,"height":532,"url":"https:\/\/folhapopular.info\/wp-content\/uploads\/2024\/08\/14181316_2147033_GD.jpg","type":"image\/jpeg"}],"author":"Reda\u00e7\u00e3o Folha Popular","twitter_card":"summary_large_image","twitter_misc":{"Escrito por":"Reda\u00e7\u00e3o Folha Popular","Est. tempo de leitura":"3 minutos"},"schema":{"@context":"https:\/\/schema.org","@graph":[{"@type":"Article","@id":"https:\/\/folhapopular.info\/index.php\/2024\/08\/15\/governador-faz-balanco-dos-100-dias-apos-as-enchentes-em-reuniao-do-conselho-do-plano-rio-grande\/#article","isPartOf":{"@id":"https:\/\/folhapopular.info\/index.php\/2024\/08\/15\/governador-faz-balanco-dos-100-dias-apos-as-enchentes-em-reuniao-do-conselho-do-plano-rio-grande\/"},"author":{"name":"Reda\u00e7\u00e3o Folha Popular","@id":"https:\/\/folhapopular.info\/#\/schema\/person\/2814e8a0df7643585a9ca38bc6eb9d4b"},"headline":"Governador faz balan\u00e7o dos 100 dias ap\u00f3s as enchentes","datePublished":"2024-08-15T16:00:00+00:00","mainEntityOfPage":{"@id":"https:\/\/folhapopular.info\/index.php\/2024\/08\/15\/governador-faz-balanco-dos-100-dias-apos-as-enchentes-em-reuniao-do-conselho-do-plano-rio-grande\/"},"wordCount":458,"commentCount":0,"image":{"@id":"https:\/\/folhapopular.info\/index.php\/2024\/08\/15\/governador-faz-balanco-dos-100-dias-apos-as-enchentes-em-reuniao-do-conselho-do-plano-rio-grande\/#primaryimage"},"thumbnailUrl":"https:\/\/folhapopular.info\/wp-content\/uploads\/2024\/08\/14181316_2147033_GD.jpg","keywords":["100 dias ap\u00f3s as enchentes","balan\u00e7o de a\u00e7\u00f5es do governo estadual","Conselho do Plano Rio Grande","Rio Grande do Sul"],"articleSection":["Destaques","Economia"],"inLanguage":"pt-BR","potentialAction":[{"@type":"CommentAction","name":"Comment","target":["https:\/\/folhapopular.info\/index.php\/2024\/08\/15\/governador-faz-balanco-dos-100-dias-apos-as-enchentes-em-reuniao-do-conselho-do-plano-rio-grande\/#respond"]}]},{"@type":"WebPage","@id":"https:\/\/folhapopular.info\/index.php\/2024\/08\/15\/governador-faz-balanco-dos-100-dias-apos-as-enchentes-em-reuniao-do-conselho-do-plano-rio-grande\/","url":"https:\/\/folhapopular.info\/index.php\/2024\/08\/15\/governador-faz-balanco-dos-100-dias-apos-as-enchentes-em-reuniao-do-conselho-do-plano-rio-grande\/","name":"Governador faz balan\u00e7o dos 100 dias ap\u00f3s as enchentes - Folha Popular","isPartOf":{"@id":"https:\/\/folhapopular.info\/#website"},"primaryImageOfPage":{"@id":"https:\/\/folhapopular.info\/index.php\/2024\/08\/15\/governador-faz-balanco-dos-100-dias-apos-as-enchentes-em-reuniao-do-conselho-do-plano-rio-grande\/#primaryimage"},"image":{"@id":"https:\/\/folhapopular.info\/index.php\/2024\/08\/15\/governador-faz-balanco-dos-100-dias-apos-as-enchentes-em-reuniao-do-conselho-do-plano-rio-grande\/#primaryimage"},"thumbnailUrl":"https:\/\/folhapopular.info\/wp-content\/uploads\/2024\/08\/14181316_2147033_GD.jpg","datePublished":"2024-08-15T16:00:00+00:00","author":{"@id":"https:\/\/folhapopular.info\/#\/schema\/person\/2814e8a0df7643585a9ca38bc6eb9d4b"},"breadcrumb":{"@id":"https:\/\/folhapopular.info\/index.php\/2024\/08\/15\/governador-faz-balanco-dos-100-dias-apos-as-enchentes-em-reuniao-do-conselho-do-plano-rio-grande\/#breadcrumb"},"inLanguage":"pt-BR","potentialAction":[{"@type":"ReadAction","target":["https:\/\/folhapopular.info\/index.php\/2024\/08\/15\/governador-faz-balanco-dos-100-dias-apos-as-enchentes-em-reuniao-do-conselho-do-plano-rio-grande\/"]}]},{"@type":"ImageObject","inLanguage":"pt-BR","@id":"https:\/\/folhapopular.info\/index.php\/2024\/08\/15\/governador-faz-balanco-dos-100-dias-apos-as-enchentes-em-reuniao-do-conselho-do-plano-rio-grande\/#primaryimage","url":"https:\/\/folhapopular.info\/wp-content\/uploads\/2024\/08\/14181316_2147033_GD.jpg","contentUrl":"https:\/\/folhapopular.info\/wp-content\/uploads\/2024\/08\/14181316_2147033_GD.jpg","width":945,"height":532,"caption":"Cr\u00e9dito: Divulga\u00e7\u00e3o"},{"@type":"BreadcrumbList","@id":"https:\/\/folhapopular.info\/index.php\/2024\/08\/15\/governador-faz-balanco-dos-100-dias-apos-as-enchentes-em-reuniao-do-conselho-do-plano-rio-grande\/#breadcrumb","itemListElement":[{"@type":"ListItem","position":1,"name":"In\u00edcio","item":"https:\/\/folhapopular.info\/"},{"@type":"ListItem","position":2,"name":"Governador faz balan\u00e7o dos 100 dias ap\u00f3s as enchentes"}]},{"@type":"WebSite","@id":"https:\/\/folhapopular.info\/#website","url":"https:\/\/folhapopular.info\/","name":"Folha Popular","description":"Onde voc\u00ea tem vez e voz","potentialAction":[{"@type":"SearchAction","target":{"@type":"EntryPoint","urlTemplate":"https:\/\/folhapopular.info\/?s={search_term_string}"},"query-input":{"@type":"PropertyValueSpecification","valueRequired":true,"valueName":"search_term_string"}}],"inLanguage":"pt-BR"},{"@type":"Person","@id":"https:\/\/folhapopular.info\/#\/schema\/person\/2814e8a0df7643585a9ca38bc6eb9d4b","name":"Reda\u00e7\u00e3o Folha Popular","image":{"@type":"ImageObject","inLanguage":"pt-BR","@id":"https:\/\/folhapopular.info\/wp-content\/uploads\/2026\/04\/Folha-1.webp","url":"https:\/\/folhapopular.info\/wp-content\/uploads\/2026\/04\/Folha-1.webp","contentUrl":"https:\/\/folhapopular.info\/wp-content\/uploads\/2026\/04\/Folha-1.webp","caption":"Reda\u00e7\u00e3o Folha Popular"},"url":"https:\/\/folhapopular.info\/index.php\/author\/redacao\/"}]}},"jetpack_featured_media_url":"https:\/\/folhapopular.info\/wp-content\/uploads\/2024\/08\/14181316_2147033_GD.jpg","jetpack_sharing_enabled":true,"amp_enabled":true,"_links":{"self":[{"href":"https:\/\/folhapopular.info\/index.php\/wp-json\/wp\/v2\/posts\/165934","targetHints":{"allow":["GET"]}}],"collection":[{"href":"https:\/\/folhapopular.info\/index.php\/wp-json\/wp\/v2\/posts"}],"about":[{"href":"https:\/\/folhapopular.info\/index.php\/wp-json\/wp\/v2\/types\/post"}],"author":[{"embeddable":true,"href":"https:\/\/folhapopular.info\/index.php\/wp-json\/wp\/v2\/users\/8"}],"replies":[{"embeddable":true,"href":"https:\/\/folhapopular.info\/index.php\/wp-json\/wp\/v2\/comments?post=165934"}],"version-history":[{"count":0,"href":"https:\/\/folhapopular.info\/index.php\/wp-json\/wp\/v2\/posts\/165934\/revisions"}],"wp:featuredmedia":[{"embeddable":true,"href":"https:\/\/folhapopular.info\/index.php\/wp-json\/wp\/v2\/media\/165935"}],"wp:attachment":[{"href":"https:\/\/folhapopular.info\/index.php\/wp-json\/wp\/v2\/media?parent=165934"}],"wp:term":[{"taxonomy":"category","embeddable":true,"href":"https:\/\/folhapopular.info\/index.php\/wp-json\/wp\/v2\/categories?post=165934"},{"taxonomy":"post_tag","embeddable":true,"href":"https:\/\/folhapopular.info\/index.php\/wp-json\/wp\/v2\/tags?post=165934"}],"curies":[{"name":"wp","href":"https:\/\/api.w.org\/{rel}","templated":true}]}}