{"id":166014,"date":"2024-08-16T15:01:37","date_gmt":"2024-08-16T18:01:37","guid":{"rendered":"https:\/\/folhapopular.info\/?p=166014"},"modified":"2024-08-16T15:03:29","modified_gmt":"2024-08-16T18:03:29","slug":"4o-forum-de-energias-renovaveis-refoca-a-importancia-do-setor","status":"publish","type":"post","link":"https:\/\/folhapopular.info\/index.php\/2024\/08\/16\/4o-forum-de-energias-renovaveis-refoca-a-importancia-do-setor\/","title":{"rendered":"4\u00ba F\u00f3rum de Energias Renov\u00e1veis refo\u00e7a a import\u00e2ncia do setor"},"content":{"rendered":"\n<p>Nesta quinta-feira (15\/8), ocorreu o <strong>4\u00ba F\u00f3rum de Energias Renov\u00e1veis<\/strong>, em Porto Alegre. O evento reuniu especialistas, autoridades e gestores para discutir a transi\u00e7\u00e3o energ\u00e9tica no Rio Grande do Sul e no Brasil,abordando temas como tecnologias emergentes, pol\u00edticas p\u00fablicas e investimentos voltados para a sustentabilidade energ\u00e9tica.<\/p>\n\n\n\n<p>O governador do estado, Eduardo Leite, detaca que mais de 80% da energia do Rio Grande do Sul \u00e9 renov\u00e1vel. Por exemplo, a energia e\u00f3lica representando 18,4% da pot\u00eancia instalada. O estado \u00e9 competitivo no mercado de energia e\u00f3lica offshore  que conta com mais de 12 mil quil\u00f4metros de linhas, para ampliar a capacidade de escoamento da energia gerada.<\/p>\n\n\n\n<p>Durante o painel &#8220;Recursos para o RS&#8221;, o secret\u00e1rio de Desenvolvimento Econ\u00f4mico, Ernani Polo, ressaltou o potencial do Estado para atrair grandes investimentos em energia limpa, destacando as condi\u00e7\u00f5es ambientais, tecnol\u00f3gicas e as iniciativas governamentais para o desenvolvimento do setor.<\/p>\n\n\n\n<p>A secret\u00e1ria do Meio Ambiente e Infraestrutura, Marjorie Kauffmann, reafirmou o compromisso do Estado com as energias renov\u00e1veis, mencionando a revis\u00e3o dos processos de licenciamento ambiental e a import\u00e2ncia das energias renov\u00e1veis no contexto das mudan\u00e7as clim\u00e1ticas. Ela tamb\u00e9m destacou a recente cria\u00e7\u00e3o de um marco regulat\u00f3rio para o hidrog\u00eanio verde, que prev\u00ea R$ 18 bilh\u00f5es em incentivos fiscais a partir de 2028, como um passo essencial para atrair investimentos.<\/p>\n\n\n\n<p> O secret\u00e1rio-adjunto da Reconstru\u00e7\u00e3o Ga\u00facha, Gabriel Fajardo, finalizou enfatizando que os projetos estruturantes do Plano Rio Grande est\u00e3o preparando o Estado para enfrentar as mudan\u00e7as clim\u00e1ticas e servir de exemplo para outras regi\u00f5es.<\/p>\n","protected":false},"excerpt":{"rendered":"<p>Nesta quinta-feira (15\/8), ocorreu o 4\u00ba F\u00f3rum de Energias Renov\u00e1veis, em Porto Alegre. O evento reuniu especialistas, autoridades e gestores para discutir a transi\u00e7\u00e3o energ\u00e9tica no Rio Grande do Sul e no Brasil,abordando temas como tecnologias emergentes, pol\u00edticas p\u00fablicas e investimentos voltados para a sustentabilidade energ\u00e9tica. O governador do estado, Eduardo Leite, detaca que mais [&hellip;]<\/p>\n","protected":false},"author":8,"featured_media":166015,"comment_status":"open","ping_status":"open","sticky":false,"template":"","format":"standard","meta":{"pmpro_default_level":"","_jetpack_memberships_contains_paid_content":false,"footnotes":""},"categories":[2,10991],"tags":[15856,1794],"class_list":{"0":"post-166014","1":"post","2":"type-post","3":"status-publish","4":"format-standard","5":"has-post-thumbnail","7":"category-featured","8":"category-economia","9":"tag-energias-renovaveis","10":"tag-rio-grande-do-sul","11":"pmpro-has-access"},"yoast_head":"<!-- This site is optimized with the Yoast SEO plugin v27.5 - https:\/\/yoast.com\/product\/yoast-seo-wordpress\/ -->\n<title>4\u00ba F\u00f3rum de Energias Renov\u00e1veis refo\u00e7a a import\u00e2ncia do setor - Folha Popular<\/title>\n<meta name=\"robots\" content=\"index, follow, max-snippet:-1, max-image-preview:large, max-video-preview:-1\" \/>\n<link rel=\"canonical\" href=\"https:\/\/folhapopular.info\/index.php\/2024\/08\/16\/4o-forum-de-energias-renovaveis-refoca-a-importancia-do-setor\/\" \/>\n<meta property=\"og:locale\" content=\"pt_BR\" \/>\n<meta property=\"og:type\" content=\"article\" \/>\n<meta property=\"og:title\" content=\"4\u00ba F\u00f3rum de Energias Renov\u00e1veis refo\u00e7a a import\u00e2ncia do setor - Folha Popular\" \/>\n<meta property=\"og:description\" content=\"Nesta quinta-feira (15\/8), ocorreu o 4\u00ba F\u00f3rum de Energias Renov\u00e1veis, em Porto Alegre. O evento reuniu especialistas, autoridades e gestores para discutir a transi\u00e7\u00e3o energ\u00e9tica no Rio Grande do Sul e no Brasil,abordando temas como tecnologias emergentes, pol\u00edticas p\u00fablicas e investimentos voltados para a sustentabilidade energ\u00e9tica. O governador do estado, Eduardo Leite, detaca que mais [&hellip;]\" \/>\n<meta property=\"og:url\" content=\"https:\/\/folhapopular.info\/index.php\/2024\/08\/16\/4o-forum-de-energias-renovaveis-refoca-a-importancia-do-setor\/\" \/>\n<meta property=\"og:site_name\" content=\"Folha Popular\" \/>\n<meta property=\"article:published_time\" content=\"2024-08-16T18:01:37+00:00\" \/>\n<meta property=\"article:modified_time\" content=\"2024-08-16T18:03:29+00:00\" \/>\n<meta property=\"og:image\" content=\"http:\/\/folhapopular.info\/wp-content\/uploads\/2024\/08\/WhatsApp-Image-2022-07-07-at-18-49-50.webp\" \/>\n\t<meta property=\"og:image:width\" content=\"720\" \/>\n\t<meta property=\"og:image:height\" content=\"360\" \/>\n\t<meta property=\"og:image:type\" content=\"image\/webp\" \/>\n<meta name=\"author\" content=\"Reda\u00e7\u00e3o Folha Popular\" \/>\n<meta name=\"twitter:card\" content=\"summary_large_image\" \/>\n<meta name=\"twitter:label1\" content=\"Escrito por\" \/>\n\t<meta name=\"twitter:data1\" content=\"Reda\u00e7\u00e3o Folha Popular\" \/>\n\t<meta name=\"twitter:label2\" content=\"Est. tempo de leitura\" \/>\n\t<meta name=\"twitter:data2\" content=\"2 minutos\" \/>\n<script type=\"application\/ld+json\" class=\"yoast-schema-graph\">{\"@context\":\"https:\\\/\\\/schema.org\",\"@graph\":[{\"@type\":\"Article\",\"@id\":\"https:\\\/\\\/folhapopular.info\\\/index.php\\\/2024\\\/08\\\/16\\\/4o-forum-de-energias-renovaveis-refoca-a-importancia-do-setor\\\/#article\",\"isPartOf\":{\"@id\":\"https:\\\/\\\/folhapopular.info\\\/index.php\\\/2024\\\/08\\\/16\\\/4o-forum-de-energias-renovaveis-refoca-a-importancia-do-setor\\\/\"},\"author\":{\"name\":\"Reda\u00e7\u00e3o Folha Popular\",\"@id\":\"https:\\\/\\\/folhapopular.info\\\/#\\\/schema\\\/person\\\/2814e8a0df7643585a9ca38bc6eb9d4b\"},\"headline\":\"4\u00ba F\u00f3rum de Energias Renov\u00e1veis refo\u00e7a a import\u00e2ncia do setor\",\"datePublished\":\"2024-08-16T18:01:37+00:00\",\"dateModified\":\"2024-08-16T18:03:29+00:00\",\"mainEntityOfPage\":{\"@id\":\"https:\\\/\\\/folhapopular.info\\\/index.php\\\/2024\\\/08\\\/16\\\/4o-forum-de-energias-renovaveis-refoca-a-importancia-do-setor\\\/\"},\"wordCount\":288,\"commentCount\":0,\"image\":{\"@id\":\"https:\\\/\\\/folhapopular.info\\\/index.php\\\/2024\\\/08\\\/16\\\/4o-forum-de-energias-renovaveis-refoca-a-importancia-do-setor\\\/#primaryimage\"},\"thumbnailUrl\":\"https:\\\/\\\/folhapopular.info\\\/wp-content\\\/uploads\\\/2024\\\/08\\\/WhatsApp-Image-2022-07-07-at-18-49-50.webp\",\"keywords\":[\"Energias Renov\u00e1veis\",\"Rio Grande do Sul\"],\"articleSection\":[\"Destaques\",\"Economia\"],\"inLanguage\":\"pt-BR\",\"potentialAction\":[{\"@type\":\"CommentAction\",\"name\":\"Comment\",\"target\":[\"https:\\\/\\\/folhapopular.info\\\/index.php\\\/2024\\\/08\\\/16\\\/4o-forum-de-energias-renovaveis-refoca-a-importancia-do-setor\\\/#respond\"]}]},{\"@type\":\"WebPage\",\"@id\":\"https:\\\/\\\/folhapopular.info\\\/index.php\\\/2024\\\/08\\\/16\\\/4o-forum-de-energias-renovaveis-refoca-a-importancia-do-setor\\\/\",\"url\":\"https:\\\/\\\/folhapopular.info\\\/index.php\\\/2024\\\/08\\\/16\\\/4o-forum-de-energias-renovaveis-refoca-a-importancia-do-setor\\\/\",\"name\":\"4\u00ba F\u00f3rum de Energias Renov\u00e1veis refo\u00e7a a import\u00e2ncia do setor - Folha Popular\",\"isPartOf\":{\"@id\":\"https:\\\/\\\/folhapopular.info\\\/#website\"},\"primaryImageOfPage\":{\"@id\":\"https:\\\/\\\/folhapopular.info\\\/index.php\\\/2024\\\/08\\\/16\\\/4o-forum-de-energias-renovaveis-refoca-a-importancia-do-setor\\\/#primaryimage\"},\"image\":{\"@id\":\"https:\\\/\\\/folhapopular.info\\\/index.php\\\/2024\\\/08\\\/16\\\/4o-forum-de-energias-renovaveis-refoca-a-importancia-do-setor\\\/#primaryimage\"},\"thumbnailUrl\":\"https:\\\/\\\/folhapopular.info\\\/wp-content\\\/uploads\\\/2024\\\/08\\\/WhatsApp-Image-2022-07-07-at-18-49-50.webp\",\"datePublished\":\"2024-08-16T18:01:37+00:00\",\"dateModified\":\"2024-08-16T18:03:29+00:00\",\"author\":{\"@id\":\"https:\\\/\\\/folhapopular.info\\\/#\\\/schema\\\/person\\\/2814e8a0df7643585a9ca38bc6eb9d4b\"},\"breadcrumb\":{\"@id\":\"https:\\\/\\\/folhapopular.info\\\/index.php\\\/2024\\\/08\\\/16\\\/4o-forum-de-energias-renovaveis-refoca-a-importancia-do-setor\\\/#breadcrumb\"},\"inLanguage\":\"pt-BR\",\"potentialAction\":[{\"@type\":\"ReadAction\",\"target\":[\"https:\\\/\\\/folhapopular.info\\\/index.php\\\/2024\\\/08\\\/16\\\/4o-forum-de-energias-renovaveis-refoca-a-importancia-do-setor\\\/\"]}]},{\"@type\":\"ImageObject\",\"inLanguage\":\"pt-BR\",\"@id\":\"https:\\\/\\\/folhapopular.info\\\/index.php\\\/2024\\\/08\\\/16\\\/4o-forum-de-energias-renovaveis-refoca-a-importancia-do-setor\\\/#primaryimage\",\"url\":\"https:\\\/\\\/folhapopular.info\\\/wp-content\\\/uploads\\\/2024\\\/08\\\/WhatsApp-Image-2022-07-07-at-18-49-50.webp\",\"contentUrl\":\"https:\\\/\\\/folhapopular.info\\\/wp-content\\\/uploads\\\/2024\\\/08\\\/WhatsApp-Image-2022-07-07-at-18-49-50.webp\",\"width\":720,\"height\":360,\"caption\":\"Cr\u00e9dito: Divulga\u00e7\u00e3o\"},{\"@type\":\"BreadcrumbList\",\"@id\":\"https:\\\/\\\/folhapopular.info\\\/index.php\\\/2024\\\/08\\\/16\\\/4o-forum-de-energias-renovaveis-refoca-a-importancia-do-setor\\\/#breadcrumb\",\"itemListElement\":[{\"@type\":\"ListItem\",\"position\":1,\"name\":\"In\u00edcio\",\"item\":\"https:\\\/\\\/folhapopular.info\\\/\"},{\"@type\":\"ListItem\",\"position\":2,\"name\":\"4\u00ba F\u00f3rum de Energias Renov\u00e1veis refo\u00e7a a import\u00e2ncia do setor\"}]},{\"@type\":\"WebSite\",\"@id\":\"https:\\\/\\\/folhapopular.info\\\/#website\",\"url\":\"https:\\\/\\\/folhapopular.info\\\/\",\"name\":\"Folha Popular\",\"description\":\"Onde voc\u00ea tem vez e voz\",\"potentialAction\":[{\"@type\":\"SearchAction\",\"target\":{\"@type\":\"EntryPoint\",\"urlTemplate\":\"https:\\\/\\\/folhapopular.info\\\/?s={search_term_string}\"},\"query-input\":{\"@type\":\"PropertyValueSpecification\",\"valueRequired\":true,\"valueName\":\"search_term_string\"}}],\"inLanguage\":\"pt-BR\"},{\"@type\":\"Person\",\"@id\":\"https:\\\/\\\/folhapopular.info\\\/#\\\/schema\\\/person\\\/2814e8a0df7643585a9ca38bc6eb9d4b\",\"name\":\"Reda\u00e7\u00e3o Folha Popular\",\"image\":{\"@type\":\"ImageObject\",\"inLanguage\":\"pt-BR\",\"@id\":\"https:\\\/\\\/folhapopular.info\\\/wp-content\\\/uploads\\\/2026\\\/04\\\/Folha-1.webp\",\"url\":\"https:\\\/\\\/folhapopular.info\\\/wp-content\\\/uploads\\\/2026\\\/04\\\/Folha-1.webp\",\"contentUrl\":\"https:\\\/\\\/folhapopular.info\\\/wp-content\\\/uploads\\\/2026\\\/04\\\/Folha-1.webp\",\"caption\":\"Reda\u00e7\u00e3o Folha Popular\"},\"url\":\"https:\\\/\\\/folhapopular.info\\\/index.php\\\/author\\\/redacao\\\/\"}]}<\/script>\n<!-- \/ Yoast SEO plugin. -->","yoast_head_json":{"title":"4\u00ba F\u00f3rum de Energias Renov\u00e1veis refo\u00e7a a import\u00e2ncia do setor - Folha Popular","robots":{"index":"index","follow":"follow","max-snippet":"max-snippet:-1","max-image-preview":"max-image-preview:large","max-video-preview":"max-video-preview:-1"},"canonical":"https:\/\/folhapopular.info\/index.php\/2024\/08\/16\/4o-forum-de-energias-renovaveis-refoca-a-importancia-do-setor\/","og_locale":"pt_BR","og_type":"article","og_title":"4\u00ba F\u00f3rum de Energias Renov\u00e1veis refo\u00e7a a import\u00e2ncia do setor - Folha Popular","og_description":"Nesta quinta-feira (15\/8), ocorreu o 4\u00ba F\u00f3rum de Energias Renov\u00e1veis, em Porto Alegre. O evento reuniu especialistas, autoridades e gestores para discutir a transi\u00e7\u00e3o energ\u00e9tica no Rio Grande do Sul e no Brasil,abordando temas como tecnologias emergentes, pol\u00edticas p\u00fablicas e investimentos voltados para a sustentabilidade energ\u00e9tica. O governador do estado, Eduardo Leite, detaca que mais [&hellip;]","og_url":"https:\/\/folhapopular.info\/index.php\/2024\/08\/16\/4o-forum-de-energias-renovaveis-refoca-a-importancia-do-setor\/","og_site_name":"Folha Popular","article_published_time":"2024-08-16T18:01:37+00:00","article_modified_time":"2024-08-16T18:03:29+00:00","og_image":[{"width":720,"height":360,"url":"http:\/\/folhapopular.info\/wp-content\/uploads\/2024\/08\/WhatsApp-Image-2022-07-07-at-18-49-50.webp","type":"image\/webp"}],"author":"Reda\u00e7\u00e3o Folha Popular","twitter_card":"summary_large_image","twitter_misc":{"Escrito por":"Reda\u00e7\u00e3o Folha Popular","Est. tempo de leitura":"2 minutos"},"schema":{"@context":"https:\/\/schema.org","@graph":[{"@type":"Article","@id":"https:\/\/folhapopular.info\/index.php\/2024\/08\/16\/4o-forum-de-energias-renovaveis-refoca-a-importancia-do-setor\/#article","isPartOf":{"@id":"https:\/\/folhapopular.info\/index.php\/2024\/08\/16\/4o-forum-de-energias-renovaveis-refoca-a-importancia-do-setor\/"},"author":{"name":"Reda\u00e7\u00e3o Folha Popular","@id":"https:\/\/folhapopular.info\/#\/schema\/person\/2814e8a0df7643585a9ca38bc6eb9d4b"},"headline":"4\u00ba F\u00f3rum de Energias Renov\u00e1veis refo\u00e7a a import\u00e2ncia do setor","datePublished":"2024-08-16T18:01:37+00:00","dateModified":"2024-08-16T18:03:29+00:00","mainEntityOfPage":{"@id":"https:\/\/folhapopular.info\/index.php\/2024\/08\/16\/4o-forum-de-energias-renovaveis-refoca-a-importancia-do-setor\/"},"wordCount":288,"commentCount":0,"image":{"@id":"https:\/\/folhapopular.info\/index.php\/2024\/08\/16\/4o-forum-de-energias-renovaveis-refoca-a-importancia-do-setor\/#primaryimage"},"thumbnailUrl":"https:\/\/folhapopular.info\/wp-content\/uploads\/2024\/08\/WhatsApp-Image-2022-07-07-at-18-49-50.webp","keywords":["Energias Renov\u00e1veis","Rio Grande do Sul"],"articleSection":["Destaques","Economia"],"inLanguage":"pt-BR","potentialAction":[{"@type":"CommentAction","name":"Comment","target":["https:\/\/folhapopular.info\/index.php\/2024\/08\/16\/4o-forum-de-energias-renovaveis-refoca-a-importancia-do-setor\/#respond"]}]},{"@type":"WebPage","@id":"https:\/\/folhapopular.info\/index.php\/2024\/08\/16\/4o-forum-de-energias-renovaveis-refoca-a-importancia-do-setor\/","url":"https:\/\/folhapopular.info\/index.php\/2024\/08\/16\/4o-forum-de-energias-renovaveis-refoca-a-importancia-do-setor\/","name":"4\u00ba F\u00f3rum de Energias Renov\u00e1veis refo\u00e7a a import\u00e2ncia do setor - Folha Popular","isPartOf":{"@id":"https:\/\/folhapopular.info\/#website"},"primaryImageOfPage":{"@id":"https:\/\/folhapopular.info\/index.php\/2024\/08\/16\/4o-forum-de-energias-renovaveis-refoca-a-importancia-do-setor\/#primaryimage"},"image":{"@id":"https:\/\/folhapopular.info\/index.php\/2024\/08\/16\/4o-forum-de-energias-renovaveis-refoca-a-importancia-do-setor\/#primaryimage"},"thumbnailUrl":"https:\/\/folhapopular.info\/wp-content\/uploads\/2024\/08\/WhatsApp-Image-2022-07-07-at-18-49-50.webp","datePublished":"2024-08-16T18:01:37+00:00","dateModified":"2024-08-16T18:03:29+00:00","author":{"@id":"https:\/\/folhapopular.info\/#\/schema\/person\/2814e8a0df7643585a9ca38bc6eb9d4b"},"breadcrumb":{"@id":"https:\/\/folhapopular.info\/index.php\/2024\/08\/16\/4o-forum-de-energias-renovaveis-refoca-a-importancia-do-setor\/#breadcrumb"},"inLanguage":"pt-BR","potentialAction":[{"@type":"ReadAction","target":["https:\/\/folhapopular.info\/index.php\/2024\/08\/16\/4o-forum-de-energias-renovaveis-refoca-a-importancia-do-setor\/"]}]},{"@type":"ImageObject","inLanguage":"pt-BR","@id":"https:\/\/folhapopular.info\/index.php\/2024\/08\/16\/4o-forum-de-energias-renovaveis-refoca-a-importancia-do-setor\/#primaryimage","url":"https:\/\/folhapopular.info\/wp-content\/uploads\/2024\/08\/WhatsApp-Image-2022-07-07-at-18-49-50.webp","contentUrl":"https:\/\/folhapopular.info\/wp-content\/uploads\/2024\/08\/WhatsApp-Image-2022-07-07-at-18-49-50.webp","width":720,"height":360,"caption":"Cr\u00e9dito: Divulga\u00e7\u00e3o"},{"@type":"BreadcrumbList","@id":"https:\/\/folhapopular.info\/index.php\/2024\/08\/16\/4o-forum-de-energias-renovaveis-refoca-a-importancia-do-setor\/#breadcrumb","itemListElement":[{"@type":"ListItem","position":1,"name":"In\u00edcio","item":"https:\/\/folhapopular.info\/"},{"@type":"ListItem","position":2,"name":"4\u00ba F\u00f3rum de Energias Renov\u00e1veis refo\u00e7a a import\u00e2ncia do setor"}]},{"@type":"WebSite","@id":"https:\/\/folhapopular.info\/#website","url":"https:\/\/folhapopular.info\/","name":"Folha Popular","description":"Onde voc\u00ea tem vez e voz","potentialAction":[{"@type":"SearchAction","target":{"@type":"EntryPoint","urlTemplate":"https:\/\/folhapopular.info\/?s={search_term_string}"},"query-input":{"@type":"PropertyValueSpecification","valueRequired":true,"valueName":"search_term_string"}}],"inLanguage":"pt-BR"},{"@type":"Person","@id":"https:\/\/folhapopular.info\/#\/schema\/person\/2814e8a0df7643585a9ca38bc6eb9d4b","name":"Reda\u00e7\u00e3o Folha Popular","image":{"@type":"ImageObject","inLanguage":"pt-BR","@id":"https:\/\/folhapopular.info\/wp-content\/uploads\/2026\/04\/Folha-1.webp","url":"https:\/\/folhapopular.info\/wp-content\/uploads\/2026\/04\/Folha-1.webp","contentUrl":"https:\/\/folhapopular.info\/wp-content\/uploads\/2026\/04\/Folha-1.webp","caption":"Reda\u00e7\u00e3o Folha Popular"},"url":"https:\/\/folhapopular.info\/index.php\/author\/redacao\/"}]}},"jetpack_featured_media_url":"https:\/\/folhapopular.info\/wp-content\/uploads\/2024\/08\/WhatsApp-Image-2022-07-07-at-18-49-50.webp","jetpack_sharing_enabled":true,"amp_enabled":true,"_links":{"self":[{"href":"https:\/\/folhapopular.info\/index.php\/wp-json\/wp\/v2\/posts\/166014","targetHints":{"allow":["GET"]}}],"collection":[{"href":"https:\/\/folhapopular.info\/index.php\/wp-json\/wp\/v2\/posts"}],"about":[{"href":"https:\/\/folhapopular.info\/index.php\/wp-json\/wp\/v2\/types\/post"}],"author":[{"embeddable":true,"href":"https:\/\/folhapopular.info\/index.php\/wp-json\/wp\/v2\/users\/8"}],"replies":[{"embeddable":true,"href":"https:\/\/folhapopular.info\/index.php\/wp-json\/wp\/v2\/comments?post=166014"}],"version-history":[{"count":0,"href":"https:\/\/folhapopular.info\/index.php\/wp-json\/wp\/v2\/posts\/166014\/revisions"}],"wp:featuredmedia":[{"embeddable":true,"href":"https:\/\/folhapopular.info\/index.php\/wp-json\/wp\/v2\/media\/166015"}],"wp:attachment":[{"href":"https:\/\/folhapopular.info\/index.php\/wp-json\/wp\/v2\/media?parent=166014"}],"wp:term":[{"taxonomy":"category","embeddable":true,"href":"https:\/\/folhapopular.info\/index.php\/wp-json\/wp\/v2\/categories?post=166014"},{"taxonomy":"post_tag","embeddable":true,"href":"https:\/\/folhapopular.info\/index.php\/wp-json\/wp\/v2\/tags?post=166014"}],"curies":[{"name":"wp","href":"https:\/\/api.w.org\/{rel}","templated":true}]}}