{"id":166040,"date":"2024-08-17T14:37:00","date_gmt":"2024-08-17T17:37:00","guid":{"rendered":"https:\/\/folhapopular.info\/?p=166040"},"modified":"2024-08-16T16:40:21","modified_gmt":"2024-08-16T19:40:21","slug":"univates-promove-grmado-cultural-neste-domingo-18-8","status":"publish","type":"post","link":"https:\/\/folhapopular.info\/index.php\/2024\/08\/17\/univates-promove-grmado-cultural-neste-domingo-18-8\/","title":{"rendered":"Univates promove Grmado Cultural neste domingo (18\/8)"},"content":{"rendered":"\n<p>A\u00a0<a href=\"https:\/\/www.univates.br\/\" target=\"_blank\" rel=\"noreferrer noopener\">Universidade do Vale do Taquari &#8211; Univates<\/a>\u00a0 realiza o Gramado Cultural do m\u00eas de agosto amanh\u00e3 (18\/8), das 15h \u00e0s 19h. Esta edi\u00e7\u00e3o do evento busca apoiar a economia criativa local, incentivando a comercializa\u00e7\u00e3o de produtos de artistas e artes\u00e3os da regi\u00e3o por meio de uma feira. Essa iniciativa fortalece a campanha que estimula a compra de produtos fabricados no Rio Grande do Sul.\u00a0<\/p>\n\n\n\n<p><strong>Confira abaixo a programa\u00e7\u00e3o completa do Gramado Cultural:\u00a0<\/strong><\/p>\n\n\n\n<ul class=\"wp-block-list\">\n<li>Feira com artistas e artes\u00e3os;\u00a0<\/li>\n\n\n\n<li>Chimarr\u00f3dromo com ervateira Ga\u00facha da Serra;<\/li>\n\n\n\n<li><em>Food truck<\/em> Del\u00edcias da Ana;\u00a0<\/li>\n\n\n\n<li>Palco aberto com a banda Ac\u00fastico Mescla;\u00a0<\/li>\n\n\n\n<li>Participa\u00e7\u00e3o do projeto Brocante, do grupo de pesquisa Curr\u00edculo, Espa\u00e7o e Movimento (CEM), que est\u00e1 vinculado ao Programa de P\u00f3s-Gradua\u00e7\u00e3o em Ensino da Univates.\u00a0<\/li>\n<\/ul>\n\n\n\n<p><strong>Saiba mais sobre o Gramado Cultural&nbsp;<\/strong><\/p>\n\n\n\n<p>Mensalmente a Univates realiza o Gramado Cultural, com o objetivo de atrair a comunidade para um momento de lazer no&nbsp;<em>campus<\/em>. O evento acontece no gramado ao lado do Centro Cultural e busca promover a ocupa\u00e7\u00e3o saud\u00e1vel dos espa\u00e7os p\u00fablicos no entorno da Universidade, que j\u00e1 s\u00e3o amplamente frequentados aos finais de semana.&nbsp;<\/p>\n\n\n\n<p>Em caso de chuva, o evento ser\u00e1 cancelado. Interessados em obter mais informa\u00e7\u00f5es sobre o Gramado Cultural podem entrar em contato com o N\u00facleo de Cultura e Eventos da Univates, pelo telefone (51) 3714-7000, ramal 5949, ou pelo&nbsp;<em>e-mail<\/em>&nbsp;<a href=\"mailto:cultura@univates.br\" target=\"_blank\" rel=\"noreferrer noopener\">cultura@univates.br<\/a>.&nbsp;<\/p>\n","protected":false},"excerpt":{"rendered":"<p>A\u00a0Universidade do Vale do Taquari &#8211; Univates\u00a0 realiza o Gramado Cultural do m\u00eas de agosto amanh\u00e3 (18\/8), das 15h \u00e0s 19h. Esta edi\u00e7\u00e3o do evento busca apoiar a economia criativa local, incentivando a comercializa\u00e7\u00e3o de produtos de artistas e artes\u00e3os da regi\u00e3o por meio de uma feira. Essa iniciativa fortalece a campanha que estimula a [&hellip;]<\/p>\n","protected":false},"author":8,"featured_media":166041,"comment_status":"open","ping_status":"open","sticky":false,"template":"","format":"standard","meta":{"pmpro_default_level":"","_jetpack_memberships_contains_paid_content":false,"footnotes":""},"categories":[10996,10999,6],"tags":[],"class_list":{"0":"post-166040","1":"post","2":"type-post","3":"status-publish","4":"format-standard","5":"has-post-thumbnail","7":"category-cultura","8":"category-entretenimento","9":"category-inclusive","10":"pmpro-has-access"},"yoast_head":"<!-- This site is optimized with the Yoast SEO plugin v27.5 - https:\/\/yoast.com\/product\/yoast-seo-wordpress\/ -->\n<title>Univates promove Grmado Cultural neste domingo (18\/8) - Folha Popular<\/title>\n<meta name=\"robots\" content=\"index, follow, max-snippet:-1, max-image-preview:large, max-video-preview:-1\" \/>\n<link rel=\"canonical\" href=\"https:\/\/folhapopular.info\/index.php\/2024\/08\/17\/univates-promove-grmado-cultural-neste-domingo-18-8\/\" \/>\n<meta property=\"og:locale\" content=\"pt_BR\" \/>\n<meta property=\"og:type\" content=\"article\" \/>\n<meta property=\"og:title\" content=\"Univates promove Grmado Cultural neste domingo (18\/8) - Folha Popular\" \/>\n<meta property=\"og:description\" content=\"A\u00a0Universidade do Vale do Taquari &#8211; Univates\u00a0 realiza o Gramado Cultural do m\u00eas de agosto amanh\u00e3 (18\/8), das 15h \u00e0s 19h. Esta edi\u00e7\u00e3o do evento busca apoiar a economia criativa local, incentivando a comercializa\u00e7\u00e3o de produtos de artistas e artes\u00e3os da regi\u00e3o por meio de uma feira. Essa iniciativa fortalece a campanha que estimula a [&hellip;]\" \/>\n<meta property=\"og:url\" content=\"https:\/\/folhapopular.info\/index.php\/2024\/08\/17\/univates-promove-grmado-cultural-neste-domingo-18-8\/\" \/>\n<meta property=\"og:site_name\" content=\"Folha Popular\" \/>\n<meta property=\"article:published_time\" content=\"2024-08-17T17:37:00+00:00\" \/>\n<meta property=\"og:image\" content=\"https:\/\/folhapopular.info\/wp-content\/uploads\/2024\/08\/1-Gramado-Cultural-do-mes-de-agosto-acontece-no-proximo-domingo-18.-Credito_-Divulgacao-Univates-Pietra-Darde.jpg\" \/>\n\t<meta property=\"og:image:width\" content=\"1501\" \/>\n\t<meta property=\"og:image:height\" content=\"1001\" \/>\n\t<meta property=\"og:image:type\" content=\"image\/jpeg\" \/>\n<meta name=\"author\" content=\"Reda\u00e7\u00e3o Folha Popular\" \/>\n<meta name=\"twitter:card\" content=\"summary_large_image\" \/>\n<meta name=\"twitter:label1\" content=\"Escrito por\" \/>\n\t<meta name=\"twitter:data1\" content=\"Reda\u00e7\u00e3o Folha Popular\" \/>\n\t<meta name=\"twitter:label2\" content=\"Est. tempo de leitura\" \/>\n\t<meta name=\"twitter:data2\" content=\"2 minutos\" \/>\n<script type=\"application\/ld+json\" class=\"yoast-schema-graph\">{\"@context\":\"https:\\\/\\\/schema.org\",\"@graph\":[{\"@type\":\"Article\",\"@id\":\"https:\\\/\\\/folhapopular.info\\\/index.php\\\/2024\\\/08\\\/17\\\/univates-promove-grmado-cultural-neste-domingo-18-8\\\/#article\",\"isPartOf\":{\"@id\":\"https:\\\/\\\/folhapopular.info\\\/index.php\\\/2024\\\/08\\\/17\\\/univates-promove-grmado-cultural-neste-domingo-18-8\\\/\"},\"author\":{\"name\":\"Reda\u00e7\u00e3o Folha Popular\",\"@id\":\"https:\\\/\\\/folhapopular.info\\\/#\\\/schema\\\/person\\\/2814e8a0df7643585a9ca38bc6eb9d4b\"},\"headline\":\"Univates promove Grmado Cultural neste domingo (18\\\/8)\",\"datePublished\":\"2024-08-17T17:37:00+00:00\",\"mainEntityOfPage\":{\"@id\":\"https:\\\/\\\/folhapopular.info\\\/index.php\\\/2024\\\/08\\\/17\\\/univates-promove-grmado-cultural-neste-domingo-18-8\\\/\"},\"wordCount\":253,\"commentCount\":0,\"image\":{\"@id\":\"https:\\\/\\\/folhapopular.info\\\/index.php\\\/2024\\\/08\\\/17\\\/univates-promove-grmado-cultural-neste-domingo-18-8\\\/#primaryimage\"},\"thumbnailUrl\":\"https:\\\/\\\/folhapopular.info\\\/wp-content\\\/uploads\\\/2024\\\/08\\\/1-Gramado-Cultural-do-mes-de-agosto-acontece-no-proximo-domingo-18.-Credito_-Divulgacao-Univates-Pietra-Darde.jpg\",\"articleSection\":[\"Cultura\",\"Entretenimento\",\"Inclusive\"],\"inLanguage\":\"pt-BR\",\"potentialAction\":[{\"@type\":\"CommentAction\",\"name\":\"Comment\",\"target\":[\"https:\\\/\\\/folhapopular.info\\\/index.php\\\/2024\\\/08\\\/17\\\/univates-promove-grmado-cultural-neste-domingo-18-8\\\/#respond\"]}]},{\"@type\":\"WebPage\",\"@id\":\"https:\\\/\\\/folhapopular.info\\\/index.php\\\/2024\\\/08\\\/17\\\/univates-promove-grmado-cultural-neste-domingo-18-8\\\/\",\"url\":\"https:\\\/\\\/folhapopular.info\\\/index.php\\\/2024\\\/08\\\/17\\\/univates-promove-grmado-cultural-neste-domingo-18-8\\\/\",\"name\":\"Univates promove Grmado Cultural neste domingo (18\\\/8) - Folha Popular\",\"isPartOf\":{\"@id\":\"https:\\\/\\\/folhapopular.info\\\/#website\"},\"primaryImageOfPage\":{\"@id\":\"https:\\\/\\\/folhapopular.info\\\/index.php\\\/2024\\\/08\\\/17\\\/univates-promove-grmado-cultural-neste-domingo-18-8\\\/#primaryimage\"},\"image\":{\"@id\":\"https:\\\/\\\/folhapopular.info\\\/index.php\\\/2024\\\/08\\\/17\\\/univates-promove-grmado-cultural-neste-domingo-18-8\\\/#primaryimage\"},\"thumbnailUrl\":\"https:\\\/\\\/folhapopular.info\\\/wp-content\\\/uploads\\\/2024\\\/08\\\/1-Gramado-Cultural-do-mes-de-agosto-acontece-no-proximo-domingo-18.-Credito_-Divulgacao-Univates-Pietra-Darde.jpg\",\"datePublished\":\"2024-08-17T17:37:00+00:00\",\"author\":{\"@id\":\"https:\\\/\\\/folhapopular.info\\\/#\\\/schema\\\/person\\\/2814e8a0df7643585a9ca38bc6eb9d4b\"},\"breadcrumb\":{\"@id\":\"https:\\\/\\\/folhapopular.info\\\/index.php\\\/2024\\\/08\\\/17\\\/univates-promove-grmado-cultural-neste-domingo-18-8\\\/#breadcrumb\"},\"inLanguage\":\"pt-BR\",\"potentialAction\":[{\"@type\":\"ReadAction\",\"target\":[\"https:\\\/\\\/folhapopular.info\\\/index.php\\\/2024\\\/08\\\/17\\\/univates-promove-grmado-cultural-neste-domingo-18-8\\\/\"]}]},{\"@type\":\"ImageObject\",\"inLanguage\":\"pt-BR\",\"@id\":\"https:\\\/\\\/folhapopular.info\\\/index.php\\\/2024\\\/08\\\/17\\\/univates-promove-grmado-cultural-neste-domingo-18-8\\\/#primaryimage\",\"url\":\"https:\\\/\\\/folhapopular.info\\\/wp-content\\\/uploads\\\/2024\\\/08\\\/1-Gramado-Cultural-do-mes-de-agosto-acontece-no-proximo-domingo-18.-Credito_-Divulgacao-Univates-Pietra-Darde.jpg\",\"contentUrl\":\"https:\\\/\\\/folhapopular.info\\\/wp-content\\\/uploads\\\/2024\\\/08\\\/1-Gramado-Cultural-do-mes-de-agosto-acontece-no-proximo-domingo-18.-Credito_-Divulgacao-Univates-Pietra-Darde.jpg\",\"width\":1501,\"height\":1001,\"caption\":\"Cr\u00e9dito: Divulga\u00e7\u00e3o\\\/AI Univates\"},{\"@type\":\"BreadcrumbList\",\"@id\":\"https:\\\/\\\/folhapopular.info\\\/index.php\\\/2024\\\/08\\\/17\\\/univates-promove-grmado-cultural-neste-domingo-18-8\\\/#breadcrumb\",\"itemListElement\":[{\"@type\":\"ListItem\",\"position\":1,\"name\":\"In\u00edcio\",\"item\":\"https:\\\/\\\/folhapopular.info\\\/\"},{\"@type\":\"ListItem\",\"position\":2,\"name\":\"Univates promove Grmado Cultural neste domingo (18\\\/8)\"}]},{\"@type\":\"WebSite\",\"@id\":\"https:\\\/\\\/folhapopular.info\\\/#website\",\"url\":\"https:\\\/\\\/folhapopular.info\\\/\",\"name\":\"Folha Popular\",\"description\":\"Onde voc\u00ea tem vez e voz\",\"potentialAction\":[{\"@type\":\"SearchAction\",\"target\":{\"@type\":\"EntryPoint\",\"urlTemplate\":\"https:\\\/\\\/folhapopular.info\\\/?s={search_term_string}\"},\"query-input\":{\"@type\":\"PropertyValueSpecification\",\"valueRequired\":true,\"valueName\":\"search_term_string\"}}],\"inLanguage\":\"pt-BR\"},{\"@type\":\"Person\",\"@id\":\"https:\\\/\\\/folhapopular.info\\\/#\\\/schema\\\/person\\\/2814e8a0df7643585a9ca38bc6eb9d4b\",\"name\":\"Reda\u00e7\u00e3o Folha Popular\",\"image\":{\"@type\":\"ImageObject\",\"inLanguage\":\"pt-BR\",\"@id\":\"https:\\\/\\\/folhapopular.info\\\/wp-content\\\/uploads\\\/2026\\\/04\\\/Folha-1.webp\",\"url\":\"https:\\\/\\\/folhapopular.info\\\/wp-content\\\/uploads\\\/2026\\\/04\\\/Folha-1.webp\",\"contentUrl\":\"https:\\\/\\\/folhapopular.info\\\/wp-content\\\/uploads\\\/2026\\\/04\\\/Folha-1.webp\",\"caption\":\"Reda\u00e7\u00e3o Folha Popular\"},\"url\":\"https:\\\/\\\/folhapopular.info\\\/index.php\\\/author\\\/redacao\\\/\"}]}<\/script>\n<!-- \/ Yoast SEO plugin. -->","yoast_head_json":{"title":"Univates promove Grmado Cultural neste domingo (18\/8) - Folha Popular","robots":{"index":"index","follow":"follow","max-snippet":"max-snippet:-1","max-image-preview":"max-image-preview:large","max-video-preview":"max-video-preview:-1"},"canonical":"https:\/\/folhapopular.info\/index.php\/2024\/08\/17\/univates-promove-grmado-cultural-neste-domingo-18-8\/","og_locale":"pt_BR","og_type":"article","og_title":"Univates promove Grmado Cultural neste domingo (18\/8) - Folha Popular","og_description":"A\u00a0Universidade do Vale do Taquari &#8211; Univates\u00a0 realiza o Gramado Cultural do m\u00eas de agosto amanh\u00e3 (18\/8), das 15h \u00e0s 19h. Esta edi\u00e7\u00e3o do evento busca apoiar a economia criativa local, incentivando a comercializa\u00e7\u00e3o de produtos de artistas e artes\u00e3os da regi\u00e3o por meio de uma feira. Essa iniciativa fortalece a campanha que estimula a [&hellip;]","og_url":"https:\/\/folhapopular.info\/index.php\/2024\/08\/17\/univates-promove-grmado-cultural-neste-domingo-18-8\/","og_site_name":"Folha Popular","article_published_time":"2024-08-17T17:37:00+00:00","og_image":[{"width":1501,"height":1001,"url":"https:\/\/folhapopular.info\/wp-content\/uploads\/2024\/08\/1-Gramado-Cultural-do-mes-de-agosto-acontece-no-proximo-domingo-18.-Credito_-Divulgacao-Univates-Pietra-Darde.jpg","type":"image\/jpeg"}],"author":"Reda\u00e7\u00e3o Folha Popular","twitter_card":"summary_large_image","twitter_misc":{"Escrito por":"Reda\u00e7\u00e3o Folha Popular","Est. tempo de leitura":"2 minutos"},"schema":{"@context":"https:\/\/schema.org","@graph":[{"@type":"Article","@id":"https:\/\/folhapopular.info\/index.php\/2024\/08\/17\/univates-promove-grmado-cultural-neste-domingo-18-8\/#article","isPartOf":{"@id":"https:\/\/folhapopular.info\/index.php\/2024\/08\/17\/univates-promove-grmado-cultural-neste-domingo-18-8\/"},"author":{"name":"Reda\u00e7\u00e3o Folha Popular","@id":"https:\/\/folhapopular.info\/#\/schema\/person\/2814e8a0df7643585a9ca38bc6eb9d4b"},"headline":"Univates promove Grmado Cultural neste domingo (18\/8)","datePublished":"2024-08-17T17:37:00+00:00","mainEntityOfPage":{"@id":"https:\/\/folhapopular.info\/index.php\/2024\/08\/17\/univates-promove-grmado-cultural-neste-domingo-18-8\/"},"wordCount":253,"commentCount":0,"image":{"@id":"https:\/\/folhapopular.info\/index.php\/2024\/08\/17\/univates-promove-grmado-cultural-neste-domingo-18-8\/#primaryimage"},"thumbnailUrl":"https:\/\/folhapopular.info\/wp-content\/uploads\/2024\/08\/1-Gramado-Cultural-do-mes-de-agosto-acontece-no-proximo-domingo-18.-Credito_-Divulgacao-Univates-Pietra-Darde.jpg","articleSection":["Cultura","Entretenimento","Inclusive"],"inLanguage":"pt-BR","potentialAction":[{"@type":"CommentAction","name":"Comment","target":["https:\/\/folhapopular.info\/index.php\/2024\/08\/17\/univates-promove-grmado-cultural-neste-domingo-18-8\/#respond"]}]},{"@type":"WebPage","@id":"https:\/\/folhapopular.info\/index.php\/2024\/08\/17\/univates-promove-grmado-cultural-neste-domingo-18-8\/","url":"https:\/\/folhapopular.info\/index.php\/2024\/08\/17\/univates-promove-grmado-cultural-neste-domingo-18-8\/","name":"Univates promove Grmado Cultural neste domingo (18\/8) - Folha Popular","isPartOf":{"@id":"https:\/\/folhapopular.info\/#website"},"primaryImageOfPage":{"@id":"https:\/\/folhapopular.info\/index.php\/2024\/08\/17\/univates-promove-grmado-cultural-neste-domingo-18-8\/#primaryimage"},"image":{"@id":"https:\/\/folhapopular.info\/index.php\/2024\/08\/17\/univates-promove-grmado-cultural-neste-domingo-18-8\/#primaryimage"},"thumbnailUrl":"https:\/\/folhapopular.info\/wp-content\/uploads\/2024\/08\/1-Gramado-Cultural-do-mes-de-agosto-acontece-no-proximo-domingo-18.-Credito_-Divulgacao-Univates-Pietra-Darde.jpg","datePublished":"2024-08-17T17:37:00+00:00","author":{"@id":"https:\/\/folhapopular.info\/#\/schema\/person\/2814e8a0df7643585a9ca38bc6eb9d4b"},"breadcrumb":{"@id":"https:\/\/folhapopular.info\/index.php\/2024\/08\/17\/univates-promove-grmado-cultural-neste-domingo-18-8\/#breadcrumb"},"inLanguage":"pt-BR","potentialAction":[{"@type":"ReadAction","target":["https:\/\/folhapopular.info\/index.php\/2024\/08\/17\/univates-promove-grmado-cultural-neste-domingo-18-8\/"]}]},{"@type":"ImageObject","inLanguage":"pt-BR","@id":"https:\/\/folhapopular.info\/index.php\/2024\/08\/17\/univates-promove-grmado-cultural-neste-domingo-18-8\/#primaryimage","url":"https:\/\/folhapopular.info\/wp-content\/uploads\/2024\/08\/1-Gramado-Cultural-do-mes-de-agosto-acontece-no-proximo-domingo-18.-Credito_-Divulgacao-Univates-Pietra-Darde.jpg","contentUrl":"https:\/\/folhapopular.info\/wp-content\/uploads\/2024\/08\/1-Gramado-Cultural-do-mes-de-agosto-acontece-no-proximo-domingo-18.-Credito_-Divulgacao-Univates-Pietra-Darde.jpg","width":1501,"height":1001,"caption":"Cr\u00e9dito: Divulga\u00e7\u00e3o\/AI Univates"},{"@type":"BreadcrumbList","@id":"https:\/\/folhapopular.info\/index.php\/2024\/08\/17\/univates-promove-grmado-cultural-neste-domingo-18-8\/#breadcrumb","itemListElement":[{"@type":"ListItem","position":1,"name":"In\u00edcio","item":"https:\/\/folhapopular.info\/"},{"@type":"ListItem","position":2,"name":"Univates promove Grmado Cultural neste domingo (18\/8)"}]},{"@type":"WebSite","@id":"https:\/\/folhapopular.info\/#website","url":"https:\/\/folhapopular.info\/","name":"Folha Popular","description":"Onde voc\u00ea tem vez e voz","potentialAction":[{"@type":"SearchAction","target":{"@type":"EntryPoint","urlTemplate":"https:\/\/folhapopular.info\/?s={search_term_string}"},"query-input":{"@type":"PropertyValueSpecification","valueRequired":true,"valueName":"search_term_string"}}],"inLanguage":"pt-BR"},{"@type":"Person","@id":"https:\/\/folhapopular.info\/#\/schema\/person\/2814e8a0df7643585a9ca38bc6eb9d4b","name":"Reda\u00e7\u00e3o Folha Popular","image":{"@type":"ImageObject","inLanguage":"pt-BR","@id":"https:\/\/folhapopular.info\/wp-content\/uploads\/2026\/04\/Folha-1.webp","url":"https:\/\/folhapopular.info\/wp-content\/uploads\/2026\/04\/Folha-1.webp","contentUrl":"https:\/\/folhapopular.info\/wp-content\/uploads\/2026\/04\/Folha-1.webp","caption":"Reda\u00e7\u00e3o Folha Popular"},"url":"https:\/\/folhapopular.info\/index.php\/author\/redacao\/"}]}},"jetpack_featured_media_url":"https:\/\/folhapopular.info\/wp-content\/uploads\/2024\/08\/1-Gramado-Cultural-do-mes-de-agosto-acontece-no-proximo-domingo-18.-Credito_-Divulgacao-Univates-Pietra-Darde.jpg","jetpack_sharing_enabled":true,"amp_enabled":true,"_links":{"self":[{"href":"https:\/\/folhapopular.info\/index.php\/wp-json\/wp\/v2\/posts\/166040","targetHints":{"allow":["GET"]}}],"collection":[{"href":"https:\/\/folhapopular.info\/index.php\/wp-json\/wp\/v2\/posts"}],"about":[{"href":"https:\/\/folhapopular.info\/index.php\/wp-json\/wp\/v2\/types\/post"}],"author":[{"embeddable":true,"href":"https:\/\/folhapopular.info\/index.php\/wp-json\/wp\/v2\/users\/8"}],"replies":[{"embeddable":true,"href":"https:\/\/folhapopular.info\/index.php\/wp-json\/wp\/v2\/comments?post=166040"}],"version-history":[{"count":0,"href":"https:\/\/folhapopular.info\/index.php\/wp-json\/wp\/v2\/posts\/166040\/revisions"}],"wp:featuredmedia":[{"embeddable":true,"href":"https:\/\/folhapopular.info\/index.php\/wp-json\/wp\/v2\/media\/166041"}],"wp:attachment":[{"href":"https:\/\/folhapopular.info\/index.php\/wp-json\/wp\/v2\/media?parent=166040"}],"wp:term":[{"taxonomy":"category","embeddable":true,"href":"https:\/\/folhapopular.info\/index.php\/wp-json\/wp\/v2\/categories?post=166040"},{"taxonomy":"post_tag","embeddable":true,"href":"https:\/\/folhapopular.info\/index.php\/wp-json\/wp\/v2\/tags?post=166040"}],"curies":[{"name":"wp","href":"https:\/\/api.w.org\/{rel}","templated":true}]}}