{"id":166070,"date":"2024-08-17T13:00:00","date_gmt":"2024-08-17T16:00:00","guid":{"rendered":"https:\/\/folhapopular.info\/?p=166070"},"modified":"2024-08-17T08:52:12","modified_gmt":"2024-08-17T11:52:12","slug":"demora-na-recuperacao-de-vias-aumenta-o-custo-logistico-e-reduz-a-competitividade-do-vale-do-taquari","status":"publish","type":"post","link":"https:\/\/folhapopular.info\/index.php\/2024\/08\/17\/demora-na-recuperacao-de-vias-aumenta-o-custo-logistico-e-reduz-a-competitividade-do-vale-do-taquari\/","title":{"rendered":"Demora na recupera\u00e7\u00e3o de vias aumenta o custo log\u00edstico e reduz a competitividade do Vale do Taquari"},"content":{"rendered":"\n<p>A log\u00edstica no Vale do Taquari est\u00e1 em estado de calamidade. \u00c9 o que afirma o diretor de Infraestrutura e Log\u00edstica da CIC Vale do Taquari, Diego Tomasi. A situa\u00e7\u00e3o \u00e9 preocupante, tendo em vista os problemas existentes antes das grandes cheias que atingiram a regi\u00e3o em setembro de 2023 e maio deste ano. \u201cJ\u00e1 est\u00e1vamos trabalhando para destacar a falta de capacidade operacional das rodovias locais\u201d, conta.<\/p>\n\n\n\n<p>Um dos exemplos \u00e9 o trecho entre Arroio do Meio e Lajeado pela ERS-130, que antes da queda da ponte enfrentava congestionamentos di\u00e1rios, com alta demora para percorrer pequenos trajetos. Da mesma forma, Tomasi cita a RSC-453, que liga Teut\u00f4nia e Estrela, a qual tamb\u00e9m possui importantes gargalos. \u201cJ\u00e1 havia a movimenta\u00e7\u00e3o para a concess\u00e3o e duplica\u00e7\u00e3o o mais r\u00e1pido poss\u00edvel dessas rodovias, pois sabemos que a EGR n\u00e3o consegue nos atender\u201d, sinaliza.<\/p>\n\n\n\n<p>Depois de maio, a preocupa\u00e7\u00e3o aumentou, tendo em vista o alto n\u00famero de pontes ca\u00eddas e os problemas na BR-386, como na ponte do Boa Vista. \u201cA cada m\u00eas temos uma novidade em rela\u00e7\u00e3o a essas pontes. Quanto mais caro o custo da log\u00edstica, menor o desenvolvimento das empresas da regi\u00e3o\u201d, enfatiza Tomasi.<\/p>\n\n\n\n<p>Um gargalo \u00e9 a maioria das ind\u00fastrias do pa\u00eds estarem localizadas em S\u00e3o Paulo e Minas Gerais. O diretor da CIC VT cita que, quando a entrega \u00e9 em Arroio do Meio ou Encantado, ou as empresas n\u00e3o querem atender e explicam para o cliente, ou colocam uma sobretaxa de dificuldade de entrega, com 20% do valor de custo adicional. \u201cPor isso lutamos e brigamos para a agilidade na restrutura\u00e7\u00e3o dessas pontes e rodovias, pois tem um custo que o consumidor sente no supermercado.\u201d<\/p>\n\n\n\n<p><br><strong>\u201c<\/strong><strong>O Vale n\u00e3o merece isso\u201d<\/strong><\/p>\n\n\n\n<p>No fim de semana passado, foi liberada a ponte do Ex\u00e9rcito entre Lajeado e Arroio do Meio sobre o Rio Forqueta, que d\u00e1 mais um ponto de vaz\u00e3o ao tr\u00e2nsito. Por\u00e9m, ela n\u00e3o atende carretas e rodotrens. Na ponte de ferro, s\u00f3 ve\u00edculos leves. Ent\u00e3o, os de maior porte precisam utilizar a rodovia em Roca Sales para chegar a Arroio do Meio.<\/p>\n\n\n\n<p>N\u00e3o d\u00e1 para se acostumar a ficar com o que \u00e9 paliativo, defende Tomasi. \u201cO Vale do Taquari n\u00e3o merece isso. \u00c9 importante essa movimenta\u00e7\u00e3o, a ponte do ex\u00e9rcito est\u00e1 dando mais vaz\u00e3o do que antes, quando s\u00f3 tinha os outros dois meios, mas n\u00e3o podemos nos acostumar com esse servi\u00e7o meia boca. As empresas precisam chegar\u201d, refor\u00e7a.<\/p>\n\n\n\n<p>\u201cTemos que lembrar o quanto o Vale paga de impostos, o quanto a gente gera de arrecada\u00e7\u00e3o para os governos estadual e federal e exigir o m\u00ednimo necess\u00e1rio, que \u00e9 uma rodovia em condi\u00e7\u00f5es\u201d, diz. Ele lembra da promessa do secret\u00e1rio estadual de Log\u00edstica e Transportes, Juvir Costella, de que at\u00e9 o Natal a ponte estar\u00e1 pronta. O canteiro de obras est\u00e1 em constru\u00e7\u00e3o, mas as obras ainda n\u00e3o come\u00e7aram. O receio paira no ar.<\/p>\n\n\n\n<p>Enquanto isso, a CIC VT bate forte na tecla da ERS-129. S\u00e3o seis quil\u00f4metros entre Roca Sales e Colinas. \u201cSe tiv\u00e9ssemos feito o tema de casa antes das cheias, ter\u00edamos uma situa\u00e7\u00e3o menos pior. Mas n\u00e3o, n\u00e3o fizemos o asfaltamento e hoje estamos ref\u00e9ns dessa rodovia. Todos os dias um caminh\u00e3o est\u00e1 atolando, um acidente devido \u00e0s p\u00e9ssimas condi\u00e7\u00f5es. Esses problemas mostram que, quando n\u00e3o fazemos o trabalho na hora certa, em outro momento pagamos a conta\u201d, refor\u00e7a.<\/p>\n\n\n\n<p>Ele aponta que ser\u00e3o duas dores de cabe\u00e7a: a constru\u00e7\u00e3o e o congestionamento gerado no momento das obras. Mas \u00e9 uma necessidade que precisa ser agilizada.<\/p>\n\n\n\n<p>Por fim, o empres\u00e1rio relembra a tens\u00e3o quanto \u00e0s poss\u00edveis avarias na ponte da BR-386 durante as cheias de maio. \u201c\u00c9 obrigat\u00f3rio termos outra ponte sobre o Taquari. N\u00e3o podemos depender s\u00f3 dessas que temos atualmente \u2013 n\u00e3o estamos preparados caso aconte\u00e7a novamente\u201d, alerta. Ele v\u00ea possibilidade de constru\u00e7\u00f5es entre Estrela e Cruzeiro do Sul e Colinas e Arroio do Meio, e ressalta que as pontes n\u00e3o s\u00e3o apenas para a regi\u00e3o, mas para todo o estado e o pa\u00eds.<\/p>\n","protected":false},"excerpt":{"rendered":"<p>A log\u00edstica no Vale do Taquari est\u00e1 em estado de calamidade. \u00c9 o que afirma o diretor de Infraestrutura e Log\u00edstica da CIC Vale do Taquari, Diego Tomasi. A situa\u00e7\u00e3o \u00e9 preocupante, tendo em vista os problemas existentes antes das grandes cheias que atingiram a regi\u00e3o em setembro de 2023 e maio deste ano. \u201cJ\u00e1 [&hellip;]<\/p>\n","protected":false},"author":639,"featured_media":166071,"comment_status":"open","ping_status":"open","sticky":false,"template":"","format":"standard","meta":{"pmpro_default_level":"","_jetpack_memberships_contains_paid_content":false,"footnotes":""},"categories":[2,10991],"tags":[5955,10733,156],"class_list":{"0":"post-166070","1":"post","2":"type-post","3":"status-publish","4":"format-standard","5":"has-post-thumbnail","7":"category-featured","8":"category-economia","9":"tag-cic-vt","10":"tag-logistica","11":"tag-vale-do-taquari","12":"pmpro-has-access"},"yoast_head":"<!-- This site is optimized with the Yoast SEO plugin v27.5 - https:\/\/yoast.com\/product\/yoast-seo-wordpress\/ -->\n<title>Demora na recupera\u00e7\u00e3o de vias aumenta o custo log\u00edstico e reduz a competitividade do Vale do Taquari - Folha Popular<\/title>\n<meta name=\"robots\" content=\"index, follow, max-snippet:-1, max-image-preview:large, max-video-preview:-1\" \/>\n<link rel=\"canonical\" href=\"https:\/\/folhapopular.info\/index.php\/2024\/08\/17\/demora-na-recuperacao-de-vias-aumenta-o-custo-logistico-e-reduz-a-competitividade-do-vale-do-taquari\/\" \/>\n<meta property=\"og:locale\" content=\"pt_BR\" \/>\n<meta property=\"og:type\" content=\"article\" \/>\n<meta property=\"og:title\" content=\"Demora na recupera\u00e7\u00e3o de vias aumenta o custo log\u00edstico e reduz a competitividade do Vale do Taquari - Folha Popular\" \/>\n<meta property=\"og:description\" content=\"A log\u00edstica no Vale do Taquari est\u00e1 em estado de calamidade. \u00c9 o que afirma o diretor de Infraestrutura e Log\u00edstica da CIC Vale do Taquari, Diego Tomasi. A situa\u00e7\u00e3o \u00e9 preocupante, tendo em vista os problemas existentes antes das grandes cheias que atingiram a regi\u00e3o em setembro de 2023 e maio deste ano. \u201cJ\u00e1 [&hellip;]\" \/>\n<meta property=\"og:url\" content=\"https:\/\/folhapopular.info\/index.php\/2024\/08\/17\/demora-na-recuperacao-de-vias-aumenta-o-custo-logistico-e-reduz-a-competitividade-do-vale-do-taquari\/\" \/>\n<meta property=\"og:site_name\" content=\"Folha Popular\" \/>\n<meta property=\"article:published_time\" content=\"2024-08-17T16:00:00+00:00\" \/>\n<meta property=\"og:image\" content=\"https:\/\/folhapopular.info\/wp-content\/uploads\/2024\/08\/Diretor-da-CIC-VT-ve-a-ponte-da-ERS-130-como-um-dos-principais-gargalos_EGR_Divulgacao.jpeg\" \/>\n\t<meta property=\"og:image:width\" content=\"871\" \/>\n\t<meta property=\"og:image:height\" content=\"653\" \/>\n\t<meta property=\"og:image:type\" content=\"image\/jpeg\" \/>\n<meta name=\"author\" content=\"Camille Lenz da Silva\" \/>\n<meta name=\"twitter:card\" content=\"summary_large_image\" \/>\n<meta name=\"twitter:label1\" content=\"Escrito por\" \/>\n\t<meta name=\"twitter:data1\" content=\"Camille Lenz da Silva\" \/>\n\t<meta name=\"twitter:label2\" content=\"Est. tempo de leitura\" \/>\n\t<meta name=\"twitter:data2\" content=\"4 minutos\" \/>\n<script type=\"application\/ld+json\" class=\"yoast-schema-graph\">{\"@context\":\"https:\\\/\\\/schema.org\",\"@graph\":[{\"@type\":\"Article\",\"@id\":\"https:\\\/\\\/folhapopular.info\\\/index.php\\\/2024\\\/08\\\/17\\\/demora-na-recuperacao-de-vias-aumenta-o-custo-logistico-e-reduz-a-competitividade-do-vale-do-taquari\\\/#article\",\"isPartOf\":{\"@id\":\"https:\\\/\\\/folhapopular.info\\\/index.php\\\/2024\\\/08\\\/17\\\/demora-na-recuperacao-de-vias-aumenta-o-custo-logistico-e-reduz-a-competitividade-do-vale-do-taquari\\\/\"},\"author\":{\"name\":\"Camille Lenz da Silva\",\"@id\":\"https:\\\/\\\/folhapopular.info\\\/#\\\/schema\\\/person\\\/f0b811f932ef2505faf473ffaef49df5\"},\"headline\":\"Demora na recupera\u00e7\u00e3o de vias aumenta o custo log\u00edstico e reduz a competitividade do Vale do Taquari\",\"datePublished\":\"2024-08-17T16:00:00+00:00\",\"mainEntityOfPage\":{\"@id\":\"https:\\\/\\\/folhapopular.info\\\/index.php\\\/2024\\\/08\\\/17\\\/demora-na-recuperacao-de-vias-aumenta-o-custo-logistico-e-reduz-a-competitividade-do-vale-do-taquari\\\/\"},\"wordCount\":747,\"commentCount\":0,\"image\":{\"@id\":\"https:\\\/\\\/folhapopular.info\\\/index.php\\\/2024\\\/08\\\/17\\\/demora-na-recuperacao-de-vias-aumenta-o-custo-logistico-e-reduz-a-competitividade-do-vale-do-taquari\\\/#primaryimage\"},\"thumbnailUrl\":\"https:\\\/\\\/folhapopular.info\\\/wp-content\\\/uploads\\\/2024\\\/08\\\/Diretor-da-CIC-VT-ve-a-ponte-da-ERS-130-como-um-dos-principais-gargalos_EGR_Divulgacao.jpeg\",\"keywords\":[\"CIC VT\",\"log\u00edstica\",\"Vale do Taquari\"],\"articleSection\":[\"Destaques\",\"Economia\"],\"inLanguage\":\"pt-BR\",\"potentialAction\":[{\"@type\":\"CommentAction\",\"name\":\"Comment\",\"target\":[\"https:\\\/\\\/folhapopular.info\\\/index.php\\\/2024\\\/08\\\/17\\\/demora-na-recuperacao-de-vias-aumenta-o-custo-logistico-e-reduz-a-competitividade-do-vale-do-taquari\\\/#respond\"]}]},{\"@type\":\"WebPage\",\"@id\":\"https:\\\/\\\/folhapopular.info\\\/index.php\\\/2024\\\/08\\\/17\\\/demora-na-recuperacao-de-vias-aumenta-o-custo-logistico-e-reduz-a-competitividade-do-vale-do-taquari\\\/\",\"url\":\"https:\\\/\\\/folhapopular.info\\\/index.php\\\/2024\\\/08\\\/17\\\/demora-na-recuperacao-de-vias-aumenta-o-custo-logistico-e-reduz-a-competitividade-do-vale-do-taquari\\\/\",\"name\":\"Demora na recupera\u00e7\u00e3o de vias aumenta o custo log\u00edstico e reduz a competitividade do Vale do Taquari - Folha Popular\",\"isPartOf\":{\"@id\":\"https:\\\/\\\/folhapopular.info\\\/#website\"},\"primaryImageOfPage\":{\"@id\":\"https:\\\/\\\/folhapopular.info\\\/index.php\\\/2024\\\/08\\\/17\\\/demora-na-recuperacao-de-vias-aumenta-o-custo-logistico-e-reduz-a-competitividade-do-vale-do-taquari\\\/#primaryimage\"},\"image\":{\"@id\":\"https:\\\/\\\/folhapopular.info\\\/index.php\\\/2024\\\/08\\\/17\\\/demora-na-recuperacao-de-vias-aumenta-o-custo-logistico-e-reduz-a-competitividade-do-vale-do-taquari\\\/#primaryimage\"},\"thumbnailUrl\":\"https:\\\/\\\/folhapopular.info\\\/wp-content\\\/uploads\\\/2024\\\/08\\\/Diretor-da-CIC-VT-ve-a-ponte-da-ERS-130-como-um-dos-principais-gargalos_EGR_Divulgacao.jpeg\",\"datePublished\":\"2024-08-17T16:00:00+00:00\",\"author\":{\"@id\":\"https:\\\/\\\/folhapopular.info\\\/#\\\/schema\\\/person\\\/f0b811f932ef2505faf473ffaef49df5\"},\"breadcrumb\":{\"@id\":\"https:\\\/\\\/folhapopular.info\\\/index.php\\\/2024\\\/08\\\/17\\\/demora-na-recuperacao-de-vias-aumenta-o-custo-logistico-e-reduz-a-competitividade-do-vale-do-taquari\\\/#breadcrumb\"},\"inLanguage\":\"pt-BR\",\"potentialAction\":[{\"@type\":\"ReadAction\",\"target\":[\"https:\\\/\\\/folhapopular.info\\\/index.php\\\/2024\\\/08\\\/17\\\/demora-na-recuperacao-de-vias-aumenta-o-custo-logistico-e-reduz-a-competitividade-do-vale-do-taquari\\\/\"]}]},{\"@type\":\"ImageObject\",\"inLanguage\":\"pt-BR\",\"@id\":\"https:\\\/\\\/folhapopular.info\\\/index.php\\\/2024\\\/08\\\/17\\\/demora-na-recuperacao-de-vias-aumenta-o-custo-logistico-e-reduz-a-competitividade-do-vale-do-taquari\\\/#primaryimage\",\"url\":\"https:\\\/\\\/folhapopular.info\\\/wp-content\\\/uploads\\\/2024\\\/08\\\/Diretor-da-CIC-VT-ve-a-ponte-da-ERS-130-como-um-dos-principais-gargalos_EGR_Divulgacao.jpeg\",\"contentUrl\":\"https:\\\/\\\/folhapopular.info\\\/wp-content\\\/uploads\\\/2024\\\/08\\\/Diretor-da-CIC-VT-ve-a-ponte-da-ERS-130-como-um-dos-principais-gargalos_EGR_Divulgacao.jpeg\",\"width\":871,\"height\":653,\"caption\":\"Cr\u00e9dito: Divulga\u00e7\u00e3o\"},{\"@type\":\"BreadcrumbList\",\"@id\":\"https:\\\/\\\/folhapopular.info\\\/index.php\\\/2024\\\/08\\\/17\\\/demora-na-recuperacao-de-vias-aumenta-o-custo-logistico-e-reduz-a-competitividade-do-vale-do-taquari\\\/#breadcrumb\",\"itemListElement\":[{\"@type\":\"ListItem\",\"position\":1,\"name\":\"In\u00edcio\",\"item\":\"https:\\\/\\\/folhapopular.info\\\/\"},{\"@type\":\"ListItem\",\"position\":2,\"name\":\"Demora na recupera\u00e7\u00e3o de vias aumenta o custo log\u00edstico e reduz a competitividade do Vale do Taquari\"}]},{\"@type\":\"WebSite\",\"@id\":\"https:\\\/\\\/folhapopular.info\\\/#website\",\"url\":\"https:\\\/\\\/folhapopular.info\\\/\",\"name\":\"Folha Popular\",\"description\":\"Onde voc\u00ea tem vez e voz\",\"potentialAction\":[{\"@type\":\"SearchAction\",\"target\":{\"@type\":\"EntryPoint\",\"urlTemplate\":\"https:\\\/\\\/folhapopular.info\\\/?s={search_term_string}\"},\"query-input\":{\"@type\":\"PropertyValueSpecification\",\"valueRequired\":true,\"valueName\":\"search_term_string\"}}],\"inLanguage\":\"pt-BR\"},{\"@type\":\"Person\",\"@id\":\"https:\\\/\\\/folhapopular.info\\\/#\\\/schema\\\/person\\\/f0b811f932ef2505faf473ffaef49df5\",\"name\":\"Camille Lenz da Silva\",\"image\":{\"@type\":\"ImageObject\",\"inLanguage\":\"pt-BR\",\"@id\":\"https:\\\/\\\/secure.gravatar.com\\\/avatar\\\/50be826d73ca259ec0e0a88a407f5de800c576c46cfdc57e50ef28551e216fff?s=96&d=mm&r=g\",\"url\":\"https:\\\/\\\/secure.gravatar.com\\\/avatar\\\/50be826d73ca259ec0e0a88a407f5de800c576c46cfdc57e50ef28551e216fff?s=96&d=mm&r=g\",\"contentUrl\":\"https:\\\/\\\/secure.gravatar.com\\\/avatar\\\/50be826d73ca259ec0e0a88a407f5de800c576c46cfdc57e50ef28551e216fff?s=96&d=mm&r=g\",\"caption\":\"Camille Lenz da Silva\"},\"url\":\"https:\\\/\\\/folhapopular.info\\\/index.php\\\/author\\\/camillelenzgmail-com\\\/\"}]}<\/script>\n<!-- \/ Yoast SEO plugin. -->","yoast_head_json":{"title":"Demora na recupera\u00e7\u00e3o de vias aumenta o custo log\u00edstico e reduz a competitividade do Vale do Taquari - Folha Popular","robots":{"index":"index","follow":"follow","max-snippet":"max-snippet:-1","max-image-preview":"max-image-preview:large","max-video-preview":"max-video-preview:-1"},"canonical":"https:\/\/folhapopular.info\/index.php\/2024\/08\/17\/demora-na-recuperacao-de-vias-aumenta-o-custo-logistico-e-reduz-a-competitividade-do-vale-do-taquari\/","og_locale":"pt_BR","og_type":"article","og_title":"Demora na recupera\u00e7\u00e3o de vias aumenta o custo log\u00edstico e reduz a competitividade do Vale do Taquari - Folha Popular","og_description":"A log\u00edstica no Vale do Taquari est\u00e1 em estado de calamidade. \u00c9 o que afirma o diretor de Infraestrutura e Log\u00edstica da CIC Vale do Taquari, Diego Tomasi. A situa\u00e7\u00e3o \u00e9 preocupante, tendo em vista os problemas existentes antes das grandes cheias que atingiram a regi\u00e3o em setembro de 2023 e maio deste ano. \u201cJ\u00e1 [&hellip;]","og_url":"https:\/\/folhapopular.info\/index.php\/2024\/08\/17\/demora-na-recuperacao-de-vias-aumenta-o-custo-logistico-e-reduz-a-competitividade-do-vale-do-taquari\/","og_site_name":"Folha Popular","article_published_time":"2024-08-17T16:00:00+00:00","og_image":[{"width":871,"height":653,"url":"https:\/\/folhapopular.info\/wp-content\/uploads\/2024\/08\/Diretor-da-CIC-VT-ve-a-ponte-da-ERS-130-como-um-dos-principais-gargalos_EGR_Divulgacao.jpeg","type":"image\/jpeg"}],"author":"Camille Lenz da Silva","twitter_card":"summary_large_image","twitter_misc":{"Escrito por":"Camille Lenz da Silva","Est. tempo de leitura":"4 minutos"},"schema":{"@context":"https:\/\/schema.org","@graph":[{"@type":"Article","@id":"https:\/\/folhapopular.info\/index.php\/2024\/08\/17\/demora-na-recuperacao-de-vias-aumenta-o-custo-logistico-e-reduz-a-competitividade-do-vale-do-taquari\/#article","isPartOf":{"@id":"https:\/\/folhapopular.info\/index.php\/2024\/08\/17\/demora-na-recuperacao-de-vias-aumenta-o-custo-logistico-e-reduz-a-competitividade-do-vale-do-taquari\/"},"author":{"name":"Camille Lenz da Silva","@id":"https:\/\/folhapopular.info\/#\/schema\/person\/f0b811f932ef2505faf473ffaef49df5"},"headline":"Demora na recupera\u00e7\u00e3o de vias aumenta o custo log\u00edstico e reduz a competitividade do Vale do Taquari","datePublished":"2024-08-17T16:00:00+00:00","mainEntityOfPage":{"@id":"https:\/\/folhapopular.info\/index.php\/2024\/08\/17\/demora-na-recuperacao-de-vias-aumenta-o-custo-logistico-e-reduz-a-competitividade-do-vale-do-taquari\/"},"wordCount":747,"commentCount":0,"image":{"@id":"https:\/\/folhapopular.info\/index.php\/2024\/08\/17\/demora-na-recuperacao-de-vias-aumenta-o-custo-logistico-e-reduz-a-competitividade-do-vale-do-taquari\/#primaryimage"},"thumbnailUrl":"https:\/\/folhapopular.info\/wp-content\/uploads\/2024\/08\/Diretor-da-CIC-VT-ve-a-ponte-da-ERS-130-como-um-dos-principais-gargalos_EGR_Divulgacao.jpeg","keywords":["CIC VT","log\u00edstica","Vale do Taquari"],"articleSection":["Destaques","Economia"],"inLanguage":"pt-BR","potentialAction":[{"@type":"CommentAction","name":"Comment","target":["https:\/\/folhapopular.info\/index.php\/2024\/08\/17\/demora-na-recuperacao-de-vias-aumenta-o-custo-logistico-e-reduz-a-competitividade-do-vale-do-taquari\/#respond"]}]},{"@type":"WebPage","@id":"https:\/\/folhapopular.info\/index.php\/2024\/08\/17\/demora-na-recuperacao-de-vias-aumenta-o-custo-logistico-e-reduz-a-competitividade-do-vale-do-taquari\/","url":"https:\/\/folhapopular.info\/index.php\/2024\/08\/17\/demora-na-recuperacao-de-vias-aumenta-o-custo-logistico-e-reduz-a-competitividade-do-vale-do-taquari\/","name":"Demora na recupera\u00e7\u00e3o de vias aumenta o custo log\u00edstico e reduz a competitividade do Vale do Taquari - Folha Popular","isPartOf":{"@id":"https:\/\/folhapopular.info\/#website"},"primaryImageOfPage":{"@id":"https:\/\/folhapopular.info\/index.php\/2024\/08\/17\/demora-na-recuperacao-de-vias-aumenta-o-custo-logistico-e-reduz-a-competitividade-do-vale-do-taquari\/#primaryimage"},"image":{"@id":"https:\/\/folhapopular.info\/index.php\/2024\/08\/17\/demora-na-recuperacao-de-vias-aumenta-o-custo-logistico-e-reduz-a-competitividade-do-vale-do-taquari\/#primaryimage"},"thumbnailUrl":"https:\/\/folhapopular.info\/wp-content\/uploads\/2024\/08\/Diretor-da-CIC-VT-ve-a-ponte-da-ERS-130-como-um-dos-principais-gargalos_EGR_Divulgacao.jpeg","datePublished":"2024-08-17T16:00:00+00:00","author":{"@id":"https:\/\/folhapopular.info\/#\/schema\/person\/f0b811f932ef2505faf473ffaef49df5"},"breadcrumb":{"@id":"https:\/\/folhapopular.info\/index.php\/2024\/08\/17\/demora-na-recuperacao-de-vias-aumenta-o-custo-logistico-e-reduz-a-competitividade-do-vale-do-taquari\/#breadcrumb"},"inLanguage":"pt-BR","potentialAction":[{"@type":"ReadAction","target":["https:\/\/folhapopular.info\/index.php\/2024\/08\/17\/demora-na-recuperacao-de-vias-aumenta-o-custo-logistico-e-reduz-a-competitividade-do-vale-do-taquari\/"]}]},{"@type":"ImageObject","inLanguage":"pt-BR","@id":"https:\/\/folhapopular.info\/index.php\/2024\/08\/17\/demora-na-recuperacao-de-vias-aumenta-o-custo-logistico-e-reduz-a-competitividade-do-vale-do-taquari\/#primaryimage","url":"https:\/\/folhapopular.info\/wp-content\/uploads\/2024\/08\/Diretor-da-CIC-VT-ve-a-ponte-da-ERS-130-como-um-dos-principais-gargalos_EGR_Divulgacao.jpeg","contentUrl":"https:\/\/folhapopular.info\/wp-content\/uploads\/2024\/08\/Diretor-da-CIC-VT-ve-a-ponte-da-ERS-130-como-um-dos-principais-gargalos_EGR_Divulgacao.jpeg","width":871,"height":653,"caption":"Cr\u00e9dito: Divulga\u00e7\u00e3o"},{"@type":"BreadcrumbList","@id":"https:\/\/folhapopular.info\/index.php\/2024\/08\/17\/demora-na-recuperacao-de-vias-aumenta-o-custo-logistico-e-reduz-a-competitividade-do-vale-do-taquari\/#breadcrumb","itemListElement":[{"@type":"ListItem","position":1,"name":"In\u00edcio","item":"https:\/\/folhapopular.info\/"},{"@type":"ListItem","position":2,"name":"Demora na recupera\u00e7\u00e3o de vias aumenta o custo log\u00edstico e reduz a competitividade do Vale do Taquari"}]},{"@type":"WebSite","@id":"https:\/\/folhapopular.info\/#website","url":"https:\/\/folhapopular.info\/","name":"Folha Popular","description":"Onde voc\u00ea tem vez e voz","potentialAction":[{"@type":"SearchAction","target":{"@type":"EntryPoint","urlTemplate":"https:\/\/folhapopular.info\/?s={search_term_string}"},"query-input":{"@type":"PropertyValueSpecification","valueRequired":true,"valueName":"search_term_string"}}],"inLanguage":"pt-BR"},{"@type":"Person","@id":"https:\/\/folhapopular.info\/#\/schema\/person\/f0b811f932ef2505faf473ffaef49df5","name":"Camille Lenz da Silva","image":{"@type":"ImageObject","inLanguage":"pt-BR","@id":"https:\/\/secure.gravatar.com\/avatar\/50be826d73ca259ec0e0a88a407f5de800c576c46cfdc57e50ef28551e216fff?s=96&d=mm&r=g","url":"https:\/\/secure.gravatar.com\/avatar\/50be826d73ca259ec0e0a88a407f5de800c576c46cfdc57e50ef28551e216fff?s=96&d=mm&r=g","contentUrl":"https:\/\/secure.gravatar.com\/avatar\/50be826d73ca259ec0e0a88a407f5de800c576c46cfdc57e50ef28551e216fff?s=96&d=mm&r=g","caption":"Camille Lenz da Silva"},"url":"https:\/\/folhapopular.info\/index.php\/author\/camillelenzgmail-com\/"}]}},"jetpack_featured_media_url":"https:\/\/folhapopular.info\/wp-content\/uploads\/2024\/08\/Diretor-da-CIC-VT-ve-a-ponte-da-ERS-130-como-um-dos-principais-gargalos_EGR_Divulgacao.jpeg","jetpack_sharing_enabled":true,"amp_enabled":true,"_links":{"self":[{"href":"https:\/\/folhapopular.info\/index.php\/wp-json\/wp\/v2\/posts\/166070","targetHints":{"allow":["GET"]}}],"collection":[{"href":"https:\/\/folhapopular.info\/index.php\/wp-json\/wp\/v2\/posts"}],"about":[{"href":"https:\/\/folhapopular.info\/index.php\/wp-json\/wp\/v2\/types\/post"}],"author":[{"embeddable":true,"href":"https:\/\/folhapopular.info\/index.php\/wp-json\/wp\/v2\/users\/639"}],"replies":[{"embeddable":true,"href":"https:\/\/folhapopular.info\/index.php\/wp-json\/wp\/v2\/comments?post=166070"}],"version-history":[{"count":0,"href":"https:\/\/folhapopular.info\/index.php\/wp-json\/wp\/v2\/posts\/166070\/revisions"}],"wp:featuredmedia":[{"embeddable":true,"href":"https:\/\/folhapopular.info\/index.php\/wp-json\/wp\/v2\/media\/166071"}],"wp:attachment":[{"href":"https:\/\/folhapopular.info\/index.php\/wp-json\/wp\/v2\/media?parent=166070"}],"wp:term":[{"taxonomy":"category","embeddable":true,"href":"https:\/\/folhapopular.info\/index.php\/wp-json\/wp\/v2\/categories?post=166070"},{"taxonomy":"post_tag","embeddable":true,"href":"https:\/\/folhapopular.info\/index.php\/wp-json\/wp\/v2\/tags?post=166070"}],"curies":[{"name":"wp","href":"https:\/\/api.w.org\/{rel}","templated":true}]}}