{"id":166700,"date":"2024-08-24T14:00:00","date_gmt":"2024-08-24T17:00:00","guid":{"rendered":"https:\/\/folhapopular.info\/?p=166700"},"modified":"2024-08-24T07:52:07","modified_gmt":"2024-08-24T10:52:07","slug":"projeto-sensibilizando-com-as-diferencas-promove-inclusao-na-comunidade-escolar-no-cnec-teutonia","status":"publish","type":"post","link":"https:\/\/folhapopular.info\/index.php\/2024\/08\/24\/projeto-sensibilizando-com-as-diferencas-promove-inclusao-na-comunidade-escolar-no-cnec-teutonia\/","title":{"rendered":"Projeto &#8220;Sensibilizando com as Diferen\u00e7as&#8221; promove inclus\u00e3o na comunidade escolar no CNEC Teut\u00f4nia"},"content":{"rendered":"\n<p>A 1\u00aa s\u00e9rie do Ensino M\u00e9dio do Col\u00e9gio Cenecista General Canabarro, sob a orienta\u00e7\u00e3o da professora Soeli Claudete Klein, na disciplina de Pr\u00e1ticas de Leitura e Escrita, est\u00e1 realizando um projeto impactante e educativo intitulado &#8220;Sensibilizando com as Diferen\u00e7as&#8221;. A iniciativa surgiu durante uma das aulas em que se discutia a import\u00e2ncia da inclus\u00e3o e est\u00e1 alinhada com a Semana Nacional da Pessoa com Defici\u00eancia Intelectual e M\u00faltipla, que, em 2024, ocorre de 21 a 28 de agosto.<\/p>\n\n\n\n<p>O projeto tem como objetivo conscientizar a comunidade escolar CNEC Teut\u00f4nia sobre a inclus\u00e3o e o apoio \u00e0s pessoas com defici\u00eancia. Para isso, os alunos est\u00e3o participando de a\u00e7\u00f5es interativas e informativas, proporcionando uma viv\u00eancia mais pr\u00f3xima das dificuldades enfrentadas por esta parcela da sociedade. Durante momentos programados, os estudantes t\u00eam a oportunidade de utilizar cadeiras de rodas, muletas ou bengalas, experimentando dificuldades de locomo\u00e7\u00e3o.<\/p>\n\n\n\n<p>Al\u00e9m de atividades pr\u00e1ticas, o projeto inclui di\u00e1logos, visita e uma exposi\u00e7\u00e3o que aborda diferentes aspectos das defici\u00eancias. Na quarta-feira, 21 de agosto, a neuropsicopedagoga Tain\u00e1 Quint ministrou uma palestra sobre Defici\u00eancias Intelectuais (DIs), na qual discutiu temas como a detec\u00e7\u00e3o e o reconhecimento de uma DI, os est\u00edmulos que podem auxiliar no desenvolvimento dessas pessoas e formas de conviv\u00eancia e acolhimento mais inclusivas.<\/p>\n\n\n\n<p>Outro ponto alto do projeto foi a visita \u00e0 Apae, que superou as expectativas dos alunos. Eles ficaram impressionados com a excelente estrutura f\u00edsica, a organiza\u00e7\u00e3o dos espa\u00e7os e a dedica\u00e7\u00e3o dos profissionais especializados que atuam na institui\u00e7\u00e3o. A recep\u00e7\u00e3o calorosa dos alunos e da equipe da Apae deixou uma marca profunda nos estudantes, refor\u00e7ando a import\u00e2ncia da empatia e da inclus\u00e3o.<\/p>\n\n\n\n<figure class=\"wp-block-image size-large\"><img loading=\"lazy\" decoding=\"async\" width=\"595\" height=\"1024\" src=\"https:\/\/folhapopular.info\/wp-content\/uploads\/2024\/08\/WhatsApp-Image-2024-08-23-at-01.37.26-595x1024.jpeg\" alt=\"\" class=\"wp-image-166706\" srcset=\"https:\/\/folhapopular.info\/wp-content\/uploads\/2024\/08\/WhatsApp-Image-2024-08-23-at-01.37.26-595x1024.jpeg 595w, https:\/\/folhapopular.info\/wp-content\/uploads\/2024\/08\/WhatsApp-Image-2024-08-23-at-01.37.26-174x300.jpeg 174w, https:\/\/folhapopular.info\/wp-content\/uploads\/2024\/08\/WhatsApp-Image-2024-08-23-at-01.37.26-768x1321.jpeg 768w, https:\/\/folhapopular.info\/wp-content\/uploads\/2024\/08\/WhatsApp-Image-2024-08-23-at-01.37.26-893x1536.jpeg 893w, https:\/\/folhapopular.info\/wp-content\/uploads\/2024\/08\/WhatsApp-Image-2024-08-23-at-01.37.26-244x420.jpeg 244w, https:\/\/folhapopular.info\/wp-content\/uploads\/2024\/08\/WhatsApp-Image-2024-08-23-at-01.37.26-696x1197.jpeg 696w, https:\/\/folhapopular.info\/wp-content\/uploads\/2024\/08\/WhatsApp-Image-2024-08-23-at-01.37.26.jpeg 930w\" sizes=\"auto, (max-width: 595px) 100vw, 595px\" \/><figcaption class=\"wp-element-caption\">Alunos vivenciam dificuldades de pessoas com defici\u00eancia \/ Cr\u00e9dito: Divulga\u00e7\u00e3o<\/figcaption><\/figure>\n\n\n\n<p>A classe tamb\u00e9m est\u00e1 envolvida na cria\u00e7\u00e3o e exposi\u00e7\u00e3o de cartazes que demonstram diversos tipos de comprometimento da vis\u00e3o, como miopia, hipermetropia, astigmatismo, daltonismo e toxoplasmose ocular, ampliando o entendimento sobre as dificuldades enfrentadas por quem possui essas condi\u00e7\u00f5es.<\/p>\n\n\n\n<p>Contemplando a interdisciplinaridade, o professor Carlos Henrique Campos desenvolver\u00e1 o assunto na disciplina de Projetos de Vida e a professora Ana Elisa Osterkamp Bloemker est\u00e1 trabalhando o vocabul\u00e1rio da tem\u00e1tica nas suas aulas de alem\u00e3o.<\/p>\n\n\n\n<p>Com todas estas a\u00e7\u00f5es, o projeto &#8220;Sensibilizando com as Diferen\u00e7as&#8221; se tornou uma importante iniciativa de conscientiza\u00e7\u00e3o dentro do Col\u00e9gio Cenecista General Canabarro. \u201cAcredito que contribu\u00edmos para a forma\u00e7\u00e3o de cidad\u00e3os mais emp\u00e1ticos e conscientes sobre a import\u00e2ncia da inclus\u00e3o e do respeito \u00e0s diferen\u00e7as\u201d, avaliou a professora Soeli.<\/p>\n","protected":false},"excerpt":{"rendered":"<p>A 1\u00aa s\u00e9rie do Ensino M\u00e9dio do Col\u00e9gio Cenecista General Canabarro, sob a orienta\u00e7\u00e3o da professora Soeli Claudete Klein, na disciplina de Pr\u00e1ticas de Leitura e Escrita, est\u00e1 realizando um projeto impactante e educativo intitulado &#8220;Sensibilizando com as Diferen\u00e7as&#8221;. A iniciativa surgiu durante uma das aulas em que se discutia a import\u00e2ncia da inclus\u00e3o e [&hellip;]<\/p>\n","protected":false},"author":8,"featured_media":166703,"comment_status":"open","ping_status":"open","sticky":false,"template":"","format":"standard","meta":{"pmpro_default_level":"","_jetpack_memberships_contains_paid_content":false,"footnotes":""},"categories":[2,10988,3],"tags":[887,4712,15927],"class_list":{"0":"post-166700","1":"post","2":"type-post","3":"status-publish","4":"format-standard","5":"has-post-thumbnail","7":"category-featured","8":"category-educacao","9":"category-geral","10":"tag-apae","11":"tag-cnec","12":"tag-cnec-teutonia","13":"pmpro-has-access"},"yoast_head":"<!-- This site is optimized with the Yoast SEO plugin v27.5 - https:\/\/yoast.com\/product\/yoast-seo-wordpress\/ -->\n<title>Projeto &quot;Sensibilizando com as Diferen\u00e7as&quot; promove inclus\u00e3o na comunidade escolar no CNEC Teut\u00f4nia - Folha Popular<\/title>\n<meta name=\"robots\" content=\"index, follow, max-snippet:-1, max-image-preview:large, max-video-preview:-1\" \/>\n<link rel=\"canonical\" href=\"https:\/\/folhapopular.info\/index.php\/2024\/08\/24\/projeto-sensibilizando-com-as-diferencas-promove-inclusao-na-comunidade-escolar-no-cnec-teutonia\/\" \/>\n<meta property=\"og:locale\" content=\"pt_BR\" \/>\n<meta property=\"og:type\" content=\"article\" \/>\n<meta property=\"og:title\" content=\"Projeto &quot;Sensibilizando com as Diferen\u00e7as&quot; promove inclus\u00e3o na comunidade escolar no CNEC Teut\u00f4nia - Folha Popular\" \/>\n<meta property=\"og:description\" content=\"A 1\u00aa s\u00e9rie do Ensino M\u00e9dio do Col\u00e9gio Cenecista General Canabarro, sob a orienta\u00e7\u00e3o da professora Soeli Claudete Klein, na disciplina de Pr\u00e1ticas de Leitura e Escrita, est\u00e1 realizando um projeto impactante e educativo intitulado &#8220;Sensibilizando com as Diferen\u00e7as&#8221;. A iniciativa surgiu durante uma das aulas em que se discutia a import\u00e2ncia da inclus\u00e3o e [&hellip;]\" \/>\n<meta property=\"og:url\" content=\"https:\/\/folhapopular.info\/index.php\/2024\/08\/24\/projeto-sensibilizando-com-as-diferencas-promove-inclusao-na-comunidade-escolar-no-cnec-teutonia\/\" \/>\n<meta property=\"og:site_name\" content=\"Folha Popular\" \/>\n<meta property=\"article:published_time\" content=\"2024-08-24T17:00:00+00:00\" \/>\n<meta property=\"og:image\" content=\"https:\/\/folhapopular.info\/wp-content\/uploads\/2024\/08\/turma.jpeg\" \/>\n\t<meta property=\"og:image:width\" content=\"1600\" \/>\n\t<meta property=\"og:image:height\" content=\"994\" \/>\n\t<meta property=\"og:image:type\" content=\"image\/jpeg\" \/>\n<meta name=\"author\" content=\"Reda\u00e7\u00e3o Folha Popular\" \/>\n<meta name=\"twitter:card\" content=\"summary_large_image\" \/>\n<meta name=\"twitter:label1\" content=\"Escrito por\" \/>\n\t<meta name=\"twitter:data1\" content=\"Reda\u00e7\u00e3o Folha Popular\" \/>\n\t<meta name=\"twitter:label2\" content=\"Est. tempo de leitura\" \/>\n\t<meta name=\"twitter:data2\" content=\"3 minutos\" \/>\n<script type=\"application\/ld+json\" class=\"yoast-schema-graph\">{\"@context\":\"https:\\\/\\\/schema.org\",\"@graph\":[{\"@type\":\"Article\",\"@id\":\"https:\\\/\\\/folhapopular.info\\\/index.php\\\/2024\\\/08\\\/24\\\/projeto-sensibilizando-com-as-diferencas-promove-inclusao-na-comunidade-escolar-no-cnec-teutonia\\\/#article\",\"isPartOf\":{\"@id\":\"https:\\\/\\\/folhapopular.info\\\/index.php\\\/2024\\\/08\\\/24\\\/projeto-sensibilizando-com-as-diferencas-promove-inclusao-na-comunidade-escolar-no-cnec-teutonia\\\/\"},\"author\":{\"name\":\"Reda\u00e7\u00e3o Folha Popular\",\"@id\":\"https:\\\/\\\/folhapopular.info\\\/#\\\/schema\\\/person\\\/2814e8a0df7643585a9ca38bc6eb9d4b\"},\"headline\":\"Projeto &#8220;Sensibilizando com as Diferen\u00e7as&#8221; promove inclus\u00e3o na comunidade escolar no CNEC Teut\u00f4nia\",\"datePublished\":\"2024-08-24T17:00:00+00:00\",\"mainEntityOfPage\":{\"@id\":\"https:\\\/\\\/folhapopular.info\\\/index.php\\\/2024\\\/08\\\/24\\\/projeto-sensibilizando-com-as-diferencas-promove-inclusao-na-comunidade-escolar-no-cnec-teutonia\\\/\"},\"wordCount\":470,\"commentCount\":0,\"image\":{\"@id\":\"https:\\\/\\\/folhapopular.info\\\/index.php\\\/2024\\\/08\\\/24\\\/projeto-sensibilizando-com-as-diferencas-promove-inclusao-na-comunidade-escolar-no-cnec-teutonia\\\/#primaryimage\"},\"thumbnailUrl\":\"https:\\\/\\\/folhapopular.info\\\/wp-content\\\/uploads\\\/2024\\\/08\\\/turma.jpeg\",\"keywords\":[\"Apae\",\"CNEC\",\"CNEC Teut\u00f4nia\"],\"articleSection\":[\"Destaques\",\"Educa\u00e7\u00e3o\",\"Geral\"],\"inLanguage\":\"pt-BR\",\"potentialAction\":[{\"@type\":\"CommentAction\",\"name\":\"Comment\",\"target\":[\"https:\\\/\\\/folhapopular.info\\\/index.php\\\/2024\\\/08\\\/24\\\/projeto-sensibilizando-com-as-diferencas-promove-inclusao-na-comunidade-escolar-no-cnec-teutonia\\\/#respond\"]}]},{\"@type\":\"WebPage\",\"@id\":\"https:\\\/\\\/folhapopular.info\\\/index.php\\\/2024\\\/08\\\/24\\\/projeto-sensibilizando-com-as-diferencas-promove-inclusao-na-comunidade-escolar-no-cnec-teutonia\\\/\",\"url\":\"https:\\\/\\\/folhapopular.info\\\/index.php\\\/2024\\\/08\\\/24\\\/projeto-sensibilizando-com-as-diferencas-promove-inclusao-na-comunidade-escolar-no-cnec-teutonia\\\/\",\"name\":\"Projeto \\\"Sensibilizando com as Diferen\u00e7as\\\" promove inclus\u00e3o na comunidade escolar no CNEC Teut\u00f4nia - Folha Popular\",\"isPartOf\":{\"@id\":\"https:\\\/\\\/folhapopular.info\\\/#website\"},\"primaryImageOfPage\":{\"@id\":\"https:\\\/\\\/folhapopular.info\\\/index.php\\\/2024\\\/08\\\/24\\\/projeto-sensibilizando-com-as-diferencas-promove-inclusao-na-comunidade-escolar-no-cnec-teutonia\\\/#primaryimage\"},\"image\":{\"@id\":\"https:\\\/\\\/folhapopular.info\\\/index.php\\\/2024\\\/08\\\/24\\\/projeto-sensibilizando-com-as-diferencas-promove-inclusao-na-comunidade-escolar-no-cnec-teutonia\\\/#primaryimage\"},\"thumbnailUrl\":\"https:\\\/\\\/folhapopular.info\\\/wp-content\\\/uploads\\\/2024\\\/08\\\/turma.jpeg\",\"datePublished\":\"2024-08-24T17:00:00+00:00\",\"author\":{\"@id\":\"https:\\\/\\\/folhapopular.info\\\/#\\\/schema\\\/person\\\/2814e8a0df7643585a9ca38bc6eb9d4b\"},\"breadcrumb\":{\"@id\":\"https:\\\/\\\/folhapopular.info\\\/index.php\\\/2024\\\/08\\\/24\\\/projeto-sensibilizando-com-as-diferencas-promove-inclusao-na-comunidade-escolar-no-cnec-teutonia\\\/#breadcrumb\"},\"inLanguage\":\"pt-BR\",\"potentialAction\":[{\"@type\":\"ReadAction\",\"target\":[\"https:\\\/\\\/folhapopular.info\\\/index.php\\\/2024\\\/08\\\/24\\\/projeto-sensibilizando-com-as-diferencas-promove-inclusao-na-comunidade-escolar-no-cnec-teutonia\\\/\"]}]},{\"@type\":\"ImageObject\",\"inLanguage\":\"pt-BR\",\"@id\":\"https:\\\/\\\/folhapopular.info\\\/index.php\\\/2024\\\/08\\\/24\\\/projeto-sensibilizando-com-as-diferencas-promove-inclusao-na-comunidade-escolar-no-cnec-teutonia\\\/#primaryimage\",\"url\":\"https:\\\/\\\/folhapopular.info\\\/wp-content\\\/uploads\\\/2024\\\/08\\\/turma.jpeg\",\"contentUrl\":\"https:\\\/\\\/folhapopular.info\\\/wp-content\\\/uploads\\\/2024\\\/08\\\/turma.jpeg\",\"width\":1600,\"height\":994,\"caption\":\"Visita dos estudantes \u00e0 Apae \\\/ Cr\u00e9dito: Divulga\u00e7\u00e3o\"},{\"@type\":\"BreadcrumbList\",\"@id\":\"https:\\\/\\\/folhapopular.info\\\/index.php\\\/2024\\\/08\\\/24\\\/projeto-sensibilizando-com-as-diferencas-promove-inclusao-na-comunidade-escolar-no-cnec-teutonia\\\/#breadcrumb\",\"itemListElement\":[{\"@type\":\"ListItem\",\"position\":1,\"name\":\"In\u00edcio\",\"item\":\"https:\\\/\\\/folhapopular.info\\\/\"},{\"@type\":\"ListItem\",\"position\":2,\"name\":\"Projeto &#8220;Sensibilizando com as Diferen\u00e7as&#8221; promove inclus\u00e3o na comunidade escolar no CNEC Teut\u00f4nia\"}]},{\"@type\":\"WebSite\",\"@id\":\"https:\\\/\\\/folhapopular.info\\\/#website\",\"url\":\"https:\\\/\\\/folhapopular.info\\\/\",\"name\":\"Folha Popular\",\"description\":\"Onde voc\u00ea tem vez e voz\",\"potentialAction\":[{\"@type\":\"SearchAction\",\"target\":{\"@type\":\"EntryPoint\",\"urlTemplate\":\"https:\\\/\\\/folhapopular.info\\\/?s={search_term_string}\"},\"query-input\":{\"@type\":\"PropertyValueSpecification\",\"valueRequired\":true,\"valueName\":\"search_term_string\"}}],\"inLanguage\":\"pt-BR\"},{\"@type\":\"Person\",\"@id\":\"https:\\\/\\\/folhapopular.info\\\/#\\\/schema\\\/person\\\/2814e8a0df7643585a9ca38bc6eb9d4b\",\"name\":\"Reda\u00e7\u00e3o Folha Popular\",\"image\":{\"@type\":\"ImageObject\",\"inLanguage\":\"pt-BR\",\"@id\":\"https:\\\/\\\/folhapopular.info\\\/wp-content\\\/uploads\\\/2026\\\/04\\\/Folha-1.webp\",\"url\":\"https:\\\/\\\/folhapopular.info\\\/wp-content\\\/uploads\\\/2026\\\/04\\\/Folha-1.webp\",\"contentUrl\":\"https:\\\/\\\/folhapopular.info\\\/wp-content\\\/uploads\\\/2026\\\/04\\\/Folha-1.webp\",\"caption\":\"Reda\u00e7\u00e3o Folha Popular\"},\"url\":\"https:\\\/\\\/folhapopular.info\\\/index.php\\\/author\\\/redacao\\\/\"}]}<\/script>\n<!-- \/ Yoast SEO plugin. -->","yoast_head_json":{"title":"Projeto \"Sensibilizando com as Diferen\u00e7as\" promove inclus\u00e3o na comunidade escolar no CNEC Teut\u00f4nia - Folha Popular","robots":{"index":"index","follow":"follow","max-snippet":"max-snippet:-1","max-image-preview":"max-image-preview:large","max-video-preview":"max-video-preview:-1"},"canonical":"https:\/\/folhapopular.info\/index.php\/2024\/08\/24\/projeto-sensibilizando-com-as-diferencas-promove-inclusao-na-comunidade-escolar-no-cnec-teutonia\/","og_locale":"pt_BR","og_type":"article","og_title":"Projeto \"Sensibilizando com as Diferen\u00e7as\" promove inclus\u00e3o na comunidade escolar no CNEC Teut\u00f4nia - Folha Popular","og_description":"A 1\u00aa s\u00e9rie do Ensino M\u00e9dio do Col\u00e9gio Cenecista General Canabarro, sob a orienta\u00e7\u00e3o da professora Soeli Claudete Klein, na disciplina de Pr\u00e1ticas de Leitura e Escrita, est\u00e1 realizando um projeto impactante e educativo intitulado &#8220;Sensibilizando com as Diferen\u00e7as&#8221;. A iniciativa surgiu durante uma das aulas em que se discutia a import\u00e2ncia da inclus\u00e3o e [&hellip;]","og_url":"https:\/\/folhapopular.info\/index.php\/2024\/08\/24\/projeto-sensibilizando-com-as-diferencas-promove-inclusao-na-comunidade-escolar-no-cnec-teutonia\/","og_site_name":"Folha Popular","article_published_time":"2024-08-24T17:00:00+00:00","og_image":[{"width":1600,"height":994,"url":"https:\/\/folhapopular.info\/wp-content\/uploads\/2024\/08\/turma.jpeg","type":"image\/jpeg"}],"author":"Reda\u00e7\u00e3o Folha Popular","twitter_card":"summary_large_image","twitter_misc":{"Escrito por":"Reda\u00e7\u00e3o Folha Popular","Est. tempo de leitura":"3 minutos"},"schema":{"@context":"https:\/\/schema.org","@graph":[{"@type":"Article","@id":"https:\/\/folhapopular.info\/index.php\/2024\/08\/24\/projeto-sensibilizando-com-as-diferencas-promove-inclusao-na-comunidade-escolar-no-cnec-teutonia\/#article","isPartOf":{"@id":"https:\/\/folhapopular.info\/index.php\/2024\/08\/24\/projeto-sensibilizando-com-as-diferencas-promove-inclusao-na-comunidade-escolar-no-cnec-teutonia\/"},"author":{"name":"Reda\u00e7\u00e3o Folha Popular","@id":"https:\/\/folhapopular.info\/#\/schema\/person\/2814e8a0df7643585a9ca38bc6eb9d4b"},"headline":"Projeto &#8220;Sensibilizando com as Diferen\u00e7as&#8221; promove inclus\u00e3o na comunidade escolar no CNEC Teut\u00f4nia","datePublished":"2024-08-24T17:00:00+00:00","mainEntityOfPage":{"@id":"https:\/\/folhapopular.info\/index.php\/2024\/08\/24\/projeto-sensibilizando-com-as-diferencas-promove-inclusao-na-comunidade-escolar-no-cnec-teutonia\/"},"wordCount":470,"commentCount":0,"image":{"@id":"https:\/\/folhapopular.info\/index.php\/2024\/08\/24\/projeto-sensibilizando-com-as-diferencas-promove-inclusao-na-comunidade-escolar-no-cnec-teutonia\/#primaryimage"},"thumbnailUrl":"https:\/\/folhapopular.info\/wp-content\/uploads\/2024\/08\/turma.jpeg","keywords":["Apae","CNEC","CNEC Teut\u00f4nia"],"articleSection":["Destaques","Educa\u00e7\u00e3o","Geral"],"inLanguage":"pt-BR","potentialAction":[{"@type":"CommentAction","name":"Comment","target":["https:\/\/folhapopular.info\/index.php\/2024\/08\/24\/projeto-sensibilizando-com-as-diferencas-promove-inclusao-na-comunidade-escolar-no-cnec-teutonia\/#respond"]}]},{"@type":"WebPage","@id":"https:\/\/folhapopular.info\/index.php\/2024\/08\/24\/projeto-sensibilizando-com-as-diferencas-promove-inclusao-na-comunidade-escolar-no-cnec-teutonia\/","url":"https:\/\/folhapopular.info\/index.php\/2024\/08\/24\/projeto-sensibilizando-com-as-diferencas-promove-inclusao-na-comunidade-escolar-no-cnec-teutonia\/","name":"Projeto \"Sensibilizando com as Diferen\u00e7as\" promove inclus\u00e3o na comunidade escolar no CNEC Teut\u00f4nia - Folha Popular","isPartOf":{"@id":"https:\/\/folhapopular.info\/#website"},"primaryImageOfPage":{"@id":"https:\/\/folhapopular.info\/index.php\/2024\/08\/24\/projeto-sensibilizando-com-as-diferencas-promove-inclusao-na-comunidade-escolar-no-cnec-teutonia\/#primaryimage"},"image":{"@id":"https:\/\/folhapopular.info\/index.php\/2024\/08\/24\/projeto-sensibilizando-com-as-diferencas-promove-inclusao-na-comunidade-escolar-no-cnec-teutonia\/#primaryimage"},"thumbnailUrl":"https:\/\/folhapopular.info\/wp-content\/uploads\/2024\/08\/turma.jpeg","datePublished":"2024-08-24T17:00:00+00:00","author":{"@id":"https:\/\/folhapopular.info\/#\/schema\/person\/2814e8a0df7643585a9ca38bc6eb9d4b"},"breadcrumb":{"@id":"https:\/\/folhapopular.info\/index.php\/2024\/08\/24\/projeto-sensibilizando-com-as-diferencas-promove-inclusao-na-comunidade-escolar-no-cnec-teutonia\/#breadcrumb"},"inLanguage":"pt-BR","potentialAction":[{"@type":"ReadAction","target":["https:\/\/folhapopular.info\/index.php\/2024\/08\/24\/projeto-sensibilizando-com-as-diferencas-promove-inclusao-na-comunidade-escolar-no-cnec-teutonia\/"]}]},{"@type":"ImageObject","inLanguage":"pt-BR","@id":"https:\/\/folhapopular.info\/index.php\/2024\/08\/24\/projeto-sensibilizando-com-as-diferencas-promove-inclusao-na-comunidade-escolar-no-cnec-teutonia\/#primaryimage","url":"https:\/\/folhapopular.info\/wp-content\/uploads\/2024\/08\/turma.jpeg","contentUrl":"https:\/\/folhapopular.info\/wp-content\/uploads\/2024\/08\/turma.jpeg","width":1600,"height":994,"caption":"Visita dos estudantes \u00e0 Apae \/ Cr\u00e9dito: Divulga\u00e7\u00e3o"},{"@type":"BreadcrumbList","@id":"https:\/\/folhapopular.info\/index.php\/2024\/08\/24\/projeto-sensibilizando-com-as-diferencas-promove-inclusao-na-comunidade-escolar-no-cnec-teutonia\/#breadcrumb","itemListElement":[{"@type":"ListItem","position":1,"name":"In\u00edcio","item":"https:\/\/folhapopular.info\/"},{"@type":"ListItem","position":2,"name":"Projeto &#8220;Sensibilizando com as Diferen\u00e7as&#8221; promove inclus\u00e3o na comunidade escolar no CNEC Teut\u00f4nia"}]},{"@type":"WebSite","@id":"https:\/\/folhapopular.info\/#website","url":"https:\/\/folhapopular.info\/","name":"Folha Popular","description":"Onde voc\u00ea tem vez e voz","potentialAction":[{"@type":"SearchAction","target":{"@type":"EntryPoint","urlTemplate":"https:\/\/folhapopular.info\/?s={search_term_string}"},"query-input":{"@type":"PropertyValueSpecification","valueRequired":true,"valueName":"search_term_string"}}],"inLanguage":"pt-BR"},{"@type":"Person","@id":"https:\/\/folhapopular.info\/#\/schema\/person\/2814e8a0df7643585a9ca38bc6eb9d4b","name":"Reda\u00e7\u00e3o Folha Popular","image":{"@type":"ImageObject","inLanguage":"pt-BR","@id":"https:\/\/folhapopular.info\/wp-content\/uploads\/2026\/04\/Folha-1.webp","url":"https:\/\/folhapopular.info\/wp-content\/uploads\/2026\/04\/Folha-1.webp","contentUrl":"https:\/\/folhapopular.info\/wp-content\/uploads\/2026\/04\/Folha-1.webp","caption":"Reda\u00e7\u00e3o Folha Popular"},"url":"https:\/\/folhapopular.info\/index.php\/author\/redacao\/"}]}},"jetpack_featured_media_url":"https:\/\/folhapopular.info\/wp-content\/uploads\/2024\/08\/turma.jpeg","jetpack_sharing_enabled":true,"amp_enabled":true,"_links":{"self":[{"href":"https:\/\/folhapopular.info\/index.php\/wp-json\/wp\/v2\/posts\/166700","targetHints":{"allow":["GET"]}}],"collection":[{"href":"https:\/\/folhapopular.info\/index.php\/wp-json\/wp\/v2\/posts"}],"about":[{"href":"https:\/\/folhapopular.info\/index.php\/wp-json\/wp\/v2\/types\/post"}],"author":[{"embeddable":true,"href":"https:\/\/folhapopular.info\/index.php\/wp-json\/wp\/v2\/users\/8"}],"replies":[{"embeddable":true,"href":"https:\/\/folhapopular.info\/index.php\/wp-json\/wp\/v2\/comments?post=166700"}],"version-history":[{"count":0,"href":"https:\/\/folhapopular.info\/index.php\/wp-json\/wp\/v2\/posts\/166700\/revisions"}],"wp:featuredmedia":[{"embeddable":true,"href":"https:\/\/folhapopular.info\/index.php\/wp-json\/wp\/v2\/media\/166703"}],"wp:attachment":[{"href":"https:\/\/folhapopular.info\/index.php\/wp-json\/wp\/v2\/media?parent=166700"}],"wp:term":[{"taxonomy":"category","embeddable":true,"href":"https:\/\/folhapopular.info\/index.php\/wp-json\/wp\/v2\/categories?post=166700"},{"taxonomy":"post_tag","embeddable":true,"href":"https:\/\/folhapopular.info\/index.php\/wp-json\/wp\/v2\/tags?post=166700"}],"curies":[{"name":"wp","href":"https:\/\/api.w.org\/{rel}","templated":true}]}}