{"id":166742,"date":"2024-08-24T17:00:00","date_gmt":"2024-08-24T20:00:00","guid":{"rendered":"https:\/\/folhapopular.info\/?p=166742"},"modified":"2024-08-24T09:02:30","modified_gmt":"2024-08-24T12:02:30","slug":"evento-reune-mulheres-para-rodadas-de-negocios-em-lajeado","status":"publish","type":"post","link":"https:\/\/folhapopular.info\/index.php\/2024\/08\/24\/evento-reune-mulheres-para-rodadas-de-negocios-em-lajeado\/","title":{"rendered":"Evento re\u00fane mulheres para rodadas de neg\u00f3cios em Lajeado"},"content":{"rendered":"\n<p>Teut\u00f4nia recebeu nesta semana a 1\u00aa edi\u00e7\u00e3o do evento Mulheres e Neg\u00f3cios, promovido por Pipocando Networking, de Lajeado. As idealizadoras da programa\u00e7\u00e3o, Grazi Muniz e B\u00e1rbara Bottoni, que tradicionalmente realizam o evento em Lajeado, escolheram o Solar Baviera como novo palco para uma noite com muito networking, palestras, rodadas de neg\u00f3cios e entretenimento para mulheres empreendedoras.<\/p>\n\n\n\n<p>O evento foi voltado a mulheres gestoras e propriet\u00e1rias de neg\u00f3cios, que ali tiveram a oportunidade de divulgar seus produtos e servi\u00e7os. Foram tr\u00eas rodadas de neg\u00f3cios, em que cada uma teve um minuto por rodada para apresentar sua empresa \u00e0s demais integrantes da mesa. A din\u00e2mica \u00e9 planejada para otimizar as oportunidades de contato, respeitando que em cada mesa tenham representantes de diferentes atua\u00e7\u00f5es, para que suas chances de prospec\u00e7\u00e3o e divulga\u00e7\u00e3o ampliem. Cada mesa tem tamb\u00e9m uma facilitadora, mulher respons\u00e1vel por iniciar e organizar as rodadas de neg\u00f3cios.<\/p>\n\n\n\n<figure class=\"wp-block-image size-large\"><img loading=\"lazy\" decoding=\"async\" width=\"768\" height=\"1024\" src=\"https:\/\/folhapopular.info\/wp-content\/uploads\/2024\/08\/pipocando-768x1024.jpg\" alt=\"\" class=\"wp-image-166747\" srcset=\"https:\/\/folhapopular.info\/wp-content\/uploads\/2024\/08\/pipocando-768x1024.jpg 768w, https:\/\/folhapopular.info\/wp-content\/uploads\/2024\/08\/pipocando-225x300.jpg 225w, https:\/\/folhapopular.info\/wp-content\/uploads\/2024\/08\/pipocando-1152x1536.jpg 1152w, https:\/\/folhapopular.info\/wp-content\/uploads\/2024\/08\/pipocando-1536x2048.jpg 1536w, https:\/\/folhapopular.info\/wp-content\/uploads\/2024\/08\/pipocando-315x420.jpg 315w, https:\/\/folhapopular.info\/wp-content\/uploads\/2024\/08\/pipocando-696x928.jpg 696w, https:\/\/folhapopular.info\/wp-content\/uploads\/2024\/08\/pipocando-1068x1424.jpg 1068w, https:\/\/folhapopular.info\/wp-content\/uploads\/2024\/08\/pipocando-scaled.jpg 1920w\" sizes=\"auto, (max-width: 768px) 100vw, 768px\" \/><figcaption class=\"wp-element-caption\">B\u00e1rbara e Grazi s\u00e3o as promotoras do evento \/ Cr\u00e9dito: Luciana Brune<\/figcaption><\/figure>\n\n\n\n<p>Al\u00e9m disso, cinco talkers compartilharam insights valiosos. Camila Brunetto, Cristiane Angst, Joice Pinheiro, Rose Halmenschager e Tamara Kilpp apresentaram seus servi\u00e7os e experi\u00eancias de vida com as presentes. Entre os temas trazidos, o empreendedorismo e a for\u00e7a feminina, dicas para facilitar a organiza\u00e7\u00e3o na vida das mulheres, terapias integrativas, cuidado materno-infantil e o poder da imagem.<\/p>\n\n\n\n<figure class=\"wp-block-image size-large\"><img loading=\"lazy\" decoding=\"async\" width=\"1024\" height=\"768\" src=\"https:\/\/folhapopular.info\/wp-content\/uploads\/2024\/08\/talkers-1024x768.jpg\" alt=\"\" class=\"wp-image-166746\" srcset=\"https:\/\/folhapopular.info\/wp-content\/uploads\/2024\/08\/talkers-1024x768.jpg 1024w, https:\/\/folhapopular.info\/wp-content\/uploads\/2024\/08\/talkers-300x225.jpg 300w, https:\/\/folhapopular.info\/wp-content\/uploads\/2024\/08\/talkers-768x576.jpg 768w, https:\/\/folhapopular.info\/wp-content\/uploads\/2024\/08\/talkers-1536x1152.jpg 1536w, https:\/\/folhapopular.info\/wp-content\/uploads\/2024\/08\/talkers-2048x1536.jpg 2048w, https:\/\/folhapopular.info\/wp-content\/uploads\/2024\/08\/talkers-560x420.jpg 560w, https:\/\/folhapopular.info\/wp-content\/uploads\/2024\/08\/talkers-80x60.jpg 80w, https:\/\/folhapopular.info\/wp-content\/uploads\/2024\/08\/talkers-696x522.jpg 696w, https:\/\/folhapopular.info\/wp-content\/uploads\/2024\/08\/talkers-1068x801.jpg 1068w, https:\/\/folhapopular.info\/wp-content\/uploads\/2024\/08\/talkers-1920x1440.jpg 1920w\" sizes=\"auto, (max-width: 1024px) 100vw, 1024px\" \/><figcaption class=\"wp-element-caption\">Talkers compartilham conhecimento no palco \/ Cr\u00e9dito: Luciana Brune<\/figcaption><\/figure>\n\n\n\n<p>O evento tamb\u00e9m teve uma atra\u00e7\u00e3o especial, com show surpresa de Stella Maris, cantora, m\u00e3e e av\u00f3, que estar\u00e1 lan\u00e7ando seu terceiro LP em comemora\u00e7\u00e3o aos 50 anos de carreira.<\/p>\n\n\n\n<p>A noite tamb\u00e9m contou com exposi\u00e7\u00e3o de marcas, degusta\u00e7\u00e3o de caf\u00e9, vinho e espumante, al\u00e9m do jantar que foi servido nas mesas. Cada participante recebeu uma sacola com mimos diversos de marcas parceiras e um doce na sa\u00edda.<\/p>\n\n\n\n<p>Para incentivar a conex\u00e3o entre as participantes e parcerias futuras, cada mulher recebeu o Livro das Conex\u00f5es, com contatos e informa\u00e7\u00f5es sobre as demais participantes. \u201cNosso objetivo \u00e9 que o evento n\u00e3o acabe aqui, que as conex\u00f5es aconte\u00e7am ap\u00f3s e as mulheres busquem resultados para seus neg\u00f3cios\u201d, destaca Grazi Muniz.<\/p>\n\n\n\n<p>J\u00e1 est\u00e1 confirmada mais uma edi\u00e7\u00e3o do evento em 2025 em Teut\u00f4nia. Lajeado recebe nova edi\u00e7\u00e3o do evento ainda este ano, no dia 21 de outubro.<\/p>\n","protected":false},"excerpt":{"rendered":"<p>Teut\u00f4nia recebeu nesta semana a 1\u00aa edi\u00e7\u00e3o do evento Mulheres e Neg\u00f3cios, promovido por Pipocando Networking, de Lajeado. As idealizadoras da programa\u00e7\u00e3o, Grazi Muniz e B\u00e1rbara Bottoni, que tradicionalmente realizam o evento em Lajeado, escolheram o Solar Baviera como novo palco para uma noite com muito networking, palestras, rodadas de neg\u00f3cios e entretenimento para mulheres [&hellip;]<\/p>\n","protected":false},"author":8,"featured_media":166745,"comment_status":"open","ping_status":"open","sticky":false,"template":"","format":"standard","meta":{"pmpro_default_level":"","_jetpack_memberships_contains_paid_content":false,"footnotes":""},"categories":[2,6],"tags":[102,2451,14892],"class_list":{"0":"post-166742","1":"post","2":"type-post","3":"status-publish","4":"format-standard","5":"has-post-thumbnail","7":"category-featured","8":"category-inclusive","9":"tag-empreendedorismo","10":"tag-mulheres-e-negocios","11":"tag-pipocando","12":"pmpro-has-access"},"yoast_head":"<!-- This site is optimized with the Yoast SEO plugin v27.5 - https:\/\/yoast.com\/product\/yoast-seo-wordpress\/ -->\n<title>Evento re\u00fane mulheres para rodadas de neg\u00f3cios em Lajeado - Folha Popular<\/title>\n<meta name=\"robots\" content=\"index, follow, max-snippet:-1, max-image-preview:large, max-video-preview:-1\" \/>\n<link rel=\"canonical\" href=\"https:\/\/folhapopular.info\/index.php\/2024\/08\/24\/evento-reune-mulheres-para-rodadas-de-negocios-em-lajeado\/\" \/>\n<meta property=\"og:locale\" content=\"pt_BR\" \/>\n<meta property=\"og:type\" content=\"article\" \/>\n<meta property=\"og:title\" content=\"Evento re\u00fane mulheres para rodadas de neg\u00f3cios em Lajeado - Folha Popular\" \/>\n<meta property=\"og:description\" content=\"Teut\u00f4nia recebeu nesta semana a 1\u00aa edi\u00e7\u00e3o do evento Mulheres e Neg\u00f3cios, promovido por Pipocando Networking, de Lajeado. As idealizadoras da programa\u00e7\u00e3o, Grazi Muniz e B\u00e1rbara Bottoni, que tradicionalmente realizam o evento em Lajeado, escolheram o Solar Baviera como novo palco para uma noite com muito networking, palestras, rodadas de neg\u00f3cios e entretenimento para mulheres [&hellip;]\" \/>\n<meta property=\"og:url\" content=\"https:\/\/folhapopular.info\/index.php\/2024\/08\/24\/evento-reune-mulheres-para-rodadas-de-negocios-em-lajeado\/\" \/>\n<meta property=\"og:site_name\" content=\"Folha Popular\" \/>\n<meta property=\"article:published_time\" content=\"2024-08-24T20:00:00+00:00\" \/>\n<meta property=\"og:image\" content=\"https:\/\/folhapopular.info\/wp-content\/uploads\/2024\/08\/publico-scaled.jpg\" \/>\n\t<meta property=\"og:image:width\" content=\"2560\" \/>\n\t<meta property=\"og:image:height\" content=\"1920\" \/>\n\t<meta property=\"og:image:type\" content=\"image\/jpeg\" \/>\n<meta name=\"author\" content=\"Reda\u00e7\u00e3o Folha Popular\" \/>\n<meta name=\"twitter:card\" content=\"summary_large_image\" \/>\n<meta name=\"twitter:label1\" content=\"Escrito por\" \/>\n\t<meta name=\"twitter:data1\" content=\"Reda\u00e7\u00e3o Folha Popular\" \/>\n\t<meta name=\"twitter:label2\" content=\"Est. tempo de leitura\" \/>\n\t<meta name=\"twitter:data2\" content=\"3 minutos\" \/>\n<script type=\"application\/ld+json\" class=\"yoast-schema-graph\">{\"@context\":\"https:\\\/\\\/schema.org\",\"@graph\":[{\"@type\":\"Article\",\"@id\":\"https:\\\/\\\/folhapopular.info\\\/index.php\\\/2024\\\/08\\\/24\\\/evento-reune-mulheres-para-rodadas-de-negocios-em-lajeado\\\/#article\",\"isPartOf\":{\"@id\":\"https:\\\/\\\/folhapopular.info\\\/index.php\\\/2024\\\/08\\\/24\\\/evento-reune-mulheres-para-rodadas-de-negocios-em-lajeado\\\/\"},\"author\":{\"name\":\"Reda\u00e7\u00e3o Folha Popular\",\"@id\":\"https:\\\/\\\/folhapopular.info\\\/#\\\/schema\\\/person\\\/2814e8a0df7643585a9ca38bc6eb9d4b\"},\"headline\":\"Evento re\u00fane mulheres para rodadas de neg\u00f3cios em Lajeado\",\"datePublished\":\"2024-08-24T20:00:00+00:00\",\"mainEntityOfPage\":{\"@id\":\"https:\\\/\\\/folhapopular.info\\\/index.php\\\/2024\\\/08\\\/24\\\/evento-reune-mulheres-para-rodadas-de-negocios-em-lajeado\\\/\"},\"wordCount\":418,\"commentCount\":0,\"image\":{\"@id\":\"https:\\\/\\\/folhapopular.info\\\/index.php\\\/2024\\\/08\\\/24\\\/evento-reune-mulheres-para-rodadas-de-negocios-em-lajeado\\\/#primaryimage\"},\"thumbnailUrl\":\"https:\\\/\\\/folhapopular.info\\\/wp-content\\\/uploads\\\/2024\\\/08\\\/publico-scaled.jpg\",\"keywords\":[\"Empreendedorismo\",\"mulheres e neg\u00f3cios\",\"Pipocando\"],\"articleSection\":[\"Destaques\",\"Inclusive\"],\"inLanguage\":\"pt-BR\",\"potentialAction\":[{\"@type\":\"CommentAction\",\"name\":\"Comment\",\"target\":[\"https:\\\/\\\/folhapopular.info\\\/index.php\\\/2024\\\/08\\\/24\\\/evento-reune-mulheres-para-rodadas-de-negocios-em-lajeado\\\/#respond\"]}]},{\"@type\":\"WebPage\",\"@id\":\"https:\\\/\\\/folhapopular.info\\\/index.php\\\/2024\\\/08\\\/24\\\/evento-reune-mulheres-para-rodadas-de-negocios-em-lajeado\\\/\",\"url\":\"https:\\\/\\\/folhapopular.info\\\/index.php\\\/2024\\\/08\\\/24\\\/evento-reune-mulheres-para-rodadas-de-negocios-em-lajeado\\\/\",\"name\":\"Evento re\u00fane mulheres para rodadas de neg\u00f3cios em Lajeado - Folha Popular\",\"isPartOf\":{\"@id\":\"https:\\\/\\\/folhapopular.info\\\/#website\"},\"primaryImageOfPage\":{\"@id\":\"https:\\\/\\\/folhapopular.info\\\/index.php\\\/2024\\\/08\\\/24\\\/evento-reune-mulheres-para-rodadas-de-negocios-em-lajeado\\\/#primaryimage\"},\"image\":{\"@id\":\"https:\\\/\\\/folhapopular.info\\\/index.php\\\/2024\\\/08\\\/24\\\/evento-reune-mulheres-para-rodadas-de-negocios-em-lajeado\\\/#primaryimage\"},\"thumbnailUrl\":\"https:\\\/\\\/folhapopular.info\\\/wp-content\\\/uploads\\\/2024\\\/08\\\/publico-scaled.jpg\",\"datePublished\":\"2024-08-24T20:00:00+00:00\",\"author\":{\"@id\":\"https:\\\/\\\/folhapopular.info\\\/#\\\/schema\\\/person\\\/2814e8a0df7643585a9ca38bc6eb9d4b\"},\"breadcrumb\":{\"@id\":\"https:\\\/\\\/folhapopular.info\\\/index.php\\\/2024\\\/08\\\/24\\\/evento-reune-mulheres-para-rodadas-de-negocios-em-lajeado\\\/#breadcrumb\"},\"inLanguage\":\"pt-BR\",\"potentialAction\":[{\"@type\":\"ReadAction\",\"target\":[\"https:\\\/\\\/folhapopular.info\\\/index.php\\\/2024\\\/08\\\/24\\\/evento-reune-mulheres-para-rodadas-de-negocios-em-lajeado\\\/\"]}]},{\"@type\":\"ImageObject\",\"inLanguage\":\"pt-BR\",\"@id\":\"https:\\\/\\\/folhapopular.info\\\/index.php\\\/2024\\\/08\\\/24\\\/evento-reune-mulheres-para-rodadas-de-negocios-em-lajeado\\\/#primaryimage\",\"url\":\"https:\\\/\\\/folhapopular.info\\\/wp-content\\\/uploads\\\/2024\\\/08\\\/publico-scaled.jpg\",\"contentUrl\":\"https:\\\/\\\/folhapopular.info\\\/wp-content\\\/uploads\\\/2024\\\/08\\\/publico-scaled.jpg\",\"width\":2560,\"height\":1920,\"caption\":\"O pr\u00f3ximo evento ser\u00e1 em 21 de outubro em Lajeado \\\/ Cr\u00e9dito: Luciana Brune\"},{\"@type\":\"BreadcrumbList\",\"@id\":\"https:\\\/\\\/folhapopular.info\\\/index.php\\\/2024\\\/08\\\/24\\\/evento-reune-mulheres-para-rodadas-de-negocios-em-lajeado\\\/#breadcrumb\",\"itemListElement\":[{\"@type\":\"ListItem\",\"position\":1,\"name\":\"In\u00edcio\",\"item\":\"https:\\\/\\\/folhapopular.info\\\/\"},{\"@type\":\"ListItem\",\"position\":2,\"name\":\"Evento re\u00fane mulheres para rodadas de neg\u00f3cios em Lajeado\"}]},{\"@type\":\"WebSite\",\"@id\":\"https:\\\/\\\/folhapopular.info\\\/#website\",\"url\":\"https:\\\/\\\/folhapopular.info\\\/\",\"name\":\"Folha Popular\",\"description\":\"Onde voc\u00ea tem vez e voz\",\"potentialAction\":[{\"@type\":\"SearchAction\",\"target\":{\"@type\":\"EntryPoint\",\"urlTemplate\":\"https:\\\/\\\/folhapopular.info\\\/?s={search_term_string}\"},\"query-input\":{\"@type\":\"PropertyValueSpecification\",\"valueRequired\":true,\"valueName\":\"search_term_string\"}}],\"inLanguage\":\"pt-BR\"},{\"@type\":\"Person\",\"@id\":\"https:\\\/\\\/folhapopular.info\\\/#\\\/schema\\\/person\\\/2814e8a0df7643585a9ca38bc6eb9d4b\",\"name\":\"Reda\u00e7\u00e3o Folha Popular\",\"image\":{\"@type\":\"ImageObject\",\"inLanguage\":\"pt-BR\",\"@id\":\"https:\\\/\\\/folhapopular.info\\\/wp-content\\\/uploads\\\/2026\\\/04\\\/Folha-1.webp\",\"url\":\"https:\\\/\\\/folhapopular.info\\\/wp-content\\\/uploads\\\/2026\\\/04\\\/Folha-1.webp\",\"contentUrl\":\"https:\\\/\\\/folhapopular.info\\\/wp-content\\\/uploads\\\/2026\\\/04\\\/Folha-1.webp\",\"caption\":\"Reda\u00e7\u00e3o Folha Popular\"},\"url\":\"https:\\\/\\\/folhapopular.info\\\/index.php\\\/author\\\/redacao\\\/\"}]}<\/script>\n<!-- \/ Yoast SEO plugin. -->","yoast_head_json":{"title":"Evento re\u00fane mulheres para rodadas de neg\u00f3cios em Lajeado - Folha Popular","robots":{"index":"index","follow":"follow","max-snippet":"max-snippet:-1","max-image-preview":"max-image-preview:large","max-video-preview":"max-video-preview:-1"},"canonical":"https:\/\/folhapopular.info\/index.php\/2024\/08\/24\/evento-reune-mulheres-para-rodadas-de-negocios-em-lajeado\/","og_locale":"pt_BR","og_type":"article","og_title":"Evento re\u00fane mulheres para rodadas de neg\u00f3cios em Lajeado - Folha Popular","og_description":"Teut\u00f4nia recebeu nesta semana a 1\u00aa edi\u00e7\u00e3o do evento Mulheres e Neg\u00f3cios, promovido por Pipocando Networking, de Lajeado. As idealizadoras da programa\u00e7\u00e3o, Grazi Muniz e B\u00e1rbara Bottoni, que tradicionalmente realizam o evento em Lajeado, escolheram o Solar Baviera como novo palco para uma noite com muito networking, palestras, rodadas de neg\u00f3cios e entretenimento para mulheres [&hellip;]","og_url":"https:\/\/folhapopular.info\/index.php\/2024\/08\/24\/evento-reune-mulheres-para-rodadas-de-negocios-em-lajeado\/","og_site_name":"Folha Popular","article_published_time":"2024-08-24T20:00:00+00:00","og_image":[{"width":2560,"height":1920,"url":"https:\/\/folhapopular.info\/wp-content\/uploads\/2024\/08\/publico-scaled.jpg","type":"image\/jpeg"}],"author":"Reda\u00e7\u00e3o Folha Popular","twitter_card":"summary_large_image","twitter_misc":{"Escrito por":"Reda\u00e7\u00e3o Folha Popular","Est. tempo de leitura":"3 minutos"},"schema":{"@context":"https:\/\/schema.org","@graph":[{"@type":"Article","@id":"https:\/\/folhapopular.info\/index.php\/2024\/08\/24\/evento-reune-mulheres-para-rodadas-de-negocios-em-lajeado\/#article","isPartOf":{"@id":"https:\/\/folhapopular.info\/index.php\/2024\/08\/24\/evento-reune-mulheres-para-rodadas-de-negocios-em-lajeado\/"},"author":{"name":"Reda\u00e7\u00e3o Folha Popular","@id":"https:\/\/folhapopular.info\/#\/schema\/person\/2814e8a0df7643585a9ca38bc6eb9d4b"},"headline":"Evento re\u00fane mulheres para rodadas de neg\u00f3cios em Lajeado","datePublished":"2024-08-24T20:00:00+00:00","mainEntityOfPage":{"@id":"https:\/\/folhapopular.info\/index.php\/2024\/08\/24\/evento-reune-mulheres-para-rodadas-de-negocios-em-lajeado\/"},"wordCount":418,"commentCount":0,"image":{"@id":"https:\/\/folhapopular.info\/index.php\/2024\/08\/24\/evento-reune-mulheres-para-rodadas-de-negocios-em-lajeado\/#primaryimage"},"thumbnailUrl":"https:\/\/folhapopular.info\/wp-content\/uploads\/2024\/08\/publico-scaled.jpg","keywords":["Empreendedorismo","mulheres e neg\u00f3cios","Pipocando"],"articleSection":["Destaques","Inclusive"],"inLanguage":"pt-BR","potentialAction":[{"@type":"CommentAction","name":"Comment","target":["https:\/\/folhapopular.info\/index.php\/2024\/08\/24\/evento-reune-mulheres-para-rodadas-de-negocios-em-lajeado\/#respond"]}]},{"@type":"WebPage","@id":"https:\/\/folhapopular.info\/index.php\/2024\/08\/24\/evento-reune-mulheres-para-rodadas-de-negocios-em-lajeado\/","url":"https:\/\/folhapopular.info\/index.php\/2024\/08\/24\/evento-reune-mulheres-para-rodadas-de-negocios-em-lajeado\/","name":"Evento re\u00fane mulheres para rodadas de neg\u00f3cios em Lajeado - Folha Popular","isPartOf":{"@id":"https:\/\/folhapopular.info\/#website"},"primaryImageOfPage":{"@id":"https:\/\/folhapopular.info\/index.php\/2024\/08\/24\/evento-reune-mulheres-para-rodadas-de-negocios-em-lajeado\/#primaryimage"},"image":{"@id":"https:\/\/folhapopular.info\/index.php\/2024\/08\/24\/evento-reune-mulheres-para-rodadas-de-negocios-em-lajeado\/#primaryimage"},"thumbnailUrl":"https:\/\/folhapopular.info\/wp-content\/uploads\/2024\/08\/publico-scaled.jpg","datePublished":"2024-08-24T20:00:00+00:00","author":{"@id":"https:\/\/folhapopular.info\/#\/schema\/person\/2814e8a0df7643585a9ca38bc6eb9d4b"},"breadcrumb":{"@id":"https:\/\/folhapopular.info\/index.php\/2024\/08\/24\/evento-reune-mulheres-para-rodadas-de-negocios-em-lajeado\/#breadcrumb"},"inLanguage":"pt-BR","potentialAction":[{"@type":"ReadAction","target":["https:\/\/folhapopular.info\/index.php\/2024\/08\/24\/evento-reune-mulheres-para-rodadas-de-negocios-em-lajeado\/"]}]},{"@type":"ImageObject","inLanguage":"pt-BR","@id":"https:\/\/folhapopular.info\/index.php\/2024\/08\/24\/evento-reune-mulheres-para-rodadas-de-negocios-em-lajeado\/#primaryimage","url":"https:\/\/folhapopular.info\/wp-content\/uploads\/2024\/08\/publico-scaled.jpg","contentUrl":"https:\/\/folhapopular.info\/wp-content\/uploads\/2024\/08\/publico-scaled.jpg","width":2560,"height":1920,"caption":"O pr\u00f3ximo evento ser\u00e1 em 21 de outubro em Lajeado \/ Cr\u00e9dito: Luciana Brune"},{"@type":"BreadcrumbList","@id":"https:\/\/folhapopular.info\/index.php\/2024\/08\/24\/evento-reune-mulheres-para-rodadas-de-negocios-em-lajeado\/#breadcrumb","itemListElement":[{"@type":"ListItem","position":1,"name":"In\u00edcio","item":"https:\/\/folhapopular.info\/"},{"@type":"ListItem","position":2,"name":"Evento re\u00fane mulheres para rodadas de neg\u00f3cios em Lajeado"}]},{"@type":"WebSite","@id":"https:\/\/folhapopular.info\/#website","url":"https:\/\/folhapopular.info\/","name":"Folha Popular","description":"Onde voc\u00ea tem vez e voz","potentialAction":[{"@type":"SearchAction","target":{"@type":"EntryPoint","urlTemplate":"https:\/\/folhapopular.info\/?s={search_term_string}"},"query-input":{"@type":"PropertyValueSpecification","valueRequired":true,"valueName":"search_term_string"}}],"inLanguage":"pt-BR"},{"@type":"Person","@id":"https:\/\/folhapopular.info\/#\/schema\/person\/2814e8a0df7643585a9ca38bc6eb9d4b","name":"Reda\u00e7\u00e3o Folha Popular","image":{"@type":"ImageObject","inLanguage":"pt-BR","@id":"https:\/\/folhapopular.info\/wp-content\/uploads\/2026\/04\/Folha-1.webp","url":"https:\/\/folhapopular.info\/wp-content\/uploads\/2026\/04\/Folha-1.webp","contentUrl":"https:\/\/folhapopular.info\/wp-content\/uploads\/2026\/04\/Folha-1.webp","caption":"Reda\u00e7\u00e3o Folha Popular"},"url":"https:\/\/folhapopular.info\/index.php\/author\/redacao\/"}]}},"jetpack_featured_media_url":"https:\/\/folhapopular.info\/wp-content\/uploads\/2024\/08\/publico-scaled.jpg","jetpack_sharing_enabled":true,"amp_enabled":true,"_links":{"self":[{"href":"https:\/\/folhapopular.info\/index.php\/wp-json\/wp\/v2\/posts\/166742","targetHints":{"allow":["GET"]}}],"collection":[{"href":"https:\/\/folhapopular.info\/index.php\/wp-json\/wp\/v2\/posts"}],"about":[{"href":"https:\/\/folhapopular.info\/index.php\/wp-json\/wp\/v2\/types\/post"}],"author":[{"embeddable":true,"href":"https:\/\/folhapopular.info\/index.php\/wp-json\/wp\/v2\/users\/8"}],"replies":[{"embeddable":true,"href":"https:\/\/folhapopular.info\/index.php\/wp-json\/wp\/v2\/comments?post=166742"}],"version-history":[{"count":0,"href":"https:\/\/folhapopular.info\/index.php\/wp-json\/wp\/v2\/posts\/166742\/revisions"}],"wp:featuredmedia":[{"embeddable":true,"href":"https:\/\/folhapopular.info\/index.php\/wp-json\/wp\/v2\/media\/166745"}],"wp:attachment":[{"href":"https:\/\/folhapopular.info\/index.php\/wp-json\/wp\/v2\/media?parent=166742"}],"wp:term":[{"taxonomy":"category","embeddable":true,"href":"https:\/\/folhapopular.info\/index.php\/wp-json\/wp\/v2\/categories?post=166742"},{"taxonomy":"post_tag","embeddable":true,"href":"https:\/\/folhapopular.info\/index.php\/wp-json\/wp\/v2\/tags?post=166742"}],"curies":[{"name":"wp","href":"https:\/\/api.w.org\/{rel}","templated":true}]}}