{"id":166838,"date":"2024-08-24T21:13:14","date_gmt":"2024-08-25T00:13:14","guid":{"rendered":"https:\/\/folhapopular.info\/?p=166838"},"modified":"2024-08-25T21:23:47","modified_gmt":"2024-08-26T00:23:47","slug":"chama-paralimpica-e-acessa-em-stoke-mandeville-na-inglaterra","status":"publish","type":"post","link":"https:\/\/folhapopular.info\/index.php\/2024\/08\/24\/chama-paralimpica-e-acessa-em-stoke-mandeville-na-inglaterra\/","title":{"rendered":"Chama Paral\u00edmpica \u00e9 acessa em Stoke Mandeville, na Inglaterra"},"content":{"rendered":"\n<p class=\"wp-block-paragraph\">Restam apenas quatro dias para a cerim\u00f4nia de abertura dos Jogos Paral\u00edmpicos de 2024, que ter\u00e1 como palco a cidade de Paris (Fran\u00e7a). A Cerim\u00f4nia de Abertura dos Jogos Paral\u00edmpicos ser\u00e1 realizada na pr\u00f3xima quarta-feira (28\/8), a partir das 15h (hor\u00e1rio de Bras\u00edlia). O Brasil ser\u00e1 representado no megaevento esportivo por 280 atletas, sendo 255 com defici\u00eancia, de 20 modalidades.<\/p>\n\n\n\n<p class=\"wp-block-paragraph\">A Chama Paral\u00edmpica foi acessa neste s\u00e1bado (24\/8) na cidade inglesa de Stoke Mandeville, ber\u00e7o do movimento paral\u00edmpico. <\/p>\n\n\n\n<p class=\"wp-block-paragraph\">\u201cPara todos os envolvidos no Movimento Paral\u00edmpico, Stoke Mandeville representa um terreno sagrado e querido. Foi aqui, h\u00e1 76 anos, que o pioneiro vision\u00e1rio Sir Ludwig Guttmann [neurologista alem\u00e3o que foi um dos primeiros a usar o esporte para a reabilita\u00e7\u00e3o de pessoas com defici\u00eancia] criou o Movimento Paraol\u00edmpico\u201d, declarou o presidente do Comit\u00ea Paral\u00edmpico Internacional (IPC), o brasileiro Andrew Parsons.<\/p>\n\n\n\n<p class=\"wp-block-paragraph\">Guttmann organizou, em 1948, um evento esportivo para 16 veteranos feridos da 2\u00aa Guerra Mundial, usando o paradesporte como forma de reabilita\u00e7\u00e3o. Com isso, deu in\u00edcio a um dos maiores eventos esportivos do mundo. &#8220;Os Jogos Paral\u00edmpicos s\u00e3o agora uma vitrine espetacular do esporte, um evento que atrai bilh\u00f5es de telespectadores globais e o \u00fanico evento mundial de impacto que coloca as pessoas com defici\u00eancia em primeiro plano\u201d, declarou o dirigente brasileiro.<\/p>\n\n\n\n<figure class=\"wp-block-image\"><img loading=\"lazy\" decoding=\"async\" width=\"1024\" height=\"683\" src=\"https:\/\/folhapopular.info\/wp-content\/uploads\/2024\/08\/image-1-1024x683.png\" alt=\"\" class=\"wp-image-166840\" srcset=\"https:\/\/folhapopular.info\/wp-content\/uploads\/2024\/08\/image-1-1024x683.png 1024w, https:\/\/folhapopular.info\/wp-content\/uploads\/2024\/08\/image-1-300x200.png 300w, https:\/\/folhapopular.info\/wp-content\/uploads\/2024\/08\/image-1-768x512.png 768w, https:\/\/folhapopular.info\/wp-content\/uploads\/2024\/08\/image-1-1536x1025.png 1536w, https:\/\/folhapopular.info\/wp-content\/uploads\/2024\/08\/image-1-630x420.png 630w, https:\/\/folhapopular.info\/wp-content\/uploads\/2024\/08\/image-1-696x464.png 696w, https:\/\/folhapopular.info\/wp-content\/uploads\/2024\/08\/image-1-1068x713.png 1068w, https:\/\/folhapopular.info\/wp-content\/uploads\/2024\/08\/image-1.png 1920w\" sizes=\"auto, (max-width: 1024px) 100vw, 1024px\" \/><figcaption class=\"wp-element-caption\">Delega\u00e7\u00e3o brasileira 2024. Cr\u00e9dito: Ale Cabral \/ CPB<\/figcaption><\/figure>\n","protected":false},"excerpt":{"rendered":"<p>Restam apenas quatro dias para a cerim\u00f4nia de abertura dos Jogos Paral\u00edmpicos de 2024, que ter\u00e1 como palco a cidade de Paris (Fran\u00e7a). A Cerim\u00f4nia de Abertura dos Jogos Paral\u00edmpicos ser\u00e1 realizada na pr\u00f3xima quarta-feira (28\/8), a partir das 15h (hor\u00e1rio de Bras\u00edlia). O Brasil ser\u00e1 representado no megaevento esportivo por 280 atletas, sendo 255 [&hellip;]<\/p>\n","protected":false},"author":8,"featured_media":166839,"comment_status":"open","ping_status":"open","sticky":false,"template":"","format":"standard","meta":{"pmpro_default_level":"","_jetpack_memberships_contains_paid_content":false,"footnotes":""},"categories":[5],"tags":[15937],"class_list":["post-166838","post","type-post","status-publish","format-standard","has-post-thumbnail","category-esportes","tag-jogos-paralimpicos","pmpro-has-access"],"yoast_head":"<!-- This site is optimized with the Yoast SEO plugin v28.3 - https:\/\/yoast.com\/product\/yoast-seo-wordpress\/ -->\n<title>Chama Paral\u00edmpica \u00e9 acessa em Stoke Mandeville, na Inglaterra - Folha Popular<\/title>\n<meta name=\"robots\" content=\"index, follow, max-snippet:-1, max-image-preview:large, max-video-preview:-1\" \/>\n<link rel=\"canonical\" href=\"https:\/\/folhapopular.info\/index.php\/2024\/08\/24\/chama-paralimpica-e-acessa-em-stoke-mandeville-na-inglaterra\/\" \/>\n<meta property=\"og:locale\" content=\"pt_BR\" \/>\n<meta property=\"og:type\" content=\"article\" \/>\n<meta property=\"og:title\" content=\"Chama Paral\u00edmpica \u00e9 acessa em Stoke Mandeville, na Inglaterra - Folha Popular\" \/>\n<meta property=\"og:description\" content=\"Restam apenas quatro dias para a cerim\u00f4nia de abertura dos Jogos Paral\u00edmpicos de 2024, que ter\u00e1 como palco a cidade de Paris (Fran\u00e7a). A Cerim\u00f4nia de Abertura dos Jogos Paral\u00edmpicos ser\u00e1 realizada na pr\u00f3xima quarta-feira (28\/8), a partir das 15h (hor\u00e1rio de Bras\u00edlia). O Brasil ser\u00e1 representado no megaevento esportivo por 280 atletas, sendo 255 [&hellip;]\" \/>\n<meta property=\"og:url\" content=\"https:\/\/folhapopular.info\/index.php\/2024\/08\/24\/chama-paralimpica-e-acessa-em-stoke-mandeville-na-inglaterra\/\" \/>\n<meta property=\"og:site_name\" content=\"Folha Popular\" \/>\n<meta property=\"article:published_time\" content=\"2024-08-25T00:13:14+00:00\" \/>\n<meta property=\"article:modified_time\" content=\"2024-08-26T00:23:47+00:00\" \/>\n<meta property=\"og:image\" content=\"http:\/\/folhapopular.info\/wp-content\/uploads\/2024\/08\/GVwCUkeWsAEdzIx-scaled.jpg\" \/>\n\t<meta property=\"og:image:width\" content=\"2560\" \/>\n\t<meta property=\"og:image:height\" content=\"1707\" \/>\n\t<meta property=\"og:image:type\" content=\"image\/jpeg\" \/>\n<meta name=\"author\" content=\"Reda\u00e7\u00e3o Folha Popular\" \/>\n<meta name=\"twitter:card\" content=\"summary_large_image\" \/>\n<meta name=\"twitter:label1\" content=\"Escrito por\" \/>\n\t<meta name=\"twitter:data1\" content=\"Reda\u00e7\u00e3o Folha Popular\" \/>\n\t<meta name=\"twitter:label2\" content=\"Est. tempo de leitura\" \/>\n\t<meta name=\"twitter:data2\" content=\"2 minutos\" \/>\n<script type=\"application\/ld+json\" class=\"yoast-schema-graph\">{\"@context\":\"https:\\\/\\\/schema.org\",\"@graph\":[{\"@type\":\"Article\",\"@id\":\"https:\\\/\\\/folhapopular.info\\\/index.php\\\/2024\\\/08\\\/24\\\/chama-paralimpica-e-acessa-em-stoke-mandeville-na-inglaterra\\\/#article\",\"isPartOf\":{\"@id\":\"https:\\\/\\\/folhapopular.info\\\/index.php\\\/2024\\\/08\\\/24\\\/chama-paralimpica-e-acessa-em-stoke-mandeville-na-inglaterra\\\/\"},\"author\":{\"name\":\"Reda\u00e7\u00e3o Folha Popular\",\"@id\":\"https:\\\/\\\/folhapopular.info\\\/#\\\/schema\\\/person\\\/2814e8a0df7643585a9ca38bc6eb9d4b\"},\"headline\":\"Chama Paral\u00edmpica \u00e9 acessa em Stoke Mandeville, na Inglaterra\",\"datePublished\":\"2024-08-25T00:13:14+00:00\",\"dateModified\":\"2024-08-26T00:23:47+00:00\",\"mainEntityOfPage\":{\"@id\":\"https:\\\/\\\/folhapopular.info\\\/index.php\\\/2024\\\/08\\\/24\\\/chama-paralimpica-e-acessa-em-stoke-mandeville-na-inglaterra\\\/\"},\"wordCount\":244,\"commentCount\":0,\"image\":{\"@id\":\"https:\\\/\\\/folhapopular.info\\\/index.php\\\/2024\\\/08\\\/24\\\/chama-paralimpica-e-acessa-em-stoke-mandeville-na-inglaterra\\\/#primaryimage\"},\"thumbnailUrl\":\"https:\\\/\\\/folhapopular.info\\\/wp-content\\\/uploads\\\/2024\\\/08\\\/GVwCUkeWsAEdzIx-scaled.jpg\",\"keywords\":[\"Jogos Paral\u00edmpicos\"],\"articleSection\":[\"Esportes\"],\"inLanguage\":\"pt-BR\",\"potentialAction\":[{\"@type\":\"CommentAction\",\"name\":\"Comment\",\"target\":[\"https:\\\/\\\/folhapopular.info\\\/index.php\\\/2024\\\/08\\\/24\\\/chama-paralimpica-e-acessa-em-stoke-mandeville-na-inglaterra\\\/#respond\"]}]},{\"@type\":\"WebPage\",\"@id\":\"https:\\\/\\\/folhapopular.info\\\/index.php\\\/2024\\\/08\\\/24\\\/chama-paralimpica-e-acessa-em-stoke-mandeville-na-inglaterra\\\/\",\"url\":\"https:\\\/\\\/folhapopular.info\\\/index.php\\\/2024\\\/08\\\/24\\\/chama-paralimpica-e-acessa-em-stoke-mandeville-na-inglaterra\\\/\",\"name\":\"Chama Paral\u00edmpica \u00e9 acessa em Stoke Mandeville, na Inglaterra - Folha Popular\",\"isPartOf\":{\"@id\":\"https:\\\/\\\/folhapopular.info\\\/#website\"},\"primaryImageOfPage\":{\"@id\":\"https:\\\/\\\/folhapopular.info\\\/index.php\\\/2024\\\/08\\\/24\\\/chama-paralimpica-e-acessa-em-stoke-mandeville-na-inglaterra\\\/#primaryimage\"},\"image\":{\"@id\":\"https:\\\/\\\/folhapopular.info\\\/index.php\\\/2024\\\/08\\\/24\\\/chama-paralimpica-e-acessa-em-stoke-mandeville-na-inglaterra\\\/#primaryimage\"},\"thumbnailUrl\":\"https:\\\/\\\/folhapopular.info\\\/wp-content\\\/uploads\\\/2024\\\/08\\\/GVwCUkeWsAEdzIx-scaled.jpg\",\"datePublished\":\"2024-08-25T00:13:14+00:00\",\"dateModified\":\"2024-08-26T00:23:47+00:00\",\"author\":{\"@id\":\"https:\\\/\\\/folhapopular.info\\\/#\\\/schema\\\/person\\\/2814e8a0df7643585a9ca38bc6eb9d4b\"},\"breadcrumb\":{\"@id\":\"https:\\\/\\\/folhapopular.info\\\/index.php\\\/2024\\\/08\\\/24\\\/chama-paralimpica-e-acessa-em-stoke-mandeville-na-inglaterra\\\/#breadcrumb\"},\"inLanguage\":\"pt-BR\",\"potentialAction\":[{\"@type\":\"ReadAction\",\"target\":[\"https:\\\/\\\/folhapopular.info\\\/index.php\\\/2024\\\/08\\\/24\\\/chama-paralimpica-e-acessa-em-stoke-mandeville-na-inglaterra\\\/\"]}]},{\"@type\":\"ImageObject\",\"inLanguage\":\"pt-BR\",\"@id\":\"https:\\\/\\\/folhapopular.info\\\/index.php\\\/2024\\\/08\\\/24\\\/chama-paralimpica-e-acessa-em-stoke-mandeville-na-inglaterra\\\/#primaryimage\",\"url\":\"https:\\\/\\\/folhapopular.info\\\/wp-content\\\/uploads\\\/2024\\\/08\\\/GVwCUkeWsAEdzIx-scaled.jpg\",\"contentUrl\":\"https:\\\/\\\/folhapopular.info\\\/wp-content\\\/uploads\\\/2024\\\/08\\\/GVwCUkeWsAEdzIx-scaled.jpg\",\"width\":2560,\"height\":1707,\"caption\":\"Cr\u00e9dito: John Phillips \\\/ Getty Images\"},{\"@type\":\"BreadcrumbList\",\"@id\":\"https:\\\/\\\/folhapopular.info\\\/index.php\\\/2024\\\/08\\\/24\\\/chama-paralimpica-e-acessa-em-stoke-mandeville-na-inglaterra\\\/#breadcrumb\",\"itemListElement\":[{\"@type\":\"ListItem\",\"position\":1,\"name\":\"In\u00edcio\",\"item\":\"https:\\\/\\\/folhapopular.info\\\/\"},{\"@type\":\"ListItem\",\"position\":2,\"name\":\"Chama Paral\u00edmpica \u00e9 acessa em Stoke Mandeville, na Inglaterra\"}]},{\"@type\":\"WebSite\",\"@id\":\"https:\\\/\\\/folhapopular.info\\\/#website\",\"url\":\"https:\\\/\\\/folhapopular.info\\\/\",\"name\":\"Folha Popular\",\"description\":\"Onde voc\u00ea tem vez e voz\",\"potentialAction\":[{\"@type\":\"SearchAction\",\"target\":{\"@type\":\"EntryPoint\",\"urlTemplate\":\"https:\\\/\\\/folhapopular.info\\\/?s={search_term_string}\"},\"query-input\":{\"@type\":\"PropertyValueSpecification\",\"valueRequired\":true,\"valueName\":\"search_term_string\"}}],\"inLanguage\":\"pt-BR\"},{\"@type\":\"Person\",\"@id\":\"https:\\\/\\\/folhapopular.info\\\/#\\\/schema\\\/person\\\/2814e8a0df7643585a9ca38bc6eb9d4b\",\"name\":\"Reda\u00e7\u00e3o Folha Popular\",\"image\":{\"@type\":\"ImageObject\",\"inLanguage\":\"pt-BR\",\"@id\":\"https:\\\/\\\/folhapopular.info\\\/wp-content\\\/uploads\\\/2026\\\/04\\\/Folha-1.webp\",\"url\":\"https:\\\/\\\/folhapopular.info\\\/wp-content\\\/uploads\\\/2026\\\/04\\\/Folha-1.webp\",\"contentUrl\":\"https:\\\/\\\/folhapopular.info\\\/wp-content\\\/uploads\\\/2026\\\/04\\\/Folha-1.webp\",\"caption\":\"Reda\u00e7\u00e3o Folha Popular\"},\"url\":\"https:\\\/\\\/folhapopular.info\\\/index.php\\\/author\\\/redacao\\\/\"}]}<\/script>\n<!-- \/ Yoast SEO plugin. -->","yoast_head_json":{"title":"Chama Paral\u00edmpica \u00e9 acessa em Stoke Mandeville, na Inglaterra - Folha Popular","robots":{"index":"index","follow":"follow","max-snippet":"max-snippet:-1","max-image-preview":"max-image-preview:large","max-video-preview":"max-video-preview:-1"},"canonical":"https:\/\/folhapopular.info\/index.php\/2024\/08\/24\/chama-paralimpica-e-acessa-em-stoke-mandeville-na-inglaterra\/","og_locale":"pt_BR","og_type":"article","og_title":"Chama Paral\u00edmpica \u00e9 acessa em Stoke Mandeville, na Inglaterra - Folha Popular","og_description":"Restam apenas quatro dias para a cerim\u00f4nia de abertura dos Jogos Paral\u00edmpicos de 2024, que ter\u00e1 como palco a cidade de Paris (Fran\u00e7a). A Cerim\u00f4nia de Abertura dos Jogos Paral\u00edmpicos ser\u00e1 realizada na pr\u00f3xima quarta-feira (28\/8), a partir das 15h (hor\u00e1rio de Bras\u00edlia). O Brasil ser\u00e1 representado no megaevento esportivo por 280 atletas, sendo 255 [&hellip;]","og_url":"https:\/\/folhapopular.info\/index.php\/2024\/08\/24\/chama-paralimpica-e-acessa-em-stoke-mandeville-na-inglaterra\/","og_site_name":"Folha Popular","article_published_time":"2024-08-25T00:13:14+00:00","article_modified_time":"2024-08-26T00:23:47+00:00","og_image":[{"width":2560,"height":1707,"url":"http:\/\/folhapopular.info\/wp-content\/uploads\/2024\/08\/GVwCUkeWsAEdzIx-scaled.jpg","type":"image\/jpeg"}],"author":"Reda\u00e7\u00e3o Folha Popular","twitter_card":"summary_large_image","twitter_misc":{"Escrito por":"Reda\u00e7\u00e3o Folha Popular","Est. tempo de leitura":"2 minutos"},"schema":{"@context":"https:\/\/schema.org","@graph":[{"@type":"Article","@id":"https:\/\/folhapopular.info\/index.php\/2024\/08\/24\/chama-paralimpica-e-acessa-em-stoke-mandeville-na-inglaterra\/#article","isPartOf":{"@id":"https:\/\/folhapopular.info\/index.php\/2024\/08\/24\/chama-paralimpica-e-acessa-em-stoke-mandeville-na-inglaterra\/"},"author":{"name":"Reda\u00e7\u00e3o Folha Popular","@id":"https:\/\/folhapopular.info\/#\/schema\/person\/2814e8a0df7643585a9ca38bc6eb9d4b"},"headline":"Chama Paral\u00edmpica \u00e9 acessa em Stoke Mandeville, na Inglaterra","datePublished":"2024-08-25T00:13:14+00:00","dateModified":"2024-08-26T00:23:47+00:00","mainEntityOfPage":{"@id":"https:\/\/folhapopular.info\/index.php\/2024\/08\/24\/chama-paralimpica-e-acessa-em-stoke-mandeville-na-inglaterra\/"},"wordCount":244,"commentCount":0,"image":{"@id":"https:\/\/folhapopular.info\/index.php\/2024\/08\/24\/chama-paralimpica-e-acessa-em-stoke-mandeville-na-inglaterra\/#primaryimage"},"thumbnailUrl":"https:\/\/folhapopular.info\/wp-content\/uploads\/2024\/08\/GVwCUkeWsAEdzIx-scaled.jpg","keywords":["Jogos Paral\u00edmpicos"],"articleSection":["Esportes"],"inLanguage":"pt-BR","potentialAction":[{"@type":"CommentAction","name":"Comment","target":["https:\/\/folhapopular.info\/index.php\/2024\/08\/24\/chama-paralimpica-e-acessa-em-stoke-mandeville-na-inglaterra\/#respond"]}]},{"@type":"WebPage","@id":"https:\/\/folhapopular.info\/index.php\/2024\/08\/24\/chama-paralimpica-e-acessa-em-stoke-mandeville-na-inglaterra\/","url":"https:\/\/folhapopular.info\/index.php\/2024\/08\/24\/chama-paralimpica-e-acessa-em-stoke-mandeville-na-inglaterra\/","name":"Chama Paral\u00edmpica \u00e9 acessa em Stoke Mandeville, na Inglaterra - Folha Popular","isPartOf":{"@id":"https:\/\/folhapopular.info\/#website"},"primaryImageOfPage":{"@id":"https:\/\/folhapopular.info\/index.php\/2024\/08\/24\/chama-paralimpica-e-acessa-em-stoke-mandeville-na-inglaterra\/#primaryimage"},"image":{"@id":"https:\/\/folhapopular.info\/index.php\/2024\/08\/24\/chama-paralimpica-e-acessa-em-stoke-mandeville-na-inglaterra\/#primaryimage"},"thumbnailUrl":"https:\/\/folhapopular.info\/wp-content\/uploads\/2024\/08\/GVwCUkeWsAEdzIx-scaled.jpg","datePublished":"2024-08-25T00:13:14+00:00","dateModified":"2024-08-26T00:23:47+00:00","author":{"@id":"https:\/\/folhapopular.info\/#\/schema\/person\/2814e8a0df7643585a9ca38bc6eb9d4b"},"breadcrumb":{"@id":"https:\/\/folhapopular.info\/index.php\/2024\/08\/24\/chama-paralimpica-e-acessa-em-stoke-mandeville-na-inglaterra\/#breadcrumb"},"inLanguage":"pt-BR","potentialAction":[{"@type":"ReadAction","target":["https:\/\/folhapopular.info\/index.php\/2024\/08\/24\/chama-paralimpica-e-acessa-em-stoke-mandeville-na-inglaterra\/"]}]},{"@type":"ImageObject","inLanguage":"pt-BR","@id":"https:\/\/folhapopular.info\/index.php\/2024\/08\/24\/chama-paralimpica-e-acessa-em-stoke-mandeville-na-inglaterra\/#primaryimage","url":"https:\/\/folhapopular.info\/wp-content\/uploads\/2024\/08\/GVwCUkeWsAEdzIx-scaled.jpg","contentUrl":"https:\/\/folhapopular.info\/wp-content\/uploads\/2024\/08\/GVwCUkeWsAEdzIx-scaled.jpg","width":2560,"height":1707,"caption":"Cr\u00e9dito: John Phillips \/ Getty Images"},{"@type":"BreadcrumbList","@id":"https:\/\/folhapopular.info\/index.php\/2024\/08\/24\/chama-paralimpica-e-acessa-em-stoke-mandeville-na-inglaterra\/#breadcrumb","itemListElement":[{"@type":"ListItem","position":1,"name":"In\u00edcio","item":"https:\/\/folhapopular.info\/"},{"@type":"ListItem","position":2,"name":"Chama Paral\u00edmpica \u00e9 acessa em Stoke Mandeville, na Inglaterra"}]},{"@type":"WebSite","@id":"https:\/\/folhapopular.info\/#website","url":"https:\/\/folhapopular.info\/","name":"Folha Popular","description":"Onde voc\u00ea tem vez e voz","potentialAction":[{"@type":"SearchAction","target":{"@type":"EntryPoint","urlTemplate":"https:\/\/folhapopular.info\/?s={search_term_string}"},"query-input":{"@type":"PropertyValueSpecification","valueRequired":true,"valueName":"search_term_string"}}],"inLanguage":"pt-BR"},{"@type":"Person","@id":"https:\/\/folhapopular.info\/#\/schema\/person\/2814e8a0df7643585a9ca38bc6eb9d4b","name":"Reda\u00e7\u00e3o Folha Popular","image":{"@type":"ImageObject","inLanguage":"pt-BR","@id":"https:\/\/folhapopular.info\/wp-content\/uploads\/2026\/04\/Folha-1.webp","url":"https:\/\/folhapopular.info\/wp-content\/uploads\/2026\/04\/Folha-1.webp","contentUrl":"https:\/\/folhapopular.info\/wp-content\/uploads\/2026\/04\/Folha-1.webp","caption":"Reda\u00e7\u00e3o Folha Popular"},"url":"https:\/\/folhapopular.info\/index.php\/author\/redacao\/"}]}},"jetpack_sharing_enabled":true,"amp_enabled":true,"jetpack_featured_media_url":"https:\/\/folhapopular.info\/wp-content\/uploads\/2024\/08\/GVwCUkeWsAEdzIx-scaled.jpg","_links":{"self":[{"href":"https:\/\/folhapopular.info\/index.php\/wp-json\/wp\/v2\/posts\/166838","targetHints":{"allow":["GET"]}}],"collection":[{"href":"https:\/\/folhapopular.info\/index.php\/wp-json\/wp\/v2\/posts"}],"about":[{"href":"https:\/\/folhapopular.info\/index.php\/wp-json\/wp\/v2\/types\/post"}],"author":[{"embeddable":true,"href":"https:\/\/folhapopular.info\/index.php\/wp-json\/wp\/v2\/users\/8"}],"replies":[{"embeddable":true,"href":"https:\/\/folhapopular.info\/index.php\/wp-json\/wp\/v2\/comments?post=166838"}],"version-history":[{"count":0,"href":"https:\/\/folhapopular.info\/index.php\/wp-json\/wp\/v2\/posts\/166838\/revisions"}],"wp:featuredmedia":[{"embeddable":true,"href":"https:\/\/folhapopular.info\/index.php\/wp-json\/wp\/v2\/media\/166839"}],"wp:attachment":[{"href":"https:\/\/folhapopular.info\/index.php\/wp-json\/wp\/v2\/media?parent=166838"}],"wp:term":[{"taxonomy":"category","embeddable":true,"href":"https:\/\/folhapopular.info\/index.php\/wp-json\/wp\/v2\/categories?post=166838"},{"taxonomy":"post_tag","embeddable":true,"href":"https:\/\/folhapopular.info\/index.php\/wp-json\/wp\/v2\/tags?post=166838"}],"curies":[{"name":"wp","href":"https:\/\/api.w.org\/{rel}","templated":true}]}}