{"id":167213,"date":"2024-08-30T15:00:00","date_gmt":"2024-08-30T18:00:00","guid":{"rendered":"https:\/\/folhapopular.info\/?p=167213"},"modified":"2024-08-30T13:29:11","modified_gmt":"2024-08-30T16:29:11","slug":"estado-dara-titulo-de-propriedade-aos-agricultores-assentados-no-rs","status":"publish","type":"post","link":"https:\/\/folhapopular.info\/index.php\/2024\/08\/30\/estado-dara-titulo-de-propriedade-aos-agricultores-assentados-no-rs\/","title":{"rendered":"Estado dar\u00e1 t\u00edtulo de propriedade aos agricultores assentados no RS"},"content":{"rendered":"\n<p>O governador Eduardo Leite e o secret\u00e1rio de Habita\u00e7\u00e3o e Regulariza\u00e7\u00e3o Fundi\u00e1ria, Carlos Gomes, assinaram o decreto que institui o programa Assentamento Legal na quinta-feira (29\/8). O ato foi realizado na Expointer, durante a inaugura\u00e7\u00e3o oficial do Pavilh\u00e3o da Agricultura Familiar.<\/p>\n\n\n\n<p>O objetivo \u00e9\u00a0promover a regulariza\u00e7\u00e3o fundi\u00e1ria rural, por meio da entrega da outorga de t\u00edtulo definitivo, para os benefici\u00e1rios dos assentamentos estaduais. Ser\u00e3o regularizados mais de 3.200 lotes de assentados, a maior parte localizados em Hulha Negra, Cangu\u00e7u, Candiota e Livramento.<\/p>\n\n\n\n<p>O instrumento tem a for\u00e7a de escritura p\u00fablica, que transfere em car\u00e1ter definitivo a propriedade dos lotes da reforma agr\u00e1ria aos assentados. O programa Assentamento Legal atuar\u00e1 em 114 assentamentos em \u00e1reas de propriedade estadual. Al\u00e9m disso, possibilitar\u00e1 a outorga em outros 34 assentamentos compartilhados com o governo federal, que est\u00e3o sob a administra\u00e7\u00e3o do Instituto Nacional da Reforma Agr\u00e1ria (Incra). A medida cumpre a atribui\u00e7\u00e3o da compet\u00eancia de \u201cexecutar a pol\u00edtica de regulariza\u00e7\u00e3o fundi\u00e1ria rural\u201d \u00e0 Sehab, com a altera\u00e7\u00e3o da Lei Estadual 16.051\/2023, que disp\u00f5e sobre a estrutura administrativa do Poder Executivo Estadual.<\/p>\n\n\n\n<p>T\u00eam direito ao benef\u00edcio os assentados do Programa Estadual de Reforma Agr\u00e1ria que estejam h\u00e1, pelo menos, dez anos com trabalho e moradia no lote, n\u00e3o possuam estabelecimento comercial ou industrial, exceto empreendimento ligado \u00e0 atividade rural, tenham explorado a terra de forma pac\u00edfica, entre outros. O decreto ainda estabelece que esses benefici\u00e1rios ficar\u00e3o isentos das custas cartoriais para fins de titula\u00e7\u00e3o, tanto na regulariza\u00e7\u00e3o quanto na escritura p\u00fablica que conceder o t\u00edtulo de dom\u00ednio e, consequentemente, transfer\u00eancia para o nome do benefici\u00e1rio.<\/p>\n\n\n\n<p>As \u00e1reas trabalhadas pelo programa Assentamento Legal est\u00e3o enquadradas nas regras do Instituto Nacional de Coloniza\u00e7\u00e3o e Reforma Agr\u00e1ria (Incra). Ou seja, pela outorga do t\u00edtulo, os benefici\u00e1rios&nbsp;pagar\u00e3o 10% do valor m\u00ednimo da pauta de valores da terra nua para fins de titula\u00e7\u00e3o, para lotes de at\u00e9 dois m\u00f3dulos fiscais (unidade de medida agr\u00e1ria usada no Brasil, equivalendo \u00e0 m\u00e9dia de 18 a 20 hectares no Rio Grande do Sul). Ficar\u00e3o isentos de custos os benefici\u00e1rios enquadrados como de baixa renda (que recebem renda igual ou inferior a cinco sal\u00e1rios m\u00ednimos).<\/p>\n","protected":false},"excerpt":{"rendered":"<p>O governador Eduardo Leite e o secret\u00e1rio de Habita\u00e7\u00e3o e Regulariza\u00e7\u00e3o Fundi\u00e1ria, Carlos Gomes, assinaram o decreto que institui o programa Assentamento Legal na quinta-feira (29\/8). O ato foi realizado na Expointer, durante a inaugura\u00e7\u00e3o oficial do Pavilh\u00e3o da Agricultura Familiar. O objetivo \u00e9\u00a0promover a regulariza\u00e7\u00e3o fundi\u00e1ria rural, por meio da entrega da outorga de [&hellip;]<\/p>\n","protected":false},"author":8,"featured_media":167224,"comment_status":"open","ping_status":"open","sticky":false,"template":"","format":"standard","meta":{"pmpro_default_level":"","_jetpack_memberships_contains_paid_content":false,"footnotes":""},"categories":[2,10991,10994],"tags":[16012,6002,1794,16013],"class_list":{"0":"post-167213","1":"post","2":"type-post","3":"status-publish","4":"format-standard","5":"has-post-thumbnail","7":"category-featured","8":"category-economia","9":"category-rural","10":"tag-agricultores-do-rs","11":"tag-expointer","12":"tag-rio-grande-do-sul","13":"tag-titulo-de-propriedade","14":"pmpro-has-access"},"yoast_head":"<!-- This site is optimized with the Yoast SEO plugin v27.5 - https:\/\/yoast.com\/product\/yoast-seo-wordpress\/ -->\n<title>Estado dar\u00e1 t\u00edtulo de propriedade aos agricultores assentados no RS - Folha Popular<\/title>\n<meta name=\"robots\" content=\"index, follow, max-snippet:-1, max-image-preview:large, max-video-preview:-1\" \/>\n<link rel=\"canonical\" href=\"https:\/\/folhapopular.info\/index.php\/2024\/08\/30\/estado-dara-titulo-de-propriedade-aos-agricultores-assentados-no-rs\/\" \/>\n<meta property=\"og:locale\" content=\"pt_BR\" \/>\n<meta property=\"og:type\" content=\"article\" \/>\n<meta property=\"og:title\" content=\"Estado dar\u00e1 t\u00edtulo de propriedade aos agricultores assentados no RS - Folha Popular\" \/>\n<meta property=\"og:description\" content=\"O governador Eduardo Leite e o secret\u00e1rio de Habita\u00e7\u00e3o e Regulariza\u00e7\u00e3o Fundi\u00e1ria, Carlos Gomes, assinaram o decreto que institui o programa Assentamento Legal na quinta-feira (29\/8). O ato foi realizado na Expointer, durante a inaugura\u00e7\u00e3o oficial do Pavilh\u00e3o da Agricultura Familiar. O objetivo \u00e9\u00a0promover a regulariza\u00e7\u00e3o fundi\u00e1ria rural, por meio da entrega da outorga de [&hellip;]\" \/>\n<meta property=\"og:url\" content=\"https:\/\/folhapopular.info\/index.php\/2024\/08\/30\/estado-dara-titulo-de-propriedade-aos-agricultores-assentados-no-rs\/\" \/>\n<meta property=\"og:site_name\" content=\"Folha Popular\" \/>\n<meta property=\"article:published_time\" content=\"2024-08-30T18:00:00+00:00\" \/>\n<meta property=\"og:image\" content=\"https:\/\/folhapopular.info\/wp-content\/uploads\/2024\/08\/30103129_2150009_GD.jpg\" \/>\n\t<meta property=\"og:image:width\" content=\"945\" \/>\n\t<meta property=\"og:image:height\" content=\"532\" \/>\n\t<meta property=\"og:image:type\" content=\"image\/jpeg\" \/>\n<meta name=\"author\" content=\"Reda\u00e7\u00e3o Folha Popular\" \/>\n<meta name=\"twitter:card\" content=\"summary_large_image\" \/>\n<meta name=\"twitter:label1\" content=\"Escrito por\" \/>\n\t<meta name=\"twitter:data1\" content=\"Reda\u00e7\u00e3o Folha Popular\" \/>\n\t<meta name=\"twitter:label2\" content=\"Est. tempo de leitura\" \/>\n\t<meta name=\"twitter:data2\" content=\"3 minutos\" \/>\n<script type=\"application\/ld+json\" class=\"yoast-schema-graph\">{\"@context\":\"https:\\\/\\\/schema.org\",\"@graph\":[{\"@type\":\"Article\",\"@id\":\"https:\\\/\\\/folhapopular.info\\\/index.php\\\/2024\\\/08\\\/30\\\/estado-dara-titulo-de-propriedade-aos-agricultores-assentados-no-rs\\\/#article\",\"isPartOf\":{\"@id\":\"https:\\\/\\\/folhapopular.info\\\/index.php\\\/2024\\\/08\\\/30\\\/estado-dara-titulo-de-propriedade-aos-agricultores-assentados-no-rs\\\/\"},\"author\":{\"name\":\"Reda\u00e7\u00e3o Folha Popular\",\"@id\":\"https:\\\/\\\/folhapopular.info\\\/#\\\/schema\\\/person\\\/2814e8a0df7643585a9ca38bc6eb9d4b\"},\"headline\":\"Estado dar\u00e1 t\u00edtulo de propriedade aos agricultores assentados no RS\",\"datePublished\":\"2024-08-30T18:00:00+00:00\",\"mainEntityOfPage\":{\"@id\":\"https:\\\/\\\/folhapopular.info\\\/index.php\\\/2024\\\/08\\\/30\\\/estado-dara-titulo-de-propriedade-aos-agricultores-assentados-no-rs\\\/\"},\"wordCount\":409,\"commentCount\":0,\"image\":{\"@id\":\"https:\\\/\\\/folhapopular.info\\\/index.php\\\/2024\\\/08\\\/30\\\/estado-dara-titulo-de-propriedade-aos-agricultores-assentados-no-rs\\\/#primaryimage\"},\"thumbnailUrl\":\"https:\\\/\\\/folhapopular.info\\\/wp-content\\\/uploads\\\/2024\\\/08\\\/30103129_2150009_GD.jpg\",\"keywords\":[\"Agricultores do RS\",\"Expointer\",\"Rio Grande do Sul\",\"T\u00edtulo de propriedade\"],\"articleSection\":[\"Destaques\",\"Economia\",\"Rural\"],\"inLanguage\":\"pt-BR\",\"potentialAction\":[{\"@type\":\"CommentAction\",\"name\":\"Comment\",\"target\":[\"https:\\\/\\\/folhapopular.info\\\/index.php\\\/2024\\\/08\\\/30\\\/estado-dara-titulo-de-propriedade-aos-agricultores-assentados-no-rs\\\/#respond\"]}]},{\"@type\":\"WebPage\",\"@id\":\"https:\\\/\\\/folhapopular.info\\\/index.php\\\/2024\\\/08\\\/30\\\/estado-dara-titulo-de-propriedade-aos-agricultores-assentados-no-rs\\\/\",\"url\":\"https:\\\/\\\/folhapopular.info\\\/index.php\\\/2024\\\/08\\\/30\\\/estado-dara-titulo-de-propriedade-aos-agricultores-assentados-no-rs\\\/\",\"name\":\"Estado dar\u00e1 t\u00edtulo de propriedade aos agricultores assentados no RS - Folha Popular\",\"isPartOf\":{\"@id\":\"https:\\\/\\\/folhapopular.info\\\/#website\"},\"primaryImageOfPage\":{\"@id\":\"https:\\\/\\\/folhapopular.info\\\/index.php\\\/2024\\\/08\\\/30\\\/estado-dara-titulo-de-propriedade-aos-agricultores-assentados-no-rs\\\/#primaryimage\"},\"image\":{\"@id\":\"https:\\\/\\\/folhapopular.info\\\/index.php\\\/2024\\\/08\\\/30\\\/estado-dara-titulo-de-propriedade-aos-agricultores-assentados-no-rs\\\/#primaryimage\"},\"thumbnailUrl\":\"https:\\\/\\\/folhapopular.info\\\/wp-content\\\/uploads\\\/2024\\\/08\\\/30103129_2150009_GD.jpg\",\"datePublished\":\"2024-08-30T18:00:00+00:00\",\"author\":{\"@id\":\"https:\\\/\\\/folhapopular.info\\\/#\\\/schema\\\/person\\\/2814e8a0df7643585a9ca38bc6eb9d4b\"},\"breadcrumb\":{\"@id\":\"https:\\\/\\\/folhapopular.info\\\/index.php\\\/2024\\\/08\\\/30\\\/estado-dara-titulo-de-propriedade-aos-agricultores-assentados-no-rs\\\/#breadcrumb\"},\"inLanguage\":\"pt-BR\",\"potentialAction\":[{\"@type\":\"ReadAction\",\"target\":[\"https:\\\/\\\/folhapopular.info\\\/index.php\\\/2024\\\/08\\\/30\\\/estado-dara-titulo-de-propriedade-aos-agricultores-assentados-no-rs\\\/\"]}]},{\"@type\":\"ImageObject\",\"inLanguage\":\"pt-BR\",\"@id\":\"https:\\\/\\\/folhapopular.info\\\/index.php\\\/2024\\\/08\\\/30\\\/estado-dara-titulo-de-propriedade-aos-agricultores-assentados-no-rs\\\/#primaryimage\",\"url\":\"https:\\\/\\\/folhapopular.info\\\/wp-content\\\/uploads\\\/2024\\\/08\\\/30103129_2150009_GD.jpg\",\"contentUrl\":\"https:\\\/\\\/folhapopular.info\\\/wp-content\\\/uploads\\\/2024\\\/08\\\/30103129_2150009_GD.jpg\",\"width\":945,\"height\":532,\"caption\":\"Cr\u00e9dito: Divulga\u00e7\u00e3o\"},{\"@type\":\"BreadcrumbList\",\"@id\":\"https:\\\/\\\/folhapopular.info\\\/index.php\\\/2024\\\/08\\\/30\\\/estado-dara-titulo-de-propriedade-aos-agricultores-assentados-no-rs\\\/#breadcrumb\",\"itemListElement\":[{\"@type\":\"ListItem\",\"position\":1,\"name\":\"In\u00edcio\",\"item\":\"https:\\\/\\\/folhapopular.info\\\/\"},{\"@type\":\"ListItem\",\"position\":2,\"name\":\"Estado dar\u00e1 t\u00edtulo de propriedade aos agricultores assentados no RS\"}]},{\"@type\":\"WebSite\",\"@id\":\"https:\\\/\\\/folhapopular.info\\\/#website\",\"url\":\"https:\\\/\\\/folhapopular.info\\\/\",\"name\":\"Folha Popular\",\"description\":\"Onde voc\u00ea tem vez e voz\",\"potentialAction\":[{\"@type\":\"SearchAction\",\"target\":{\"@type\":\"EntryPoint\",\"urlTemplate\":\"https:\\\/\\\/folhapopular.info\\\/?s={search_term_string}\"},\"query-input\":{\"@type\":\"PropertyValueSpecification\",\"valueRequired\":true,\"valueName\":\"search_term_string\"}}],\"inLanguage\":\"pt-BR\"},{\"@type\":\"Person\",\"@id\":\"https:\\\/\\\/folhapopular.info\\\/#\\\/schema\\\/person\\\/2814e8a0df7643585a9ca38bc6eb9d4b\",\"name\":\"Reda\u00e7\u00e3o Folha Popular\",\"image\":{\"@type\":\"ImageObject\",\"inLanguage\":\"pt-BR\",\"@id\":\"https:\\\/\\\/folhapopular.info\\\/wp-content\\\/uploads\\\/2026\\\/04\\\/Folha-1.webp\",\"url\":\"https:\\\/\\\/folhapopular.info\\\/wp-content\\\/uploads\\\/2026\\\/04\\\/Folha-1.webp\",\"contentUrl\":\"https:\\\/\\\/folhapopular.info\\\/wp-content\\\/uploads\\\/2026\\\/04\\\/Folha-1.webp\",\"caption\":\"Reda\u00e7\u00e3o Folha Popular\"},\"url\":\"https:\\\/\\\/folhapopular.info\\\/index.php\\\/author\\\/redacao\\\/\"}]}<\/script>\n<!-- \/ Yoast SEO plugin. -->","yoast_head_json":{"title":"Estado dar\u00e1 t\u00edtulo de propriedade aos agricultores assentados no RS - Folha Popular","robots":{"index":"index","follow":"follow","max-snippet":"max-snippet:-1","max-image-preview":"max-image-preview:large","max-video-preview":"max-video-preview:-1"},"canonical":"https:\/\/folhapopular.info\/index.php\/2024\/08\/30\/estado-dara-titulo-de-propriedade-aos-agricultores-assentados-no-rs\/","og_locale":"pt_BR","og_type":"article","og_title":"Estado dar\u00e1 t\u00edtulo de propriedade aos agricultores assentados no RS - Folha Popular","og_description":"O governador Eduardo Leite e o secret\u00e1rio de Habita\u00e7\u00e3o e Regulariza\u00e7\u00e3o Fundi\u00e1ria, Carlos Gomes, assinaram o decreto que institui o programa Assentamento Legal na quinta-feira (29\/8). O ato foi realizado na Expointer, durante a inaugura\u00e7\u00e3o oficial do Pavilh\u00e3o da Agricultura Familiar. O objetivo \u00e9\u00a0promover a regulariza\u00e7\u00e3o fundi\u00e1ria rural, por meio da entrega da outorga de [&hellip;]","og_url":"https:\/\/folhapopular.info\/index.php\/2024\/08\/30\/estado-dara-titulo-de-propriedade-aos-agricultores-assentados-no-rs\/","og_site_name":"Folha Popular","article_published_time":"2024-08-30T18:00:00+00:00","og_image":[{"width":945,"height":532,"url":"https:\/\/folhapopular.info\/wp-content\/uploads\/2024\/08\/30103129_2150009_GD.jpg","type":"image\/jpeg"}],"author":"Reda\u00e7\u00e3o Folha Popular","twitter_card":"summary_large_image","twitter_misc":{"Escrito por":"Reda\u00e7\u00e3o Folha Popular","Est. tempo de leitura":"3 minutos"},"schema":{"@context":"https:\/\/schema.org","@graph":[{"@type":"Article","@id":"https:\/\/folhapopular.info\/index.php\/2024\/08\/30\/estado-dara-titulo-de-propriedade-aos-agricultores-assentados-no-rs\/#article","isPartOf":{"@id":"https:\/\/folhapopular.info\/index.php\/2024\/08\/30\/estado-dara-titulo-de-propriedade-aos-agricultores-assentados-no-rs\/"},"author":{"name":"Reda\u00e7\u00e3o Folha Popular","@id":"https:\/\/folhapopular.info\/#\/schema\/person\/2814e8a0df7643585a9ca38bc6eb9d4b"},"headline":"Estado dar\u00e1 t\u00edtulo de propriedade aos agricultores assentados no RS","datePublished":"2024-08-30T18:00:00+00:00","mainEntityOfPage":{"@id":"https:\/\/folhapopular.info\/index.php\/2024\/08\/30\/estado-dara-titulo-de-propriedade-aos-agricultores-assentados-no-rs\/"},"wordCount":409,"commentCount":0,"image":{"@id":"https:\/\/folhapopular.info\/index.php\/2024\/08\/30\/estado-dara-titulo-de-propriedade-aos-agricultores-assentados-no-rs\/#primaryimage"},"thumbnailUrl":"https:\/\/folhapopular.info\/wp-content\/uploads\/2024\/08\/30103129_2150009_GD.jpg","keywords":["Agricultores do RS","Expointer","Rio Grande do Sul","T\u00edtulo de propriedade"],"articleSection":["Destaques","Economia","Rural"],"inLanguage":"pt-BR","potentialAction":[{"@type":"CommentAction","name":"Comment","target":["https:\/\/folhapopular.info\/index.php\/2024\/08\/30\/estado-dara-titulo-de-propriedade-aos-agricultores-assentados-no-rs\/#respond"]}]},{"@type":"WebPage","@id":"https:\/\/folhapopular.info\/index.php\/2024\/08\/30\/estado-dara-titulo-de-propriedade-aos-agricultores-assentados-no-rs\/","url":"https:\/\/folhapopular.info\/index.php\/2024\/08\/30\/estado-dara-titulo-de-propriedade-aos-agricultores-assentados-no-rs\/","name":"Estado dar\u00e1 t\u00edtulo de propriedade aos agricultores assentados no RS - Folha Popular","isPartOf":{"@id":"https:\/\/folhapopular.info\/#website"},"primaryImageOfPage":{"@id":"https:\/\/folhapopular.info\/index.php\/2024\/08\/30\/estado-dara-titulo-de-propriedade-aos-agricultores-assentados-no-rs\/#primaryimage"},"image":{"@id":"https:\/\/folhapopular.info\/index.php\/2024\/08\/30\/estado-dara-titulo-de-propriedade-aos-agricultores-assentados-no-rs\/#primaryimage"},"thumbnailUrl":"https:\/\/folhapopular.info\/wp-content\/uploads\/2024\/08\/30103129_2150009_GD.jpg","datePublished":"2024-08-30T18:00:00+00:00","author":{"@id":"https:\/\/folhapopular.info\/#\/schema\/person\/2814e8a0df7643585a9ca38bc6eb9d4b"},"breadcrumb":{"@id":"https:\/\/folhapopular.info\/index.php\/2024\/08\/30\/estado-dara-titulo-de-propriedade-aos-agricultores-assentados-no-rs\/#breadcrumb"},"inLanguage":"pt-BR","potentialAction":[{"@type":"ReadAction","target":["https:\/\/folhapopular.info\/index.php\/2024\/08\/30\/estado-dara-titulo-de-propriedade-aos-agricultores-assentados-no-rs\/"]}]},{"@type":"ImageObject","inLanguage":"pt-BR","@id":"https:\/\/folhapopular.info\/index.php\/2024\/08\/30\/estado-dara-titulo-de-propriedade-aos-agricultores-assentados-no-rs\/#primaryimage","url":"https:\/\/folhapopular.info\/wp-content\/uploads\/2024\/08\/30103129_2150009_GD.jpg","contentUrl":"https:\/\/folhapopular.info\/wp-content\/uploads\/2024\/08\/30103129_2150009_GD.jpg","width":945,"height":532,"caption":"Cr\u00e9dito: Divulga\u00e7\u00e3o"},{"@type":"BreadcrumbList","@id":"https:\/\/folhapopular.info\/index.php\/2024\/08\/30\/estado-dara-titulo-de-propriedade-aos-agricultores-assentados-no-rs\/#breadcrumb","itemListElement":[{"@type":"ListItem","position":1,"name":"In\u00edcio","item":"https:\/\/folhapopular.info\/"},{"@type":"ListItem","position":2,"name":"Estado dar\u00e1 t\u00edtulo de propriedade aos agricultores assentados no RS"}]},{"@type":"WebSite","@id":"https:\/\/folhapopular.info\/#website","url":"https:\/\/folhapopular.info\/","name":"Folha Popular","description":"Onde voc\u00ea tem vez e voz","potentialAction":[{"@type":"SearchAction","target":{"@type":"EntryPoint","urlTemplate":"https:\/\/folhapopular.info\/?s={search_term_string}"},"query-input":{"@type":"PropertyValueSpecification","valueRequired":true,"valueName":"search_term_string"}}],"inLanguage":"pt-BR"},{"@type":"Person","@id":"https:\/\/folhapopular.info\/#\/schema\/person\/2814e8a0df7643585a9ca38bc6eb9d4b","name":"Reda\u00e7\u00e3o Folha Popular","image":{"@type":"ImageObject","inLanguage":"pt-BR","@id":"https:\/\/folhapopular.info\/wp-content\/uploads\/2026\/04\/Folha-1.webp","url":"https:\/\/folhapopular.info\/wp-content\/uploads\/2026\/04\/Folha-1.webp","contentUrl":"https:\/\/folhapopular.info\/wp-content\/uploads\/2026\/04\/Folha-1.webp","caption":"Reda\u00e7\u00e3o Folha Popular"},"url":"https:\/\/folhapopular.info\/index.php\/author\/redacao\/"}]}},"jetpack_featured_media_url":"https:\/\/folhapopular.info\/wp-content\/uploads\/2024\/08\/30103129_2150009_GD.jpg","jetpack_sharing_enabled":true,"amp_enabled":true,"_links":{"self":[{"href":"https:\/\/folhapopular.info\/index.php\/wp-json\/wp\/v2\/posts\/167213","targetHints":{"allow":["GET"]}}],"collection":[{"href":"https:\/\/folhapopular.info\/index.php\/wp-json\/wp\/v2\/posts"}],"about":[{"href":"https:\/\/folhapopular.info\/index.php\/wp-json\/wp\/v2\/types\/post"}],"author":[{"embeddable":true,"href":"https:\/\/folhapopular.info\/index.php\/wp-json\/wp\/v2\/users\/8"}],"replies":[{"embeddable":true,"href":"https:\/\/folhapopular.info\/index.php\/wp-json\/wp\/v2\/comments?post=167213"}],"version-history":[{"count":0,"href":"https:\/\/folhapopular.info\/index.php\/wp-json\/wp\/v2\/posts\/167213\/revisions"}],"wp:featuredmedia":[{"embeddable":true,"href":"https:\/\/folhapopular.info\/index.php\/wp-json\/wp\/v2\/media\/167224"}],"wp:attachment":[{"href":"https:\/\/folhapopular.info\/index.php\/wp-json\/wp\/v2\/media?parent=167213"}],"wp:term":[{"taxonomy":"category","embeddable":true,"href":"https:\/\/folhapopular.info\/index.php\/wp-json\/wp\/v2\/categories?post=167213"},{"taxonomy":"post_tag","embeddable":true,"href":"https:\/\/folhapopular.info\/index.php\/wp-json\/wp\/v2\/tags?post=167213"}],"curies":[{"name":"wp","href":"https:\/\/api.w.org\/{rel}","templated":true}]}}