{"id":167322,"date":"2024-08-31T14:00:00","date_gmt":"2024-08-31T17:00:00","guid":{"rendered":"https:\/\/folhapopular.info\/?p=167322"},"modified":"2024-08-31T08:22:39","modified_gmt":"2024-08-31T11:22:39","slug":"doce-de-leite-estrelat-conquista-bicampeonato-na-expointer","status":"publish","type":"post","link":"https:\/\/folhapopular.info\/index.php\/2024\/08\/31\/doce-de-leite-estrelat-conquista-bicampeonato-na-expointer\/","title":{"rendered":"Doce de leite Estrelat conquista bicampeonato na Expointer"},"content":{"rendered":"\n<p>O Pavilh\u00e3o da Agricultura Familiar da Expointer recebeu, na tarde desta quinta-feira (29\/8), a tradicional cerim\u00f4nia de premia\u00e7\u00e3o dos vencedores do 12\u00ba Concurso de Produtos da Agroind\u00fastria Familiar. E teve de tudo: primeiro lugar in\u00e9dito, bicampe\u00e3o e conquista para quem persistiu at\u00e9 voltar com uma placa para casa.<\/p>\n\n\n\n<p>O doce de leite da Estrelat conquistou o bicampeonato consecutivo na sua categoria e comprova a qualidade do produto fabricado em Estrela. Na categoria Suco de Uva Integral, o produto do S\u00edtio Rosas do Vale, de Po\u00e7o das Antas, ficou em terceiro lugar.<\/p>\n\n\n\n<p>Nesta edi\u00e7\u00e3o, o concurso recebeu 149 inscri\u00e7\u00f5es para nove categorias: doce de leite, queijo colonial, salame tipo italiano, lingui\u00e7a de carne su\u00edna defumada, mel, vinho tinto de mesa seco, suco de uva, melado l\u00edquido e cacha\u00e7a prata.<\/p>\n\n\n\n<p>O julgamento come\u00e7ou na segunda-feira (26\/8) com uma banca composta por cinco jurados para cada grupo. Eles avaliaram diferentes crit\u00e9rios, geralmente associados a aspectos sensoriais: vis\u00e3o, paladar, olfato e tato. Os tr\u00eas primeiros colocados de cada categoria participaram do Desfile dos Grandes Campe\u00f5es da Expointer, realizado na manh\u00e3 de ontem, na Pista Central.<\/p>\n\n\n\n<p>O secret\u00e1rio de Desenvolvimento Rural, Vilson Covatti, refor\u00e7ou que a premia\u00e7\u00e3o \u00e9 um reconhecimento \u00e0 qualidade da produ\u00e7\u00e3o das fam\u00edlias ga\u00fachas. \u201cSou cliente fiel de muitas dessas agroind\u00fastrias. \u00c9 uma honra e uma alegria participar da entrega. No pr\u00f3ximo ano, este ser\u00e1 um evento de gala&#8221;, prometeu.<\/p>\n\n\n\n<p>O 12\u00ba Concurso de Produtos da Agroind\u00fastria Familiar \u00e9 uma promo\u00e7\u00e3o da Secretaria de Desenvolvimento Rural (SDR) e da Emater\/RS-Ascar, com apoio do Minist\u00e9rio do Desenvolvimento Agr\u00e1rio e Agricultura Familiar (MDA), Associa\u00e7\u00e3o dos Produtores de Cana-de-A\u00e7\u00facar e Seus Derivados no Estado do RS (Aprodecana), Embrapa Uva e Vinho, Federa\u00e7\u00e3o dos Trabalhadores na Agricultura no Rio Grande do Sul (Fetag-RS), Federa\u00e7\u00e3o dos Trabalhadores e Trabalhadoras na Agricultura Familiar do Rio Grande do Sul (Fetraf-RS) e Via Campesina.<\/p>\n\n\n\n<figure class=\"wp-block-image size-full\"><img loading=\"lazy\" decoding=\"async\" width=\"945\" height=\"622\" src=\"https:\/\/folhapopular.info\/wp-content\/uploads\/2024\/08\/Com-cinco-premios-na-estante-produtor-de-queijos-de-Carlos-Barbosa-participa-da-feira-ha-21-anos-Foto-Joao-Pedro-Rodrigues-Ascom-Expointer.jpg\" alt=\"\" class=\"wp-image-167325\" srcset=\"https:\/\/folhapopular.info\/wp-content\/uploads\/2024\/08\/Com-cinco-premios-na-estante-produtor-de-queijos-de-Carlos-Barbosa-participa-da-feira-ha-21-anos-Foto-Joao-Pedro-Rodrigues-Ascom-Expointer.jpg 945w, https:\/\/folhapopular.info\/wp-content\/uploads\/2024\/08\/Com-cinco-premios-na-estante-produtor-de-queijos-de-Carlos-Barbosa-participa-da-feira-ha-21-anos-Foto-Joao-Pedro-Rodrigues-Ascom-Expointer-300x197.jpg 300w, https:\/\/folhapopular.info\/wp-content\/uploads\/2024\/08\/Com-cinco-premios-na-estante-produtor-de-queijos-de-Carlos-Barbosa-participa-da-feira-ha-21-anos-Foto-Joao-Pedro-Rodrigues-Ascom-Expointer-768x505.jpg 768w, https:\/\/folhapopular.info\/wp-content\/uploads\/2024\/08\/Com-cinco-premios-na-estante-produtor-de-queijos-de-Carlos-Barbosa-participa-da-feira-ha-21-anos-Foto-Joao-Pedro-Rodrigues-Ascom-Expointer-638x420.jpg 638w, https:\/\/folhapopular.info\/wp-content\/uploads\/2024\/08\/Com-cinco-premios-na-estante-produtor-de-queijos-de-Carlos-Barbosa-participa-da-feira-ha-21-anos-Foto-Joao-Pedro-Rodrigues-Ascom-Expointer-696x458.jpg 696w\" sizes=\"auto, (max-width: 945px) 100vw, 945px\" \/><figcaption class=\"wp-element-caption\">Com cinco pr\u00eamios na estande, produtor de queijos de Carlos Barbosa participa da feira h\u00e1 21 anos \/ Cr\u00e9dito: Ascom Expointer &#8211; Divulga\u00e7\u00e3o<\/figcaption><\/figure>\n\n\n\n<p><strong>Bicampe\u00e3o no doce de leite<\/strong><\/p>\n\n\n\n<p>Um dos produtos mais procurados no pavilh\u00e3o \u00e9 o doce de leite, que teve a Esrelat (banca 298) conquistando a categoria pela segunda vez consecutiva. Dono do empreendimento, Roberto de Oliveira informou que a conquista em 2023 alavancou as vendas da empresa em 20%. Desta vez, a vit\u00f3ria tamb\u00e9m \u00e9 um s\u00edmbolo para Estrela, cidade de Oliveira, bastante afetada pelos eventos meteorol\u00f3gicos de abril e maio.<\/p>\n\n\n\n<p>\u201cA sensa\u00e7\u00e3o \u00e9 de dever cumprido, de ter conseguido mostrar que estamos no caminho certo de apresentar um produto diferenciado para os clientes. Nosso munic\u00edpio foi muito atingido, e podemos agora levar o nome de Estrela para todo o Brasil\u201d, celebrou.<\/p>\n\n\n\n<p>O visitante Vilson Lewe parou para provar o doce premiado e saiu com duas unidades grandes. Ele ainda n\u00e3o tinha visto a placa da premia\u00e7\u00e3o exposta no balc\u00e3o. \u201cProvei e gostei, muito bom mesmo. Fui \u00e0 banca do melado e falaram que o produto tamb\u00e9m foi premiado. Dei sorte. Vou levar para os meus filhos\u201d, contou.<\/p>\n\n\n\n<p>A poucos passos dali, est\u00e1, de fato, o campe\u00e3o in\u00e9dito da categoria melado. O empreendimento Agro Produtos Liane (banca 288) participou pela primeira vez da disputa e voltar\u00e1 para Vera Cruz ostentando a placa da conquista. Al\u00e9m do melado l\u00edquido, o neg\u00f3cio familiar comercializa o do tipo batido, a geleia colonial e produtos derivados do amendoim.<\/p>\n\n\n\n<p><strong>Queijo colonial tem campe\u00e3o tradicional<\/strong><\/p>\n\n\n\n<p>Presente h\u00e1 21 anos na Expointer, a Ferrari Alimentos (banca 22) voltou a levar a premia\u00e7\u00e3o dos queijos coloniais. O empreendimento de Carlos Barbosa havia vencido em cinco edi\u00e7\u00f5es anteriores, al\u00e9m de somar dois vices. Para o propriet\u00e1rio da marca, Zair Ferrari, o segredo do produto est\u00e1 na matura\u00e7\u00e3o, na qualidade do leite e no carinho ao produzir, o que ele chama de \u201ca m\u00e3o da pessoa\u201d.<\/p>\n\n\n\n<div class=\"wp-block-group\"><div class=\"wp-block-group__inner-container is-layout-constrained wp-block-group-is-layout-constrained\">\n<p><strong>Vencedores das nove categorias <\/strong><\/p>\n\n\n\n<p><strong>Salame Tipo Italiano<\/strong><\/p>\n\n\n\n<p>1\u00b0 Lugar &#8211; Ag Dalla Vecchia (Aratiba) &#8211; Bancas 133 e 134<\/p>\n\n\n\n<p>2\u00b0 Lugar &#8211; Embutidos Fioresi (Tupanciret\u00e3) &#8211; Banca 193<\/p>\n\n\n\n<p>3\u00b0 Lugar &#8211; Viz Embutidos (Presidente Lucena) \u2013 Banca 285<\/p>\n\n\n\n<p><strong>Lingui\u00e7a De Carne Su\u00edna Defumada<\/strong><\/p>\n\n\n\n<p>1\u00b0 Lugar &#8211; Embutidos Bisolo (Frederico Westphalen) \u2013 Banca 272<\/p>\n\n\n\n<p>2\u00b0 Lugar &#8211; Viz Embutidos (Presidente Lucena) &#8211; Banca 285<\/p>\n\n\n\n<p>3\u00b0 Lugar &#8211; Embutidos Hermes (Arroio do Tigre) &#8211; Banca 210<\/p>\n\n\n\n<p><strong>Cacha\u00e7a Prata<\/strong><\/p>\n\n\n\n<p>1\u00b0 Lugar &#8211; Alambique Belvedere Ltda (Augusto Pestana) &#8211; Banca 216<\/p>\n\n\n\n<p>2\u00b0 Lugar &#8211; Cacha\u00e7aria Velho Alambique (Santa Tereza) &#8211; Banca 312<\/p>\n\n\n\n<p>3\u00b0 Lugar &#8211; Cacha\u00e7aria Pol (Marau) &#8211; Banca 161<\/p>\n\n\n\n<p><strong>Vinho Tinto de Mesa Seco<\/strong><\/p>\n\n\n\n<p>1\u00b0 Lugar &#8211; Adega Carrini (Cacique Doble) &#8211; Banca 094<\/p>\n\n\n\n<p>2\u00b0 Lugar &#8211; Vin\u00edcola Lorenzet (Flores da Cunha) \u2013 Banca 028<\/p>\n\n\n\n<p>3\u00b0 Lugar &#8211; Casa Zottis (Bento Gon\u00e7alves) \u2013 Banca 196<\/p>\n\n\n\n<p><strong>Suco de Uva Integral<\/strong><\/p>\n\n\n\n<p>1\u00b0 Lugar &#8211; Tolotti E Cia Ltda (Barra Funda) \u2013 Banca 041<\/p>\n\n\n\n<p>2\u00b0 Lugar &#8211; Org\u00e2nicos Mariani (Garibaldi) \u2013 Banca 282<\/p>\n\n\n\n<p>3\u00b0 Lugar &#8211; S\u00edtio Rosa Do Vale (Po\u00e7o das Antas) \u2013 Banca 257<\/p>\n\n\n\n<p><strong>Mel<\/strong><\/p>\n\n\n\n<p>1\u00b0 Lugar &#8211; Familia Darski (Mariana Pimentel) \u2013 Banca 121<\/p>\n\n\n\n<p>2\u00b0 Lugar &#8211; Mel Schuller (Agudo) &#8211; Banca 072<\/p>\n\n\n\n<p>3\u00b0 Lugar &#8211; Coop. Avapis (Vacaria) &#8211; Banca 311<\/p>\n\n\n\n<p><strong>Queijo Colonial<\/strong><\/p>\n\n\n\n<p>1\u00b0 Lugar &#8211; Ferrari Alimentos (Carlos Barbosa) &#8211; Banca 022<\/p>\n\n\n\n<p>2\u00b0 Lugar &#8211; Ag Zago (Hulha Negra) \u2013 Banca 014<\/p>\n\n\n\n<p>3\u00b0 Lugar &#8211; Granja Cichelero (Carlos Barbosa) &#8211; Banca 108<\/p>\n\n\n\n<p><strong>Doce de Leite<\/strong><\/p>\n\n\n\n<p>1\u00b0 Lugar &#8211; Estrelat (Estrela) &#8211; Banca 298<\/p>\n\n\n\n<p>2\u00b0 Lugar &#8211; Queijaria Tradi\u00e7\u00e3o (Nova Petr\u00f3polis) \u2013 Banca 263<\/p>\n\n\n\n<p>3\u00b0 Lugar &#8211; Dah R\u00ea \u2013 Agroind\u00fastria Konzen (Salvador das Miss\u00f5es) \u2013 Banca 201<\/p>\n\n\n\n<p><strong>Melado<\/strong><\/p>\n\n\n\n<p>1\u00b0 Lugar &#8211; Agro Produtos Liane (Vera Cruz) &#8211; Banca 288<\/p>\n\n\n\n<p>2\u00b0 Lugar &#8211; Agroind\u00fastria D\u00b4Fonte (Dezesseis de Novembro) \u2013 Banca 170<\/p>\n\n\n\n<p>3\u00b0 Lugar &#8211; Rodeio da Figueira (Candel\u00e1ria) \u2013 Banca 020<\/p>\n<\/div><\/div>\n","protected":false},"excerpt":{"rendered":"<p>O Pavilh\u00e3o da Agricultura Familiar da Expointer recebeu, na tarde desta quinta-feira (29\/8), a tradicional cerim\u00f4nia de premia\u00e7\u00e3o dos vencedores do 12\u00ba Concurso de Produtos da Agroind\u00fastria Familiar. E teve de tudo: primeiro lugar in\u00e9dito, bicampe\u00e3o e conquista para quem persistiu at\u00e9 voltar com uma placa para casa. O doce de leite da Estrelat conquistou [&hellip;]<\/p>\n","protected":false},"author":8,"featured_media":167323,"comment_status":"open","ping_status":"open","sticky":false,"template":"","format":"standard","meta":{"pmpro_default_level":"","_jetpack_memberships_contains_paid_content":false,"footnotes":""},"categories":[2,10991,10994],"tags":[160,6896,6002],"class_list":{"0":"post-167322","1":"post","2":"type-post","3":"status-publish","4":"format-standard","5":"has-post-thumbnail","7":"category-featured","8":"category-economia","9":"category-rural","10":"tag-agricultura-familiar","11":"tag-estrelat","12":"tag-expointer","13":"pmpro-has-access"},"yoast_head":"<!-- This site is optimized with the Yoast SEO plugin v27.5 - https:\/\/yoast.com\/product\/yoast-seo-wordpress\/ -->\n<title>Doce de leite Estrelat conquista bicampeonato na Expointer - Folha Popular<\/title>\n<meta name=\"robots\" content=\"index, follow, max-snippet:-1, max-image-preview:large, max-video-preview:-1\" \/>\n<link rel=\"canonical\" href=\"https:\/\/folhapopular.info\/index.php\/2024\/08\/31\/doce-de-leite-estrelat-conquista-bicampeonato-na-expointer\/\" \/>\n<meta property=\"og:locale\" content=\"pt_BR\" \/>\n<meta property=\"og:type\" content=\"article\" \/>\n<meta property=\"og:title\" content=\"Doce de leite Estrelat conquista bicampeonato na Expointer - Folha Popular\" \/>\n<meta property=\"og:description\" content=\"O Pavilh\u00e3o da Agricultura Familiar da Expointer recebeu, na tarde desta quinta-feira (29\/8), a tradicional cerim\u00f4nia de premia\u00e7\u00e3o dos vencedores do 12\u00ba Concurso de Produtos da Agroind\u00fastria Familiar. E teve de tudo: primeiro lugar in\u00e9dito, bicampe\u00e3o e conquista para quem persistiu at\u00e9 voltar com uma placa para casa. O doce de leite da Estrelat conquistou [&hellip;]\" \/>\n<meta property=\"og:url\" content=\"https:\/\/folhapopular.info\/index.php\/2024\/08\/31\/doce-de-leite-estrelat-conquista-bicampeonato-na-expointer\/\" \/>\n<meta property=\"og:site_name\" content=\"Folha Popular\" \/>\n<meta property=\"article:published_time\" content=\"2024-08-31T17:00:00+00:00\" \/>\n<meta property=\"og:image\" content=\"https:\/\/folhapopular.info\/wp-content\/uploads\/2024\/08\/Doce-de-leite-Estrelat-do-municipio-de-Estrela-ganhou-pela-segunda-vez-consecutiva-o-primeiro-lugar-na-categoria-Foto-Joao-Pedro-Rodrigues-Ascom-Expointer.jpg\" \/>\n\t<meta property=\"og:image:width\" content=\"945\" \/>\n\t<meta property=\"og:image:height\" content=\"532\" \/>\n\t<meta property=\"og:image:type\" content=\"image\/jpeg\" \/>\n<meta name=\"author\" content=\"Reda\u00e7\u00e3o Folha Popular\" \/>\n<meta name=\"twitter:card\" content=\"summary_large_image\" \/>\n<meta name=\"twitter:label1\" content=\"Escrito por\" \/>\n\t<meta name=\"twitter:data1\" content=\"Reda\u00e7\u00e3o Folha Popular\" \/>\n\t<meta name=\"twitter:label2\" content=\"Est. tempo de leitura\" \/>\n\t<meta name=\"twitter:data2\" content=\"6 minutos\" \/>\n<script type=\"application\/ld+json\" class=\"yoast-schema-graph\">{\"@context\":\"https:\\\/\\\/schema.org\",\"@graph\":[{\"@type\":\"Article\",\"@id\":\"https:\\\/\\\/folhapopular.info\\\/index.php\\\/2024\\\/08\\\/31\\\/doce-de-leite-estrelat-conquista-bicampeonato-na-expointer\\\/#article\",\"isPartOf\":{\"@id\":\"https:\\\/\\\/folhapopular.info\\\/index.php\\\/2024\\\/08\\\/31\\\/doce-de-leite-estrelat-conquista-bicampeonato-na-expointer\\\/\"},\"author\":{\"name\":\"Reda\u00e7\u00e3o Folha Popular\",\"@id\":\"https:\\\/\\\/folhapopular.info\\\/#\\\/schema\\\/person\\\/2814e8a0df7643585a9ca38bc6eb9d4b\"},\"headline\":\"Doce de leite Estrelat conquista bicampeonato na Expointer\",\"datePublished\":\"2024-08-31T17:00:00+00:00\",\"mainEntityOfPage\":{\"@id\":\"https:\\\/\\\/folhapopular.info\\\/index.php\\\/2024\\\/08\\\/31\\\/doce-de-leite-estrelat-conquista-bicampeonato-na-expointer\\\/\"},\"wordCount\":931,\"commentCount\":0,\"image\":{\"@id\":\"https:\\\/\\\/folhapopular.info\\\/index.php\\\/2024\\\/08\\\/31\\\/doce-de-leite-estrelat-conquista-bicampeonato-na-expointer\\\/#primaryimage\"},\"thumbnailUrl\":\"https:\\\/\\\/folhapopular.info\\\/wp-content\\\/uploads\\\/2024\\\/08\\\/Doce-de-leite-Estrelat-do-municipio-de-Estrela-ganhou-pela-segunda-vez-consecutiva-o-primeiro-lugar-na-categoria-Foto-Joao-Pedro-Rodrigues-Ascom-Expointer.jpg\",\"keywords\":[\"Agricultura Familiar\",\"Estrelat\",\"Expointer\"],\"articleSection\":[\"Destaques\",\"Economia\",\"Rural\"],\"inLanguage\":\"pt-BR\",\"potentialAction\":[{\"@type\":\"CommentAction\",\"name\":\"Comment\",\"target\":[\"https:\\\/\\\/folhapopular.info\\\/index.php\\\/2024\\\/08\\\/31\\\/doce-de-leite-estrelat-conquista-bicampeonato-na-expointer\\\/#respond\"]}]},{\"@type\":\"WebPage\",\"@id\":\"https:\\\/\\\/folhapopular.info\\\/index.php\\\/2024\\\/08\\\/31\\\/doce-de-leite-estrelat-conquista-bicampeonato-na-expointer\\\/\",\"url\":\"https:\\\/\\\/folhapopular.info\\\/index.php\\\/2024\\\/08\\\/31\\\/doce-de-leite-estrelat-conquista-bicampeonato-na-expointer\\\/\",\"name\":\"Doce de leite Estrelat conquista bicampeonato na Expointer - Folha Popular\",\"isPartOf\":{\"@id\":\"https:\\\/\\\/folhapopular.info\\\/#website\"},\"primaryImageOfPage\":{\"@id\":\"https:\\\/\\\/folhapopular.info\\\/index.php\\\/2024\\\/08\\\/31\\\/doce-de-leite-estrelat-conquista-bicampeonato-na-expointer\\\/#primaryimage\"},\"image\":{\"@id\":\"https:\\\/\\\/folhapopular.info\\\/index.php\\\/2024\\\/08\\\/31\\\/doce-de-leite-estrelat-conquista-bicampeonato-na-expointer\\\/#primaryimage\"},\"thumbnailUrl\":\"https:\\\/\\\/folhapopular.info\\\/wp-content\\\/uploads\\\/2024\\\/08\\\/Doce-de-leite-Estrelat-do-municipio-de-Estrela-ganhou-pela-segunda-vez-consecutiva-o-primeiro-lugar-na-categoria-Foto-Joao-Pedro-Rodrigues-Ascom-Expointer.jpg\",\"datePublished\":\"2024-08-31T17:00:00+00:00\",\"author\":{\"@id\":\"https:\\\/\\\/folhapopular.info\\\/#\\\/schema\\\/person\\\/2814e8a0df7643585a9ca38bc6eb9d4b\"},\"breadcrumb\":{\"@id\":\"https:\\\/\\\/folhapopular.info\\\/index.php\\\/2024\\\/08\\\/31\\\/doce-de-leite-estrelat-conquista-bicampeonato-na-expointer\\\/#breadcrumb\"},\"inLanguage\":\"pt-BR\",\"potentialAction\":[{\"@type\":\"ReadAction\",\"target\":[\"https:\\\/\\\/folhapopular.info\\\/index.php\\\/2024\\\/08\\\/31\\\/doce-de-leite-estrelat-conquista-bicampeonato-na-expointer\\\/\"]}]},{\"@type\":\"ImageObject\",\"inLanguage\":\"pt-BR\",\"@id\":\"https:\\\/\\\/folhapopular.info\\\/index.php\\\/2024\\\/08\\\/31\\\/doce-de-leite-estrelat-conquista-bicampeonato-na-expointer\\\/#primaryimage\",\"url\":\"https:\\\/\\\/folhapopular.info\\\/wp-content\\\/uploads\\\/2024\\\/08\\\/Doce-de-leite-Estrelat-do-municipio-de-Estrela-ganhou-pela-segunda-vez-consecutiva-o-primeiro-lugar-na-categoria-Foto-Joao-Pedro-Rodrigues-Ascom-Expointer.jpg\",\"contentUrl\":\"https:\\\/\\\/folhapopular.info\\\/wp-content\\\/uploads\\\/2024\\\/08\\\/Doce-de-leite-Estrelat-do-municipio-de-Estrela-ganhou-pela-segunda-vez-consecutiva-o-primeiro-lugar-na-categoria-Foto-Joao-Pedro-Rodrigues-Ascom-Expointer.jpg\",\"width\":945,\"height\":532,\"caption\":\"Conquista em 2023 alavancou as vendas da empresa em 20% \\\/ Cr\u00e9dito: Ascom Expointer - Divulga\u00e7\u00e3o\"},{\"@type\":\"BreadcrumbList\",\"@id\":\"https:\\\/\\\/folhapopular.info\\\/index.php\\\/2024\\\/08\\\/31\\\/doce-de-leite-estrelat-conquista-bicampeonato-na-expointer\\\/#breadcrumb\",\"itemListElement\":[{\"@type\":\"ListItem\",\"position\":1,\"name\":\"In\u00edcio\",\"item\":\"https:\\\/\\\/folhapopular.info\\\/\"},{\"@type\":\"ListItem\",\"position\":2,\"name\":\"Doce de leite Estrelat conquista bicampeonato na Expointer\"}]},{\"@type\":\"WebSite\",\"@id\":\"https:\\\/\\\/folhapopular.info\\\/#website\",\"url\":\"https:\\\/\\\/folhapopular.info\\\/\",\"name\":\"Folha Popular\",\"description\":\"Onde voc\u00ea tem vez e voz\",\"potentialAction\":[{\"@type\":\"SearchAction\",\"target\":{\"@type\":\"EntryPoint\",\"urlTemplate\":\"https:\\\/\\\/folhapopular.info\\\/?s={search_term_string}\"},\"query-input\":{\"@type\":\"PropertyValueSpecification\",\"valueRequired\":true,\"valueName\":\"search_term_string\"}}],\"inLanguage\":\"pt-BR\"},{\"@type\":\"Person\",\"@id\":\"https:\\\/\\\/folhapopular.info\\\/#\\\/schema\\\/person\\\/2814e8a0df7643585a9ca38bc6eb9d4b\",\"name\":\"Reda\u00e7\u00e3o Folha Popular\",\"image\":{\"@type\":\"ImageObject\",\"inLanguage\":\"pt-BR\",\"@id\":\"https:\\\/\\\/folhapopular.info\\\/wp-content\\\/uploads\\\/2026\\\/04\\\/Folha-1.webp\",\"url\":\"https:\\\/\\\/folhapopular.info\\\/wp-content\\\/uploads\\\/2026\\\/04\\\/Folha-1.webp\",\"contentUrl\":\"https:\\\/\\\/folhapopular.info\\\/wp-content\\\/uploads\\\/2026\\\/04\\\/Folha-1.webp\",\"caption\":\"Reda\u00e7\u00e3o Folha Popular\"},\"url\":\"https:\\\/\\\/folhapopular.info\\\/index.php\\\/author\\\/redacao\\\/\"}]}<\/script>\n<!-- \/ Yoast SEO plugin. -->","yoast_head_json":{"title":"Doce de leite Estrelat conquista bicampeonato na Expointer - Folha Popular","robots":{"index":"index","follow":"follow","max-snippet":"max-snippet:-1","max-image-preview":"max-image-preview:large","max-video-preview":"max-video-preview:-1"},"canonical":"https:\/\/folhapopular.info\/index.php\/2024\/08\/31\/doce-de-leite-estrelat-conquista-bicampeonato-na-expointer\/","og_locale":"pt_BR","og_type":"article","og_title":"Doce de leite Estrelat conquista bicampeonato na Expointer - Folha Popular","og_description":"O Pavilh\u00e3o da Agricultura Familiar da Expointer recebeu, na tarde desta quinta-feira (29\/8), a tradicional cerim\u00f4nia de premia\u00e7\u00e3o dos vencedores do 12\u00ba Concurso de Produtos da Agroind\u00fastria Familiar. E teve de tudo: primeiro lugar in\u00e9dito, bicampe\u00e3o e conquista para quem persistiu at\u00e9 voltar com uma placa para casa. O doce de leite da Estrelat conquistou [&hellip;]","og_url":"https:\/\/folhapopular.info\/index.php\/2024\/08\/31\/doce-de-leite-estrelat-conquista-bicampeonato-na-expointer\/","og_site_name":"Folha Popular","article_published_time":"2024-08-31T17:00:00+00:00","og_image":[{"width":945,"height":532,"url":"https:\/\/folhapopular.info\/wp-content\/uploads\/2024\/08\/Doce-de-leite-Estrelat-do-municipio-de-Estrela-ganhou-pela-segunda-vez-consecutiva-o-primeiro-lugar-na-categoria-Foto-Joao-Pedro-Rodrigues-Ascom-Expointer.jpg","type":"image\/jpeg"}],"author":"Reda\u00e7\u00e3o Folha Popular","twitter_card":"summary_large_image","twitter_misc":{"Escrito por":"Reda\u00e7\u00e3o Folha Popular","Est. tempo de leitura":"6 minutos"},"schema":{"@context":"https:\/\/schema.org","@graph":[{"@type":"Article","@id":"https:\/\/folhapopular.info\/index.php\/2024\/08\/31\/doce-de-leite-estrelat-conquista-bicampeonato-na-expointer\/#article","isPartOf":{"@id":"https:\/\/folhapopular.info\/index.php\/2024\/08\/31\/doce-de-leite-estrelat-conquista-bicampeonato-na-expointer\/"},"author":{"name":"Reda\u00e7\u00e3o Folha Popular","@id":"https:\/\/folhapopular.info\/#\/schema\/person\/2814e8a0df7643585a9ca38bc6eb9d4b"},"headline":"Doce de leite Estrelat conquista bicampeonato na Expointer","datePublished":"2024-08-31T17:00:00+00:00","mainEntityOfPage":{"@id":"https:\/\/folhapopular.info\/index.php\/2024\/08\/31\/doce-de-leite-estrelat-conquista-bicampeonato-na-expointer\/"},"wordCount":931,"commentCount":0,"image":{"@id":"https:\/\/folhapopular.info\/index.php\/2024\/08\/31\/doce-de-leite-estrelat-conquista-bicampeonato-na-expointer\/#primaryimage"},"thumbnailUrl":"https:\/\/folhapopular.info\/wp-content\/uploads\/2024\/08\/Doce-de-leite-Estrelat-do-municipio-de-Estrela-ganhou-pela-segunda-vez-consecutiva-o-primeiro-lugar-na-categoria-Foto-Joao-Pedro-Rodrigues-Ascom-Expointer.jpg","keywords":["Agricultura Familiar","Estrelat","Expointer"],"articleSection":["Destaques","Economia","Rural"],"inLanguage":"pt-BR","potentialAction":[{"@type":"CommentAction","name":"Comment","target":["https:\/\/folhapopular.info\/index.php\/2024\/08\/31\/doce-de-leite-estrelat-conquista-bicampeonato-na-expointer\/#respond"]}]},{"@type":"WebPage","@id":"https:\/\/folhapopular.info\/index.php\/2024\/08\/31\/doce-de-leite-estrelat-conquista-bicampeonato-na-expointer\/","url":"https:\/\/folhapopular.info\/index.php\/2024\/08\/31\/doce-de-leite-estrelat-conquista-bicampeonato-na-expointer\/","name":"Doce de leite Estrelat conquista bicampeonato na Expointer - Folha Popular","isPartOf":{"@id":"https:\/\/folhapopular.info\/#website"},"primaryImageOfPage":{"@id":"https:\/\/folhapopular.info\/index.php\/2024\/08\/31\/doce-de-leite-estrelat-conquista-bicampeonato-na-expointer\/#primaryimage"},"image":{"@id":"https:\/\/folhapopular.info\/index.php\/2024\/08\/31\/doce-de-leite-estrelat-conquista-bicampeonato-na-expointer\/#primaryimage"},"thumbnailUrl":"https:\/\/folhapopular.info\/wp-content\/uploads\/2024\/08\/Doce-de-leite-Estrelat-do-municipio-de-Estrela-ganhou-pela-segunda-vez-consecutiva-o-primeiro-lugar-na-categoria-Foto-Joao-Pedro-Rodrigues-Ascom-Expointer.jpg","datePublished":"2024-08-31T17:00:00+00:00","author":{"@id":"https:\/\/folhapopular.info\/#\/schema\/person\/2814e8a0df7643585a9ca38bc6eb9d4b"},"breadcrumb":{"@id":"https:\/\/folhapopular.info\/index.php\/2024\/08\/31\/doce-de-leite-estrelat-conquista-bicampeonato-na-expointer\/#breadcrumb"},"inLanguage":"pt-BR","potentialAction":[{"@type":"ReadAction","target":["https:\/\/folhapopular.info\/index.php\/2024\/08\/31\/doce-de-leite-estrelat-conquista-bicampeonato-na-expointer\/"]}]},{"@type":"ImageObject","inLanguage":"pt-BR","@id":"https:\/\/folhapopular.info\/index.php\/2024\/08\/31\/doce-de-leite-estrelat-conquista-bicampeonato-na-expointer\/#primaryimage","url":"https:\/\/folhapopular.info\/wp-content\/uploads\/2024\/08\/Doce-de-leite-Estrelat-do-municipio-de-Estrela-ganhou-pela-segunda-vez-consecutiva-o-primeiro-lugar-na-categoria-Foto-Joao-Pedro-Rodrigues-Ascom-Expointer.jpg","contentUrl":"https:\/\/folhapopular.info\/wp-content\/uploads\/2024\/08\/Doce-de-leite-Estrelat-do-municipio-de-Estrela-ganhou-pela-segunda-vez-consecutiva-o-primeiro-lugar-na-categoria-Foto-Joao-Pedro-Rodrigues-Ascom-Expointer.jpg","width":945,"height":532,"caption":"Conquista em 2023 alavancou as vendas da empresa em 20% \/ Cr\u00e9dito: Ascom Expointer - Divulga\u00e7\u00e3o"},{"@type":"BreadcrumbList","@id":"https:\/\/folhapopular.info\/index.php\/2024\/08\/31\/doce-de-leite-estrelat-conquista-bicampeonato-na-expointer\/#breadcrumb","itemListElement":[{"@type":"ListItem","position":1,"name":"In\u00edcio","item":"https:\/\/folhapopular.info\/"},{"@type":"ListItem","position":2,"name":"Doce de leite Estrelat conquista bicampeonato na Expointer"}]},{"@type":"WebSite","@id":"https:\/\/folhapopular.info\/#website","url":"https:\/\/folhapopular.info\/","name":"Folha Popular","description":"Onde voc\u00ea tem vez e voz","potentialAction":[{"@type":"SearchAction","target":{"@type":"EntryPoint","urlTemplate":"https:\/\/folhapopular.info\/?s={search_term_string}"},"query-input":{"@type":"PropertyValueSpecification","valueRequired":true,"valueName":"search_term_string"}}],"inLanguage":"pt-BR"},{"@type":"Person","@id":"https:\/\/folhapopular.info\/#\/schema\/person\/2814e8a0df7643585a9ca38bc6eb9d4b","name":"Reda\u00e7\u00e3o Folha Popular","image":{"@type":"ImageObject","inLanguage":"pt-BR","@id":"https:\/\/folhapopular.info\/wp-content\/uploads\/2026\/04\/Folha-1.webp","url":"https:\/\/folhapopular.info\/wp-content\/uploads\/2026\/04\/Folha-1.webp","contentUrl":"https:\/\/folhapopular.info\/wp-content\/uploads\/2026\/04\/Folha-1.webp","caption":"Reda\u00e7\u00e3o Folha Popular"},"url":"https:\/\/folhapopular.info\/index.php\/author\/redacao\/"}]}},"jetpack_featured_media_url":"https:\/\/folhapopular.info\/wp-content\/uploads\/2024\/08\/Doce-de-leite-Estrelat-do-municipio-de-Estrela-ganhou-pela-segunda-vez-consecutiva-o-primeiro-lugar-na-categoria-Foto-Joao-Pedro-Rodrigues-Ascom-Expointer.jpg","jetpack_sharing_enabled":true,"amp_enabled":true,"_links":{"self":[{"href":"https:\/\/folhapopular.info\/index.php\/wp-json\/wp\/v2\/posts\/167322","targetHints":{"allow":["GET"]}}],"collection":[{"href":"https:\/\/folhapopular.info\/index.php\/wp-json\/wp\/v2\/posts"}],"about":[{"href":"https:\/\/folhapopular.info\/index.php\/wp-json\/wp\/v2\/types\/post"}],"author":[{"embeddable":true,"href":"https:\/\/folhapopular.info\/index.php\/wp-json\/wp\/v2\/users\/8"}],"replies":[{"embeddable":true,"href":"https:\/\/folhapopular.info\/index.php\/wp-json\/wp\/v2\/comments?post=167322"}],"version-history":[{"count":0,"href":"https:\/\/folhapopular.info\/index.php\/wp-json\/wp\/v2\/posts\/167322\/revisions"}],"wp:featuredmedia":[{"embeddable":true,"href":"https:\/\/folhapopular.info\/index.php\/wp-json\/wp\/v2\/media\/167323"}],"wp:attachment":[{"href":"https:\/\/folhapopular.info\/index.php\/wp-json\/wp\/v2\/media?parent=167322"}],"wp:term":[{"taxonomy":"category","embeddable":true,"href":"https:\/\/folhapopular.info\/index.php\/wp-json\/wp\/v2\/categories?post=167322"},{"taxonomy":"post_tag","embeddable":true,"href":"https:\/\/folhapopular.info\/index.php\/wp-json\/wp\/v2\/tags?post=167322"}],"curies":[{"name":"wp","href":"https:\/\/api.w.org\/{rel}","templated":true}]}}