{"id":167515,"date":"2024-09-02T16:00:00","date_gmt":"2024-09-02T19:00:00","guid":{"rendered":"https:\/\/folhapopular.info\/?p=167515"},"modified":"2024-09-03T10:48:24","modified_gmt":"2024-09-03T13:48:24","slug":"governo-federal-prorroga-prazo-para-o-auxilio-reconstrucao","status":"publish","type":"post","link":"https:\/\/folhapopular.info\/index.php\/2024\/09\/02\/governo-federal-prorroga-prazo-para-o-auxilio-reconstrucao\/","title":{"rendered":"Governo federal prorroga prazo de cadastramento no Aux\u00edlio Reconstru\u00e7\u00e3o"},"content":{"rendered":"\n<p>O governo federal prorrogou, at\u00e9 15 de setembro, o prazo para os munic\u00edpios do Rio Grande do Sul afetados pelas chuvas de maio cadastrarem novas fam\u00edlias para receberem o Aux\u00edlio Reconstru\u00e7\u00e3o.<\/p>\n\n\n\n<p>O benef\u00edcio federal, no valor de R$ 5,1 mil, \u00e9 pago em parcela \u00fanica a cada fam\u00edlia residente em \u00e1rea efetivamente atingida pelas enchentes. A iniciativa tem o objetivo de ajudar essas pessoas na recupera\u00e7\u00e3o de bens perdidos nas enchentes.<\/p>\n\n\n\n<p>De acordo com o MIDR (Minist\u00e9rio da Integra\u00e7\u00e3o e do Desenvolvimento Regional), ao todo, 444 cidades est\u00e3o com os reconhecimentos federais de situa\u00e7\u00e3o de emerg\u00eancia ou de estado de calamidade p\u00fablica vigentes e podem solicitar o Aux\u00edlio Reconstru\u00e7\u00e3o.<\/p>\n\n\n\n<p>At\u00e9 o momento, 368.454 fam\u00edlias ga\u00fachas est\u00e3o aprovadas no Aux\u00edlio Reconstru\u00e7\u00e3o. Desse total, 351.292 cadastros foram enviados para pagamento via Caixa Econ\u00f4mica Federal. Ao todo, 13.471 fam\u00edlias ainda n\u00e3o validaram essas informa\u00e7\u00f5es, impedindo a libera\u00e7\u00e3o do valor.<\/p>\n","protected":false},"excerpt":{"rendered":"<p>O governo federal prorrogou, at\u00e9 15 de setembro, o prazo para os munic\u00edpios do Rio Grande do Sul afetados pelas chuvas de maio cadastrarem novas fam\u00edlias para receberem o Aux\u00edlio Reconstru\u00e7\u00e3o. O benef\u00edcio federal, no valor de R$ 5,1 mil, \u00e9 pago em parcela \u00fanica a cada fam\u00edlia residente em \u00e1rea efetivamente atingida pelas enchentes. [&hellip;]<\/p>\n","protected":false},"author":8,"featured_media":167516,"comment_status":"open","ping_status":"open","sticky":false,"template":"","format":"standard","meta":{"pmpro_default_level":"","_jetpack_memberships_contains_paid_content":false,"footnotes":""},"categories":[2,3,11091],"tags":[15102,15651,1794],"class_list":{"0":"post-167515","1":"post","2":"type-post","3":"status-publish","4":"format-standard","5":"has-post-thumbnail","7":"category-featured","8":"category-geral","9":"category-servicos","10":"tag-auxilio-reconstrucao","11":"tag-prorrogacao-de-prazo","12":"tag-rio-grande-do-sul","13":"pmpro-has-access"},"yoast_head":"<!-- This site is optimized with the Yoast SEO plugin v27.5 - https:\/\/yoast.com\/product\/yoast-seo-wordpress\/ -->\n<title>Governo federal prorroga prazo de cadastramento no Aux\u00edlio Reconstru\u00e7\u00e3o - Folha Popular<\/title>\n<meta name=\"robots\" content=\"index, follow, max-snippet:-1, max-image-preview:large, max-video-preview:-1\" \/>\n<link rel=\"canonical\" href=\"https:\/\/folhapopular.info\/index.php\/2024\/09\/02\/governo-federal-prorroga-prazo-para-o-auxilio-reconstrucao\/\" \/>\n<meta property=\"og:locale\" content=\"pt_BR\" \/>\n<meta property=\"og:type\" content=\"article\" \/>\n<meta property=\"og:title\" content=\"Governo federal prorroga prazo de cadastramento no Aux\u00edlio Reconstru\u00e7\u00e3o - Folha Popular\" \/>\n<meta property=\"og:description\" content=\"O governo federal prorrogou, at\u00e9 15 de setembro, o prazo para os munic\u00edpios do Rio Grande do Sul afetados pelas chuvas de maio cadastrarem novas fam\u00edlias para receberem o Aux\u00edlio Reconstru\u00e7\u00e3o. O benef\u00edcio federal, no valor de R$ 5,1 mil, \u00e9 pago em parcela \u00fanica a cada fam\u00edlia residente em \u00e1rea efetivamente atingida pelas enchentes. [&hellip;]\" \/>\n<meta property=\"og:url\" content=\"https:\/\/folhapopular.info\/index.php\/2024\/09\/02\/governo-federal-prorroga-prazo-para-o-auxilio-reconstrucao\/\" \/>\n<meta property=\"og:site_name\" content=\"Folha Popular\" \/>\n<meta property=\"article:published_time\" content=\"2024-09-02T19:00:00+00:00\" \/>\n<meta property=\"article:modified_time\" content=\"2024-09-03T13:48:24+00:00\" \/>\n<meta property=\"og:image\" content=\"http:\/\/folhapopular.info\/wp-content\/uploads\/2024\/09\/canoas.jpg\" \/>\n\t<meta property=\"og:image:width\" content=\"550\" \/>\n\t<meta property=\"og:image:height\" content=\"309\" \/>\n\t<meta property=\"og:image:type\" content=\"image\/jpeg\" \/>\n<meta name=\"author\" content=\"Reda\u00e7\u00e3o Folha Popular\" \/>\n<meta name=\"twitter:card\" content=\"summary_large_image\" \/>\n<meta name=\"twitter:label1\" content=\"Escrito por\" \/>\n\t<meta name=\"twitter:data1\" content=\"Reda\u00e7\u00e3o Folha Popular\" \/>\n\t<meta name=\"twitter:label2\" content=\"Est. tempo de leitura\" \/>\n\t<meta name=\"twitter:data2\" content=\"2 minutos\" \/>\n<script type=\"application\/ld+json\" class=\"yoast-schema-graph\">{\"@context\":\"https:\\\/\\\/schema.org\",\"@graph\":[{\"@type\":\"Article\",\"@id\":\"https:\\\/\\\/folhapopular.info\\\/index.php\\\/2024\\\/09\\\/02\\\/governo-federal-prorroga-prazo-para-o-auxilio-reconstrucao\\\/#article\",\"isPartOf\":{\"@id\":\"https:\\\/\\\/folhapopular.info\\\/index.php\\\/2024\\\/09\\\/02\\\/governo-federal-prorroga-prazo-para-o-auxilio-reconstrucao\\\/\"},\"author\":{\"name\":\"Reda\u00e7\u00e3o Folha Popular\",\"@id\":\"https:\\\/\\\/folhapopular.info\\\/#\\\/schema\\\/person\\\/2814e8a0df7643585a9ca38bc6eb9d4b\"},\"headline\":\"Governo federal prorroga prazo de cadastramento no Aux\u00edlio Reconstru\u00e7\u00e3o\",\"datePublished\":\"2024-09-02T19:00:00+00:00\",\"dateModified\":\"2024-09-03T13:48:24+00:00\",\"mainEntityOfPage\":{\"@id\":\"https:\\\/\\\/folhapopular.info\\\/index.php\\\/2024\\\/09\\\/02\\\/governo-federal-prorroga-prazo-para-o-auxilio-reconstrucao\\\/\"},\"wordCount\":175,\"commentCount\":0,\"image\":{\"@id\":\"https:\\\/\\\/folhapopular.info\\\/index.php\\\/2024\\\/09\\\/02\\\/governo-federal-prorroga-prazo-para-o-auxilio-reconstrucao\\\/#primaryimage\"},\"thumbnailUrl\":\"https:\\\/\\\/folhapopular.info\\\/wp-content\\\/uploads\\\/2024\\\/09\\\/canoas.jpg\",\"keywords\":[\"Aux\u00edlio Reconstru\u00e7\u00e3o\",\"Prorroga\u00e7\u00e3o de prazo\",\"Rio Grande do Sul\"],\"articleSection\":[\"Destaques\",\"Geral\",\"Servi\u00e7os\"],\"inLanguage\":\"pt-BR\",\"potentialAction\":[{\"@type\":\"CommentAction\",\"name\":\"Comment\",\"target\":[\"https:\\\/\\\/folhapopular.info\\\/index.php\\\/2024\\\/09\\\/02\\\/governo-federal-prorroga-prazo-para-o-auxilio-reconstrucao\\\/#respond\"]}]},{\"@type\":\"WebPage\",\"@id\":\"https:\\\/\\\/folhapopular.info\\\/index.php\\\/2024\\\/09\\\/02\\\/governo-federal-prorroga-prazo-para-o-auxilio-reconstrucao\\\/\",\"url\":\"https:\\\/\\\/folhapopular.info\\\/index.php\\\/2024\\\/09\\\/02\\\/governo-federal-prorroga-prazo-para-o-auxilio-reconstrucao\\\/\",\"name\":\"Governo federal prorroga prazo de cadastramento no Aux\u00edlio Reconstru\u00e7\u00e3o - Folha Popular\",\"isPartOf\":{\"@id\":\"https:\\\/\\\/folhapopular.info\\\/#website\"},\"primaryImageOfPage\":{\"@id\":\"https:\\\/\\\/folhapopular.info\\\/index.php\\\/2024\\\/09\\\/02\\\/governo-federal-prorroga-prazo-para-o-auxilio-reconstrucao\\\/#primaryimage\"},\"image\":{\"@id\":\"https:\\\/\\\/folhapopular.info\\\/index.php\\\/2024\\\/09\\\/02\\\/governo-federal-prorroga-prazo-para-o-auxilio-reconstrucao\\\/#primaryimage\"},\"thumbnailUrl\":\"https:\\\/\\\/folhapopular.info\\\/wp-content\\\/uploads\\\/2024\\\/09\\\/canoas.jpg\",\"datePublished\":\"2024-09-02T19:00:00+00:00\",\"dateModified\":\"2024-09-03T13:48:24+00:00\",\"author\":{\"@id\":\"https:\\\/\\\/folhapopular.info\\\/#\\\/schema\\\/person\\\/2814e8a0df7643585a9ca38bc6eb9d4b\"},\"breadcrumb\":{\"@id\":\"https:\\\/\\\/folhapopular.info\\\/index.php\\\/2024\\\/09\\\/02\\\/governo-federal-prorroga-prazo-para-o-auxilio-reconstrucao\\\/#breadcrumb\"},\"inLanguage\":\"pt-BR\",\"potentialAction\":[{\"@type\":\"ReadAction\",\"target\":[\"https:\\\/\\\/folhapopular.info\\\/index.php\\\/2024\\\/09\\\/02\\\/governo-federal-prorroga-prazo-para-o-auxilio-reconstrucao\\\/\"]}]},{\"@type\":\"ImageObject\",\"inLanguage\":\"pt-BR\",\"@id\":\"https:\\\/\\\/folhapopular.info\\\/index.php\\\/2024\\\/09\\\/02\\\/governo-federal-prorroga-prazo-para-o-auxilio-reconstrucao\\\/#primaryimage\",\"url\":\"https:\\\/\\\/folhapopular.info\\\/wp-content\\\/uploads\\\/2024\\\/09\\\/canoas.jpg\",\"contentUrl\":\"https:\\\/\\\/folhapopular.info\\\/wp-content\\\/uploads\\\/2024\\\/09\\\/canoas.jpg\",\"width\":550,\"height\":309,\"caption\":\"Cr\u00e9dito: Divulga\u00e7\u00e3o\"},{\"@type\":\"BreadcrumbList\",\"@id\":\"https:\\\/\\\/folhapopular.info\\\/index.php\\\/2024\\\/09\\\/02\\\/governo-federal-prorroga-prazo-para-o-auxilio-reconstrucao\\\/#breadcrumb\",\"itemListElement\":[{\"@type\":\"ListItem\",\"position\":1,\"name\":\"In\u00edcio\",\"item\":\"https:\\\/\\\/folhapopular.info\\\/\"},{\"@type\":\"ListItem\",\"position\":2,\"name\":\"Governo federal prorroga prazo de cadastramento no Aux\u00edlio Reconstru\u00e7\u00e3o\"}]},{\"@type\":\"WebSite\",\"@id\":\"https:\\\/\\\/folhapopular.info\\\/#website\",\"url\":\"https:\\\/\\\/folhapopular.info\\\/\",\"name\":\"Folha Popular\",\"description\":\"Onde voc\u00ea tem vez e voz\",\"potentialAction\":[{\"@type\":\"SearchAction\",\"target\":{\"@type\":\"EntryPoint\",\"urlTemplate\":\"https:\\\/\\\/folhapopular.info\\\/?s={search_term_string}\"},\"query-input\":{\"@type\":\"PropertyValueSpecification\",\"valueRequired\":true,\"valueName\":\"search_term_string\"}}],\"inLanguage\":\"pt-BR\"},{\"@type\":\"Person\",\"@id\":\"https:\\\/\\\/folhapopular.info\\\/#\\\/schema\\\/person\\\/2814e8a0df7643585a9ca38bc6eb9d4b\",\"name\":\"Reda\u00e7\u00e3o Folha Popular\",\"image\":{\"@type\":\"ImageObject\",\"inLanguage\":\"pt-BR\",\"@id\":\"https:\\\/\\\/folhapopular.info\\\/wp-content\\\/uploads\\\/2026\\\/04\\\/Folha-1.webp\",\"url\":\"https:\\\/\\\/folhapopular.info\\\/wp-content\\\/uploads\\\/2026\\\/04\\\/Folha-1.webp\",\"contentUrl\":\"https:\\\/\\\/folhapopular.info\\\/wp-content\\\/uploads\\\/2026\\\/04\\\/Folha-1.webp\",\"caption\":\"Reda\u00e7\u00e3o Folha Popular\"},\"url\":\"https:\\\/\\\/folhapopular.info\\\/index.php\\\/author\\\/redacao\\\/\"}]}<\/script>\n<!-- \/ Yoast SEO plugin. -->","yoast_head_json":{"title":"Governo federal prorroga prazo de cadastramento no Aux\u00edlio Reconstru\u00e7\u00e3o - Folha Popular","robots":{"index":"index","follow":"follow","max-snippet":"max-snippet:-1","max-image-preview":"max-image-preview:large","max-video-preview":"max-video-preview:-1"},"canonical":"https:\/\/folhapopular.info\/index.php\/2024\/09\/02\/governo-federal-prorroga-prazo-para-o-auxilio-reconstrucao\/","og_locale":"pt_BR","og_type":"article","og_title":"Governo federal prorroga prazo de cadastramento no Aux\u00edlio Reconstru\u00e7\u00e3o - Folha Popular","og_description":"O governo federal prorrogou, at\u00e9 15 de setembro, o prazo para os munic\u00edpios do Rio Grande do Sul afetados pelas chuvas de maio cadastrarem novas fam\u00edlias para receberem o Aux\u00edlio Reconstru\u00e7\u00e3o. O benef\u00edcio federal, no valor de R$ 5,1 mil, \u00e9 pago em parcela \u00fanica a cada fam\u00edlia residente em \u00e1rea efetivamente atingida pelas enchentes. [&hellip;]","og_url":"https:\/\/folhapopular.info\/index.php\/2024\/09\/02\/governo-federal-prorroga-prazo-para-o-auxilio-reconstrucao\/","og_site_name":"Folha Popular","article_published_time":"2024-09-02T19:00:00+00:00","article_modified_time":"2024-09-03T13:48:24+00:00","og_image":[{"width":550,"height":309,"url":"http:\/\/folhapopular.info\/wp-content\/uploads\/2024\/09\/canoas.jpg","type":"image\/jpeg"}],"author":"Reda\u00e7\u00e3o Folha Popular","twitter_card":"summary_large_image","twitter_misc":{"Escrito por":"Reda\u00e7\u00e3o Folha Popular","Est. tempo de leitura":"2 minutos"},"schema":{"@context":"https:\/\/schema.org","@graph":[{"@type":"Article","@id":"https:\/\/folhapopular.info\/index.php\/2024\/09\/02\/governo-federal-prorroga-prazo-para-o-auxilio-reconstrucao\/#article","isPartOf":{"@id":"https:\/\/folhapopular.info\/index.php\/2024\/09\/02\/governo-federal-prorroga-prazo-para-o-auxilio-reconstrucao\/"},"author":{"name":"Reda\u00e7\u00e3o Folha Popular","@id":"https:\/\/folhapopular.info\/#\/schema\/person\/2814e8a0df7643585a9ca38bc6eb9d4b"},"headline":"Governo federal prorroga prazo de cadastramento no Aux\u00edlio Reconstru\u00e7\u00e3o","datePublished":"2024-09-02T19:00:00+00:00","dateModified":"2024-09-03T13:48:24+00:00","mainEntityOfPage":{"@id":"https:\/\/folhapopular.info\/index.php\/2024\/09\/02\/governo-federal-prorroga-prazo-para-o-auxilio-reconstrucao\/"},"wordCount":175,"commentCount":0,"image":{"@id":"https:\/\/folhapopular.info\/index.php\/2024\/09\/02\/governo-federal-prorroga-prazo-para-o-auxilio-reconstrucao\/#primaryimage"},"thumbnailUrl":"https:\/\/folhapopular.info\/wp-content\/uploads\/2024\/09\/canoas.jpg","keywords":["Aux\u00edlio Reconstru\u00e7\u00e3o","Prorroga\u00e7\u00e3o de prazo","Rio Grande do Sul"],"articleSection":["Destaques","Geral","Servi\u00e7os"],"inLanguage":"pt-BR","potentialAction":[{"@type":"CommentAction","name":"Comment","target":["https:\/\/folhapopular.info\/index.php\/2024\/09\/02\/governo-federal-prorroga-prazo-para-o-auxilio-reconstrucao\/#respond"]}]},{"@type":"WebPage","@id":"https:\/\/folhapopular.info\/index.php\/2024\/09\/02\/governo-federal-prorroga-prazo-para-o-auxilio-reconstrucao\/","url":"https:\/\/folhapopular.info\/index.php\/2024\/09\/02\/governo-federal-prorroga-prazo-para-o-auxilio-reconstrucao\/","name":"Governo federal prorroga prazo de cadastramento no Aux\u00edlio Reconstru\u00e7\u00e3o - Folha Popular","isPartOf":{"@id":"https:\/\/folhapopular.info\/#website"},"primaryImageOfPage":{"@id":"https:\/\/folhapopular.info\/index.php\/2024\/09\/02\/governo-federal-prorroga-prazo-para-o-auxilio-reconstrucao\/#primaryimage"},"image":{"@id":"https:\/\/folhapopular.info\/index.php\/2024\/09\/02\/governo-federal-prorroga-prazo-para-o-auxilio-reconstrucao\/#primaryimage"},"thumbnailUrl":"https:\/\/folhapopular.info\/wp-content\/uploads\/2024\/09\/canoas.jpg","datePublished":"2024-09-02T19:00:00+00:00","dateModified":"2024-09-03T13:48:24+00:00","author":{"@id":"https:\/\/folhapopular.info\/#\/schema\/person\/2814e8a0df7643585a9ca38bc6eb9d4b"},"breadcrumb":{"@id":"https:\/\/folhapopular.info\/index.php\/2024\/09\/02\/governo-federal-prorroga-prazo-para-o-auxilio-reconstrucao\/#breadcrumb"},"inLanguage":"pt-BR","potentialAction":[{"@type":"ReadAction","target":["https:\/\/folhapopular.info\/index.php\/2024\/09\/02\/governo-federal-prorroga-prazo-para-o-auxilio-reconstrucao\/"]}]},{"@type":"ImageObject","inLanguage":"pt-BR","@id":"https:\/\/folhapopular.info\/index.php\/2024\/09\/02\/governo-federal-prorroga-prazo-para-o-auxilio-reconstrucao\/#primaryimage","url":"https:\/\/folhapopular.info\/wp-content\/uploads\/2024\/09\/canoas.jpg","contentUrl":"https:\/\/folhapopular.info\/wp-content\/uploads\/2024\/09\/canoas.jpg","width":550,"height":309,"caption":"Cr\u00e9dito: Divulga\u00e7\u00e3o"},{"@type":"BreadcrumbList","@id":"https:\/\/folhapopular.info\/index.php\/2024\/09\/02\/governo-federal-prorroga-prazo-para-o-auxilio-reconstrucao\/#breadcrumb","itemListElement":[{"@type":"ListItem","position":1,"name":"In\u00edcio","item":"https:\/\/folhapopular.info\/"},{"@type":"ListItem","position":2,"name":"Governo federal prorroga prazo de cadastramento no Aux\u00edlio Reconstru\u00e7\u00e3o"}]},{"@type":"WebSite","@id":"https:\/\/folhapopular.info\/#website","url":"https:\/\/folhapopular.info\/","name":"Folha Popular","description":"Onde voc\u00ea tem vez e voz","potentialAction":[{"@type":"SearchAction","target":{"@type":"EntryPoint","urlTemplate":"https:\/\/folhapopular.info\/?s={search_term_string}"},"query-input":{"@type":"PropertyValueSpecification","valueRequired":true,"valueName":"search_term_string"}}],"inLanguage":"pt-BR"},{"@type":"Person","@id":"https:\/\/folhapopular.info\/#\/schema\/person\/2814e8a0df7643585a9ca38bc6eb9d4b","name":"Reda\u00e7\u00e3o Folha Popular","image":{"@type":"ImageObject","inLanguage":"pt-BR","@id":"https:\/\/folhapopular.info\/wp-content\/uploads\/2026\/04\/Folha-1.webp","url":"https:\/\/folhapopular.info\/wp-content\/uploads\/2026\/04\/Folha-1.webp","contentUrl":"https:\/\/folhapopular.info\/wp-content\/uploads\/2026\/04\/Folha-1.webp","caption":"Reda\u00e7\u00e3o Folha Popular"},"url":"https:\/\/folhapopular.info\/index.php\/author\/redacao\/"}]}},"jetpack_featured_media_url":"https:\/\/folhapopular.info\/wp-content\/uploads\/2024\/09\/canoas.jpg","jetpack_sharing_enabled":true,"amp_enabled":true,"_links":{"self":[{"href":"https:\/\/folhapopular.info\/index.php\/wp-json\/wp\/v2\/posts\/167515","targetHints":{"allow":["GET"]}}],"collection":[{"href":"https:\/\/folhapopular.info\/index.php\/wp-json\/wp\/v2\/posts"}],"about":[{"href":"https:\/\/folhapopular.info\/index.php\/wp-json\/wp\/v2\/types\/post"}],"author":[{"embeddable":true,"href":"https:\/\/folhapopular.info\/index.php\/wp-json\/wp\/v2\/users\/8"}],"replies":[{"embeddable":true,"href":"https:\/\/folhapopular.info\/index.php\/wp-json\/wp\/v2\/comments?post=167515"}],"version-history":[{"count":0,"href":"https:\/\/folhapopular.info\/index.php\/wp-json\/wp\/v2\/posts\/167515\/revisions"}],"wp:featuredmedia":[{"embeddable":true,"href":"https:\/\/folhapopular.info\/index.php\/wp-json\/wp\/v2\/media\/167516"}],"wp:attachment":[{"href":"https:\/\/folhapopular.info\/index.php\/wp-json\/wp\/v2\/media?parent=167515"}],"wp:term":[{"taxonomy":"category","embeddable":true,"href":"https:\/\/folhapopular.info\/index.php\/wp-json\/wp\/v2\/categories?post=167515"},{"taxonomy":"post_tag","embeddable":true,"href":"https:\/\/folhapopular.info\/index.php\/wp-json\/wp\/v2\/tags?post=167515"}],"curies":[{"name":"wp","href":"https:\/\/api.w.org\/{rel}","templated":true}]}}