{"id":167907,"date":"2024-09-05T11:30:00","date_gmt":"2024-09-05T14:30:00","guid":{"rendered":"https:\/\/folhapopular.info\/?p=167907"},"modified":"2024-09-05T11:05:54","modified_gmt":"2024-09-05T14:05:54","slug":"semana-da-patria-em-lajeado-conta-com-apresentacoes-nas-escolas","status":"publish","type":"post","link":"https:\/\/folhapopular.info\/index.php\/2024\/09\/05\/semana-da-patria-em-lajeado-conta-com-apresentacoes-nas-escolas\/","title":{"rendered":"Semana da P\u00e1tria em Lajeado conta com apresenta\u00e7\u00f5es nas escolas"},"content":{"rendered":"\n<p>Em comemora\u00e7\u00e3o a Semana da P\u00e1tria 2024, as escolas da rede municipal de Lajeado realizaram atividades diferentes e elaboraram apresenta\u00e7\u00f5es para seus colegas. \u00a0Na quarta-feira (5\/9), os alunos da Escola Municipal de Ensino Fundamental (EMEF) Vitus Andr\u00e9 M\u00f6rchb\u00e4cher apresentaram as m\u00fasicas \u201cEste \u00c9 Um Pa\u00eds Que Vai Pra Frente\u201d, da banda Os Incr\u00edveis, e a m\u00fasica \u201cMeu Brasil &#8211; Independ\u00eancia do Brasil\u201d. <\/p>\n\n\n\n<p>As apresenta\u00e7\u00f5es foram realizadas no p\u00e1tio da escola. A diretora da EMEF, Cl\u00e1udia Schvingel Klein B\u00fchring, conta que todas as turmas prepararam apresenta\u00e7\u00f5es para a Semana da P\u00e1tria. &#8220;Hoje, tivemos apresenta\u00e7\u00f5es das turmas do pr\u00e9 e do 1\u00ba ano para conciliarmos as seis turmas da escola com os cinco dias letivos antes do dia 7 de setembro&#8221;, explica a diretora.<\/p>\n\n\n\n<p>Nas escolas, as celebra\u00e7\u00f5es da Semana da P\u00e1tria seguem at\u00e9 o dia 6 de setembro. Mas as comemora\u00e7\u00f5es continuam no munic\u00edpio. Neste ano, o tema nacional escolhido para as comemora\u00e7\u00f5es \u00e9 o \u201cCenten\u00e1rio da Uni\u00e3o dos Escoteiros do Brasil\u201d e como tema estadual \u201c1\u00aa For\u00e7a de Paz Internacional, Batalh\u00e3o Suez 3\u00ba\/2\u00ba RI \u2013 1956\u201d.<\/p>\n\n\n\n<p>Para celebrar a Semana da P\u00e1tria, a Casa de Cultura recebeu ornamenta\u00e7\u00e3o com faixas nas cores verde e amarelo. O munic\u00edpio tamb\u00e9m recebeu a centelha da 87\u00aa Corrida do Fogo Simb\u00f3lico da P\u00e1tria 2024. A centelha foi levada para o quartel do Corpo de Bombeiros.\u00a0\u00a0<\/p>\n\n\n\n<p><\/p>\n","protected":false},"excerpt":{"rendered":"<p>Em comemora\u00e7\u00e3o a Semana da P\u00e1tria 2024, as escolas da rede municipal de Lajeado realizaram atividades diferentes e elaboraram apresenta\u00e7\u00f5es para seus colegas. \u00a0Na quarta-feira (5\/9), os alunos da Escola Municipal de Ensino Fundamental (EMEF) Vitus Andr\u00e9 M\u00f6rchb\u00e4cher apresentaram as m\u00fasicas \u201cEste \u00c9 Um Pa\u00eds Que Vai Pra Frente\u201d, da banda Os Incr\u00edveis, e a [&hellip;]<\/p>\n","protected":false},"author":8,"featured_media":167908,"comment_status":"open","ping_status":"open","sticky":false,"template":"","format":"standard","meta":{"pmpro_default_level":"","_jetpack_memberships_contains_paid_content":false,"footnotes":""},"categories":[10996,2,6],"tags":[937,27,491],"class_list":{"0":"post-167907","1":"post","2":"type-post","3":"status-publish","4":"format-standard","5":"has-post-thumbnail","7":"category-cultura","8":"category-featured","9":"category-inclusive","10":"tag-7-de-setembro","11":"tag-lajeado","12":"tag-semana-da-patria","13":"pmpro-has-access"},"yoast_head":"<!-- This site is optimized with the Yoast SEO plugin v27.5 - https:\/\/yoast.com\/product\/yoast-seo-wordpress\/ -->\n<title>Semana da P\u00e1tria em Lajeado conta com apresenta\u00e7\u00f5es nas escolas - Folha Popular<\/title>\n<meta name=\"robots\" content=\"index, follow, max-snippet:-1, max-image-preview:large, max-video-preview:-1\" \/>\n<link rel=\"canonical\" href=\"https:\/\/folhapopular.info\/index.php\/2024\/09\/05\/semana-da-patria-em-lajeado-conta-com-apresentacoes-nas-escolas\/\" \/>\n<meta property=\"og:locale\" content=\"pt_BR\" \/>\n<meta property=\"og:type\" content=\"article\" \/>\n<meta property=\"og:title\" content=\"Semana da P\u00e1tria em Lajeado conta com apresenta\u00e7\u00f5es nas escolas - Folha Popular\" \/>\n<meta property=\"og:description\" content=\"Em comemora\u00e7\u00e3o a Semana da P\u00e1tria 2024, as escolas da rede municipal de Lajeado realizaram atividades diferentes e elaboraram apresenta\u00e7\u00f5es para seus colegas. \u00a0Na quarta-feira (5\/9), os alunos da Escola Municipal de Ensino Fundamental (EMEF) Vitus Andr\u00e9 M\u00f6rchb\u00e4cher apresentaram as m\u00fasicas \u201cEste \u00c9 Um Pa\u00eds Que Vai Pra Frente\u201d, da banda Os Incr\u00edveis, e a [&hellip;]\" \/>\n<meta property=\"og:url\" content=\"https:\/\/folhapopular.info\/index.php\/2024\/09\/05\/semana-da-patria-em-lajeado-conta-com-apresentacoes-nas-escolas\/\" \/>\n<meta property=\"og:site_name\" content=\"Folha Popular\" \/>\n<meta property=\"article:published_time\" content=\"2024-09-05T14:30:00+00:00\" \/>\n<meta property=\"og:image\" content=\"https:\/\/folhapopular.info\/wp-content\/uploads\/2024\/09\/Semana-da-Patria-1-scaled.jpeg\" \/>\n\t<meta property=\"og:image:width\" content=\"2560\" \/>\n\t<meta property=\"og:image:height\" content=\"1920\" \/>\n\t<meta property=\"og:image:type\" content=\"image\/jpeg\" \/>\n<meta name=\"author\" content=\"Reda\u00e7\u00e3o Folha Popular\" \/>\n<meta name=\"twitter:card\" content=\"summary_large_image\" \/>\n<meta name=\"twitter:label1\" content=\"Escrito por\" \/>\n\t<meta name=\"twitter:data1\" content=\"Reda\u00e7\u00e3o Folha Popular\" \/>\n\t<meta name=\"twitter:label2\" content=\"Est. tempo de leitura\" \/>\n\t<meta name=\"twitter:data2\" content=\"2 minutos\" \/>\n<script type=\"application\/ld+json\" class=\"yoast-schema-graph\">{\"@context\":\"https:\\\/\\\/schema.org\",\"@graph\":[{\"@type\":\"Article\",\"@id\":\"https:\\\/\\\/folhapopular.info\\\/index.php\\\/2024\\\/09\\\/05\\\/semana-da-patria-em-lajeado-conta-com-apresentacoes-nas-escolas\\\/#article\",\"isPartOf\":{\"@id\":\"https:\\\/\\\/folhapopular.info\\\/index.php\\\/2024\\\/09\\\/05\\\/semana-da-patria-em-lajeado-conta-com-apresentacoes-nas-escolas\\\/\"},\"author\":{\"name\":\"Reda\u00e7\u00e3o Folha Popular\",\"@id\":\"https:\\\/\\\/folhapopular.info\\\/#\\\/schema\\\/person\\\/2814e8a0df7643585a9ca38bc6eb9d4b\"},\"headline\":\"Semana da P\u00e1tria em Lajeado conta com apresenta\u00e7\u00f5es nas escolas\",\"datePublished\":\"2024-09-05T14:30:00+00:00\",\"mainEntityOfPage\":{\"@id\":\"https:\\\/\\\/folhapopular.info\\\/index.php\\\/2024\\\/09\\\/05\\\/semana-da-patria-em-lajeado-conta-com-apresentacoes-nas-escolas\\\/\"},\"wordCount\":252,\"commentCount\":0,\"image\":{\"@id\":\"https:\\\/\\\/folhapopular.info\\\/index.php\\\/2024\\\/09\\\/05\\\/semana-da-patria-em-lajeado-conta-com-apresentacoes-nas-escolas\\\/#primaryimage\"},\"thumbnailUrl\":\"https:\\\/\\\/folhapopular.info\\\/wp-content\\\/uploads\\\/2024\\\/09\\\/Semana-da-Patria-1-scaled.jpeg\",\"keywords\":[\"7 de setembro\",\"Lajeado\",\"Semana da P\u00e1tria\"],\"articleSection\":[\"Cultura\",\"Destaques\",\"Inclusive\"],\"inLanguage\":\"pt-BR\",\"potentialAction\":[{\"@type\":\"CommentAction\",\"name\":\"Comment\",\"target\":[\"https:\\\/\\\/folhapopular.info\\\/index.php\\\/2024\\\/09\\\/05\\\/semana-da-patria-em-lajeado-conta-com-apresentacoes-nas-escolas\\\/#respond\"]}]},{\"@type\":\"WebPage\",\"@id\":\"https:\\\/\\\/folhapopular.info\\\/index.php\\\/2024\\\/09\\\/05\\\/semana-da-patria-em-lajeado-conta-com-apresentacoes-nas-escolas\\\/\",\"url\":\"https:\\\/\\\/folhapopular.info\\\/index.php\\\/2024\\\/09\\\/05\\\/semana-da-patria-em-lajeado-conta-com-apresentacoes-nas-escolas\\\/\",\"name\":\"Semana da P\u00e1tria em Lajeado conta com apresenta\u00e7\u00f5es nas escolas - Folha Popular\",\"isPartOf\":{\"@id\":\"https:\\\/\\\/folhapopular.info\\\/#website\"},\"primaryImageOfPage\":{\"@id\":\"https:\\\/\\\/folhapopular.info\\\/index.php\\\/2024\\\/09\\\/05\\\/semana-da-patria-em-lajeado-conta-com-apresentacoes-nas-escolas\\\/#primaryimage\"},\"image\":{\"@id\":\"https:\\\/\\\/folhapopular.info\\\/index.php\\\/2024\\\/09\\\/05\\\/semana-da-patria-em-lajeado-conta-com-apresentacoes-nas-escolas\\\/#primaryimage\"},\"thumbnailUrl\":\"https:\\\/\\\/folhapopular.info\\\/wp-content\\\/uploads\\\/2024\\\/09\\\/Semana-da-Patria-1-scaled.jpeg\",\"datePublished\":\"2024-09-05T14:30:00+00:00\",\"author\":{\"@id\":\"https:\\\/\\\/folhapopular.info\\\/#\\\/schema\\\/person\\\/2814e8a0df7643585a9ca38bc6eb9d4b\"},\"breadcrumb\":{\"@id\":\"https:\\\/\\\/folhapopular.info\\\/index.php\\\/2024\\\/09\\\/05\\\/semana-da-patria-em-lajeado-conta-com-apresentacoes-nas-escolas\\\/#breadcrumb\"},\"inLanguage\":\"pt-BR\",\"potentialAction\":[{\"@type\":\"ReadAction\",\"target\":[\"https:\\\/\\\/folhapopular.info\\\/index.php\\\/2024\\\/09\\\/05\\\/semana-da-patria-em-lajeado-conta-com-apresentacoes-nas-escolas\\\/\"]}]},{\"@type\":\"ImageObject\",\"inLanguage\":\"pt-BR\",\"@id\":\"https:\\\/\\\/folhapopular.info\\\/index.php\\\/2024\\\/09\\\/05\\\/semana-da-patria-em-lajeado-conta-com-apresentacoes-nas-escolas\\\/#primaryimage\",\"url\":\"https:\\\/\\\/folhapopular.info\\\/wp-content\\\/uploads\\\/2024\\\/09\\\/Semana-da-Patria-1-scaled.jpeg\",\"contentUrl\":\"https:\\\/\\\/folhapopular.info\\\/wp-content\\\/uploads\\\/2024\\\/09\\\/Semana-da-Patria-1-scaled.jpeg\",\"width\":2560,\"height\":1920,\"caption\":\"Cr\u00e9dito: Laura Mallmann \\\/ Divulga\u00e7\u00e3o\"},{\"@type\":\"BreadcrumbList\",\"@id\":\"https:\\\/\\\/folhapopular.info\\\/index.php\\\/2024\\\/09\\\/05\\\/semana-da-patria-em-lajeado-conta-com-apresentacoes-nas-escolas\\\/#breadcrumb\",\"itemListElement\":[{\"@type\":\"ListItem\",\"position\":1,\"name\":\"In\u00edcio\",\"item\":\"https:\\\/\\\/folhapopular.info\\\/\"},{\"@type\":\"ListItem\",\"position\":2,\"name\":\"Semana da P\u00e1tria em Lajeado conta com apresenta\u00e7\u00f5es nas escolas\"}]},{\"@type\":\"WebSite\",\"@id\":\"https:\\\/\\\/folhapopular.info\\\/#website\",\"url\":\"https:\\\/\\\/folhapopular.info\\\/\",\"name\":\"Folha Popular\",\"description\":\"Onde voc\u00ea tem vez e voz\",\"potentialAction\":[{\"@type\":\"SearchAction\",\"target\":{\"@type\":\"EntryPoint\",\"urlTemplate\":\"https:\\\/\\\/folhapopular.info\\\/?s={search_term_string}\"},\"query-input\":{\"@type\":\"PropertyValueSpecification\",\"valueRequired\":true,\"valueName\":\"search_term_string\"}}],\"inLanguage\":\"pt-BR\"},{\"@type\":\"Person\",\"@id\":\"https:\\\/\\\/folhapopular.info\\\/#\\\/schema\\\/person\\\/2814e8a0df7643585a9ca38bc6eb9d4b\",\"name\":\"Reda\u00e7\u00e3o Folha Popular\",\"image\":{\"@type\":\"ImageObject\",\"inLanguage\":\"pt-BR\",\"@id\":\"https:\\\/\\\/folhapopular.info\\\/wp-content\\\/uploads\\\/2026\\\/04\\\/Folha-1.webp\",\"url\":\"https:\\\/\\\/folhapopular.info\\\/wp-content\\\/uploads\\\/2026\\\/04\\\/Folha-1.webp\",\"contentUrl\":\"https:\\\/\\\/folhapopular.info\\\/wp-content\\\/uploads\\\/2026\\\/04\\\/Folha-1.webp\",\"caption\":\"Reda\u00e7\u00e3o Folha Popular\"},\"url\":\"https:\\\/\\\/folhapopular.info\\\/index.php\\\/author\\\/redacao\\\/\"}]}<\/script>\n<!-- \/ Yoast SEO plugin. -->","yoast_head_json":{"title":"Semana da P\u00e1tria em Lajeado conta com apresenta\u00e7\u00f5es nas escolas - Folha Popular","robots":{"index":"index","follow":"follow","max-snippet":"max-snippet:-1","max-image-preview":"max-image-preview:large","max-video-preview":"max-video-preview:-1"},"canonical":"https:\/\/folhapopular.info\/index.php\/2024\/09\/05\/semana-da-patria-em-lajeado-conta-com-apresentacoes-nas-escolas\/","og_locale":"pt_BR","og_type":"article","og_title":"Semana da P\u00e1tria em Lajeado conta com apresenta\u00e7\u00f5es nas escolas - Folha Popular","og_description":"Em comemora\u00e7\u00e3o a Semana da P\u00e1tria 2024, as escolas da rede municipal de Lajeado realizaram atividades diferentes e elaboraram apresenta\u00e7\u00f5es para seus colegas. \u00a0Na quarta-feira (5\/9), os alunos da Escola Municipal de Ensino Fundamental (EMEF) Vitus Andr\u00e9 M\u00f6rchb\u00e4cher apresentaram as m\u00fasicas \u201cEste \u00c9 Um Pa\u00eds Que Vai Pra Frente\u201d, da banda Os Incr\u00edveis, e a [&hellip;]","og_url":"https:\/\/folhapopular.info\/index.php\/2024\/09\/05\/semana-da-patria-em-lajeado-conta-com-apresentacoes-nas-escolas\/","og_site_name":"Folha Popular","article_published_time":"2024-09-05T14:30:00+00:00","og_image":[{"width":2560,"height":1920,"url":"https:\/\/folhapopular.info\/wp-content\/uploads\/2024\/09\/Semana-da-Patria-1-scaled.jpeg","type":"image\/jpeg"}],"author":"Reda\u00e7\u00e3o Folha Popular","twitter_card":"summary_large_image","twitter_misc":{"Escrito por":"Reda\u00e7\u00e3o Folha Popular","Est. tempo de leitura":"2 minutos"},"schema":{"@context":"https:\/\/schema.org","@graph":[{"@type":"Article","@id":"https:\/\/folhapopular.info\/index.php\/2024\/09\/05\/semana-da-patria-em-lajeado-conta-com-apresentacoes-nas-escolas\/#article","isPartOf":{"@id":"https:\/\/folhapopular.info\/index.php\/2024\/09\/05\/semana-da-patria-em-lajeado-conta-com-apresentacoes-nas-escolas\/"},"author":{"name":"Reda\u00e7\u00e3o Folha Popular","@id":"https:\/\/folhapopular.info\/#\/schema\/person\/2814e8a0df7643585a9ca38bc6eb9d4b"},"headline":"Semana da P\u00e1tria em Lajeado conta com apresenta\u00e7\u00f5es nas escolas","datePublished":"2024-09-05T14:30:00+00:00","mainEntityOfPage":{"@id":"https:\/\/folhapopular.info\/index.php\/2024\/09\/05\/semana-da-patria-em-lajeado-conta-com-apresentacoes-nas-escolas\/"},"wordCount":252,"commentCount":0,"image":{"@id":"https:\/\/folhapopular.info\/index.php\/2024\/09\/05\/semana-da-patria-em-lajeado-conta-com-apresentacoes-nas-escolas\/#primaryimage"},"thumbnailUrl":"https:\/\/folhapopular.info\/wp-content\/uploads\/2024\/09\/Semana-da-Patria-1-scaled.jpeg","keywords":["7 de setembro","Lajeado","Semana da P\u00e1tria"],"articleSection":["Cultura","Destaques","Inclusive"],"inLanguage":"pt-BR","potentialAction":[{"@type":"CommentAction","name":"Comment","target":["https:\/\/folhapopular.info\/index.php\/2024\/09\/05\/semana-da-patria-em-lajeado-conta-com-apresentacoes-nas-escolas\/#respond"]}]},{"@type":"WebPage","@id":"https:\/\/folhapopular.info\/index.php\/2024\/09\/05\/semana-da-patria-em-lajeado-conta-com-apresentacoes-nas-escolas\/","url":"https:\/\/folhapopular.info\/index.php\/2024\/09\/05\/semana-da-patria-em-lajeado-conta-com-apresentacoes-nas-escolas\/","name":"Semana da P\u00e1tria em Lajeado conta com apresenta\u00e7\u00f5es nas escolas - Folha Popular","isPartOf":{"@id":"https:\/\/folhapopular.info\/#website"},"primaryImageOfPage":{"@id":"https:\/\/folhapopular.info\/index.php\/2024\/09\/05\/semana-da-patria-em-lajeado-conta-com-apresentacoes-nas-escolas\/#primaryimage"},"image":{"@id":"https:\/\/folhapopular.info\/index.php\/2024\/09\/05\/semana-da-patria-em-lajeado-conta-com-apresentacoes-nas-escolas\/#primaryimage"},"thumbnailUrl":"https:\/\/folhapopular.info\/wp-content\/uploads\/2024\/09\/Semana-da-Patria-1-scaled.jpeg","datePublished":"2024-09-05T14:30:00+00:00","author":{"@id":"https:\/\/folhapopular.info\/#\/schema\/person\/2814e8a0df7643585a9ca38bc6eb9d4b"},"breadcrumb":{"@id":"https:\/\/folhapopular.info\/index.php\/2024\/09\/05\/semana-da-patria-em-lajeado-conta-com-apresentacoes-nas-escolas\/#breadcrumb"},"inLanguage":"pt-BR","potentialAction":[{"@type":"ReadAction","target":["https:\/\/folhapopular.info\/index.php\/2024\/09\/05\/semana-da-patria-em-lajeado-conta-com-apresentacoes-nas-escolas\/"]}]},{"@type":"ImageObject","inLanguage":"pt-BR","@id":"https:\/\/folhapopular.info\/index.php\/2024\/09\/05\/semana-da-patria-em-lajeado-conta-com-apresentacoes-nas-escolas\/#primaryimage","url":"https:\/\/folhapopular.info\/wp-content\/uploads\/2024\/09\/Semana-da-Patria-1-scaled.jpeg","contentUrl":"https:\/\/folhapopular.info\/wp-content\/uploads\/2024\/09\/Semana-da-Patria-1-scaled.jpeg","width":2560,"height":1920,"caption":"Cr\u00e9dito: Laura Mallmann \/ Divulga\u00e7\u00e3o"},{"@type":"BreadcrumbList","@id":"https:\/\/folhapopular.info\/index.php\/2024\/09\/05\/semana-da-patria-em-lajeado-conta-com-apresentacoes-nas-escolas\/#breadcrumb","itemListElement":[{"@type":"ListItem","position":1,"name":"In\u00edcio","item":"https:\/\/folhapopular.info\/"},{"@type":"ListItem","position":2,"name":"Semana da P\u00e1tria em Lajeado conta com apresenta\u00e7\u00f5es nas escolas"}]},{"@type":"WebSite","@id":"https:\/\/folhapopular.info\/#website","url":"https:\/\/folhapopular.info\/","name":"Folha Popular","description":"Onde voc\u00ea tem vez e voz","potentialAction":[{"@type":"SearchAction","target":{"@type":"EntryPoint","urlTemplate":"https:\/\/folhapopular.info\/?s={search_term_string}"},"query-input":{"@type":"PropertyValueSpecification","valueRequired":true,"valueName":"search_term_string"}}],"inLanguage":"pt-BR"},{"@type":"Person","@id":"https:\/\/folhapopular.info\/#\/schema\/person\/2814e8a0df7643585a9ca38bc6eb9d4b","name":"Reda\u00e7\u00e3o Folha Popular","image":{"@type":"ImageObject","inLanguage":"pt-BR","@id":"https:\/\/folhapopular.info\/wp-content\/uploads\/2026\/04\/Folha-1.webp","url":"https:\/\/folhapopular.info\/wp-content\/uploads\/2026\/04\/Folha-1.webp","contentUrl":"https:\/\/folhapopular.info\/wp-content\/uploads\/2026\/04\/Folha-1.webp","caption":"Reda\u00e7\u00e3o Folha Popular"},"url":"https:\/\/folhapopular.info\/index.php\/author\/redacao\/"}]}},"jetpack_featured_media_url":"https:\/\/folhapopular.info\/wp-content\/uploads\/2024\/09\/Semana-da-Patria-1-scaled.jpeg","jetpack_sharing_enabled":true,"amp_enabled":true,"_links":{"self":[{"href":"https:\/\/folhapopular.info\/index.php\/wp-json\/wp\/v2\/posts\/167907","targetHints":{"allow":["GET"]}}],"collection":[{"href":"https:\/\/folhapopular.info\/index.php\/wp-json\/wp\/v2\/posts"}],"about":[{"href":"https:\/\/folhapopular.info\/index.php\/wp-json\/wp\/v2\/types\/post"}],"author":[{"embeddable":true,"href":"https:\/\/folhapopular.info\/index.php\/wp-json\/wp\/v2\/users\/8"}],"replies":[{"embeddable":true,"href":"https:\/\/folhapopular.info\/index.php\/wp-json\/wp\/v2\/comments?post=167907"}],"version-history":[{"count":0,"href":"https:\/\/folhapopular.info\/index.php\/wp-json\/wp\/v2\/posts\/167907\/revisions"}],"wp:featuredmedia":[{"embeddable":true,"href":"https:\/\/folhapopular.info\/index.php\/wp-json\/wp\/v2\/media\/167908"}],"wp:attachment":[{"href":"https:\/\/folhapopular.info\/index.php\/wp-json\/wp\/v2\/media?parent=167907"}],"wp:term":[{"taxonomy":"category","embeddable":true,"href":"https:\/\/folhapopular.info\/index.php\/wp-json\/wp\/v2\/categories?post=167907"},{"taxonomy":"post_tag","embeddable":true,"href":"https:\/\/folhapopular.info\/index.php\/wp-json\/wp\/v2\/tags?post=167907"}],"curies":[{"name":"wp","href":"https:\/\/api.w.org\/{rel}","templated":true}]}}