{"id":168226,"date":"2024-09-09T22:12:58","date_gmt":"2024-09-10T01:12:58","guid":{"rendered":"https:\/\/folhapopular.info\/?p=168226"},"modified":"2024-09-09T22:13:05","modified_gmt":"2024-09-10T01:13:05","slug":"bonitinho-e-jose-alves-recorrem-para-confirmar-registro-de-candidatura-em-estrela","status":"publish","type":"post","link":"https:\/\/folhapopular.info\/index.php\/2024\/09\/09\/bonitinho-e-jose-alves-recorrem-para-confirmar-registro-de-candidatura-em-estrela\/","title":{"rendered":"Bonitinho e Jos\u00e9 Alves recorrem para confirmar registro de candidatura em Estrela"},"content":{"rendered":"\n<p>A defesa do candidato a prefeito Renato Alfredo Horn &#8220;Bonitinho&#8221; (PSB) e do candidato a vice, Jos\u00e9 Alves dos Santos, protocolou, \u00e0s 20h58 e \u00e0s 20h43 de sexta-feira (6\/9), os recursos para tentar confirmar o registro da candidatura em Estrela &#8211; portanto, dentro do prazo m\u00e1ximo que era domingo (8\/9). O recurso foi interposto pela defesa ap\u00f3s o juiz da 21\u00aa Zona Eleitoral (Estrela), Diego Dezorzi, indeferir (negar) o registro do candidato no dia 3 de setembro.<\/p>\n\n\n\n<p>O procurador Henrique de Melo Karam, da Karam Advogados, prop\u00f5e ao Tribunal Regional Eleitoral (TRE\/RS) &#8220;a reforma da senten\u00e7a de primeira inst\u00e2ncia (ID 123298099), que indeferiu o registro de candidatura do recorrente, motivado por falta de documenta\u00e7\u00e3o obrigat\u00f3ria (certid\u00f5es de antecedentes e de quita\u00e7\u00e3o eleitoral)&#8221;, explica.<\/p>\n\n\n\n<p>Karam informou no recurso que os documentos faltantes (certid\u00f5es negativas criminais) foram juntados por meio de embargos de declara\u00e7\u00e3o e &#8220;postulada a avalia\u00e7\u00e3o da registrabilidade sob a perspectiva material e n\u00e3o meramente formal&#8221;. Quanto \u00e0 quita\u00e7\u00e3o eleitoral do candidato Bonitinho, o advogado assegura que o fato foi comprovado mediante o documento e da certid\u00e3o do Cart\u00f3rio Eleitoral.<\/p>\n\n\n\n<p>&#8220;\u00c9 fato incontest\u00e1vel o recorrente haver juntado todas as certid\u00f5es faltantes (certid\u00f5es de 1\u00aa e 2\u00aa inst\u00e2ncias da justi\u00e7a estadual e comprova\u00e7\u00e3o da quita\u00e7\u00e3o eleitoral), nos termos da informa\u00e7\u00e3o de candidato, aposta no ID 123269384, ainda em primeiro grau de jurisdi\u00e7\u00e3o. Assim, n\u00e3o paira sob o caso concreto qualquer condi\u00e7\u00e3o objetiva de inelegibilidade do recorrente&#8221;, diz trecho do recurso.<\/p>\n\n\n\n<p>O promotor eleitoral Andr\u00e9 Costa j\u00e1 foi notificado do recurso nesta segunda-feira (9\/9).<\/p>\n","protected":false},"excerpt":{"rendered":"<p>A defesa do candidato a prefeito Renato Alfredo Horn &#8220;Bonitinho&#8221; (PSB) e do candidato a vice, Jos\u00e9 Alves dos Santos, protocolou, \u00e0s 20h58 e \u00e0s 20h43 de sexta-feira (6\/9), os recursos para tentar confirmar o registro da candidatura em Estrela &#8211; portanto, dentro do prazo m\u00e1ximo que era domingo (8\/9). O recurso foi interposto pela [&hellip;]<\/p>\n","protected":false},"author":7,"featured_media":167611,"comment_status":"open","ping_status":"open","sticky":false,"template":"","format":"standard","meta":{"pmpro_default_level":"","_jetpack_memberships_contains_paid_content":false,"footnotes":""},"categories":[2,3553,15550,10985],"tags":[15299,8],"class_list":{"0":"post-168226","1":"post","2":"type-post","3":"status-publish","4":"format-standard","5":"has-post-thumbnail","7":"category-featured","8":"category-eleicoes","9":"category-eleicoes-2024","10":"category-politica","11":"tag-eleicao-2024","12":"tag-estrela","13":"pmpro-has-access"},"yoast_head":"<!-- This site is optimized with the Yoast SEO plugin v27.5 - https:\/\/yoast.com\/product\/yoast-seo-wordpress\/ -->\n<title>Bonitinho e Jos\u00e9 Alves recorrem para confirmar registro de candidatura em Estrela - Folha Popular<\/title>\n<meta name=\"robots\" content=\"index, follow, max-snippet:-1, max-image-preview:large, max-video-preview:-1\" \/>\n<link rel=\"canonical\" href=\"https:\/\/folhapopular.info\/index.php\/2024\/09\/09\/bonitinho-e-jose-alves-recorrem-para-confirmar-registro-de-candidatura-em-estrela\/\" \/>\n<meta property=\"og:locale\" content=\"pt_BR\" \/>\n<meta property=\"og:type\" content=\"article\" \/>\n<meta property=\"og:title\" content=\"Bonitinho e Jos\u00e9 Alves recorrem para confirmar registro de candidatura em Estrela - Folha Popular\" \/>\n<meta property=\"og:description\" content=\"A defesa do candidato a prefeito Renato Alfredo Horn &#8220;Bonitinho&#8221; (PSB) e do candidato a vice, Jos\u00e9 Alves dos Santos, protocolou, \u00e0s 20h58 e \u00e0s 20h43 de sexta-feira (6\/9), os recursos para tentar confirmar o registro da candidatura em Estrela &#8211; portanto, dentro do prazo m\u00e1ximo que era domingo (8\/9). O recurso foi interposto pela [&hellip;]\" \/>\n<meta property=\"og:url\" content=\"https:\/\/folhapopular.info\/index.php\/2024\/09\/09\/bonitinho-e-jose-alves-recorrem-para-confirmar-registro-de-candidatura-em-estrela\/\" \/>\n<meta property=\"og:site_name\" content=\"Folha Popular\" \/>\n<meta property=\"article:published_time\" content=\"2024-09-10T01:12:58+00:00\" \/>\n<meta property=\"article:modified_time\" content=\"2024-09-10T01:13:05+00:00\" \/>\n<meta name=\"author\" content=\"Lucas Leandro Brune\" \/>\n<meta name=\"twitter:card\" content=\"summary_large_image\" \/>\n<meta name=\"twitter:label1\" content=\"Escrito por\" \/>\n\t<meta name=\"twitter:data1\" content=\"Lucas Leandro Brune\" \/>\n\t<meta name=\"twitter:label2\" content=\"Est. tempo de leitura\" \/>\n\t<meta name=\"twitter:data2\" content=\"1 minuto\" \/>\n<script type=\"application\/ld+json\" class=\"yoast-schema-graph\">{\"@context\":\"https:\\\/\\\/schema.org\",\"@graph\":[{\"@type\":\"Article\",\"@id\":\"https:\\\/\\\/folhapopular.info\\\/index.php\\\/2024\\\/09\\\/09\\\/bonitinho-e-jose-alves-recorrem-para-confirmar-registro-de-candidatura-em-estrela\\\/#article\",\"isPartOf\":{\"@id\":\"https:\\\/\\\/folhapopular.info\\\/index.php\\\/2024\\\/09\\\/09\\\/bonitinho-e-jose-alves-recorrem-para-confirmar-registro-de-candidatura-em-estrela\\\/\"},\"author\":{\"name\":\"Lucas Leandro Brune\",\"@id\":\"https:\\\/\\\/folhapopular.info\\\/#\\\/schema\\\/person\\\/533a15f60cd49e81ab3a90b4ca33cb36\"},\"headline\":\"Bonitinho e Jos\u00e9 Alves recorrem para confirmar registro de candidatura em Estrela\",\"datePublished\":\"2024-09-10T01:12:58+00:00\",\"dateModified\":\"2024-09-10T01:13:05+00:00\",\"mainEntityOfPage\":{\"@id\":\"https:\\\/\\\/folhapopular.info\\\/index.php\\\/2024\\\/09\\\/09\\\/bonitinho-e-jose-alves-recorrem-para-confirmar-registro-de-candidatura-em-estrela\\\/\"},\"wordCount\":281,\"commentCount\":0,\"image\":{\"@id\":\"https:\\\/\\\/folhapopular.info\\\/index.php\\\/2024\\\/09\\\/09\\\/bonitinho-e-jose-alves-recorrem-para-confirmar-registro-de-candidatura-em-estrela\\\/#primaryimage\"},\"thumbnailUrl\":\"https:\\\/\\\/folhapopular.info\\\/wp-content\\\/uploads\\\/2024\\\/09\\\/Jose-dos-Santos-e-e-Renato-Horn-Bonitinho_CLS-scaled.jpeg\",\"keywords\":[\"elei\u00e7\u00e3o 2024\",\"Estrela\"],\"articleSection\":[\"Destaques\",\"Elei\u00e7\u00f5es\",\"Elei\u00e7\u00f5es 2024\",\"Pol\u00edtica\"],\"inLanguage\":\"pt-BR\",\"potentialAction\":[{\"@type\":\"CommentAction\",\"name\":\"Comment\",\"target\":[\"https:\\\/\\\/folhapopular.info\\\/index.php\\\/2024\\\/09\\\/09\\\/bonitinho-e-jose-alves-recorrem-para-confirmar-registro-de-candidatura-em-estrela\\\/#respond\"]}]},{\"@type\":\"WebPage\",\"@id\":\"https:\\\/\\\/folhapopular.info\\\/index.php\\\/2024\\\/09\\\/09\\\/bonitinho-e-jose-alves-recorrem-para-confirmar-registro-de-candidatura-em-estrela\\\/\",\"url\":\"https:\\\/\\\/folhapopular.info\\\/index.php\\\/2024\\\/09\\\/09\\\/bonitinho-e-jose-alves-recorrem-para-confirmar-registro-de-candidatura-em-estrela\\\/\",\"name\":\"Bonitinho e Jos\u00e9 Alves recorrem para confirmar registro de candidatura em Estrela - Folha Popular\",\"isPartOf\":{\"@id\":\"https:\\\/\\\/folhapopular.info\\\/#website\"},\"primaryImageOfPage\":{\"@id\":\"https:\\\/\\\/folhapopular.info\\\/index.php\\\/2024\\\/09\\\/09\\\/bonitinho-e-jose-alves-recorrem-para-confirmar-registro-de-candidatura-em-estrela\\\/#primaryimage\"},\"image\":{\"@id\":\"https:\\\/\\\/folhapopular.info\\\/index.php\\\/2024\\\/09\\\/09\\\/bonitinho-e-jose-alves-recorrem-para-confirmar-registro-de-candidatura-em-estrela\\\/#primaryimage\"},\"thumbnailUrl\":\"https:\\\/\\\/folhapopular.info\\\/wp-content\\\/uploads\\\/2024\\\/09\\\/Jose-dos-Santos-e-e-Renato-Horn-Bonitinho_CLS-scaled.jpeg\",\"datePublished\":\"2024-09-10T01:12:58+00:00\",\"dateModified\":\"2024-09-10T01:13:05+00:00\",\"author\":{\"@id\":\"https:\\\/\\\/folhapopular.info\\\/#\\\/schema\\\/person\\\/533a15f60cd49e81ab3a90b4ca33cb36\"},\"breadcrumb\":{\"@id\":\"https:\\\/\\\/folhapopular.info\\\/index.php\\\/2024\\\/09\\\/09\\\/bonitinho-e-jose-alves-recorrem-para-confirmar-registro-de-candidatura-em-estrela\\\/#breadcrumb\"},\"inLanguage\":\"pt-BR\",\"potentialAction\":[{\"@type\":\"ReadAction\",\"target\":[\"https:\\\/\\\/folhapopular.info\\\/index.php\\\/2024\\\/09\\\/09\\\/bonitinho-e-jose-alves-recorrem-para-confirmar-registro-de-candidatura-em-estrela\\\/\"]}]},{\"@type\":\"ImageObject\",\"inLanguage\":\"pt-BR\",\"@id\":\"https:\\\/\\\/folhapopular.info\\\/index.php\\\/2024\\\/09\\\/09\\\/bonitinho-e-jose-alves-recorrem-para-confirmar-registro-de-candidatura-em-estrela\\\/#primaryimage\",\"url\":\"https:\\\/\\\/folhapopular.info\\\/wp-content\\\/uploads\\\/2024\\\/09\\\/Jose-dos-Santos-e-e-Renato-Horn-Bonitinho_CLS-scaled.jpeg\",\"contentUrl\":\"https:\\\/\\\/folhapopular.info\\\/wp-content\\\/uploads\\\/2024\\\/09\\\/Jose-dos-Santos-e-e-Renato-Horn-Bonitinho_CLS-scaled.jpeg\",\"width\":2560,\"height\":1920,\"caption\":\"Jos\u00e9 dos Santos (e) e Renato Horn Bonitinho \\\/\\\/ Cr\u00e9dito: Camille Lenz da Silva\"},{\"@type\":\"BreadcrumbList\",\"@id\":\"https:\\\/\\\/folhapopular.info\\\/index.php\\\/2024\\\/09\\\/09\\\/bonitinho-e-jose-alves-recorrem-para-confirmar-registro-de-candidatura-em-estrela\\\/#breadcrumb\",\"itemListElement\":[{\"@type\":\"ListItem\",\"position\":1,\"name\":\"In\u00edcio\",\"item\":\"https:\\\/\\\/folhapopular.info\\\/\"},{\"@type\":\"ListItem\",\"position\":2,\"name\":\"Bonitinho e Jos\u00e9 Alves recorrem para confirmar registro de candidatura em Estrela\"}]},{\"@type\":\"WebSite\",\"@id\":\"https:\\\/\\\/folhapopular.info\\\/#website\",\"url\":\"https:\\\/\\\/folhapopular.info\\\/\",\"name\":\"Folha Popular\",\"description\":\"Onde voc\u00ea tem vez e voz\",\"potentialAction\":[{\"@type\":\"SearchAction\",\"target\":{\"@type\":\"EntryPoint\",\"urlTemplate\":\"https:\\\/\\\/folhapopular.info\\\/?s={search_term_string}\"},\"query-input\":{\"@type\":\"PropertyValueSpecification\",\"valueRequired\":true,\"valueName\":\"search_term_string\"}}],\"inLanguage\":\"pt-BR\"},{\"@type\":\"Person\",\"@id\":\"https:\\\/\\\/folhapopular.info\\\/#\\\/schema\\\/person\\\/533a15f60cd49e81ab3a90b4ca33cb36\",\"name\":\"Lucas Leandro Brune\",\"image\":{\"@type\":\"ImageObject\",\"inLanguage\":\"pt-BR\",\"@id\":\"https:\\\/\\\/folhapopular.info\\\/wp-content\\\/uploads\\\/2026\\\/04\\\/LUCAS-1-1.webp\",\"url\":\"https:\\\/\\\/folhapopular.info\\\/wp-content\\\/uploads\\\/2026\\\/04\\\/LUCAS-1-1.webp\",\"contentUrl\":\"https:\\\/\\\/folhapopular.info\\\/wp-content\\\/uploads\\\/2026\\\/04\\\/LUCAS-1-1.webp\",\"caption\":\"Lucas Leandro Brune\"},\"description\":\"Jornalista Profissional Diplomado MTB\\\/RS 14.333\",\"url\":\"https:\\\/\\\/folhapopular.info\\\/index.php\\\/author\\\/lucas-brune\\\/\"}]}<\/script>\n<!-- \/ Yoast SEO plugin. -->","yoast_head_json":{"title":"Bonitinho e Jos\u00e9 Alves recorrem para confirmar registro de candidatura em Estrela - Folha Popular","robots":{"index":"index","follow":"follow","max-snippet":"max-snippet:-1","max-image-preview":"max-image-preview:large","max-video-preview":"max-video-preview:-1"},"canonical":"https:\/\/folhapopular.info\/index.php\/2024\/09\/09\/bonitinho-e-jose-alves-recorrem-para-confirmar-registro-de-candidatura-em-estrela\/","og_locale":"pt_BR","og_type":"article","og_title":"Bonitinho e Jos\u00e9 Alves recorrem para confirmar registro de candidatura em Estrela - Folha Popular","og_description":"A defesa do candidato a prefeito Renato Alfredo Horn &#8220;Bonitinho&#8221; (PSB) e do candidato a vice, Jos\u00e9 Alves dos Santos, protocolou, \u00e0s 20h58 e \u00e0s 20h43 de sexta-feira (6\/9), os recursos para tentar confirmar o registro da candidatura em Estrela &#8211; portanto, dentro do prazo m\u00e1ximo que era domingo (8\/9). O recurso foi interposto pela [&hellip;]","og_url":"https:\/\/folhapopular.info\/index.php\/2024\/09\/09\/bonitinho-e-jose-alves-recorrem-para-confirmar-registro-de-candidatura-em-estrela\/","og_site_name":"Folha Popular","article_published_time":"2024-09-10T01:12:58+00:00","article_modified_time":"2024-09-10T01:13:05+00:00","author":"Lucas Leandro Brune","twitter_card":"summary_large_image","twitter_misc":{"Escrito por":"Lucas Leandro Brune","Est. tempo de leitura":"1 minuto"},"schema":{"@context":"https:\/\/schema.org","@graph":[{"@type":"Article","@id":"https:\/\/folhapopular.info\/index.php\/2024\/09\/09\/bonitinho-e-jose-alves-recorrem-para-confirmar-registro-de-candidatura-em-estrela\/#article","isPartOf":{"@id":"https:\/\/folhapopular.info\/index.php\/2024\/09\/09\/bonitinho-e-jose-alves-recorrem-para-confirmar-registro-de-candidatura-em-estrela\/"},"author":{"name":"Lucas Leandro Brune","@id":"https:\/\/folhapopular.info\/#\/schema\/person\/533a15f60cd49e81ab3a90b4ca33cb36"},"headline":"Bonitinho e Jos\u00e9 Alves recorrem para confirmar registro de candidatura em Estrela","datePublished":"2024-09-10T01:12:58+00:00","dateModified":"2024-09-10T01:13:05+00:00","mainEntityOfPage":{"@id":"https:\/\/folhapopular.info\/index.php\/2024\/09\/09\/bonitinho-e-jose-alves-recorrem-para-confirmar-registro-de-candidatura-em-estrela\/"},"wordCount":281,"commentCount":0,"image":{"@id":"https:\/\/folhapopular.info\/index.php\/2024\/09\/09\/bonitinho-e-jose-alves-recorrem-para-confirmar-registro-de-candidatura-em-estrela\/#primaryimage"},"thumbnailUrl":"https:\/\/folhapopular.info\/wp-content\/uploads\/2024\/09\/Jose-dos-Santos-e-e-Renato-Horn-Bonitinho_CLS-scaled.jpeg","keywords":["elei\u00e7\u00e3o 2024","Estrela"],"articleSection":["Destaques","Elei\u00e7\u00f5es","Elei\u00e7\u00f5es 2024","Pol\u00edtica"],"inLanguage":"pt-BR","potentialAction":[{"@type":"CommentAction","name":"Comment","target":["https:\/\/folhapopular.info\/index.php\/2024\/09\/09\/bonitinho-e-jose-alves-recorrem-para-confirmar-registro-de-candidatura-em-estrela\/#respond"]}]},{"@type":"WebPage","@id":"https:\/\/folhapopular.info\/index.php\/2024\/09\/09\/bonitinho-e-jose-alves-recorrem-para-confirmar-registro-de-candidatura-em-estrela\/","url":"https:\/\/folhapopular.info\/index.php\/2024\/09\/09\/bonitinho-e-jose-alves-recorrem-para-confirmar-registro-de-candidatura-em-estrela\/","name":"Bonitinho e Jos\u00e9 Alves recorrem para confirmar registro de candidatura em Estrela - Folha Popular","isPartOf":{"@id":"https:\/\/folhapopular.info\/#website"},"primaryImageOfPage":{"@id":"https:\/\/folhapopular.info\/index.php\/2024\/09\/09\/bonitinho-e-jose-alves-recorrem-para-confirmar-registro-de-candidatura-em-estrela\/#primaryimage"},"image":{"@id":"https:\/\/folhapopular.info\/index.php\/2024\/09\/09\/bonitinho-e-jose-alves-recorrem-para-confirmar-registro-de-candidatura-em-estrela\/#primaryimage"},"thumbnailUrl":"https:\/\/folhapopular.info\/wp-content\/uploads\/2024\/09\/Jose-dos-Santos-e-e-Renato-Horn-Bonitinho_CLS-scaled.jpeg","datePublished":"2024-09-10T01:12:58+00:00","dateModified":"2024-09-10T01:13:05+00:00","author":{"@id":"https:\/\/folhapopular.info\/#\/schema\/person\/533a15f60cd49e81ab3a90b4ca33cb36"},"breadcrumb":{"@id":"https:\/\/folhapopular.info\/index.php\/2024\/09\/09\/bonitinho-e-jose-alves-recorrem-para-confirmar-registro-de-candidatura-em-estrela\/#breadcrumb"},"inLanguage":"pt-BR","potentialAction":[{"@type":"ReadAction","target":["https:\/\/folhapopular.info\/index.php\/2024\/09\/09\/bonitinho-e-jose-alves-recorrem-para-confirmar-registro-de-candidatura-em-estrela\/"]}]},{"@type":"ImageObject","inLanguage":"pt-BR","@id":"https:\/\/folhapopular.info\/index.php\/2024\/09\/09\/bonitinho-e-jose-alves-recorrem-para-confirmar-registro-de-candidatura-em-estrela\/#primaryimage","url":"https:\/\/folhapopular.info\/wp-content\/uploads\/2024\/09\/Jose-dos-Santos-e-e-Renato-Horn-Bonitinho_CLS-scaled.jpeg","contentUrl":"https:\/\/folhapopular.info\/wp-content\/uploads\/2024\/09\/Jose-dos-Santos-e-e-Renato-Horn-Bonitinho_CLS-scaled.jpeg","width":2560,"height":1920,"caption":"Jos\u00e9 dos Santos (e) e Renato Horn Bonitinho \/\/ Cr\u00e9dito: Camille Lenz da Silva"},{"@type":"BreadcrumbList","@id":"https:\/\/folhapopular.info\/index.php\/2024\/09\/09\/bonitinho-e-jose-alves-recorrem-para-confirmar-registro-de-candidatura-em-estrela\/#breadcrumb","itemListElement":[{"@type":"ListItem","position":1,"name":"In\u00edcio","item":"https:\/\/folhapopular.info\/"},{"@type":"ListItem","position":2,"name":"Bonitinho e Jos\u00e9 Alves recorrem para confirmar registro de candidatura em Estrela"}]},{"@type":"WebSite","@id":"https:\/\/folhapopular.info\/#website","url":"https:\/\/folhapopular.info\/","name":"Folha Popular","description":"Onde voc\u00ea tem vez e voz","potentialAction":[{"@type":"SearchAction","target":{"@type":"EntryPoint","urlTemplate":"https:\/\/folhapopular.info\/?s={search_term_string}"},"query-input":{"@type":"PropertyValueSpecification","valueRequired":true,"valueName":"search_term_string"}}],"inLanguage":"pt-BR"},{"@type":"Person","@id":"https:\/\/folhapopular.info\/#\/schema\/person\/533a15f60cd49e81ab3a90b4ca33cb36","name":"Lucas Leandro Brune","image":{"@type":"ImageObject","inLanguage":"pt-BR","@id":"https:\/\/folhapopular.info\/wp-content\/uploads\/2026\/04\/LUCAS-1-1.webp","url":"https:\/\/folhapopular.info\/wp-content\/uploads\/2026\/04\/LUCAS-1-1.webp","contentUrl":"https:\/\/folhapopular.info\/wp-content\/uploads\/2026\/04\/LUCAS-1-1.webp","caption":"Lucas Leandro Brune"},"description":"Jornalista Profissional Diplomado MTB\/RS 14.333","url":"https:\/\/folhapopular.info\/index.php\/author\/lucas-brune\/"}]}},"jetpack_featured_media_url":"https:\/\/folhapopular.info\/wp-content\/uploads\/2024\/09\/Jose-dos-Santos-e-e-Renato-Horn-Bonitinho_CLS-scaled.jpeg","jetpack_sharing_enabled":true,"amp_enabled":true,"_links":{"self":[{"href":"https:\/\/folhapopular.info\/index.php\/wp-json\/wp\/v2\/posts\/168226","targetHints":{"allow":["GET"]}}],"collection":[{"href":"https:\/\/folhapopular.info\/index.php\/wp-json\/wp\/v2\/posts"}],"about":[{"href":"https:\/\/folhapopular.info\/index.php\/wp-json\/wp\/v2\/types\/post"}],"author":[{"embeddable":true,"href":"https:\/\/folhapopular.info\/index.php\/wp-json\/wp\/v2\/users\/7"}],"replies":[{"embeddable":true,"href":"https:\/\/folhapopular.info\/index.php\/wp-json\/wp\/v2\/comments?post=168226"}],"version-history":[{"count":0,"href":"https:\/\/folhapopular.info\/index.php\/wp-json\/wp\/v2\/posts\/168226\/revisions"}],"wp:featuredmedia":[{"embeddable":true,"href":"https:\/\/folhapopular.info\/index.php\/wp-json\/wp\/v2\/media\/167611"}],"wp:attachment":[{"href":"https:\/\/folhapopular.info\/index.php\/wp-json\/wp\/v2\/media?parent=168226"}],"wp:term":[{"taxonomy":"category","embeddable":true,"href":"https:\/\/folhapopular.info\/index.php\/wp-json\/wp\/v2\/categories?post=168226"},{"taxonomy":"post_tag","embeddable":true,"href":"https:\/\/folhapopular.info\/index.php\/wp-json\/wp\/v2\/tags?post=168226"}],"curies":[{"name":"wp","href":"https:\/\/api.w.org\/{rel}","templated":true}]}}