{"id":168453,"date":"2024-09-11T10:41:56","date_gmt":"2024-09-11T13:41:56","guid":{"rendered":"https:\/\/folhapopular.info\/?p=168453"},"modified":"2024-09-11T10:41:59","modified_gmt":"2024-09-11T13:41:59","slug":"fecomercio-rs-se-encontra-com-sindicatos-no-sindicabes-dos-vales","status":"publish","type":"post","link":"https:\/\/folhapopular.info\/index.php\/2024\/09\/11\/fecomercio-rs-se-encontra-com-sindicatos-no-sindicabes-dos-vales\/","title":{"rendered":"Fecom\u00e9rcio-RS se encontra com sindicatos no Sindicabes dos Vales"},"content":{"rendered":"\n<p>O Sindicabes dos Vales, o Sindicato dos Sal\u00f5es de Barbeiros, Cabeleireiros e Institutos de Beleza dos Vales do Taquari e Rio Pardo (Sindicabes dos Vales) sediou, na segunda-feira (9\/9), uma visita institucional da Federa\u00e7\u00e3o do Com\u00e9rcio de Bens e de Servi\u00e7os do Estado do Rio Grande do Sul (Fecom\u00e9rcio-RS) \u00e0 regi\u00e3o. O encontro, ocorreu de forma sistem\u00e1tica aos sindicatos associados contou ainda com a presen\u00e7a da representa\u00e7\u00e3o do Sindicato dos Representantes Comerciais de Lajeado (Sirecom), Sindicato do Com\u00e9rcio Varejista de Lajeado (Sindilojas Vale do Taquari), Sesc e Senac Lajeado.<\/p>\n\n\n\n<p>Conforme o presidente da Fecom\u00e9rcio-RS, Luiz Carlos Bohn, os preju\u00edzos materiais ao Rio Grande do Sul ultrapassaram a marca de R$ 37 bilh\u00f5es, considerando com\u00e9rcio, ind\u00fastria, patrim\u00f4nio das fam\u00edlias e bens p\u00fablicos. \u201cEstamos visitando todas as regi\u00f5es para avaliar a quest\u00e3o da enchente e os reflexos dela no varejo. Percebemos que nosso setor tem uma capacidade muito grande de se reerguer, mas s\u00e3o perdas significativas de capital ou at\u00e9 mesmo de capacidade de investimento\u201d, justifica.<\/p>\n\n\n\n<p>Bohn diz que uma das primeiras medidas adotadas pela Federa\u00e7\u00e3o foi o pedido de isen\u00e7\u00e3o do Imposto sobre Circula\u00e7\u00e3o de Mercadorias e Presta\u00e7\u00e3o de Servi\u00e7os (ICMS), sobre o estorno de mercadorias perdidas com as enchentes. \u201cEsta medida foi prontamente atendida pelo governo do Estado, evitando assim um preju\u00edzo ainda maior para quem perdeu estoques e mercadorias que precisaram ser devolvidas. J\u00e1 com o Imposto Sobre Produtos Industrializados (IPI), n\u00e3o tivemos a mesma aten\u00e7\u00e3o\u201d, comenta.<\/p>\n\n\n\n<p>O presidente da Fecom\u00e9rcio-RS ouviu com aten\u00e7\u00e3o as dificuldades da regi\u00e3o, especialmente na \u00e1rea de servi\u00e7os e no setor da beleza \u2013 profissionais representados pelo Sindicabes dos Vales. Segundo a presidente do Sindicabes, Ana L\u00eddia Jantsch, muitos profissionais foram atingidos de forma direta ou indireta por meio das dificuldades causadas pelos eventos clim\u00e1ticos de maio. \u201cEstamos ainda nos reerguendo, foi uma situa\u00e7\u00e3o totalmente imprevis\u00edvel e muito fora daquilo que se podia imaginar. Mas com muita for\u00e7a e profissionalismo, estamos superando estas dificuldades\u201d, avalia a presidente.&nbsp;A diretora de finan\u00e7as e patrim\u00f4nio, Andrea dos Santos Bruch, acompanhou a presidente durante a visita.<\/p>\n\n\n\n<p>Participaram do encontro os presidentes do Sirecom Lajeado, Valdir Appelt, que recebeu das m\u00e3os do presidente da Fecom\u00e9rcio-RS o trof\u00e9u bronze, pela comemora\u00e7\u00e3o dos 55 anos da entidade, ocorrida no \u00faltimo m\u00eas de mar\u00e7o. Giraldo Sandri, presidente do Sindilojas Vale do Rio Taquari, a diretora do Sesc Lajeado, Betina Durayski e a diretora do Senac Lajeado, Etiene Azambuja. \u201cO programa \u2018tri-juntos\u2019, Sesc, Senac e Sindilojas ajudou muito nesta reestrutura\u00e7\u00e3o e volta das atividades. Estamos com a nossa academia de gin\u00e1stica j\u00e1 em funcionamento e o Sesquinho encaminhado para voltar atender as fam\u00edlias, junto ao Senac\u201d, conta a gerente do Sesc.<\/p>\n","protected":false},"excerpt":{"rendered":"<p>O Sindicabes dos Vales, o Sindicato dos Sal\u00f5es de Barbeiros, Cabeleireiros e Institutos de Beleza dos Vales do Taquari e Rio Pardo (Sindicabes dos Vales) sediou, na segunda-feira (9\/9), uma visita institucional da Federa\u00e7\u00e3o do Com\u00e9rcio de Bens e de Servi\u00e7os do Estado do Rio Grande do Sul (Fecom\u00e9rcio-RS) \u00e0 regi\u00e3o. O encontro, ocorreu de [&hellip;]<\/p>\n","protected":false},"author":8,"featured_media":168454,"comment_status":"open","ping_status":"open","sticky":false,"template":"","format":"standard","meta":{"pmpro_default_level":"","_jetpack_memberships_contains_paid_content":false,"footnotes":""},"categories":[10991],"tags":[16155,11432,16154],"class_list":{"0":"post-168453","1":"post","2":"type-post","3":"status-publish","4":"format-standard","5":"has-post-thumbnail","7":"category-economia","8":"tag-encontro-de-sindicatos","9":"tag-fecomercio-rs","10":"tag-sidicabes-dos-vales","11":"pmpro-has-access"},"yoast_head":"<!-- This site is optimized with the Yoast SEO plugin v27.5 - https:\/\/yoast.com\/product\/yoast-seo-wordpress\/ -->\n<title>Fecom\u00e9rcio-RS se encontra com sindicatos no Sindicabes dos Vales - Folha Popular<\/title>\n<meta name=\"robots\" content=\"index, follow, max-snippet:-1, max-image-preview:large, max-video-preview:-1\" \/>\n<link rel=\"canonical\" href=\"https:\/\/folhapopular.info\/index.php\/2024\/09\/11\/fecomercio-rs-se-encontra-com-sindicatos-no-sindicabes-dos-vales\/\" \/>\n<meta property=\"og:locale\" content=\"pt_BR\" \/>\n<meta property=\"og:type\" content=\"article\" \/>\n<meta property=\"og:title\" content=\"Fecom\u00e9rcio-RS se encontra com sindicatos no Sindicabes dos Vales - Folha Popular\" \/>\n<meta property=\"og:description\" content=\"O Sindicabes dos Vales, o Sindicato dos Sal\u00f5es de Barbeiros, Cabeleireiros e Institutos de Beleza dos Vales do Taquari e Rio Pardo (Sindicabes dos Vales) sediou, na segunda-feira (9\/9), uma visita institucional da Federa\u00e7\u00e3o do Com\u00e9rcio de Bens e de Servi\u00e7os do Estado do Rio Grande do Sul (Fecom\u00e9rcio-RS) \u00e0 regi\u00e3o. O encontro, ocorreu de [&hellip;]\" \/>\n<meta property=\"og:url\" content=\"https:\/\/folhapopular.info\/index.php\/2024\/09\/11\/fecomercio-rs-se-encontra-com-sindicatos-no-sindicabes-dos-vales\/\" \/>\n<meta property=\"og:site_name\" content=\"Folha Popular\" \/>\n<meta property=\"article:published_time\" content=\"2024-09-11T13:41:56+00:00\" \/>\n<meta property=\"article:modified_time\" content=\"2024-09-11T13:41:59+00:00\" \/>\n<meta property=\"og:image\" content=\"http:\/\/folhapopular.info\/wp-content\/uploads\/2024\/09\/FECOMERCIO-SINDICABES-2.jpeg\" \/>\n\t<meta property=\"og:image:width\" content=\"1600\" \/>\n\t<meta property=\"og:image:height\" content=\"1200\" \/>\n\t<meta property=\"og:image:type\" content=\"image\/jpeg\" \/>\n<meta name=\"author\" content=\"Reda\u00e7\u00e3o Folha Popular\" \/>\n<meta name=\"twitter:card\" content=\"summary_large_image\" \/>\n<meta name=\"twitter:label1\" content=\"Escrito por\" \/>\n\t<meta name=\"twitter:data1\" content=\"Reda\u00e7\u00e3o Folha Popular\" \/>\n\t<meta name=\"twitter:label2\" content=\"Est. tempo de leitura\" \/>\n\t<meta name=\"twitter:data2\" content=\"3 minutos\" \/>\n<script type=\"application\/ld+json\" class=\"yoast-schema-graph\">{\"@context\":\"https:\\\/\\\/schema.org\",\"@graph\":[{\"@type\":\"Article\",\"@id\":\"https:\\\/\\\/folhapopular.info\\\/index.php\\\/2024\\\/09\\\/11\\\/fecomercio-rs-se-encontra-com-sindicatos-no-sindicabes-dos-vales\\\/#article\",\"isPartOf\":{\"@id\":\"https:\\\/\\\/folhapopular.info\\\/index.php\\\/2024\\\/09\\\/11\\\/fecomercio-rs-se-encontra-com-sindicatos-no-sindicabes-dos-vales\\\/\"},\"author\":{\"name\":\"Reda\u00e7\u00e3o Folha Popular\",\"@id\":\"https:\\\/\\\/folhapopular.info\\\/#\\\/schema\\\/person\\\/2814e8a0df7643585a9ca38bc6eb9d4b\"},\"headline\":\"Fecom\u00e9rcio-RS se encontra com sindicatos no Sindicabes dos Vales\",\"datePublished\":\"2024-09-11T13:41:56+00:00\",\"dateModified\":\"2024-09-11T13:41:59+00:00\",\"mainEntityOfPage\":{\"@id\":\"https:\\\/\\\/folhapopular.info\\\/index.php\\\/2024\\\/09\\\/11\\\/fecomercio-rs-se-encontra-com-sindicatos-no-sindicabes-dos-vales\\\/\"},\"wordCount\":494,\"commentCount\":0,\"image\":{\"@id\":\"https:\\\/\\\/folhapopular.info\\\/index.php\\\/2024\\\/09\\\/11\\\/fecomercio-rs-se-encontra-com-sindicatos-no-sindicabes-dos-vales\\\/#primaryimage\"},\"thumbnailUrl\":\"https:\\\/\\\/folhapopular.info\\\/wp-content\\\/uploads\\\/2024\\\/09\\\/FECOMERCIO-SINDICABES-2.jpeg\",\"keywords\":[\"Encontro de sindicatos\",\"fecom\u00e9rcio-rs\",\"Sidicabes dos Vales\"],\"articleSection\":[\"Economia\"],\"inLanguage\":\"pt-BR\",\"potentialAction\":[{\"@type\":\"CommentAction\",\"name\":\"Comment\",\"target\":[\"https:\\\/\\\/folhapopular.info\\\/index.php\\\/2024\\\/09\\\/11\\\/fecomercio-rs-se-encontra-com-sindicatos-no-sindicabes-dos-vales\\\/#respond\"]}]},{\"@type\":\"WebPage\",\"@id\":\"https:\\\/\\\/folhapopular.info\\\/index.php\\\/2024\\\/09\\\/11\\\/fecomercio-rs-se-encontra-com-sindicatos-no-sindicabes-dos-vales\\\/\",\"url\":\"https:\\\/\\\/folhapopular.info\\\/index.php\\\/2024\\\/09\\\/11\\\/fecomercio-rs-se-encontra-com-sindicatos-no-sindicabes-dos-vales\\\/\",\"name\":\"Fecom\u00e9rcio-RS se encontra com sindicatos no Sindicabes dos Vales - Folha Popular\",\"isPartOf\":{\"@id\":\"https:\\\/\\\/folhapopular.info\\\/#website\"},\"primaryImageOfPage\":{\"@id\":\"https:\\\/\\\/folhapopular.info\\\/index.php\\\/2024\\\/09\\\/11\\\/fecomercio-rs-se-encontra-com-sindicatos-no-sindicabes-dos-vales\\\/#primaryimage\"},\"image\":{\"@id\":\"https:\\\/\\\/folhapopular.info\\\/index.php\\\/2024\\\/09\\\/11\\\/fecomercio-rs-se-encontra-com-sindicatos-no-sindicabes-dos-vales\\\/#primaryimage\"},\"thumbnailUrl\":\"https:\\\/\\\/folhapopular.info\\\/wp-content\\\/uploads\\\/2024\\\/09\\\/FECOMERCIO-SINDICABES-2.jpeg\",\"datePublished\":\"2024-09-11T13:41:56+00:00\",\"dateModified\":\"2024-09-11T13:41:59+00:00\",\"author\":{\"@id\":\"https:\\\/\\\/folhapopular.info\\\/#\\\/schema\\\/person\\\/2814e8a0df7643585a9ca38bc6eb9d4b\"},\"breadcrumb\":{\"@id\":\"https:\\\/\\\/folhapopular.info\\\/index.php\\\/2024\\\/09\\\/11\\\/fecomercio-rs-se-encontra-com-sindicatos-no-sindicabes-dos-vales\\\/#breadcrumb\"},\"inLanguage\":\"pt-BR\",\"potentialAction\":[{\"@type\":\"ReadAction\",\"target\":[\"https:\\\/\\\/folhapopular.info\\\/index.php\\\/2024\\\/09\\\/11\\\/fecomercio-rs-se-encontra-com-sindicatos-no-sindicabes-dos-vales\\\/\"]}]},{\"@type\":\"ImageObject\",\"inLanguage\":\"pt-BR\",\"@id\":\"https:\\\/\\\/folhapopular.info\\\/index.php\\\/2024\\\/09\\\/11\\\/fecomercio-rs-se-encontra-com-sindicatos-no-sindicabes-dos-vales\\\/#primaryimage\",\"url\":\"https:\\\/\\\/folhapopular.info\\\/wp-content\\\/uploads\\\/2024\\\/09\\\/FECOMERCIO-SINDICABES-2.jpeg\",\"contentUrl\":\"https:\\\/\\\/folhapopular.info\\\/wp-content\\\/uploads\\\/2024\\\/09\\\/FECOMERCIO-SINDICABES-2.jpeg\",\"width\":1600,\"height\":1200,\"caption\":\"Cr\u00e9dito: Divulga\u00e7\u00e3o\"},{\"@type\":\"BreadcrumbList\",\"@id\":\"https:\\\/\\\/folhapopular.info\\\/index.php\\\/2024\\\/09\\\/11\\\/fecomercio-rs-se-encontra-com-sindicatos-no-sindicabes-dos-vales\\\/#breadcrumb\",\"itemListElement\":[{\"@type\":\"ListItem\",\"position\":1,\"name\":\"In\u00edcio\",\"item\":\"https:\\\/\\\/folhapopular.info\\\/\"},{\"@type\":\"ListItem\",\"position\":2,\"name\":\"Fecom\u00e9rcio-RS se encontra com sindicatos no Sindicabes dos Vales\"}]},{\"@type\":\"WebSite\",\"@id\":\"https:\\\/\\\/folhapopular.info\\\/#website\",\"url\":\"https:\\\/\\\/folhapopular.info\\\/\",\"name\":\"Folha Popular\",\"description\":\"Onde voc\u00ea tem vez e voz\",\"potentialAction\":[{\"@type\":\"SearchAction\",\"target\":{\"@type\":\"EntryPoint\",\"urlTemplate\":\"https:\\\/\\\/folhapopular.info\\\/?s={search_term_string}\"},\"query-input\":{\"@type\":\"PropertyValueSpecification\",\"valueRequired\":true,\"valueName\":\"search_term_string\"}}],\"inLanguage\":\"pt-BR\"},{\"@type\":\"Person\",\"@id\":\"https:\\\/\\\/folhapopular.info\\\/#\\\/schema\\\/person\\\/2814e8a0df7643585a9ca38bc6eb9d4b\",\"name\":\"Reda\u00e7\u00e3o Folha Popular\",\"image\":{\"@type\":\"ImageObject\",\"inLanguage\":\"pt-BR\",\"@id\":\"https:\\\/\\\/folhapopular.info\\\/wp-content\\\/uploads\\\/2026\\\/04\\\/Folha-1.webp\",\"url\":\"https:\\\/\\\/folhapopular.info\\\/wp-content\\\/uploads\\\/2026\\\/04\\\/Folha-1.webp\",\"contentUrl\":\"https:\\\/\\\/folhapopular.info\\\/wp-content\\\/uploads\\\/2026\\\/04\\\/Folha-1.webp\",\"caption\":\"Reda\u00e7\u00e3o Folha Popular\"},\"url\":\"https:\\\/\\\/folhapopular.info\\\/index.php\\\/author\\\/redacao\\\/\"}]}<\/script>\n<!-- \/ Yoast SEO plugin. -->","yoast_head_json":{"title":"Fecom\u00e9rcio-RS se encontra com sindicatos no Sindicabes dos Vales - Folha Popular","robots":{"index":"index","follow":"follow","max-snippet":"max-snippet:-1","max-image-preview":"max-image-preview:large","max-video-preview":"max-video-preview:-1"},"canonical":"https:\/\/folhapopular.info\/index.php\/2024\/09\/11\/fecomercio-rs-se-encontra-com-sindicatos-no-sindicabes-dos-vales\/","og_locale":"pt_BR","og_type":"article","og_title":"Fecom\u00e9rcio-RS se encontra com sindicatos no Sindicabes dos Vales - Folha Popular","og_description":"O Sindicabes dos Vales, o Sindicato dos Sal\u00f5es de Barbeiros, Cabeleireiros e Institutos de Beleza dos Vales do Taquari e Rio Pardo (Sindicabes dos Vales) sediou, na segunda-feira (9\/9), uma visita institucional da Federa\u00e7\u00e3o do Com\u00e9rcio de Bens e de Servi\u00e7os do Estado do Rio Grande do Sul (Fecom\u00e9rcio-RS) \u00e0 regi\u00e3o. O encontro, ocorreu de [&hellip;]","og_url":"https:\/\/folhapopular.info\/index.php\/2024\/09\/11\/fecomercio-rs-se-encontra-com-sindicatos-no-sindicabes-dos-vales\/","og_site_name":"Folha Popular","article_published_time":"2024-09-11T13:41:56+00:00","article_modified_time":"2024-09-11T13:41:59+00:00","og_image":[{"width":1600,"height":1200,"url":"http:\/\/folhapopular.info\/wp-content\/uploads\/2024\/09\/FECOMERCIO-SINDICABES-2.jpeg","type":"image\/jpeg"}],"author":"Reda\u00e7\u00e3o Folha Popular","twitter_card":"summary_large_image","twitter_misc":{"Escrito por":"Reda\u00e7\u00e3o Folha Popular","Est. tempo de leitura":"3 minutos"},"schema":{"@context":"https:\/\/schema.org","@graph":[{"@type":"Article","@id":"https:\/\/folhapopular.info\/index.php\/2024\/09\/11\/fecomercio-rs-se-encontra-com-sindicatos-no-sindicabes-dos-vales\/#article","isPartOf":{"@id":"https:\/\/folhapopular.info\/index.php\/2024\/09\/11\/fecomercio-rs-se-encontra-com-sindicatos-no-sindicabes-dos-vales\/"},"author":{"name":"Reda\u00e7\u00e3o Folha Popular","@id":"https:\/\/folhapopular.info\/#\/schema\/person\/2814e8a0df7643585a9ca38bc6eb9d4b"},"headline":"Fecom\u00e9rcio-RS se encontra com sindicatos no Sindicabes dos Vales","datePublished":"2024-09-11T13:41:56+00:00","dateModified":"2024-09-11T13:41:59+00:00","mainEntityOfPage":{"@id":"https:\/\/folhapopular.info\/index.php\/2024\/09\/11\/fecomercio-rs-se-encontra-com-sindicatos-no-sindicabes-dos-vales\/"},"wordCount":494,"commentCount":0,"image":{"@id":"https:\/\/folhapopular.info\/index.php\/2024\/09\/11\/fecomercio-rs-se-encontra-com-sindicatos-no-sindicabes-dos-vales\/#primaryimage"},"thumbnailUrl":"https:\/\/folhapopular.info\/wp-content\/uploads\/2024\/09\/FECOMERCIO-SINDICABES-2.jpeg","keywords":["Encontro de sindicatos","fecom\u00e9rcio-rs","Sidicabes dos Vales"],"articleSection":["Economia"],"inLanguage":"pt-BR","potentialAction":[{"@type":"CommentAction","name":"Comment","target":["https:\/\/folhapopular.info\/index.php\/2024\/09\/11\/fecomercio-rs-se-encontra-com-sindicatos-no-sindicabes-dos-vales\/#respond"]}]},{"@type":"WebPage","@id":"https:\/\/folhapopular.info\/index.php\/2024\/09\/11\/fecomercio-rs-se-encontra-com-sindicatos-no-sindicabes-dos-vales\/","url":"https:\/\/folhapopular.info\/index.php\/2024\/09\/11\/fecomercio-rs-se-encontra-com-sindicatos-no-sindicabes-dos-vales\/","name":"Fecom\u00e9rcio-RS se encontra com sindicatos no Sindicabes dos Vales - Folha Popular","isPartOf":{"@id":"https:\/\/folhapopular.info\/#website"},"primaryImageOfPage":{"@id":"https:\/\/folhapopular.info\/index.php\/2024\/09\/11\/fecomercio-rs-se-encontra-com-sindicatos-no-sindicabes-dos-vales\/#primaryimage"},"image":{"@id":"https:\/\/folhapopular.info\/index.php\/2024\/09\/11\/fecomercio-rs-se-encontra-com-sindicatos-no-sindicabes-dos-vales\/#primaryimage"},"thumbnailUrl":"https:\/\/folhapopular.info\/wp-content\/uploads\/2024\/09\/FECOMERCIO-SINDICABES-2.jpeg","datePublished":"2024-09-11T13:41:56+00:00","dateModified":"2024-09-11T13:41:59+00:00","author":{"@id":"https:\/\/folhapopular.info\/#\/schema\/person\/2814e8a0df7643585a9ca38bc6eb9d4b"},"breadcrumb":{"@id":"https:\/\/folhapopular.info\/index.php\/2024\/09\/11\/fecomercio-rs-se-encontra-com-sindicatos-no-sindicabes-dos-vales\/#breadcrumb"},"inLanguage":"pt-BR","potentialAction":[{"@type":"ReadAction","target":["https:\/\/folhapopular.info\/index.php\/2024\/09\/11\/fecomercio-rs-se-encontra-com-sindicatos-no-sindicabes-dos-vales\/"]}]},{"@type":"ImageObject","inLanguage":"pt-BR","@id":"https:\/\/folhapopular.info\/index.php\/2024\/09\/11\/fecomercio-rs-se-encontra-com-sindicatos-no-sindicabes-dos-vales\/#primaryimage","url":"https:\/\/folhapopular.info\/wp-content\/uploads\/2024\/09\/FECOMERCIO-SINDICABES-2.jpeg","contentUrl":"https:\/\/folhapopular.info\/wp-content\/uploads\/2024\/09\/FECOMERCIO-SINDICABES-2.jpeg","width":1600,"height":1200,"caption":"Cr\u00e9dito: Divulga\u00e7\u00e3o"},{"@type":"BreadcrumbList","@id":"https:\/\/folhapopular.info\/index.php\/2024\/09\/11\/fecomercio-rs-se-encontra-com-sindicatos-no-sindicabes-dos-vales\/#breadcrumb","itemListElement":[{"@type":"ListItem","position":1,"name":"In\u00edcio","item":"https:\/\/folhapopular.info\/"},{"@type":"ListItem","position":2,"name":"Fecom\u00e9rcio-RS se encontra com sindicatos no Sindicabes dos Vales"}]},{"@type":"WebSite","@id":"https:\/\/folhapopular.info\/#website","url":"https:\/\/folhapopular.info\/","name":"Folha Popular","description":"Onde voc\u00ea tem vez e voz","potentialAction":[{"@type":"SearchAction","target":{"@type":"EntryPoint","urlTemplate":"https:\/\/folhapopular.info\/?s={search_term_string}"},"query-input":{"@type":"PropertyValueSpecification","valueRequired":true,"valueName":"search_term_string"}}],"inLanguage":"pt-BR"},{"@type":"Person","@id":"https:\/\/folhapopular.info\/#\/schema\/person\/2814e8a0df7643585a9ca38bc6eb9d4b","name":"Reda\u00e7\u00e3o Folha Popular","image":{"@type":"ImageObject","inLanguage":"pt-BR","@id":"https:\/\/folhapopular.info\/wp-content\/uploads\/2026\/04\/Folha-1.webp","url":"https:\/\/folhapopular.info\/wp-content\/uploads\/2026\/04\/Folha-1.webp","contentUrl":"https:\/\/folhapopular.info\/wp-content\/uploads\/2026\/04\/Folha-1.webp","caption":"Reda\u00e7\u00e3o Folha Popular"},"url":"https:\/\/folhapopular.info\/index.php\/author\/redacao\/"}]}},"jetpack_featured_media_url":"https:\/\/folhapopular.info\/wp-content\/uploads\/2024\/09\/FECOMERCIO-SINDICABES-2.jpeg","jetpack_sharing_enabled":true,"amp_enabled":true,"_links":{"self":[{"href":"https:\/\/folhapopular.info\/index.php\/wp-json\/wp\/v2\/posts\/168453","targetHints":{"allow":["GET"]}}],"collection":[{"href":"https:\/\/folhapopular.info\/index.php\/wp-json\/wp\/v2\/posts"}],"about":[{"href":"https:\/\/folhapopular.info\/index.php\/wp-json\/wp\/v2\/types\/post"}],"author":[{"embeddable":true,"href":"https:\/\/folhapopular.info\/index.php\/wp-json\/wp\/v2\/users\/8"}],"replies":[{"embeddable":true,"href":"https:\/\/folhapopular.info\/index.php\/wp-json\/wp\/v2\/comments?post=168453"}],"version-history":[{"count":0,"href":"https:\/\/folhapopular.info\/index.php\/wp-json\/wp\/v2\/posts\/168453\/revisions"}],"wp:featuredmedia":[{"embeddable":true,"href":"https:\/\/folhapopular.info\/index.php\/wp-json\/wp\/v2\/media\/168454"}],"wp:attachment":[{"href":"https:\/\/folhapopular.info\/index.php\/wp-json\/wp\/v2\/media?parent=168453"}],"wp:term":[{"taxonomy":"category","embeddable":true,"href":"https:\/\/folhapopular.info\/index.php\/wp-json\/wp\/v2\/categories?post=168453"},{"taxonomy":"post_tag","embeddable":true,"href":"https:\/\/folhapopular.info\/index.php\/wp-json\/wp\/v2\/tags?post=168453"}],"curies":[{"name":"wp","href":"https:\/\/api.w.org\/{rel}","templated":true}]}}