{"id":168618,"date":"2024-09-13T11:00:00","date_gmt":"2024-09-13T14:00:00","guid":{"rendered":"https:\/\/folhapopular.info\/?p=168618"},"modified":"2024-09-13T10:45:48","modified_gmt":"2024-09-13T13:45:48","slug":"primeira-viga-para-reconstrucao-da-ponte-brochado-da-rocha-chega-a-mucum","status":"publish","type":"post","link":"https:\/\/folhapopular.info\/index.php\/2024\/09\/13\/primeira-viga-para-reconstrucao-da-ponte-brochado-da-rocha-chega-a-mucum\/","title":{"rendered":"Primeira viga para reconstru\u00e7\u00e3o da Ponte Brochado da Rocha chega a Mu\u00e7um"},"content":{"rendered":"\n<p>Nesta quinta-feira (12\/9), chegou em territ\u00f3rio mu\u00e7unense a primeira viga para reconstru\u00e7\u00e3o da Ponte Brochado da Rocha, um dos principais s\u00edmbolos da cidade, conhecida como a \u201cPrincesa das Pontes\u201d. A a\u00e7\u00e3o representa o in\u00edcio de uma nova fase na recupera\u00e7\u00e3o da ponte, danificada pela tr\u00e1gica enchente de setembro de 2023.<\/p>\n\n\n\n<p>Ao todo ser\u00e3o 20 vigas, que come\u00e7aram a ser entregues conforme o cronograma da obra previsto para este m\u00eas de setembro. Os pr\u00f3ximos passos envolvem a instala\u00e7\u00e3o das treli\u00e7as, a coloca\u00e7\u00e3o das vigas sobre a estrutura e, em seguida, a instala\u00e7\u00e3o das lajes.<\/p>\n\n\n\n<p>A empresa Tra\u00e7ado, respons\u00e1vel pela obra, j\u00e1 iniciou os trabalhos preliminares, incluindo a prepara\u00e7\u00e3o do canteiro de obras e, em seguida, a recupera\u00e7\u00e3o das estruturas dos pilares.<\/p>\n\n\n\n<p>A conclus\u00e3o da parte rodovi\u00e1ria da Ponte, que foi completamente destru\u00edda pela enchente de 2023, est\u00e1 prevista para ocorrer ainda em 2024, trazendo al\u00edvio e esperan\u00e7a para os moradores de Mu\u00e7um e Roca Sales que precisam utilizar a travessia diariamente.<\/p>\n","protected":false},"excerpt":{"rendered":"<p>Nesta quinta-feira (12\/9), chegou em territ\u00f3rio mu\u00e7unense a primeira viga para reconstru\u00e7\u00e3o da Ponte Brochado da Rocha, um dos principais s\u00edmbolos da cidade, conhecida como a \u201cPrincesa das Pontes\u201d. A a\u00e7\u00e3o representa o in\u00edcio de uma nova fase na recupera\u00e7\u00e3o da ponte, danificada pela tr\u00e1gica enchente de setembro de 2023. Ao todo ser\u00e3o 20 vigas, [&hellip;]<\/p>\n","protected":false},"author":8,"featured_media":168620,"comment_status":"open","ping_status":"open","sticky":false,"template":"","format":"standard","meta":{"pmpro_default_level":"","_jetpack_memberships_contains_paid_content":false,"footnotes":""},"categories":[2,3,11091],"tags":[2257,13729,10329],"class_list":{"0":"post-168618","1":"post","2":"type-post","3":"status-publish","4":"format-standard","5":"has-post-thumbnail","7":"category-featured","8":"category-geral","9":"category-servicos","10":"tag-mucum","11":"tag-ponte-brochado-da-rocha","12":"tag-reconstrucao","13":"pmpro-has-access"},"yoast_head":"<!-- This site is optimized with the Yoast SEO plugin v27.5 - https:\/\/yoast.com\/product\/yoast-seo-wordpress\/ -->\n<title>Primeira viga para reconstru\u00e7\u00e3o da Ponte Brochado da Rocha chega a Mu\u00e7um - Folha Popular<\/title>\n<meta name=\"robots\" content=\"index, follow, max-snippet:-1, max-image-preview:large, max-video-preview:-1\" \/>\n<link rel=\"canonical\" href=\"https:\/\/folhapopular.info\/index.php\/2024\/09\/13\/primeira-viga-para-reconstrucao-da-ponte-brochado-da-rocha-chega-a-mucum\/\" \/>\n<meta property=\"og:locale\" content=\"pt_BR\" \/>\n<meta property=\"og:type\" content=\"article\" \/>\n<meta property=\"og:title\" content=\"Primeira viga para reconstru\u00e7\u00e3o da Ponte Brochado da Rocha chega a Mu\u00e7um - Folha Popular\" \/>\n<meta property=\"og:description\" content=\"Nesta quinta-feira (12\/9), chegou em territ\u00f3rio mu\u00e7unense a primeira viga para reconstru\u00e7\u00e3o da Ponte Brochado da Rocha, um dos principais s\u00edmbolos da cidade, conhecida como a \u201cPrincesa das Pontes\u201d. A a\u00e7\u00e3o representa o in\u00edcio de uma nova fase na recupera\u00e7\u00e3o da ponte, danificada pela tr\u00e1gica enchente de setembro de 2023. Ao todo ser\u00e3o 20 vigas, [&hellip;]\" \/>\n<meta property=\"og:url\" content=\"https:\/\/folhapopular.info\/index.php\/2024\/09\/13\/primeira-viga-para-reconstrucao-da-ponte-brochado-da-rocha-chega-a-mucum\/\" \/>\n<meta property=\"og:site_name\" content=\"Folha Popular\" \/>\n<meta property=\"article:published_time\" content=\"2024-09-13T14:00:00+00:00\" \/>\n<meta property=\"og:image\" content=\"https:\/\/folhapopular.info\/wp-content\/uploads\/2024\/09\/WhatsApp-Image-2024-09-13-at-10.38.38-scaled.jpeg\" \/>\n\t<meta property=\"og:image:width\" content=\"2560\" \/>\n\t<meta property=\"og:image:height\" content=\"1749\" \/>\n\t<meta property=\"og:image:type\" content=\"image\/jpeg\" \/>\n<meta name=\"author\" content=\"Reda\u00e7\u00e3o Folha Popular\" \/>\n<meta name=\"twitter:card\" content=\"summary_large_image\" \/>\n<meta name=\"twitter:label1\" content=\"Escrito por\" \/>\n\t<meta name=\"twitter:data1\" content=\"Reda\u00e7\u00e3o Folha Popular\" \/>\n\t<meta name=\"twitter:label2\" content=\"Est. tempo de leitura\" \/>\n\t<meta name=\"twitter:data2\" content=\"2 minutos\" \/>\n<script type=\"application\/ld+json\" class=\"yoast-schema-graph\">{\"@context\":\"https:\\\/\\\/schema.org\",\"@graph\":[{\"@type\":\"Article\",\"@id\":\"https:\\\/\\\/folhapopular.info\\\/index.php\\\/2024\\\/09\\\/13\\\/primeira-viga-para-reconstrucao-da-ponte-brochado-da-rocha-chega-a-mucum\\\/#article\",\"isPartOf\":{\"@id\":\"https:\\\/\\\/folhapopular.info\\\/index.php\\\/2024\\\/09\\\/13\\\/primeira-viga-para-reconstrucao-da-ponte-brochado-da-rocha-chega-a-mucum\\\/\"},\"author\":{\"name\":\"Reda\u00e7\u00e3o Folha Popular\",\"@id\":\"https:\\\/\\\/folhapopular.info\\\/#\\\/schema\\\/person\\\/2814e8a0df7643585a9ca38bc6eb9d4b\"},\"headline\":\"Primeira viga para reconstru\u00e7\u00e3o da Ponte Brochado da Rocha chega a Mu\u00e7um\",\"datePublished\":\"2024-09-13T14:00:00+00:00\",\"mainEntityOfPage\":{\"@id\":\"https:\\\/\\\/folhapopular.info\\\/index.php\\\/2024\\\/09\\\/13\\\/primeira-viga-para-reconstrucao-da-ponte-brochado-da-rocha-chega-a-mucum\\\/\"},\"wordCount\":195,\"commentCount\":0,\"image\":{\"@id\":\"https:\\\/\\\/folhapopular.info\\\/index.php\\\/2024\\\/09\\\/13\\\/primeira-viga-para-reconstrucao-da-ponte-brochado-da-rocha-chega-a-mucum\\\/#primaryimage\"},\"thumbnailUrl\":\"https:\\\/\\\/folhapopular.info\\\/wp-content\\\/uploads\\\/2024\\\/09\\\/WhatsApp-Image-2024-09-13-at-10.38.38-scaled.jpeg\",\"keywords\":[\"Mu\u00e7um\",\"Ponte Brochado da Rocha\",\"Reconstru\u00e7\u00e3o\"],\"articleSection\":[\"Destaques\",\"Geral\",\"Servi\u00e7os\"],\"inLanguage\":\"pt-BR\",\"potentialAction\":[{\"@type\":\"CommentAction\",\"name\":\"Comment\",\"target\":[\"https:\\\/\\\/folhapopular.info\\\/index.php\\\/2024\\\/09\\\/13\\\/primeira-viga-para-reconstrucao-da-ponte-brochado-da-rocha-chega-a-mucum\\\/#respond\"]}]},{\"@type\":\"WebPage\",\"@id\":\"https:\\\/\\\/folhapopular.info\\\/index.php\\\/2024\\\/09\\\/13\\\/primeira-viga-para-reconstrucao-da-ponte-brochado-da-rocha-chega-a-mucum\\\/\",\"url\":\"https:\\\/\\\/folhapopular.info\\\/index.php\\\/2024\\\/09\\\/13\\\/primeira-viga-para-reconstrucao-da-ponte-brochado-da-rocha-chega-a-mucum\\\/\",\"name\":\"Primeira viga para reconstru\u00e7\u00e3o da Ponte Brochado da Rocha chega a Mu\u00e7um - Folha Popular\",\"isPartOf\":{\"@id\":\"https:\\\/\\\/folhapopular.info\\\/#website\"},\"primaryImageOfPage\":{\"@id\":\"https:\\\/\\\/folhapopular.info\\\/index.php\\\/2024\\\/09\\\/13\\\/primeira-viga-para-reconstrucao-da-ponte-brochado-da-rocha-chega-a-mucum\\\/#primaryimage\"},\"image\":{\"@id\":\"https:\\\/\\\/folhapopular.info\\\/index.php\\\/2024\\\/09\\\/13\\\/primeira-viga-para-reconstrucao-da-ponte-brochado-da-rocha-chega-a-mucum\\\/#primaryimage\"},\"thumbnailUrl\":\"https:\\\/\\\/folhapopular.info\\\/wp-content\\\/uploads\\\/2024\\\/09\\\/WhatsApp-Image-2024-09-13-at-10.38.38-scaled.jpeg\",\"datePublished\":\"2024-09-13T14:00:00+00:00\",\"author\":{\"@id\":\"https:\\\/\\\/folhapopular.info\\\/#\\\/schema\\\/person\\\/2814e8a0df7643585a9ca38bc6eb9d4b\"},\"breadcrumb\":{\"@id\":\"https:\\\/\\\/folhapopular.info\\\/index.php\\\/2024\\\/09\\\/13\\\/primeira-viga-para-reconstrucao-da-ponte-brochado-da-rocha-chega-a-mucum\\\/#breadcrumb\"},\"inLanguage\":\"pt-BR\",\"potentialAction\":[{\"@type\":\"ReadAction\",\"target\":[\"https:\\\/\\\/folhapopular.info\\\/index.php\\\/2024\\\/09\\\/13\\\/primeira-viga-para-reconstrucao-da-ponte-brochado-da-rocha-chega-a-mucum\\\/\"]}]},{\"@type\":\"ImageObject\",\"inLanguage\":\"pt-BR\",\"@id\":\"https:\\\/\\\/folhapopular.info\\\/index.php\\\/2024\\\/09\\\/13\\\/primeira-viga-para-reconstrucao-da-ponte-brochado-da-rocha-chega-a-mucum\\\/#primaryimage\",\"url\":\"https:\\\/\\\/folhapopular.info\\\/wp-content\\\/uploads\\\/2024\\\/09\\\/WhatsApp-Image-2024-09-13-at-10.38.38-scaled.jpeg\",\"contentUrl\":\"https:\\\/\\\/folhapopular.info\\\/wp-content\\\/uploads\\\/2024\\\/09\\\/WhatsApp-Image-2024-09-13-at-10.38.38-scaled.jpeg\",\"width\":2560,\"height\":1749,\"caption\":\"Cr\u00e9dito: Divulga\u00e7\u00e3o\"},{\"@type\":\"BreadcrumbList\",\"@id\":\"https:\\\/\\\/folhapopular.info\\\/index.php\\\/2024\\\/09\\\/13\\\/primeira-viga-para-reconstrucao-da-ponte-brochado-da-rocha-chega-a-mucum\\\/#breadcrumb\",\"itemListElement\":[{\"@type\":\"ListItem\",\"position\":1,\"name\":\"In\u00edcio\",\"item\":\"https:\\\/\\\/folhapopular.info\\\/\"},{\"@type\":\"ListItem\",\"position\":2,\"name\":\"Primeira viga para reconstru\u00e7\u00e3o da Ponte Brochado da Rocha chega a Mu\u00e7um\"}]},{\"@type\":\"WebSite\",\"@id\":\"https:\\\/\\\/folhapopular.info\\\/#website\",\"url\":\"https:\\\/\\\/folhapopular.info\\\/\",\"name\":\"Folha Popular\",\"description\":\"Onde voc\u00ea tem vez e voz\",\"potentialAction\":[{\"@type\":\"SearchAction\",\"target\":{\"@type\":\"EntryPoint\",\"urlTemplate\":\"https:\\\/\\\/folhapopular.info\\\/?s={search_term_string}\"},\"query-input\":{\"@type\":\"PropertyValueSpecification\",\"valueRequired\":true,\"valueName\":\"search_term_string\"}}],\"inLanguage\":\"pt-BR\"},{\"@type\":\"Person\",\"@id\":\"https:\\\/\\\/folhapopular.info\\\/#\\\/schema\\\/person\\\/2814e8a0df7643585a9ca38bc6eb9d4b\",\"name\":\"Reda\u00e7\u00e3o Folha Popular\",\"image\":{\"@type\":\"ImageObject\",\"inLanguage\":\"pt-BR\",\"@id\":\"https:\\\/\\\/folhapopular.info\\\/wp-content\\\/uploads\\\/2026\\\/04\\\/Folha-1.webp\",\"url\":\"https:\\\/\\\/folhapopular.info\\\/wp-content\\\/uploads\\\/2026\\\/04\\\/Folha-1.webp\",\"contentUrl\":\"https:\\\/\\\/folhapopular.info\\\/wp-content\\\/uploads\\\/2026\\\/04\\\/Folha-1.webp\",\"caption\":\"Reda\u00e7\u00e3o Folha Popular\"},\"url\":\"https:\\\/\\\/folhapopular.info\\\/index.php\\\/author\\\/redacao\\\/\"}]}<\/script>\n<!-- \/ Yoast SEO plugin. -->","yoast_head_json":{"title":"Primeira viga para reconstru\u00e7\u00e3o da Ponte Brochado da Rocha chega a Mu\u00e7um - Folha Popular","robots":{"index":"index","follow":"follow","max-snippet":"max-snippet:-1","max-image-preview":"max-image-preview:large","max-video-preview":"max-video-preview:-1"},"canonical":"https:\/\/folhapopular.info\/index.php\/2024\/09\/13\/primeira-viga-para-reconstrucao-da-ponte-brochado-da-rocha-chega-a-mucum\/","og_locale":"pt_BR","og_type":"article","og_title":"Primeira viga para reconstru\u00e7\u00e3o da Ponte Brochado da Rocha chega a Mu\u00e7um - Folha Popular","og_description":"Nesta quinta-feira (12\/9), chegou em territ\u00f3rio mu\u00e7unense a primeira viga para reconstru\u00e7\u00e3o da Ponte Brochado da Rocha, um dos principais s\u00edmbolos da cidade, conhecida como a \u201cPrincesa das Pontes\u201d. A a\u00e7\u00e3o representa o in\u00edcio de uma nova fase na recupera\u00e7\u00e3o da ponte, danificada pela tr\u00e1gica enchente de setembro de 2023. Ao todo ser\u00e3o 20 vigas, [&hellip;]","og_url":"https:\/\/folhapopular.info\/index.php\/2024\/09\/13\/primeira-viga-para-reconstrucao-da-ponte-brochado-da-rocha-chega-a-mucum\/","og_site_name":"Folha Popular","article_published_time":"2024-09-13T14:00:00+00:00","og_image":[{"width":2560,"height":1749,"url":"https:\/\/folhapopular.info\/wp-content\/uploads\/2024\/09\/WhatsApp-Image-2024-09-13-at-10.38.38-scaled.jpeg","type":"image\/jpeg"}],"author":"Reda\u00e7\u00e3o Folha Popular","twitter_card":"summary_large_image","twitter_misc":{"Escrito por":"Reda\u00e7\u00e3o Folha Popular","Est. tempo de leitura":"2 minutos"},"schema":{"@context":"https:\/\/schema.org","@graph":[{"@type":"Article","@id":"https:\/\/folhapopular.info\/index.php\/2024\/09\/13\/primeira-viga-para-reconstrucao-da-ponte-brochado-da-rocha-chega-a-mucum\/#article","isPartOf":{"@id":"https:\/\/folhapopular.info\/index.php\/2024\/09\/13\/primeira-viga-para-reconstrucao-da-ponte-brochado-da-rocha-chega-a-mucum\/"},"author":{"name":"Reda\u00e7\u00e3o Folha Popular","@id":"https:\/\/folhapopular.info\/#\/schema\/person\/2814e8a0df7643585a9ca38bc6eb9d4b"},"headline":"Primeira viga para reconstru\u00e7\u00e3o da Ponte Brochado da Rocha chega a Mu\u00e7um","datePublished":"2024-09-13T14:00:00+00:00","mainEntityOfPage":{"@id":"https:\/\/folhapopular.info\/index.php\/2024\/09\/13\/primeira-viga-para-reconstrucao-da-ponte-brochado-da-rocha-chega-a-mucum\/"},"wordCount":195,"commentCount":0,"image":{"@id":"https:\/\/folhapopular.info\/index.php\/2024\/09\/13\/primeira-viga-para-reconstrucao-da-ponte-brochado-da-rocha-chega-a-mucum\/#primaryimage"},"thumbnailUrl":"https:\/\/folhapopular.info\/wp-content\/uploads\/2024\/09\/WhatsApp-Image-2024-09-13-at-10.38.38-scaled.jpeg","keywords":["Mu\u00e7um","Ponte Brochado da Rocha","Reconstru\u00e7\u00e3o"],"articleSection":["Destaques","Geral","Servi\u00e7os"],"inLanguage":"pt-BR","potentialAction":[{"@type":"CommentAction","name":"Comment","target":["https:\/\/folhapopular.info\/index.php\/2024\/09\/13\/primeira-viga-para-reconstrucao-da-ponte-brochado-da-rocha-chega-a-mucum\/#respond"]}]},{"@type":"WebPage","@id":"https:\/\/folhapopular.info\/index.php\/2024\/09\/13\/primeira-viga-para-reconstrucao-da-ponte-brochado-da-rocha-chega-a-mucum\/","url":"https:\/\/folhapopular.info\/index.php\/2024\/09\/13\/primeira-viga-para-reconstrucao-da-ponte-brochado-da-rocha-chega-a-mucum\/","name":"Primeira viga para reconstru\u00e7\u00e3o da Ponte Brochado da Rocha chega a Mu\u00e7um - Folha Popular","isPartOf":{"@id":"https:\/\/folhapopular.info\/#website"},"primaryImageOfPage":{"@id":"https:\/\/folhapopular.info\/index.php\/2024\/09\/13\/primeira-viga-para-reconstrucao-da-ponte-brochado-da-rocha-chega-a-mucum\/#primaryimage"},"image":{"@id":"https:\/\/folhapopular.info\/index.php\/2024\/09\/13\/primeira-viga-para-reconstrucao-da-ponte-brochado-da-rocha-chega-a-mucum\/#primaryimage"},"thumbnailUrl":"https:\/\/folhapopular.info\/wp-content\/uploads\/2024\/09\/WhatsApp-Image-2024-09-13-at-10.38.38-scaled.jpeg","datePublished":"2024-09-13T14:00:00+00:00","author":{"@id":"https:\/\/folhapopular.info\/#\/schema\/person\/2814e8a0df7643585a9ca38bc6eb9d4b"},"breadcrumb":{"@id":"https:\/\/folhapopular.info\/index.php\/2024\/09\/13\/primeira-viga-para-reconstrucao-da-ponte-brochado-da-rocha-chega-a-mucum\/#breadcrumb"},"inLanguage":"pt-BR","potentialAction":[{"@type":"ReadAction","target":["https:\/\/folhapopular.info\/index.php\/2024\/09\/13\/primeira-viga-para-reconstrucao-da-ponte-brochado-da-rocha-chega-a-mucum\/"]}]},{"@type":"ImageObject","inLanguage":"pt-BR","@id":"https:\/\/folhapopular.info\/index.php\/2024\/09\/13\/primeira-viga-para-reconstrucao-da-ponte-brochado-da-rocha-chega-a-mucum\/#primaryimage","url":"https:\/\/folhapopular.info\/wp-content\/uploads\/2024\/09\/WhatsApp-Image-2024-09-13-at-10.38.38-scaled.jpeg","contentUrl":"https:\/\/folhapopular.info\/wp-content\/uploads\/2024\/09\/WhatsApp-Image-2024-09-13-at-10.38.38-scaled.jpeg","width":2560,"height":1749,"caption":"Cr\u00e9dito: Divulga\u00e7\u00e3o"},{"@type":"BreadcrumbList","@id":"https:\/\/folhapopular.info\/index.php\/2024\/09\/13\/primeira-viga-para-reconstrucao-da-ponte-brochado-da-rocha-chega-a-mucum\/#breadcrumb","itemListElement":[{"@type":"ListItem","position":1,"name":"In\u00edcio","item":"https:\/\/folhapopular.info\/"},{"@type":"ListItem","position":2,"name":"Primeira viga para reconstru\u00e7\u00e3o da Ponte Brochado da Rocha chega a Mu\u00e7um"}]},{"@type":"WebSite","@id":"https:\/\/folhapopular.info\/#website","url":"https:\/\/folhapopular.info\/","name":"Folha Popular","description":"Onde voc\u00ea tem vez e voz","potentialAction":[{"@type":"SearchAction","target":{"@type":"EntryPoint","urlTemplate":"https:\/\/folhapopular.info\/?s={search_term_string}"},"query-input":{"@type":"PropertyValueSpecification","valueRequired":true,"valueName":"search_term_string"}}],"inLanguage":"pt-BR"},{"@type":"Person","@id":"https:\/\/folhapopular.info\/#\/schema\/person\/2814e8a0df7643585a9ca38bc6eb9d4b","name":"Reda\u00e7\u00e3o Folha Popular","image":{"@type":"ImageObject","inLanguage":"pt-BR","@id":"https:\/\/folhapopular.info\/wp-content\/uploads\/2026\/04\/Folha-1.webp","url":"https:\/\/folhapopular.info\/wp-content\/uploads\/2026\/04\/Folha-1.webp","contentUrl":"https:\/\/folhapopular.info\/wp-content\/uploads\/2026\/04\/Folha-1.webp","caption":"Reda\u00e7\u00e3o Folha Popular"},"url":"https:\/\/folhapopular.info\/index.php\/author\/redacao\/"}]}},"jetpack_featured_media_url":"https:\/\/folhapopular.info\/wp-content\/uploads\/2024\/09\/WhatsApp-Image-2024-09-13-at-10.38.38-scaled.jpeg","jetpack_sharing_enabled":true,"amp_enabled":true,"_links":{"self":[{"href":"https:\/\/folhapopular.info\/index.php\/wp-json\/wp\/v2\/posts\/168618","targetHints":{"allow":["GET"]}}],"collection":[{"href":"https:\/\/folhapopular.info\/index.php\/wp-json\/wp\/v2\/posts"}],"about":[{"href":"https:\/\/folhapopular.info\/index.php\/wp-json\/wp\/v2\/types\/post"}],"author":[{"embeddable":true,"href":"https:\/\/folhapopular.info\/index.php\/wp-json\/wp\/v2\/users\/8"}],"replies":[{"embeddable":true,"href":"https:\/\/folhapopular.info\/index.php\/wp-json\/wp\/v2\/comments?post=168618"}],"version-history":[{"count":0,"href":"https:\/\/folhapopular.info\/index.php\/wp-json\/wp\/v2\/posts\/168618\/revisions"}],"wp:featuredmedia":[{"embeddable":true,"href":"https:\/\/folhapopular.info\/index.php\/wp-json\/wp\/v2\/media\/168620"}],"wp:attachment":[{"href":"https:\/\/folhapopular.info\/index.php\/wp-json\/wp\/v2\/media?parent=168618"}],"wp:term":[{"taxonomy":"category","embeddable":true,"href":"https:\/\/folhapopular.info\/index.php\/wp-json\/wp\/v2\/categories?post=168618"},{"taxonomy":"post_tag","embeddable":true,"href":"https:\/\/folhapopular.info\/index.php\/wp-json\/wp\/v2\/tags?post=168618"}],"curies":[{"name":"wp","href":"https:\/\/api.w.org\/{rel}","templated":true}]}}