{"id":168729,"date":"2024-09-14T10:25:03","date_gmt":"2024-09-14T13:25:03","guid":{"rendered":"https:\/\/folhapopular.info\/?p=168729"},"modified":"2024-09-14T10:25:06","modified_gmt":"2024-09-14T13:25:06","slug":"festival-popular-da-cancao-conhece-finalistas-hoje","status":"publish","type":"post","link":"https:\/\/folhapopular.info\/index.php\/2024\/09\/14\/festival-popular-da-cancao-conhece-finalistas-hoje\/","title":{"rendered":"Festival Popular da Can\u00e7\u00e3o conhece finalistas hoje"},"content":{"rendered":"<p>A etapa final do Festival Popular da Can\u00e7\u00e3o ocorre hoje a noite, \u00e0s 19h no Col\u00e9gio Teut\u00f4nia. S\u00e3o 10 finalistas na categoria Juvenil e 11 pela categoria Livre, com uma dupla. Na sexta-feira (13\/9), os candidatos tiveram seu \u00faltimo ensaio antes da disputa. O produtor Marcelo Brentano conta os bastidores e a prepara\u00e7\u00e3o para o&#8230; <\/p>\n<div class=\"pmpro\">\n<div class=\"pmpro_card pmpro_content_message\">\n<div class=\"pmpro_card_content\">Este conte\u00fado \u00e9 apenas para associados Grupo Popular &#8211; Conte\u00fado Total Anual e Grupo Popular &#8211; Conte\u00fado Total Mensal. <br \/><a href=\"https:\/\/folhapopular.info\/wp-login.php?action=register\">Cadastre-se<\/a><\/div>\n<div class=\"pmpro_card_actions pmpro_font-medium\">J\u00e1 se associou? <a href=\"https:\/\/folhapopular.info\/wp-login.php?redirect_to=https%3A%2F%2Ffolhapopular.info%2Findex.php%2F2024%2F09%2F14%2Ffestival-popular-da-cancao-conhece-finalistas-hoje%2F\">Acesse aqui<\/a><\/div>\n<\/div>\n<\/div>\n","protected":false},"excerpt":{"rendered":"<p>A etapa final do Festival Popular da Can\u00e7\u00e3o ocorre hoje a noite, \u00e0s 19h no Col\u00e9gio Teut\u00f4nia. S\u00e3o 10 finalistas na categoria Juvenil e 11 pela categoria Livre, com uma dupla. Na sexta-feira (13\/9), os candidatos tiveram seu \u00faltimo ensaio antes da disputa. O produtor Marcelo Brentano conta os bastidores e a prepara\u00e7\u00e3o para o... <\/p>\n<div class=\"pmpro\"><div class=\"pmpro_card pmpro_content_message\"><div class=\"pmpro_card_content\">Este conte\u00fado \u00e9 apenas para associados Grupo Popular - Conte\u00fado Total Anual e Grupo Popular - Conte\u00fado Total Mensal. <br \/><a href=\"https:\/\/folhapopular.info\/wp-login.php?action=register\">Cadastre-se<\/a><\/div><div class=\"pmpro_card_actions pmpro_font-medium\">J\u00e1 se associou? <a href=\"https:\/\/folhapopular.info\/wp-login.php?redirect_to=https%3A%2F%2Ffolhapopular.info%2Findex.php%2F2024%2F09%2F14%2Ffestival-popular-da-cancao-conhece-finalistas-hoje%2F\">Acesse aqui<\/a><\/div><\/div><\/div>","protected":false},"author":673,"featured_media":49040,"comment_status":"open","ping_status":"open","sticky":false,"template":"","format":"standard","meta":{"pmpro_default_level":"","_jetpack_memberships_contains_paid_content":false,"footnotes":""},"categories":[11078,10999,6],"tags":[12925,4445,4846],"class_list":{"0":"post-168729","1":"post","2":"type-post","3":"status-publish","4":"format-standard","5":"has-post-thumbnail","7":"category-assinantes","8":"category-entretenimento","9":"category-inclusive","10":"tag-3o-festival-popular-da-cancao","11":"tag-festival-popular-da-cancao","12":"tag-musica-2","13":"pmpro-level-required","14":"pmpro-level-2","15":"pmpro-level-4","16":"pmpro-level-5","17":"pmpro-no-access"},"yoast_head":"<!-- This site is optimized with the Yoast SEO plugin v27.5 - https:\/\/yoast.com\/product\/yoast-seo-wordpress\/ -->\n<title>Festival Popular da Can\u00e7\u00e3o conhece finalistas hoje - Folha Popular<\/title>\n<meta name=\"robots\" content=\"index, follow, max-snippet:-1, max-image-preview:large, max-video-preview:-1\" \/>\n<link rel=\"canonical\" href=\"https:\/\/folhapopular.info\/index.php\/2024\/09\/14\/festival-popular-da-cancao-conhece-finalistas-hoje\/\" \/>\n<meta property=\"og:locale\" content=\"pt_BR\" \/>\n<meta property=\"og:type\" content=\"article\" \/>\n<meta property=\"og:title\" content=\"Festival Popular da Can\u00e7\u00e3o conhece finalistas hoje - Folha Popular\" \/>\n<meta property=\"og:description\" content=\"A etapa final do Festival Popular da Can\u00e7\u00e3o ocorre hoje a noite, \u00e0s 19h no Col\u00e9gio Teut\u00f4nia. S\u00e3o 10 finalistas na categoria Juvenil e 11 pela categoria Livre, com uma dupla. Na sexta-feira (13\/9), os candidatos tiveram seu \u00faltimo ensaio antes da disputa. O produtor Marcelo Brentano conta os bastidores e a prepara\u00e7\u00e3o para o [&hellip;]\" \/>\n<meta property=\"og:url\" content=\"https:\/\/folhapopular.info\/index.php\/2024\/09\/14\/festival-popular-da-cancao-conhece-finalistas-hoje\/\" \/>\n<meta property=\"og:site_name\" content=\"Folha Popular\" \/>\n<meta property=\"article:published_time\" content=\"2024-09-14T13:25:03+00:00\" \/>\n<meta property=\"article:modified_time\" content=\"2024-09-14T13:25:06+00:00\" \/>\n<meta property=\"og:image\" content=\"http:\/\/folhapopular.info\/wp-content\/uploads\/2018\/10\/Festival-da-Can\u00e7\u00e3o_-Reprodu\u00e7\u00e3o-2-e1539863813178.jpg\" \/>\n\t<meta property=\"og:image:width\" content=\"800\" \/>\n\t<meta property=\"og:image:height\" content=\"534\" \/>\n\t<meta property=\"og:image:type\" content=\"image\/jpeg\" \/>\n<meta name=\"author\" content=\"Let\u00edcia Echer\" \/>\n<meta name=\"twitter:card\" content=\"summary_large_image\" \/>\n<meta name=\"twitter:label1\" content=\"Escrito por\" \/>\n\t<meta name=\"twitter:data1\" content=\"Let\u00edcia Echer\" \/>\n\t<meta name=\"twitter:label2\" content=\"Est. tempo de leitura\" \/>\n\t<meta name=\"twitter:data2\" content=\"2 minutos\" \/>\n<script type=\"application\/ld+json\" class=\"yoast-schema-graph\">{\"@context\":\"https:\\\/\\\/schema.org\",\"@graph\":[{\"@type\":\"Article\",\"@id\":\"https:\\\/\\\/folhapopular.info\\\/index.php\\\/2024\\\/09\\\/14\\\/festival-popular-da-cancao-conhece-finalistas-hoje\\\/#article\",\"isPartOf\":{\"@id\":\"https:\\\/\\\/folhapopular.info\\\/index.php\\\/2024\\\/09\\\/14\\\/festival-popular-da-cancao-conhece-finalistas-hoje\\\/\"},\"author\":{\"name\":\"Let\u00edcia Echer\",\"@id\":\"https:\\\/\\\/folhapopular.info\\\/#\\\/schema\\\/person\\\/52b95b9c1c41ec0e826e7518183d0cc0\"},\"headline\":\"Festival Popular da Can\u00e7\u00e3o conhece finalistas hoje\",\"datePublished\":\"2024-09-14T13:25:03+00:00\",\"dateModified\":\"2024-09-14T13:25:06+00:00\",\"mainEntityOfPage\":{\"@id\":\"https:\\\/\\\/folhapopular.info\\\/index.php\\\/2024\\\/09\\\/14\\\/festival-popular-da-cancao-conhece-finalistas-hoje\\\/\"},\"wordCount\":218,\"commentCount\":0,\"image\":{\"@id\":\"https:\\\/\\\/folhapopular.info\\\/index.php\\\/2024\\\/09\\\/14\\\/festival-popular-da-cancao-conhece-finalistas-hoje\\\/#primaryimage\"},\"thumbnailUrl\":\"https:\\\/\\\/folhapopular.info\\\/wp-content\\\/uploads\\\/2018\\\/10\\\/Festival-da-Can\u00e7\u00e3o_-Reprodu\u00e7\u00e3o-2-e1539863813178.jpg\",\"keywords\":[\"3\u00ba Festival Popular da Can\u00e7\u00e3o\",\"Festival Popular da Can\u00e7\u00e3o\",\"M\u00fasica\"],\"articleSection\":[\"Assinantes\",\"Entretenimento\",\"Inclusive\"],\"inLanguage\":\"pt-BR\",\"potentialAction\":[{\"@type\":\"CommentAction\",\"name\":\"Comment\",\"target\":[\"https:\\\/\\\/folhapopular.info\\\/index.php\\\/2024\\\/09\\\/14\\\/festival-popular-da-cancao-conhece-finalistas-hoje\\\/#respond\"]}]},{\"@type\":\"WebPage\",\"@id\":\"https:\\\/\\\/folhapopular.info\\\/index.php\\\/2024\\\/09\\\/14\\\/festival-popular-da-cancao-conhece-finalistas-hoje\\\/\",\"url\":\"https:\\\/\\\/folhapopular.info\\\/index.php\\\/2024\\\/09\\\/14\\\/festival-popular-da-cancao-conhece-finalistas-hoje\\\/\",\"name\":\"Festival Popular da Can\u00e7\u00e3o conhece finalistas hoje - Folha Popular\",\"isPartOf\":{\"@id\":\"https:\\\/\\\/folhapopular.info\\\/#website\"},\"primaryImageOfPage\":{\"@id\":\"https:\\\/\\\/folhapopular.info\\\/index.php\\\/2024\\\/09\\\/14\\\/festival-popular-da-cancao-conhece-finalistas-hoje\\\/#primaryimage\"},\"image\":{\"@id\":\"https:\\\/\\\/folhapopular.info\\\/index.php\\\/2024\\\/09\\\/14\\\/festival-popular-da-cancao-conhece-finalistas-hoje\\\/#primaryimage\"},\"thumbnailUrl\":\"https:\\\/\\\/folhapopular.info\\\/wp-content\\\/uploads\\\/2018\\\/10\\\/Festival-da-Can\u00e7\u00e3o_-Reprodu\u00e7\u00e3o-2-e1539863813178.jpg\",\"datePublished\":\"2024-09-14T13:25:03+00:00\",\"dateModified\":\"2024-09-14T13:25:06+00:00\",\"author\":{\"@id\":\"https:\\\/\\\/folhapopular.info\\\/#\\\/schema\\\/person\\\/52b95b9c1c41ec0e826e7518183d0cc0\"},\"breadcrumb\":{\"@id\":\"https:\\\/\\\/folhapopular.info\\\/index.php\\\/2024\\\/09\\\/14\\\/festival-popular-da-cancao-conhece-finalistas-hoje\\\/#breadcrumb\"},\"inLanguage\":\"pt-BR\",\"potentialAction\":[{\"@type\":\"ReadAction\",\"target\":[\"https:\\\/\\\/folhapopular.info\\\/index.php\\\/2024\\\/09\\\/14\\\/festival-popular-da-cancao-conhece-finalistas-hoje\\\/\"]}]},{\"@type\":\"ImageObject\",\"inLanguage\":\"pt-BR\",\"@id\":\"https:\\\/\\\/folhapopular.info\\\/index.php\\\/2024\\\/09\\\/14\\\/festival-popular-da-cancao-conhece-finalistas-hoje\\\/#primaryimage\",\"url\":\"https:\\\/\\\/folhapopular.info\\\/wp-content\\\/uploads\\\/2018\\\/10\\\/Festival-da-Can\u00e7\u00e3o_-Reprodu\u00e7\u00e3o-2-e1539863813178.jpg\",\"contentUrl\":\"https:\\\/\\\/folhapopular.info\\\/wp-content\\\/uploads\\\/2018\\\/10\\\/Festival-da-Can\u00e7\u00e3o_-Reprodu\u00e7\u00e3o-2-e1539863813178.jpg\",\"width\":800,\"height\":534,\"caption\":\"Cr\u00e9dito: Divulga\u00e7\u00e3o\"},{\"@type\":\"BreadcrumbList\",\"@id\":\"https:\\\/\\\/folhapopular.info\\\/index.php\\\/2024\\\/09\\\/14\\\/festival-popular-da-cancao-conhece-finalistas-hoje\\\/#breadcrumb\",\"itemListElement\":[{\"@type\":\"ListItem\",\"position\":1,\"name\":\"In\u00edcio\",\"item\":\"https:\\\/\\\/folhapopular.info\\\/\"},{\"@type\":\"ListItem\",\"position\":2,\"name\":\"Festival Popular da Can\u00e7\u00e3o conhece finalistas hoje\"}]},{\"@type\":\"WebSite\",\"@id\":\"https:\\\/\\\/folhapopular.info\\\/#website\",\"url\":\"https:\\\/\\\/folhapopular.info\\\/\",\"name\":\"Folha Popular\",\"description\":\"Onde voc\u00ea tem vez e voz\",\"potentialAction\":[{\"@type\":\"SearchAction\",\"target\":{\"@type\":\"EntryPoint\",\"urlTemplate\":\"https:\\\/\\\/folhapopular.info\\\/?s={search_term_string}\"},\"query-input\":{\"@type\":\"PropertyValueSpecification\",\"valueRequired\":true,\"valueName\":\"search_term_string\"}}],\"inLanguage\":\"pt-BR\"},{\"@type\":\"Person\",\"@id\":\"https:\\\/\\\/folhapopular.info\\\/#\\\/schema\\\/person\\\/52b95b9c1c41ec0e826e7518183d0cc0\",\"name\":\"Let\u00edcia Echer\",\"image\":{\"@type\":\"ImageObject\",\"inLanguage\":\"pt-BR\",\"@id\":\"https:\\\/\\\/secure.gravatar.com\\\/avatar\\\/303201b45d8f4e048c95808925ff8953fa7ebc0e52cb5b3af1fc9e3d52c95645?s=96&d=mm&r=g\",\"url\":\"https:\\\/\\\/secure.gravatar.com\\\/avatar\\\/303201b45d8f4e048c95808925ff8953fa7ebc0e52cb5b3af1fc9e3d52c95645?s=96&d=mm&r=g\",\"contentUrl\":\"https:\\\/\\\/secure.gravatar.com\\\/avatar\\\/303201b45d8f4e048c95808925ff8953fa7ebc0e52cb5b3af1fc9e3d52c95645?s=96&d=mm&r=g\",\"caption\":\"Let\u00edcia Echer\"},\"url\":\"https:\\\/\\\/folhapopular.info\\\/index.php\\\/author\\\/leticiaecher04gmail-com\\\/\"}]}<\/script>\n<!-- \/ Yoast SEO plugin. -->","yoast_head_json":{"title":"Festival Popular da Can\u00e7\u00e3o conhece finalistas hoje - Folha Popular","robots":{"index":"index","follow":"follow","max-snippet":"max-snippet:-1","max-image-preview":"max-image-preview:large","max-video-preview":"max-video-preview:-1"},"canonical":"https:\/\/folhapopular.info\/index.php\/2024\/09\/14\/festival-popular-da-cancao-conhece-finalistas-hoje\/","og_locale":"pt_BR","og_type":"article","og_title":"Festival Popular da Can\u00e7\u00e3o conhece finalistas hoje - Folha Popular","og_description":"A etapa final do Festival Popular da Can\u00e7\u00e3o ocorre hoje a noite, \u00e0s 19h no Col\u00e9gio Teut\u00f4nia. S\u00e3o 10 finalistas na categoria Juvenil e 11 pela categoria Livre, com uma dupla. Na sexta-feira (13\/9), os candidatos tiveram seu \u00faltimo ensaio antes da disputa. O produtor Marcelo Brentano conta os bastidores e a prepara\u00e7\u00e3o para o [&hellip;]","og_url":"https:\/\/folhapopular.info\/index.php\/2024\/09\/14\/festival-popular-da-cancao-conhece-finalistas-hoje\/","og_site_name":"Folha Popular","article_published_time":"2024-09-14T13:25:03+00:00","article_modified_time":"2024-09-14T13:25:06+00:00","og_image":[{"width":800,"height":534,"url":"http:\/\/folhapopular.info\/wp-content\/uploads\/2018\/10\/Festival-da-Can\u00e7\u00e3o_-Reprodu\u00e7\u00e3o-2-e1539863813178.jpg","type":"image\/jpeg"}],"author":"Let\u00edcia Echer","twitter_card":"summary_large_image","twitter_misc":{"Escrito por":"Let\u00edcia Echer","Est. tempo de leitura":"2 minutos"},"schema":{"@context":"https:\/\/schema.org","@graph":[{"@type":"Article","@id":"https:\/\/folhapopular.info\/index.php\/2024\/09\/14\/festival-popular-da-cancao-conhece-finalistas-hoje\/#article","isPartOf":{"@id":"https:\/\/folhapopular.info\/index.php\/2024\/09\/14\/festival-popular-da-cancao-conhece-finalistas-hoje\/"},"author":{"name":"Let\u00edcia Echer","@id":"https:\/\/folhapopular.info\/#\/schema\/person\/52b95b9c1c41ec0e826e7518183d0cc0"},"headline":"Festival Popular da Can\u00e7\u00e3o conhece finalistas hoje","datePublished":"2024-09-14T13:25:03+00:00","dateModified":"2024-09-14T13:25:06+00:00","mainEntityOfPage":{"@id":"https:\/\/folhapopular.info\/index.php\/2024\/09\/14\/festival-popular-da-cancao-conhece-finalistas-hoje\/"},"wordCount":218,"commentCount":0,"image":{"@id":"https:\/\/folhapopular.info\/index.php\/2024\/09\/14\/festival-popular-da-cancao-conhece-finalistas-hoje\/#primaryimage"},"thumbnailUrl":"https:\/\/folhapopular.info\/wp-content\/uploads\/2018\/10\/Festival-da-Can\u00e7\u00e3o_-Reprodu\u00e7\u00e3o-2-e1539863813178.jpg","keywords":["3\u00ba Festival Popular da Can\u00e7\u00e3o","Festival Popular da Can\u00e7\u00e3o","M\u00fasica"],"articleSection":["Assinantes","Entretenimento","Inclusive"],"inLanguage":"pt-BR","potentialAction":[{"@type":"CommentAction","name":"Comment","target":["https:\/\/folhapopular.info\/index.php\/2024\/09\/14\/festival-popular-da-cancao-conhece-finalistas-hoje\/#respond"]}]},{"@type":"WebPage","@id":"https:\/\/folhapopular.info\/index.php\/2024\/09\/14\/festival-popular-da-cancao-conhece-finalistas-hoje\/","url":"https:\/\/folhapopular.info\/index.php\/2024\/09\/14\/festival-popular-da-cancao-conhece-finalistas-hoje\/","name":"Festival Popular da Can\u00e7\u00e3o conhece finalistas hoje - Folha Popular","isPartOf":{"@id":"https:\/\/folhapopular.info\/#website"},"primaryImageOfPage":{"@id":"https:\/\/folhapopular.info\/index.php\/2024\/09\/14\/festival-popular-da-cancao-conhece-finalistas-hoje\/#primaryimage"},"image":{"@id":"https:\/\/folhapopular.info\/index.php\/2024\/09\/14\/festival-popular-da-cancao-conhece-finalistas-hoje\/#primaryimage"},"thumbnailUrl":"https:\/\/folhapopular.info\/wp-content\/uploads\/2018\/10\/Festival-da-Can\u00e7\u00e3o_-Reprodu\u00e7\u00e3o-2-e1539863813178.jpg","datePublished":"2024-09-14T13:25:03+00:00","dateModified":"2024-09-14T13:25:06+00:00","author":{"@id":"https:\/\/folhapopular.info\/#\/schema\/person\/52b95b9c1c41ec0e826e7518183d0cc0"},"breadcrumb":{"@id":"https:\/\/folhapopular.info\/index.php\/2024\/09\/14\/festival-popular-da-cancao-conhece-finalistas-hoje\/#breadcrumb"},"inLanguage":"pt-BR","potentialAction":[{"@type":"ReadAction","target":["https:\/\/folhapopular.info\/index.php\/2024\/09\/14\/festival-popular-da-cancao-conhece-finalistas-hoje\/"]}]},{"@type":"ImageObject","inLanguage":"pt-BR","@id":"https:\/\/folhapopular.info\/index.php\/2024\/09\/14\/festival-popular-da-cancao-conhece-finalistas-hoje\/#primaryimage","url":"https:\/\/folhapopular.info\/wp-content\/uploads\/2018\/10\/Festival-da-Can\u00e7\u00e3o_-Reprodu\u00e7\u00e3o-2-e1539863813178.jpg","contentUrl":"https:\/\/folhapopular.info\/wp-content\/uploads\/2018\/10\/Festival-da-Can\u00e7\u00e3o_-Reprodu\u00e7\u00e3o-2-e1539863813178.jpg","width":800,"height":534,"caption":"Cr\u00e9dito: Divulga\u00e7\u00e3o"},{"@type":"BreadcrumbList","@id":"https:\/\/folhapopular.info\/index.php\/2024\/09\/14\/festival-popular-da-cancao-conhece-finalistas-hoje\/#breadcrumb","itemListElement":[{"@type":"ListItem","position":1,"name":"In\u00edcio","item":"https:\/\/folhapopular.info\/"},{"@type":"ListItem","position":2,"name":"Festival Popular da Can\u00e7\u00e3o conhece finalistas hoje"}]},{"@type":"WebSite","@id":"https:\/\/folhapopular.info\/#website","url":"https:\/\/folhapopular.info\/","name":"Folha Popular","description":"Onde voc\u00ea tem vez e voz","potentialAction":[{"@type":"SearchAction","target":{"@type":"EntryPoint","urlTemplate":"https:\/\/folhapopular.info\/?s={search_term_string}"},"query-input":{"@type":"PropertyValueSpecification","valueRequired":true,"valueName":"search_term_string"}}],"inLanguage":"pt-BR"},{"@type":"Person","@id":"https:\/\/folhapopular.info\/#\/schema\/person\/52b95b9c1c41ec0e826e7518183d0cc0","name":"Let\u00edcia Echer","image":{"@type":"ImageObject","inLanguage":"pt-BR","@id":"https:\/\/secure.gravatar.com\/avatar\/303201b45d8f4e048c95808925ff8953fa7ebc0e52cb5b3af1fc9e3d52c95645?s=96&d=mm&r=g","url":"https:\/\/secure.gravatar.com\/avatar\/303201b45d8f4e048c95808925ff8953fa7ebc0e52cb5b3af1fc9e3d52c95645?s=96&d=mm&r=g","contentUrl":"https:\/\/secure.gravatar.com\/avatar\/303201b45d8f4e048c95808925ff8953fa7ebc0e52cb5b3af1fc9e3d52c95645?s=96&d=mm&r=g","caption":"Let\u00edcia Echer"},"url":"https:\/\/folhapopular.info\/index.php\/author\/leticiaecher04gmail-com\/"}]}},"jetpack_featured_media_url":"https:\/\/folhapopular.info\/wp-content\/uploads\/2018\/10\/Festival-da-Can\u00e7\u00e3o_-Reprodu\u00e7\u00e3o-2-e1539863813178.jpg","jetpack_sharing_enabled":true,"amp_enabled":true,"_links":{"self":[{"href":"https:\/\/folhapopular.info\/index.php\/wp-json\/wp\/v2\/posts\/168729","targetHints":{"allow":["GET"]}}],"collection":[{"href":"https:\/\/folhapopular.info\/index.php\/wp-json\/wp\/v2\/posts"}],"about":[{"href":"https:\/\/folhapopular.info\/index.php\/wp-json\/wp\/v2\/types\/post"}],"author":[{"embeddable":true,"href":"https:\/\/folhapopular.info\/index.php\/wp-json\/wp\/v2\/users\/673"}],"replies":[{"embeddable":true,"href":"https:\/\/folhapopular.info\/index.php\/wp-json\/wp\/v2\/comments?post=168729"}],"version-history":[{"count":0,"href":"https:\/\/folhapopular.info\/index.php\/wp-json\/wp\/v2\/posts\/168729\/revisions"}],"wp:featuredmedia":[{"embeddable":true,"href":"https:\/\/folhapopular.info\/index.php\/wp-json\/wp\/v2\/media\/49040"}],"wp:attachment":[{"href":"https:\/\/folhapopular.info\/index.php\/wp-json\/wp\/v2\/media?parent=168729"}],"wp:term":[{"taxonomy":"category","embeddable":true,"href":"https:\/\/folhapopular.info\/index.php\/wp-json\/wp\/v2\/categories?post=168729"},{"taxonomy":"post_tag","embeddable":true,"href":"https:\/\/folhapopular.info\/index.php\/wp-json\/wp\/v2\/tags?post=168729"}],"curies":[{"name":"wp","href":"https:\/\/api.w.org\/{rel}","templated":true}]}}