{"id":169042,"date":"2024-09-17T16:19:04","date_gmt":"2024-09-17T19:19:04","guid":{"rendered":"https:\/\/folhapopular.info\/?p=169042"},"modified":"2024-09-17T16:21:19","modified_gmt":"2024-09-17T19:21:19","slug":"alunos-de-teutonia-participam-de-apresentacao-cultural-no-acampamento-farroupilha","status":"publish","type":"post","link":"https:\/\/folhapopular.info\/index.php\/2024\/09\/17\/alunos-de-teutonia-participam-de-apresentacao-cultural-no-acampamento-farroupilha\/","title":{"rendered":"Alunos de Teut\u00f4nia participam de apresenta\u00e7\u00e3o cultural no Acampamento Farroupilha"},"content":{"rendered":"\n<p>A lenda do Negrinho do Pastoreio foi tema da apresenta\u00e7\u00e3o feita pelos alunos do quinto ano da Escola Teobaldo Closs na tarde de hoje (17\/9). Na plateia, cerca de 90 crian\u00e7as da rede municipal de ensino. A atividade foi organizada pelo Piquete das Gurias, no 8\u00ba Acampamento Farroupilha de Teut\u00f4nia.<\/p>\n\n\n\n<p>A apresenta\u00e7\u00e3o ocorreu em forma de \u201cm\u00fasica encenada\u201d. A estudante Erika Thomazi Gossenheim fez parte do elenco. \u201cOs ensaios foram bem puxados, mas acho que o resultado ficou muito bacana. Acredito que todos gostaram do que fizemos\u201d, comenta.<\/p>\n\n\n\n<p>Os estudantes foram orientados pela professora Karla Heller, que \u00e9 integrante do Piquete das Gurias. \u201cEsse \u00e9 um tema que tratamos todos os anos, mas dessa vez foi especial, porque puderam apresentar para outros alunos\u201d, afirma. Depois da apresenta\u00e7\u00e3o, todos os alunos receberam lanche.<\/p>\n\n\n\n<p>A programa\u00e7\u00e3o do Acampamento Farroupilha de Teut\u00f4nia segue at\u00e9 s\u00e1bado, dia 21.<\/p>\n\n\n\n<figure class=\"wp-block-gallery has-nested-images columns-default is-cropped wp-block-gallery-1 is-layout-flex wp-block-gallery-is-layout-flex\">\n<figure class=\"wp-block-image size-large\"><img loading=\"lazy\" decoding=\"async\" width=\"1024\" height=\"461\" data-id=\"169045\" src=\"https:\/\/folhapopular.info\/wp-content\/uploads\/2024\/09\/WhatsApp-Image-2024-09-17-at-15.15.55-1-1024x461.jpeg\" alt=\"\" class=\"wp-image-169045\" srcset=\"https:\/\/folhapopular.info\/wp-content\/uploads\/2024\/09\/WhatsApp-Image-2024-09-17-at-15.15.55-1-1024x461.jpeg 1024w, https:\/\/folhapopular.info\/wp-content\/uploads\/2024\/09\/WhatsApp-Image-2024-09-17-at-15.15.55-1-300x135.jpeg 300w, https:\/\/folhapopular.info\/wp-content\/uploads\/2024\/09\/WhatsApp-Image-2024-09-17-at-15.15.55-1-768x346.jpeg 768w, https:\/\/folhapopular.info\/wp-content\/uploads\/2024\/09\/WhatsApp-Image-2024-09-17-at-15.15.55-1-1536x691.jpeg 1536w, https:\/\/folhapopular.info\/wp-content\/uploads\/2024\/09\/WhatsApp-Image-2024-09-17-at-15.15.55-1-933x420.jpeg 933w, https:\/\/folhapopular.info\/wp-content\/uploads\/2024\/09\/WhatsApp-Image-2024-09-17-at-15.15.55-1-696x313.jpeg 696w, https:\/\/folhapopular.info\/wp-content\/uploads\/2024\/09\/WhatsApp-Image-2024-09-17-at-15.15.55-1-1068x481.jpeg 1068w, https:\/\/folhapopular.info\/wp-content\/uploads\/2024\/09\/WhatsApp-Image-2024-09-17-at-15.15.55-1.jpeg 1600w\" sizes=\"auto, (max-width: 1024px) 100vw, 1024px\" \/><\/figure>\n\n\n\n<figure class=\"wp-block-image size-large\"><img loading=\"lazy\" decoding=\"async\" width=\"1024\" height=\"461\" data-id=\"169047\" src=\"https:\/\/folhapopular.info\/wp-content\/uploads\/2024\/09\/WhatsApp-Image-2024-09-17-at-15.15.56-1024x461.jpeg\" alt=\"\" class=\"wp-image-169047\" srcset=\"https:\/\/folhapopular.info\/wp-content\/uploads\/2024\/09\/WhatsApp-Image-2024-09-17-at-15.15.56-1024x461.jpeg 1024w, https:\/\/folhapopular.info\/wp-content\/uploads\/2024\/09\/WhatsApp-Image-2024-09-17-at-15.15.56-300x135.jpeg 300w, https:\/\/folhapopular.info\/wp-content\/uploads\/2024\/09\/WhatsApp-Image-2024-09-17-at-15.15.56-768x346.jpeg 768w, https:\/\/folhapopular.info\/wp-content\/uploads\/2024\/09\/WhatsApp-Image-2024-09-17-at-15.15.56-1536x691.jpeg 1536w, https:\/\/folhapopular.info\/wp-content\/uploads\/2024\/09\/WhatsApp-Image-2024-09-17-at-15.15.56-933x420.jpeg 933w, https:\/\/folhapopular.info\/wp-content\/uploads\/2024\/09\/WhatsApp-Image-2024-09-17-at-15.15.56-696x313.jpeg 696w, https:\/\/folhapopular.info\/wp-content\/uploads\/2024\/09\/WhatsApp-Image-2024-09-17-at-15.15.56-1068x481.jpeg 1068w, https:\/\/folhapopular.info\/wp-content\/uploads\/2024\/09\/WhatsApp-Image-2024-09-17-at-15.15.56.jpeg 1600w\" sizes=\"auto, (max-width: 1024px) 100vw, 1024px\" \/><\/figure>\n\n\n\n<figure class=\"wp-block-image size-large\"><img loading=\"lazy\" decoding=\"async\" width=\"1024\" height=\"461\" data-id=\"169048\" src=\"https:\/\/folhapopular.info\/wp-content\/uploads\/2024\/09\/WhatsApp-Image-2024-09-17-at-15.15.55-1024x461.jpeg\" alt=\"\" class=\"wp-image-169048\" srcset=\"https:\/\/folhapopular.info\/wp-content\/uploads\/2024\/09\/WhatsApp-Image-2024-09-17-at-15.15.55-1024x461.jpeg 1024w, https:\/\/folhapopular.info\/wp-content\/uploads\/2024\/09\/WhatsApp-Image-2024-09-17-at-15.15.55-300x135.jpeg 300w, https:\/\/folhapopular.info\/wp-content\/uploads\/2024\/09\/WhatsApp-Image-2024-09-17-at-15.15.55-768x346.jpeg 768w, https:\/\/folhapopular.info\/wp-content\/uploads\/2024\/09\/WhatsApp-Image-2024-09-17-at-15.15.55-1536x691.jpeg 1536w, https:\/\/folhapopular.info\/wp-content\/uploads\/2024\/09\/WhatsApp-Image-2024-09-17-at-15.15.55-933x420.jpeg 933w, https:\/\/folhapopular.info\/wp-content\/uploads\/2024\/09\/WhatsApp-Image-2024-09-17-at-15.15.55-696x313.jpeg 696w, https:\/\/folhapopular.info\/wp-content\/uploads\/2024\/09\/WhatsApp-Image-2024-09-17-at-15.15.55-1068x481.jpeg 1068w, https:\/\/folhapopular.info\/wp-content\/uploads\/2024\/09\/WhatsApp-Image-2024-09-17-at-15.15.55.jpeg 1600w\" sizes=\"auto, (max-width: 1024px) 100vw, 1024px\" \/><\/figure>\n\n\n\n<figure class=\"wp-block-image size-large\"><img loading=\"lazy\" decoding=\"async\" width=\"1024\" height=\"461\" data-id=\"169046\" src=\"https:\/\/folhapopular.info\/wp-content\/uploads\/2024\/09\/WhatsApp-Image-2024-09-17-at-15.15.54-1-1024x461.jpeg\" alt=\"\" class=\"wp-image-169046\" srcset=\"https:\/\/folhapopular.info\/wp-content\/uploads\/2024\/09\/WhatsApp-Image-2024-09-17-at-15.15.54-1-1024x461.jpeg 1024w, https:\/\/folhapopular.info\/wp-content\/uploads\/2024\/09\/WhatsApp-Image-2024-09-17-at-15.15.54-1-300x135.jpeg 300w, https:\/\/folhapopular.info\/wp-content\/uploads\/2024\/09\/WhatsApp-Image-2024-09-17-at-15.15.54-1-768x346.jpeg 768w, https:\/\/folhapopular.info\/wp-content\/uploads\/2024\/09\/WhatsApp-Image-2024-09-17-at-15.15.54-1-1536x691.jpeg 1536w, https:\/\/folhapopular.info\/wp-content\/uploads\/2024\/09\/WhatsApp-Image-2024-09-17-at-15.15.54-1-933x420.jpeg 933w, https:\/\/folhapopular.info\/wp-content\/uploads\/2024\/09\/WhatsApp-Image-2024-09-17-at-15.15.54-1-696x313.jpeg 696w, https:\/\/folhapopular.info\/wp-content\/uploads\/2024\/09\/WhatsApp-Image-2024-09-17-at-15.15.54-1-1068x481.jpeg 1068w, https:\/\/folhapopular.info\/wp-content\/uploads\/2024\/09\/WhatsApp-Image-2024-09-17-at-15.15.54-1.jpeg 1600w\" sizes=\"auto, (max-width: 1024px) 100vw, 1024px\" \/><\/figure>\n<\/figure>\n","protected":false},"excerpt":{"rendered":"<p>A lenda do Negrinho do Pastoreio foi tema da apresenta\u00e7\u00e3o feita pelos alunos do quinto ano da Escola Teobaldo Closs na tarde de hoje (17\/9). Na plateia, cerca de 90 crian\u00e7as da rede municipal de ensino. A atividade foi organizada pelo Piquete das Gurias, no 8\u00ba Acampamento Farroupilha de Teut\u00f4nia. A apresenta\u00e7\u00e3o ocorreu em forma [&hellip;]<\/p>\n","protected":false},"author":747,"featured_media":169043,"comment_status":"open","ping_status":"open","sticky":false,"template":"","format":"standard","meta":{"pmpro_default_level":"","_jetpack_memberships_contains_paid_content":false,"footnotes":""},"categories":[3,6],"tags":[980,26],"class_list":{"0":"post-169042","1":"post","2":"type-post","3":"status-publish","4":"format-standard","5":"has-post-thumbnail","7":"category-geral","8":"category-inclusive","9":"tag-acampamento-farroupilha","10":"tag-teutonia","11":"pmpro-has-access"},"yoast_head":"<!-- This site is optimized with the Yoast SEO plugin v27.5 - https:\/\/yoast.com\/product\/yoast-seo-wordpress\/ -->\n<title>Alunos de Teut\u00f4nia participam de apresenta\u00e7\u00e3o cultural no Acampamento Farroupilha - Folha Popular<\/title>\n<meta name=\"robots\" content=\"index, follow, max-snippet:-1, max-image-preview:large, max-video-preview:-1\" \/>\n<link rel=\"canonical\" href=\"https:\/\/folhapopular.info\/index.php\/2024\/09\/17\/alunos-de-teutonia-participam-de-apresentacao-cultural-no-acampamento-farroupilha\/\" \/>\n<meta property=\"og:locale\" content=\"pt_BR\" \/>\n<meta property=\"og:type\" content=\"article\" \/>\n<meta property=\"og:title\" content=\"Alunos de Teut\u00f4nia participam de apresenta\u00e7\u00e3o cultural no Acampamento Farroupilha - Folha Popular\" \/>\n<meta property=\"og:description\" content=\"A lenda do Negrinho do Pastoreio foi tema da apresenta\u00e7\u00e3o feita pelos alunos do quinto ano da Escola Teobaldo Closs na tarde de hoje (17\/9). Na plateia, cerca de 90 crian\u00e7as da rede municipal de ensino. A atividade foi organizada pelo Piquete das Gurias, no 8\u00ba Acampamento Farroupilha de Teut\u00f4nia. A apresenta\u00e7\u00e3o ocorreu em forma [&hellip;]\" \/>\n<meta property=\"og:url\" content=\"https:\/\/folhapopular.info\/index.php\/2024\/09\/17\/alunos-de-teutonia-participam-de-apresentacao-cultural-no-acampamento-farroupilha\/\" \/>\n<meta property=\"og:site_name\" content=\"Folha Popular\" \/>\n<meta property=\"article:published_time\" content=\"2024-09-17T19:19:04+00:00\" \/>\n<meta property=\"article:modified_time\" content=\"2024-09-17T19:21:19+00:00\" \/>\n<meta property=\"og:image\" content=\"http:\/\/folhapopular.info\/wp-content\/uploads\/2024\/09\/WhatsApp-Image-2024-09-17-at-15.15.54.jpeg\" \/>\n\t<meta property=\"og:image:width\" content=\"1600\" \/>\n\t<meta property=\"og:image:height\" content=\"720\" \/>\n\t<meta property=\"og:image:type\" content=\"image\/jpeg\" \/>\n<meta name=\"author\" content=\"J\u00falia Amaral\" \/>\n<meta name=\"twitter:card\" content=\"summary_large_image\" \/>\n<meta name=\"twitter:label1\" content=\"Escrito por\" \/>\n\t<meta name=\"twitter:data1\" content=\"J\u00falia Amaral\" \/>\n\t<meta name=\"twitter:label2\" content=\"Est. tempo de leitura\" \/>\n\t<meta name=\"twitter:data2\" content=\"2 minutos\" \/>\n<script type=\"application\/ld+json\" class=\"yoast-schema-graph\">{\"@context\":\"https:\\\/\\\/schema.org\",\"@graph\":[{\"@type\":\"Article\",\"@id\":\"https:\\\/\\\/folhapopular.info\\\/index.php\\\/2024\\\/09\\\/17\\\/alunos-de-teutonia-participam-de-apresentacao-cultural-no-acampamento-farroupilha\\\/#article\",\"isPartOf\":{\"@id\":\"https:\\\/\\\/folhapopular.info\\\/index.php\\\/2024\\\/09\\\/17\\\/alunos-de-teutonia-participam-de-apresentacao-cultural-no-acampamento-farroupilha\\\/\"},\"author\":{\"name\":\"J\u00falia Amaral\",\"@id\":\"https:\\\/\\\/folhapopular.info\\\/#\\\/schema\\\/person\\\/25c7649fd584816b1747a45f3aab3b40\"},\"headline\":\"Alunos de Teut\u00f4nia participam de apresenta\u00e7\u00e3o cultural no Acampamento Farroupilha\",\"datePublished\":\"2024-09-17T19:19:04+00:00\",\"dateModified\":\"2024-09-17T19:21:19+00:00\",\"mainEntityOfPage\":{\"@id\":\"https:\\\/\\\/folhapopular.info\\\/index.php\\\/2024\\\/09\\\/17\\\/alunos-de-teutonia-participam-de-apresentacao-cultural-no-acampamento-farroupilha\\\/\"},\"wordCount\":159,\"commentCount\":0,\"image\":{\"@id\":\"https:\\\/\\\/folhapopular.info\\\/index.php\\\/2024\\\/09\\\/17\\\/alunos-de-teutonia-participam-de-apresentacao-cultural-no-acampamento-farroupilha\\\/#primaryimage\"},\"thumbnailUrl\":\"https:\\\/\\\/folhapopular.info\\\/wp-content\\\/uploads\\\/2024\\\/09\\\/WhatsApp-Image-2024-09-17-at-15.15.54.jpeg\",\"keywords\":[\"Acampamento Farroupilha\",\"Teut\u00f4nia\"],\"articleSection\":[\"Geral\",\"Inclusive\"],\"inLanguage\":\"pt-BR\",\"potentialAction\":[{\"@type\":\"CommentAction\",\"name\":\"Comment\",\"target\":[\"https:\\\/\\\/folhapopular.info\\\/index.php\\\/2024\\\/09\\\/17\\\/alunos-de-teutonia-participam-de-apresentacao-cultural-no-acampamento-farroupilha\\\/#respond\"]}]},{\"@type\":\"WebPage\",\"@id\":\"https:\\\/\\\/folhapopular.info\\\/index.php\\\/2024\\\/09\\\/17\\\/alunos-de-teutonia-participam-de-apresentacao-cultural-no-acampamento-farroupilha\\\/\",\"url\":\"https:\\\/\\\/folhapopular.info\\\/index.php\\\/2024\\\/09\\\/17\\\/alunos-de-teutonia-participam-de-apresentacao-cultural-no-acampamento-farroupilha\\\/\",\"name\":\"Alunos de Teut\u00f4nia participam de apresenta\u00e7\u00e3o cultural no Acampamento Farroupilha - Folha Popular\",\"isPartOf\":{\"@id\":\"https:\\\/\\\/folhapopular.info\\\/#website\"},\"primaryImageOfPage\":{\"@id\":\"https:\\\/\\\/folhapopular.info\\\/index.php\\\/2024\\\/09\\\/17\\\/alunos-de-teutonia-participam-de-apresentacao-cultural-no-acampamento-farroupilha\\\/#primaryimage\"},\"image\":{\"@id\":\"https:\\\/\\\/folhapopular.info\\\/index.php\\\/2024\\\/09\\\/17\\\/alunos-de-teutonia-participam-de-apresentacao-cultural-no-acampamento-farroupilha\\\/#primaryimage\"},\"thumbnailUrl\":\"https:\\\/\\\/folhapopular.info\\\/wp-content\\\/uploads\\\/2024\\\/09\\\/WhatsApp-Image-2024-09-17-at-15.15.54.jpeg\",\"datePublished\":\"2024-09-17T19:19:04+00:00\",\"dateModified\":\"2024-09-17T19:21:19+00:00\",\"author\":{\"@id\":\"https:\\\/\\\/folhapopular.info\\\/#\\\/schema\\\/person\\\/25c7649fd584816b1747a45f3aab3b40\"},\"breadcrumb\":{\"@id\":\"https:\\\/\\\/folhapopular.info\\\/index.php\\\/2024\\\/09\\\/17\\\/alunos-de-teutonia-participam-de-apresentacao-cultural-no-acampamento-farroupilha\\\/#breadcrumb\"},\"inLanguage\":\"pt-BR\",\"potentialAction\":[{\"@type\":\"ReadAction\",\"target\":[\"https:\\\/\\\/folhapopular.info\\\/index.php\\\/2024\\\/09\\\/17\\\/alunos-de-teutonia-participam-de-apresentacao-cultural-no-acampamento-farroupilha\\\/\"]}]},{\"@type\":\"ImageObject\",\"inLanguage\":\"pt-BR\",\"@id\":\"https:\\\/\\\/folhapopular.info\\\/index.php\\\/2024\\\/09\\\/17\\\/alunos-de-teutonia-participam-de-apresentacao-cultural-no-acampamento-farroupilha\\\/#primaryimage\",\"url\":\"https:\\\/\\\/folhapopular.info\\\/wp-content\\\/uploads\\\/2024\\\/09\\\/WhatsApp-Image-2024-09-17-at-15.15.54.jpeg\",\"contentUrl\":\"https:\\\/\\\/folhapopular.info\\\/wp-content\\\/uploads\\\/2024\\\/09\\\/WhatsApp-Image-2024-09-17-at-15.15.54.jpeg\",\"width\":1600,\"height\":720},{\"@type\":\"BreadcrumbList\",\"@id\":\"https:\\\/\\\/folhapopular.info\\\/index.php\\\/2024\\\/09\\\/17\\\/alunos-de-teutonia-participam-de-apresentacao-cultural-no-acampamento-farroupilha\\\/#breadcrumb\",\"itemListElement\":[{\"@type\":\"ListItem\",\"position\":1,\"name\":\"In\u00edcio\",\"item\":\"https:\\\/\\\/folhapopular.info\\\/\"},{\"@type\":\"ListItem\",\"position\":2,\"name\":\"Alunos de Teut\u00f4nia participam de apresenta\u00e7\u00e3o cultural no Acampamento Farroupilha\"}]},{\"@type\":\"WebSite\",\"@id\":\"https:\\\/\\\/folhapopular.info\\\/#website\",\"url\":\"https:\\\/\\\/folhapopular.info\\\/\",\"name\":\"Folha Popular\",\"description\":\"Onde voc\u00ea tem vez e voz\",\"potentialAction\":[{\"@type\":\"SearchAction\",\"target\":{\"@type\":\"EntryPoint\",\"urlTemplate\":\"https:\\\/\\\/folhapopular.info\\\/?s={search_term_string}\"},\"query-input\":{\"@type\":\"PropertyValueSpecification\",\"valueRequired\":true,\"valueName\":\"search_term_string\"}}],\"inLanguage\":\"pt-BR\"},{\"@type\":\"Person\",\"@id\":\"https:\\\/\\\/folhapopular.info\\\/#\\\/schema\\\/person\\\/25c7649fd584816b1747a45f3aab3b40\",\"name\":\"J\u00falia Amaral\",\"image\":{\"@type\":\"ImageObject\",\"inLanguage\":\"pt-BR\",\"@id\":\"https:\\\/\\\/secure.gravatar.com\\\/avatar\\\/4d7d64d93a62bbe70e444c5c7b0a643f1955a374a94fd5eab0a928fe21d5b041?s=96&d=mm&r=g\",\"url\":\"https:\\\/\\\/secure.gravatar.com\\\/avatar\\\/4d7d64d93a62bbe70e444c5c7b0a643f1955a374a94fd5eab0a928fe21d5b041?s=96&d=mm&r=g\",\"contentUrl\":\"https:\\\/\\\/secure.gravatar.com\\\/avatar\\\/4d7d64d93a62bbe70e444c5c7b0a643f1955a374a94fd5eab0a928fe21d5b041?s=96&d=mm&r=g\",\"caption\":\"J\u00falia Amaral\"},\"url\":\"https:\\\/\\\/folhapopular.info\\\/index.php\\\/author\\\/julia-amaral\\\/\"}]}<\/script>\n<!-- \/ Yoast SEO plugin. -->","yoast_head_json":{"title":"Alunos de Teut\u00f4nia participam de apresenta\u00e7\u00e3o cultural no Acampamento Farroupilha - Folha Popular","robots":{"index":"index","follow":"follow","max-snippet":"max-snippet:-1","max-image-preview":"max-image-preview:large","max-video-preview":"max-video-preview:-1"},"canonical":"https:\/\/folhapopular.info\/index.php\/2024\/09\/17\/alunos-de-teutonia-participam-de-apresentacao-cultural-no-acampamento-farroupilha\/","og_locale":"pt_BR","og_type":"article","og_title":"Alunos de Teut\u00f4nia participam de apresenta\u00e7\u00e3o cultural no Acampamento Farroupilha - Folha Popular","og_description":"A lenda do Negrinho do Pastoreio foi tema da apresenta\u00e7\u00e3o feita pelos alunos do quinto ano da Escola Teobaldo Closs na tarde de hoje (17\/9). Na plateia, cerca de 90 crian\u00e7as da rede municipal de ensino. A atividade foi organizada pelo Piquete das Gurias, no 8\u00ba Acampamento Farroupilha de Teut\u00f4nia. A apresenta\u00e7\u00e3o ocorreu em forma [&hellip;]","og_url":"https:\/\/folhapopular.info\/index.php\/2024\/09\/17\/alunos-de-teutonia-participam-de-apresentacao-cultural-no-acampamento-farroupilha\/","og_site_name":"Folha Popular","article_published_time":"2024-09-17T19:19:04+00:00","article_modified_time":"2024-09-17T19:21:19+00:00","og_image":[{"width":1600,"height":720,"url":"http:\/\/folhapopular.info\/wp-content\/uploads\/2024\/09\/WhatsApp-Image-2024-09-17-at-15.15.54.jpeg","type":"image\/jpeg"}],"author":"J\u00falia Amaral","twitter_card":"summary_large_image","twitter_misc":{"Escrito por":"J\u00falia Amaral","Est. tempo de leitura":"2 minutos"},"schema":{"@context":"https:\/\/schema.org","@graph":[{"@type":"Article","@id":"https:\/\/folhapopular.info\/index.php\/2024\/09\/17\/alunos-de-teutonia-participam-de-apresentacao-cultural-no-acampamento-farroupilha\/#article","isPartOf":{"@id":"https:\/\/folhapopular.info\/index.php\/2024\/09\/17\/alunos-de-teutonia-participam-de-apresentacao-cultural-no-acampamento-farroupilha\/"},"author":{"name":"J\u00falia Amaral","@id":"https:\/\/folhapopular.info\/#\/schema\/person\/25c7649fd584816b1747a45f3aab3b40"},"headline":"Alunos de Teut\u00f4nia participam de apresenta\u00e7\u00e3o cultural no Acampamento Farroupilha","datePublished":"2024-09-17T19:19:04+00:00","dateModified":"2024-09-17T19:21:19+00:00","mainEntityOfPage":{"@id":"https:\/\/folhapopular.info\/index.php\/2024\/09\/17\/alunos-de-teutonia-participam-de-apresentacao-cultural-no-acampamento-farroupilha\/"},"wordCount":159,"commentCount":0,"image":{"@id":"https:\/\/folhapopular.info\/index.php\/2024\/09\/17\/alunos-de-teutonia-participam-de-apresentacao-cultural-no-acampamento-farroupilha\/#primaryimage"},"thumbnailUrl":"https:\/\/folhapopular.info\/wp-content\/uploads\/2024\/09\/WhatsApp-Image-2024-09-17-at-15.15.54.jpeg","keywords":["Acampamento Farroupilha","Teut\u00f4nia"],"articleSection":["Geral","Inclusive"],"inLanguage":"pt-BR","potentialAction":[{"@type":"CommentAction","name":"Comment","target":["https:\/\/folhapopular.info\/index.php\/2024\/09\/17\/alunos-de-teutonia-participam-de-apresentacao-cultural-no-acampamento-farroupilha\/#respond"]}]},{"@type":"WebPage","@id":"https:\/\/folhapopular.info\/index.php\/2024\/09\/17\/alunos-de-teutonia-participam-de-apresentacao-cultural-no-acampamento-farroupilha\/","url":"https:\/\/folhapopular.info\/index.php\/2024\/09\/17\/alunos-de-teutonia-participam-de-apresentacao-cultural-no-acampamento-farroupilha\/","name":"Alunos de Teut\u00f4nia participam de apresenta\u00e7\u00e3o cultural no Acampamento Farroupilha - Folha Popular","isPartOf":{"@id":"https:\/\/folhapopular.info\/#website"},"primaryImageOfPage":{"@id":"https:\/\/folhapopular.info\/index.php\/2024\/09\/17\/alunos-de-teutonia-participam-de-apresentacao-cultural-no-acampamento-farroupilha\/#primaryimage"},"image":{"@id":"https:\/\/folhapopular.info\/index.php\/2024\/09\/17\/alunos-de-teutonia-participam-de-apresentacao-cultural-no-acampamento-farroupilha\/#primaryimage"},"thumbnailUrl":"https:\/\/folhapopular.info\/wp-content\/uploads\/2024\/09\/WhatsApp-Image-2024-09-17-at-15.15.54.jpeg","datePublished":"2024-09-17T19:19:04+00:00","dateModified":"2024-09-17T19:21:19+00:00","author":{"@id":"https:\/\/folhapopular.info\/#\/schema\/person\/25c7649fd584816b1747a45f3aab3b40"},"breadcrumb":{"@id":"https:\/\/folhapopular.info\/index.php\/2024\/09\/17\/alunos-de-teutonia-participam-de-apresentacao-cultural-no-acampamento-farroupilha\/#breadcrumb"},"inLanguage":"pt-BR","potentialAction":[{"@type":"ReadAction","target":["https:\/\/folhapopular.info\/index.php\/2024\/09\/17\/alunos-de-teutonia-participam-de-apresentacao-cultural-no-acampamento-farroupilha\/"]}]},{"@type":"ImageObject","inLanguage":"pt-BR","@id":"https:\/\/folhapopular.info\/index.php\/2024\/09\/17\/alunos-de-teutonia-participam-de-apresentacao-cultural-no-acampamento-farroupilha\/#primaryimage","url":"https:\/\/folhapopular.info\/wp-content\/uploads\/2024\/09\/WhatsApp-Image-2024-09-17-at-15.15.54.jpeg","contentUrl":"https:\/\/folhapopular.info\/wp-content\/uploads\/2024\/09\/WhatsApp-Image-2024-09-17-at-15.15.54.jpeg","width":1600,"height":720},{"@type":"BreadcrumbList","@id":"https:\/\/folhapopular.info\/index.php\/2024\/09\/17\/alunos-de-teutonia-participam-de-apresentacao-cultural-no-acampamento-farroupilha\/#breadcrumb","itemListElement":[{"@type":"ListItem","position":1,"name":"In\u00edcio","item":"https:\/\/folhapopular.info\/"},{"@type":"ListItem","position":2,"name":"Alunos de Teut\u00f4nia participam de apresenta\u00e7\u00e3o cultural no Acampamento Farroupilha"}]},{"@type":"WebSite","@id":"https:\/\/folhapopular.info\/#website","url":"https:\/\/folhapopular.info\/","name":"Folha Popular","description":"Onde voc\u00ea tem vez e voz","potentialAction":[{"@type":"SearchAction","target":{"@type":"EntryPoint","urlTemplate":"https:\/\/folhapopular.info\/?s={search_term_string}"},"query-input":{"@type":"PropertyValueSpecification","valueRequired":true,"valueName":"search_term_string"}}],"inLanguage":"pt-BR"},{"@type":"Person","@id":"https:\/\/folhapopular.info\/#\/schema\/person\/25c7649fd584816b1747a45f3aab3b40","name":"J\u00falia Amaral","image":{"@type":"ImageObject","inLanguage":"pt-BR","@id":"https:\/\/secure.gravatar.com\/avatar\/4d7d64d93a62bbe70e444c5c7b0a643f1955a374a94fd5eab0a928fe21d5b041?s=96&d=mm&r=g","url":"https:\/\/secure.gravatar.com\/avatar\/4d7d64d93a62bbe70e444c5c7b0a643f1955a374a94fd5eab0a928fe21d5b041?s=96&d=mm&r=g","contentUrl":"https:\/\/secure.gravatar.com\/avatar\/4d7d64d93a62bbe70e444c5c7b0a643f1955a374a94fd5eab0a928fe21d5b041?s=96&d=mm&r=g","caption":"J\u00falia Amaral"},"url":"https:\/\/folhapopular.info\/index.php\/author\/julia-amaral\/"}]}},"jetpack_featured_media_url":"https:\/\/folhapopular.info\/wp-content\/uploads\/2024\/09\/WhatsApp-Image-2024-09-17-at-15.15.54.jpeg","jetpack_sharing_enabled":true,"amp_enabled":true,"_links":{"self":[{"href":"https:\/\/folhapopular.info\/index.php\/wp-json\/wp\/v2\/posts\/169042","targetHints":{"allow":["GET"]}}],"collection":[{"href":"https:\/\/folhapopular.info\/index.php\/wp-json\/wp\/v2\/posts"}],"about":[{"href":"https:\/\/folhapopular.info\/index.php\/wp-json\/wp\/v2\/types\/post"}],"author":[{"embeddable":true,"href":"https:\/\/folhapopular.info\/index.php\/wp-json\/wp\/v2\/users\/747"}],"replies":[{"embeddable":true,"href":"https:\/\/folhapopular.info\/index.php\/wp-json\/wp\/v2\/comments?post=169042"}],"version-history":[{"count":0,"href":"https:\/\/folhapopular.info\/index.php\/wp-json\/wp\/v2\/posts\/169042\/revisions"}],"wp:featuredmedia":[{"embeddable":true,"href":"https:\/\/folhapopular.info\/index.php\/wp-json\/wp\/v2\/media\/169043"}],"wp:attachment":[{"href":"https:\/\/folhapopular.info\/index.php\/wp-json\/wp\/v2\/media?parent=169042"}],"wp:term":[{"taxonomy":"category","embeddable":true,"href":"https:\/\/folhapopular.info\/index.php\/wp-json\/wp\/v2\/categories?post=169042"},{"taxonomy":"post_tag","embeddable":true,"href":"https:\/\/folhapopular.info\/index.php\/wp-json\/wp\/v2\/tags?post=169042"}],"curies":[{"name":"wp","href":"https:\/\/api.w.org\/{rel}","templated":true}]}}