{"id":169061,"date":"2024-09-17T16:47:15","date_gmt":"2024-09-17T19:47:15","guid":{"rendered":"https:\/\/folhapopular.info\/?p=169061"},"modified":"2024-09-17T16:47:23","modified_gmt":"2024-09-17T19:47:23","slug":"senac-rs-abre-inscricoes-para-turmas-do-1o-ano-do-ensino-medio","status":"publish","type":"post","link":"https:\/\/folhapopular.info\/index.php\/2024\/09\/17\/senac-rs-abre-inscricoes-para-turmas-do-1o-ano-do-ensino-medio\/","title":{"rendered":"Senac-RS abre inscri\u00e7\u00f5es para turmas do 1\u00ba ano do Ensino M\u00e9dio"},"content":{"rendered":"\n<p>Refer\u00eancia quando se trata de ensino de qualidade e alinhado \u00e0s demandas do mundo do trabalho, o Senac-RS est\u00e1 com inscri\u00e7\u00f5es abertas para turmas do 1\u00ba ano do Ensino M\u00e9dio. As escolas que contam com esse n\u00edvel de ensino s\u00e3o nas cidades de Caxias do Sul (40 vagas), Distrito Criativo, em Porto Alegre (35 vagas), Santa Cruz do Sul (35 vagas) e S\u00e3o Leopoldo (105 vagas). <\/p>\n\n\n\n<p>As aulas, que iniciam em fevereiro de 2025, oportunizam que o estudante vivencie a constru\u00e7\u00e3o do conhecimento por meio de metodologias estimulantes e desafiadoras, possibilitando a transforma\u00e7\u00e3o tanto do contexto em que vivem quanto de si mesmos.\u00a0\u00a0<\/p>\n\n\n\n<p>Integrado ao curso T\u00e9cnico em Inform\u00e1tica para Internet, o aluno conclui o Ensino M\u00e9dio no Senac-RS j\u00e1 com uma profiss\u00e3o devidamente certificada. O ensino interdisciplinar, com uso de metodologias ativas no cotidiano, tamb\u00e9m est\u00e1 presente entre os diferenciais desse n\u00edvel de ensino. O corpo docente, qualificado e preparado para atuar em conjunto, incentiva os jovens a serem protagonistas frente aos desafios colocados.\u00a0\u00a0\u00a0\u00a0\u00a0<\/p>\n\n\n\n<p>As matr\u00edculas est\u00e3o abertas e as vagas s\u00e3o limitadas. Mais informa\u00e7\u00f5es podem ser obtidas pelo&nbsp;<strong><a href=\"https:\/\/usilink.usinadenoticias.com.br\/cl\/PSiad\/yv\/57f0\/Ohqq0PWi_LX\/BOe9\/G_EmKclYCdE\/1\/\" target=\"_blank\" rel=\"noreferrer noopener\">site<\/a><\/strong>.&nbsp;<\/p>\n","protected":false},"excerpt":{"rendered":"<p>Refer\u00eancia quando se trata de ensino de qualidade e alinhado \u00e0s demandas do mundo do trabalho, o Senac-RS est\u00e1 com inscri\u00e7\u00f5es abertas para turmas do 1\u00ba ano do Ensino M\u00e9dio. As escolas que contam com esse n\u00edvel de ensino s\u00e3o nas cidades de Caxias do Sul (40 vagas), Distrito Criativo, em Porto Alegre (35 vagas), [&hellip;]<\/p>\n","protected":false},"author":8,"featured_media":169062,"comment_status":"open","ping_status":"open","sticky":false,"template":"","format":"standard","meta":{"pmpro_default_level":"","_jetpack_memberships_contains_paid_content":false,"footnotes":""},"categories":[10988,3,12041],"tags":[16225,2859,1794,16224],"class_list":{"0":"post-169061","1":"post","2":"type-post","3":"status-publish","4":"format-standard","5":"has-post-thumbnail","7":"category-educacao","8":"category-geral","9":"category-oportunidades","10":"tag-1o-ano-do-ensino-medio","11":"tag-inscricoes-abertas","12":"tag-rio-grande-do-sul","13":"tag-senac-rs-2","14":"pmpro-has-access"},"yoast_head":"<!-- This site is optimized with the Yoast SEO plugin v27.5 - https:\/\/yoast.com\/product\/yoast-seo-wordpress\/ -->\n<title>Senac-RS abre inscri\u00e7\u00f5es para turmas do 1\u00ba ano do Ensino M\u00e9dio - Folha Popular<\/title>\n<meta name=\"robots\" content=\"index, follow, max-snippet:-1, max-image-preview:large, max-video-preview:-1\" \/>\n<link rel=\"canonical\" href=\"https:\/\/folhapopular.info\/index.php\/2024\/09\/17\/senac-rs-abre-inscricoes-para-turmas-do-1o-ano-do-ensino-medio\/\" \/>\n<meta property=\"og:locale\" content=\"pt_BR\" \/>\n<meta property=\"og:type\" content=\"article\" \/>\n<meta property=\"og:title\" content=\"Senac-RS abre inscri\u00e7\u00f5es para turmas do 1\u00ba ano do Ensino M\u00e9dio - Folha Popular\" \/>\n<meta property=\"og:description\" content=\"Refer\u00eancia quando se trata de ensino de qualidade e alinhado \u00e0s demandas do mundo do trabalho, o Senac-RS est\u00e1 com inscri\u00e7\u00f5es abertas para turmas do 1\u00ba ano do Ensino M\u00e9dio. As escolas que contam com esse n\u00edvel de ensino s\u00e3o nas cidades de Caxias do Sul (40 vagas), Distrito Criativo, em Porto Alegre (35 vagas), [&hellip;]\" \/>\n<meta property=\"og:url\" content=\"https:\/\/folhapopular.info\/index.php\/2024\/09\/17\/senac-rs-abre-inscricoes-para-turmas-do-1o-ano-do-ensino-medio\/\" \/>\n<meta property=\"og:site_name\" content=\"Folha Popular\" \/>\n<meta property=\"article:published_time\" content=\"2024-09-17T19:47:15+00:00\" \/>\n<meta property=\"article:modified_time\" content=\"2024-09-17T19:47:23+00:00\" \/>\n<meta property=\"og:image\" content=\"http:\/\/folhapopular.info\/wp-content\/uploads\/2024\/09\/unnamed-1.jpg\" \/>\n\t<meta property=\"og:image:width\" content=\"1728\" \/>\n\t<meta property=\"og:image:height\" content=\"1151\" \/>\n\t<meta property=\"og:image:type\" content=\"image\/jpeg\" \/>\n<meta name=\"author\" content=\"Reda\u00e7\u00e3o Folha Popular\" \/>\n<meta name=\"twitter:card\" content=\"summary_large_image\" \/>\n<meta name=\"twitter:label1\" content=\"Escrito por\" \/>\n\t<meta name=\"twitter:data1\" content=\"Reda\u00e7\u00e3o Folha Popular\" \/>\n\t<meta name=\"twitter:label2\" content=\"Est. tempo de leitura\" \/>\n\t<meta name=\"twitter:data2\" content=\"2 minutos\" \/>\n<script type=\"application\/ld+json\" class=\"yoast-schema-graph\">{\"@context\":\"https:\\\/\\\/schema.org\",\"@graph\":[{\"@type\":\"Article\",\"@id\":\"https:\\\/\\\/folhapopular.info\\\/index.php\\\/2024\\\/09\\\/17\\\/senac-rs-abre-inscricoes-para-turmas-do-1o-ano-do-ensino-medio\\\/#article\",\"isPartOf\":{\"@id\":\"https:\\\/\\\/folhapopular.info\\\/index.php\\\/2024\\\/09\\\/17\\\/senac-rs-abre-inscricoes-para-turmas-do-1o-ano-do-ensino-medio\\\/\"},\"author\":{\"name\":\"Reda\u00e7\u00e3o Folha Popular\",\"@id\":\"https:\\\/\\\/folhapopular.info\\\/#\\\/schema\\\/person\\\/2814e8a0df7643585a9ca38bc6eb9d4b\"},\"headline\":\"Senac-RS abre inscri\u00e7\u00f5es para turmas do 1\u00ba ano do Ensino M\u00e9dio\",\"datePublished\":\"2024-09-17T19:47:15+00:00\",\"dateModified\":\"2024-09-17T19:47:23+00:00\",\"mainEntityOfPage\":{\"@id\":\"https:\\\/\\\/folhapopular.info\\\/index.php\\\/2024\\\/09\\\/17\\\/senac-rs-abre-inscricoes-para-turmas-do-1o-ano-do-ensino-medio\\\/\"},\"wordCount\":207,\"commentCount\":0,\"image\":{\"@id\":\"https:\\\/\\\/folhapopular.info\\\/index.php\\\/2024\\\/09\\\/17\\\/senac-rs-abre-inscricoes-para-turmas-do-1o-ano-do-ensino-medio\\\/#primaryimage\"},\"thumbnailUrl\":\"https:\\\/\\\/folhapopular.info\\\/wp-content\\\/uploads\\\/2024\\\/09\\\/unnamed-1.jpg\",\"keywords\":[\"1\u00ba ano do Ensino M\u00e9dio\",\"Inscri\u00e7\u00f5es Abertas\",\"Rio Grande do Sul\",\"Senac RS\"],\"articleSection\":[\"Educa\u00e7\u00e3o\",\"Geral\",\"Oportunidades\"],\"inLanguage\":\"pt-BR\",\"potentialAction\":[{\"@type\":\"CommentAction\",\"name\":\"Comment\",\"target\":[\"https:\\\/\\\/folhapopular.info\\\/index.php\\\/2024\\\/09\\\/17\\\/senac-rs-abre-inscricoes-para-turmas-do-1o-ano-do-ensino-medio\\\/#respond\"]}]},{\"@type\":\"WebPage\",\"@id\":\"https:\\\/\\\/folhapopular.info\\\/index.php\\\/2024\\\/09\\\/17\\\/senac-rs-abre-inscricoes-para-turmas-do-1o-ano-do-ensino-medio\\\/\",\"url\":\"https:\\\/\\\/folhapopular.info\\\/index.php\\\/2024\\\/09\\\/17\\\/senac-rs-abre-inscricoes-para-turmas-do-1o-ano-do-ensino-medio\\\/\",\"name\":\"Senac-RS abre inscri\u00e7\u00f5es para turmas do 1\u00ba ano do Ensino M\u00e9dio - Folha Popular\",\"isPartOf\":{\"@id\":\"https:\\\/\\\/folhapopular.info\\\/#website\"},\"primaryImageOfPage\":{\"@id\":\"https:\\\/\\\/folhapopular.info\\\/index.php\\\/2024\\\/09\\\/17\\\/senac-rs-abre-inscricoes-para-turmas-do-1o-ano-do-ensino-medio\\\/#primaryimage\"},\"image\":{\"@id\":\"https:\\\/\\\/folhapopular.info\\\/index.php\\\/2024\\\/09\\\/17\\\/senac-rs-abre-inscricoes-para-turmas-do-1o-ano-do-ensino-medio\\\/#primaryimage\"},\"thumbnailUrl\":\"https:\\\/\\\/folhapopular.info\\\/wp-content\\\/uploads\\\/2024\\\/09\\\/unnamed-1.jpg\",\"datePublished\":\"2024-09-17T19:47:15+00:00\",\"dateModified\":\"2024-09-17T19:47:23+00:00\",\"author\":{\"@id\":\"https:\\\/\\\/folhapopular.info\\\/#\\\/schema\\\/person\\\/2814e8a0df7643585a9ca38bc6eb9d4b\"},\"breadcrumb\":{\"@id\":\"https:\\\/\\\/folhapopular.info\\\/index.php\\\/2024\\\/09\\\/17\\\/senac-rs-abre-inscricoes-para-turmas-do-1o-ano-do-ensino-medio\\\/#breadcrumb\"},\"inLanguage\":\"pt-BR\",\"potentialAction\":[{\"@type\":\"ReadAction\",\"target\":[\"https:\\\/\\\/folhapopular.info\\\/index.php\\\/2024\\\/09\\\/17\\\/senac-rs-abre-inscricoes-para-turmas-do-1o-ano-do-ensino-medio\\\/\"]}]},{\"@type\":\"ImageObject\",\"inLanguage\":\"pt-BR\",\"@id\":\"https:\\\/\\\/folhapopular.info\\\/index.php\\\/2024\\\/09\\\/17\\\/senac-rs-abre-inscricoes-para-turmas-do-1o-ano-do-ensino-medio\\\/#primaryimage\",\"url\":\"https:\\\/\\\/folhapopular.info\\\/wp-content\\\/uploads\\\/2024\\\/09\\\/unnamed-1.jpg\",\"contentUrl\":\"https:\\\/\\\/folhapopular.info\\\/wp-content\\\/uploads\\\/2024\\\/09\\\/unnamed-1.jpg\",\"width\":1728,\"height\":1151,\"caption\":\"Cr\u00e9dito: Divulga\u00e7\u00e3o \\\/ AI Senac RS\"},{\"@type\":\"BreadcrumbList\",\"@id\":\"https:\\\/\\\/folhapopular.info\\\/index.php\\\/2024\\\/09\\\/17\\\/senac-rs-abre-inscricoes-para-turmas-do-1o-ano-do-ensino-medio\\\/#breadcrumb\",\"itemListElement\":[{\"@type\":\"ListItem\",\"position\":1,\"name\":\"In\u00edcio\",\"item\":\"https:\\\/\\\/folhapopular.info\\\/\"},{\"@type\":\"ListItem\",\"position\":2,\"name\":\"Senac-RS abre inscri\u00e7\u00f5es para turmas do 1\u00ba ano do Ensino M\u00e9dio\"}]},{\"@type\":\"WebSite\",\"@id\":\"https:\\\/\\\/folhapopular.info\\\/#website\",\"url\":\"https:\\\/\\\/folhapopular.info\\\/\",\"name\":\"Folha Popular\",\"description\":\"Onde voc\u00ea tem vez e voz\",\"potentialAction\":[{\"@type\":\"SearchAction\",\"target\":{\"@type\":\"EntryPoint\",\"urlTemplate\":\"https:\\\/\\\/folhapopular.info\\\/?s={search_term_string}\"},\"query-input\":{\"@type\":\"PropertyValueSpecification\",\"valueRequired\":true,\"valueName\":\"search_term_string\"}}],\"inLanguage\":\"pt-BR\"},{\"@type\":\"Person\",\"@id\":\"https:\\\/\\\/folhapopular.info\\\/#\\\/schema\\\/person\\\/2814e8a0df7643585a9ca38bc6eb9d4b\",\"name\":\"Reda\u00e7\u00e3o Folha Popular\",\"image\":{\"@type\":\"ImageObject\",\"inLanguage\":\"pt-BR\",\"@id\":\"https:\\\/\\\/folhapopular.info\\\/wp-content\\\/uploads\\\/2026\\\/04\\\/Folha-1.webp\",\"url\":\"https:\\\/\\\/folhapopular.info\\\/wp-content\\\/uploads\\\/2026\\\/04\\\/Folha-1.webp\",\"contentUrl\":\"https:\\\/\\\/folhapopular.info\\\/wp-content\\\/uploads\\\/2026\\\/04\\\/Folha-1.webp\",\"caption\":\"Reda\u00e7\u00e3o Folha Popular\"},\"url\":\"https:\\\/\\\/folhapopular.info\\\/index.php\\\/author\\\/redacao\\\/\"}]}<\/script>\n<!-- \/ Yoast SEO plugin. -->","yoast_head_json":{"title":"Senac-RS abre inscri\u00e7\u00f5es para turmas do 1\u00ba ano do Ensino M\u00e9dio - Folha Popular","robots":{"index":"index","follow":"follow","max-snippet":"max-snippet:-1","max-image-preview":"max-image-preview:large","max-video-preview":"max-video-preview:-1"},"canonical":"https:\/\/folhapopular.info\/index.php\/2024\/09\/17\/senac-rs-abre-inscricoes-para-turmas-do-1o-ano-do-ensino-medio\/","og_locale":"pt_BR","og_type":"article","og_title":"Senac-RS abre inscri\u00e7\u00f5es para turmas do 1\u00ba ano do Ensino M\u00e9dio - Folha Popular","og_description":"Refer\u00eancia quando se trata de ensino de qualidade e alinhado \u00e0s demandas do mundo do trabalho, o Senac-RS est\u00e1 com inscri\u00e7\u00f5es abertas para turmas do 1\u00ba ano do Ensino M\u00e9dio. As escolas que contam com esse n\u00edvel de ensino s\u00e3o nas cidades de Caxias do Sul (40 vagas), Distrito Criativo, em Porto Alegre (35 vagas), [&hellip;]","og_url":"https:\/\/folhapopular.info\/index.php\/2024\/09\/17\/senac-rs-abre-inscricoes-para-turmas-do-1o-ano-do-ensino-medio\/","og_site_name":"Folha Popular","article_published_time":"2024-09-17T19:47:15+00:00","article_modified_time":"2024-09-17T19:47:23+00:00","og_image":[{"width":1728,"height":1151,"url":"http:\/\/folhapopular.info\/wp-content\/uploads\/2024\/09\/unnamed-1.jpg","type":"image\/jpeg"}],"author":"Reda\u00e7\u00e3o Folha Popular","twitter_card":"summary_large_image","twitter_misc":{"Escrito por":"Reda\u00e7\u00e3o Folha Popular","Est. tempo de leitura":"2 minutos"},"schema":{"@context":"https:\/\/schema.org","@graph":[{"@type":"Article","@id":"https:\/\/folhapopular.info\/index.php\/2024\/09\/17\/senac-rs-abre-inscricoes-para-turmas-do-1o-ano-do-ensino-medio\/#article","isPartOf":{"@id":"https:\/\/folhapopular.info\/index.php\/2024\/09\/17\/senac-rs-abre-inscricoes-para-turmas-do-1o-ano-do-ensino-medio\/"},"author":{"name":"Reda\u00e7\u00e3o Folha Popular","@id":"https:\/\/folhapopular.info\/#\/schema\/person\/2814e8a0df7643585a9ca38bc6eb9d4b"},"headline":"Senac-RS abre inscri\u00e7\u00f5es para turmas do 1\u00ba ano do Ensino M\u00e9dio","datePublished":"2024-09-17T19:47:15+00:00","dateModified":"2024-09-17T19:47:23+00:00","mainEntityOfPage":{"@id":"https:\/\/folhapopular.info\/index.php\/2024\/09\/17\/senac-rs-abre-inscricoes-para-turmas-do-1o-ano-do-ensino-medio\/"},"wordCount":207,"commentCount":0,"image":{"@id":"https:\/\/folhapopular.info\/index.php\/2024\/09\/17\/senac-rs-abre-inscricoes-para-turmas-do-1o-ano-do-ensino-medio\/#primaryimage"},"thumbnailUrl":"https:\/\/folhapopular.info\/wp-content\/uploads\/2024\/09\/unnamed-1.jpg","keywords":["1\u00ba ano do Ensino M\u00e9dio","Inscri\u00e7\u00f5es Abertas","Rio Grande do Sul","Senac RS"],"articleSection":["Educa\u00e7\u00e3o","Geral","Oportunidades"],"inLanguage":"pt-BR","potentialAction":[{"@type":"CommentAction","name":"Comment","target":["https:\/\/folhapopular.info\/index.php\/2024\/09\/17\/senac-rs-abre-inscricoes-para-turmas-do-1o-ano-do-ensino-medio\/#respond"]}]},{"@type":"WebPage","@id":"https:\/\/folhapopular.info\/index.php\/2024\/09\/17\/senac-rs-abre-inscricoes-para-turmas-do-1o-ano-do-ensino-medio\/","url":"https:\/\/folhapopular.info\/index.php\/2024\/09\/17\/senac-rs-abre-inscricoes-para-turmas-do-1o-ano-do-ensino-medio\/","name":"Senac-RS abre inscri\u00e7\u00f5es para turmas do 1\u00ba ano do Ensino M\u00e9dio - Folha Popular","isPartOf":{"@id":"https:\/\/folhapopular.info\/#website"},"primaryImageOfPage":{"@id":"https:\/\/folhapopular.info\/index.php\/2024\/09\/17\/senac-rs-abre-inscricoes-para-turmas-do-1o-ano-do-ensino-medio\/#primaryimage"},"image":{"@id":"https:\/\/folhapopular.info\/index.php\/2024\/09\/17\/senac-rs-abre-inscricoes-para-turmas-do-1o-ano-do-ensino-medio\/#primaryimage"},"thumbnailUrl":"https:\/\/folhapopular.info\/wp-content\/uploads\/2024\/09\/unnamed-1.jpg","datePublished":"2024-09-17T19:47:15+00:00","dateModified":"2024-09-17T19:47:23+00:00","author":{"@id":"https:\/\/folhapopular.info\/#\/schema\/person\/2814e8a0df7643585a9ca38bc6eb9d4b"},"breadcrumb":{"@id":"https:\/\/folhapopular.info\/index.php\/2024\/09\/17\/senac-rs-abre-inscricoes-para-turmas-do-1o-ano-do-ensino-medio\/#breadcrumb"},"inLanguage":"pt-BR","potentialAction":[{"@type":"ReadAction","target":["https:\/\/folhapopular.info\/index.php\/2024\/09\/17\/senac-rs-abre-inscricoes-para-turmas-do-1o-ano-do-ensino-medio\/"]}]},{"@type":"ImageObject","inLanguage":"pt-BR","@id":"https:\/\/folhapopular.info\/index.php\/2024\/09\/17\/senac-rs-abre-inscricoes-para-turmas-do-1o-ano-do-ensino-medio\/#primaryimage","url":"https:\/\/folhapopular.info\/wp-content\/uploads\/2024\/09\/unnamed-1.jpg","contentUrl":"https:\/\/folhapopular.info\/wp-content\/uploads\/2024\/09\/unnamed-1.jpg","width":1728,"height":1151,"caption":"Cr\u00e9dito: Divulga\u00e7\u00e3o \/ AI Senac RS"},{"@type":"BreadcrumbList","@id":"https:\/\/folhapopular.info\/index.php\/2024\/09\/17\/senac-rs-abre-inscricoes-para-turmas-do-1o-ano-do-ensino-medio\/#breadcrumb","itemListElement":[{"@type":"ListItem","position":1,"name":"In\u00edcio","item":"https:\/\/folhapopular.info\/"},{"@type":"ListItem","position":2,"name":"Senac-RS abre inscri\u00e7\u00f5es para turmas do 1\u00ba ano do Ensino M\u00e9dio"}]},{"@type":"WebSite","@id":"https:\/\/folhapopular.info\/#website","url":"https:\/\/folhapopular.info\/","name":"Folha Popular","description":"Onde voc\u00ea tem vez e voz","potentialAction":[{"@type":"SearchAction","target":{"@type":"EntryPoint","urlTemplate":"https:\/\/folhapopular.info\/?s={search_term_string}"},"query-input":{"@type":"PropertyValueSpecification","valueRequired":true,"valueName":"search_term_string"}}],"inLanguage":"pt-BR"},{"@type":"Person","@id":"https:\/\/folhapopular.info\/#\/schema\/person\/2814e8a0df7643585a9ca38bc6eb9d4b","name":"Reda\u00e7\u00e3o Folha Popular","image":{"@type":"ImageObject","inLanguage":"pt-BR","@id":"https:\/\/folhapopular.info\/wp-content\/uploads\/2026\/04\/Folha-1.webp","url":"https:\/\/folhapopular.info\/wp-content\/uploads\/2026\/04\/Folha-1.webp","contentUrl":"https:\/\/folhapopular.info\/wp-content\/uploads\/2026\/04\/Folha-1.webp","caption":"Reda\u00e7\u00e3o Folha Popular"},"url":"https:\/\/folhapopular.info\/index.php\/author\/redacao\/"}]}},"jetpack_featured_media_url":"https:\/\/folhapopular.info\/wp-content\/uploads\/2024\/09\/unnamed-1.jpg","jetpack_sharing_enabled":true,"amp_enabled":true,"_links":{"self":[{"href":"https:\/\/folhapopular.info\/index.php\/wp-json\/wp\/v2\/posts\/169061","targetHints":{"allow":["GET"]}}],"collection":[{"href":"https:\/\/folhapopular.info\/index.php\/wp-json\/wp\/v2\/posts"}],"about":[{"href":"https:\/\/folhapopular.info\/index.php\/wp-json\/wp\/v2\/types\/post"}],"author":[{"embeddable":true,"href":"https:\/\/folhapopular.info\/index.php\/wp-json\/wp\/v2\/users\/8"}],"replies":[{"embeddable":true,"href":"https:\/\/folhapopular.info\/index.php\/wp-json\/wp\/v2\/comments?post=169061"}],"version-history":[{"count":0,"href":"https:\/\/folhapopular.info\/index.php\/wp-json\/wp\/v2\/posts\/169061\/revisions"}],"wp:featuredmedia":[{"embeddable":true,"href":"https:\/\/folhapopular.info\/index.php\/wp-json\/wp\/v2\/media\/169062"}],"wp:attachment":[{"href":"https:\/\/folhapopular.info\/index.php\/wp-json\/wp\/v2\/media?parent=169061"}],"wp:term":[{"taxonomy":"category","embeddable":true,"href":"https:\/\/folhapopular.info\/index.php\/wp-json\/wp\/v2\/categories?post=169061"},{"taxonomy":"post_tag","embeddable":true,"href":"https:\/\/folhapopular.info\/index.php\/wp-json\/wp\/v2\/tags?post=169061"}],"curies":[{"name":"wp","href":"https:\/\/api.w.org\/{rel}","templated":true}]}}