{"id":169088,"date":"2024-09-18T07:47:48","date_gmt":"2024-09-18T10:47:48","guid":{"rendered":"https:\/\/folhapopular.info\/?p=169088"},"modified":"2024-09-18T08:46:33","modified_gmt":"2024-09-18T11:46:33","slug":"jovens-de-equipe-teutoniense-encerram-participacao-entre-os-dez-melhores-do-pais","status":"publish","type":"post","link":"https:\/\/folhapopular.info\/index.php\/2024\/09\/18\/jovens-de-equipe-teutoniense-encerram-participacao-entre-os-dez-melhores-do-pais\/","title":{"rendered":"Jovens de equipe teutoniense encerram participa\u00e7\u00e3o entre os dez melhores do pa\u00eds"},"content":{"rendered":"\n<p class=\"wp-block-paragraph\">Gustavo Rothmund e Mateus Bloemker Carvalho encerraram sua participa\u00e7\u00e3o no Campeonato Brasileiro Sub-18 entre os dez melhores colocados. Eles representaram a Equipe de Atletismo Col\u00e9gio Teut\u00f4nia\/Sicredi\/Acerte, que tamb\u00e9m conta com o apoio das prefeituras de Teut\u00f4nia e Westf\u00e1lia, na competi\u00e7\u00e3o nacional disputada de 13 a 15 de setembro no Recife, capital de Pernambuco.<\/p>\n\n\n\n<p class=\"wp-block-paragraph\">Ambos ficaram em 9\u00ba lugar nas provas que disputaram. Mateus acabou caindo no fim dos 2000m com obst\u00e1culos, quando brigava pela 5\u00aa coloca\u00e7\u00e3o. Ele acabou se desequilibrando no \u00faltimo fosso e n\u00e3o terminou a prova. Apesar da queda, n\u00e3o sofreu les\u00e3o. J\u00e1 nos 3000m rasos, no domingo, ele alcan\u00e7ou sua melhor marca pessoal, 09min24s, e finalizou na 9\u00aa posi\u00e7\u00e3o.<\/p>\n\n\n\n<p class=\"wp-block-paragraph\">No s\u00e1bado, Gustavo correu a semifinal dos 800m rasos, foi muito bem e pela primeira vez registrou tempo abaixo de dois minutos, uma das metas que atleta e treinador almejavam, baixando a marca em mais de tr\u00eas segundos. Entretanto, por 23 cent\u00e9simos, tempo do 8\u00ba colocado, n\u00e3o conseguiu classifica\u00e7\u00e3o \u00e0 final.<\/p>\n\n\n\n<p class=\"wp-block-paragraph\">\u201cOs resultados s\u00e3o positivos, especialmente a marca do Gustavo, que \u00e9 muito significativa. Ambos est\u00e3o classificados para a disputa dos Jogos Escolares Brasileiros (JEBs), que acontecem em Jo\u00e3o Pessoa, capital da Para\u00edba, no fim de novembro. Gustavo disputar\u00e1 os 800m rasos e Mateus os 3000m rasos\u201d, destaca o professor e treinador Iurquen Roese.<\/p>\n\n\n\n<p class=\"wp-block-paragraph\">A Equipe de Atletismo Col\u00e9gio Teut\u00f4nia\/Sicredi\/Acerte segue com a rotina de treinos, prepara\u00e7\u00e3o para a disputa da Olimp\u00edada Nacional da Rede Sinodal de Educa\u00e7\u00e3o (Onase), de 2 a 4 de outubro, em Santa Cruz do Sul; etapa do Circuito dos Vales, no dia 13 de outubro, em Teut\u00f4nia; Campeonato Estadual Sub-20, no dia 2 de novembro, na Sogipa, em Porto Alegre; e os JEBs, de 13 a 28 de novembro, em Jo\u00e3o Pessoa\/PB.<\/p>\n","protected":false},"excerpt":{"rendered":"<p>Gustavo Rothmund e Mateus Bloemker Carvalho encerraram sua participa\u00e7\u00e3o no Campeonato Brasileiro Sub-18 entre os dez melhores colocados. Eles representaram a Equipe de Atletismo Col\u00e9gio Teut\u00f4nia\/Sicredi\/Acerte, que tamb\u00e9m conta com o apoio das prefeituras de Teut\u00f4nia e Westf\u00e1lia, na competi\u00e7\u00e3o nacional disputada de 13 a 15 de setembro no Recife, capital de Pernambuco. Ambos ficaram [&hellip;]<\/p>\n","protected":false},"author":8,"featured_media":169091,"comment_status":"open","ping_status":"open","sticky":false,"template":"","format":"standard","meta":{"pmpro_default_level":"","_jetpack_memberships_contains_paid_content":false,"footnotes":""},"categories":[5],"tags":[80,16229,16228],"class_list":["post-169088","post","type-post","status-publish","format-standard","has-post-thumbnail","category-esportes","tag-atletismo","tag-competicao-no-recife","tag-equipe-de-atletismo-colegio-teutonia","pmpro-has-access"],"yoast_head":"<!-- This site is optimized with the Yoast SEO plugin v28.3 - https:\/\/yoast.com\/product\/yoast-seo-wordpress\/ -->\n<title>Jovens de equipe teutoniense encerram participa\u00e7\u00e3o entre os dez melhores do pa\u00eds - Folha Popular<\/title>\n<meta name=\"robots\" content=\"index, follow, max-snippet:-1, max-image-preview:large, max-video-preview:-1\" \/>\n<link rel=\"canonical\" href=\"https:\/\/folhapopular.info\/index.php\/2024\/09\/18\/jovens-de-equipe-teutoniense-encerram-participacao-entre-os-dez-melhores-do-pais\/\" \/>\n<meta property=\"og:locale\" content=\"pt_BR\" \/>\n<meta property=\"og:type\" content=\"article\" \/>\n<meta property=\"og:title\" content=\"Jovens de equipe teutoniense encerram participa\u00e7\u00e3o entre os dez melhores do pa\u00eds - Folha Popular\" \/>\n<meta property=\"og:description\" content=\"Gustavo Rothmund e Mateus Bloemker Carvalho encerraram sua participa\u00e7\u00e3o no Campeonato Brasileiro Sub-18 entre os dez melhores colocados. Eles representaram a Equipe de Atletismo Col\u00e9gio Teut\u00f4nia\/Sicredi\/Acerte, que tamb\u00e9m conta com o apoio das prefeituras de Teut\u00f4nia e Westf\u00e1lia, na competi\u00e7\u00e3o nacional disputada de 13 a 15 de setembro no Recife, capital de Pernambuco. Ambos ficaram [&hellip;]\" \/>\n<meta property=\"og:url\" content=\"https:\/\/folhapopular.info\/index.php\/2024\/09\/18\/jovens-de-equipe-teutoniense-encerram-participacao-entre-os-dez-melhores-do-pais\/\" \/>\n<meta property=\"og:site_name\" content=\"Folha Popular\" \/>\n<meta property=\"article:published_time\" content=\"2024-09-18T10:47:48+00:00\" \/>\n<meta property=\"article:modified_time\" content=\"2024-09-18T11:46:33+00:00\" \/>\n<meta property=\"og:image\" content=\"http:\/\/folhapopular.info\/wp-content\/uploads\/2024\/09\/brasileiro-sub18-1-JORNAL-e1726659981870.jpeg\" \/>\n\t<meta property=\"og:image:width\" content=\"899\" \/>\n\t<meta property=\"og:image:height\" content=\"576\" \/>\n\t<meta property=\"og:image:type\" content=\"image\/jpeg\" \/>\n<meta name=\"author\" content=\"Reda\u00e7\u00e3o Folha Popular\" \/>\n<meta name=\"twitter:card\" content=\"summary_large_image\" \/>\n<meta name=\"twitter:label1\" content=\"Escrito por\" \/>\n\t<meta name=\"twitter:data1\" content=\"Reda\u00e7\u00e3o Folha Popular\" \/>\n\t<meta name=\"twitter:label2\" content=\"Est. tempo de leitura\" \/>\n\t<meta name=\"twitter:data2\" content=\"2 minutos\" \/>\n<script type=\"application\/ld+json\" class=\"yoast-schema-graph\">{\"@context\":\"https:\\\/\\\/schema.org\",\"@graph\":[{\"@type\":\"Article\",\"@id\":\"https:\\\/\\\/folhapopular.info\\\/index.php\\\/2024\\\/09\\\/18\\\/jovens-de-equipe-teutoniense-encerram-participacao-entre-os-dez-melhores-do-pais\\\/#article\",\"isPartOf\":{\"@id\":\"https:\\\/\\\/folhapopular.info\\\/index.php\\\/2024\\\/09\\\/18\\\/jovens-de-equipe-teutoniense-encerram-participacao-entre-os-dez-melhores-do-pais\\\/\"},\"author\":{\"name\":\"Reda\u00e7\u00e3o Folha Popular\",\"@id\":\"https:\\\/\\\/folhapopular.info\\\/#\\\/schema\\\/person\\\/2814e8a0df7643585a9ca38bc6eb9d4b\"},\"headline\":\"Jovens de equipe teutoniense encerram participa\u00e7\u00e3o entre os dez melhores do pa\u00eds\",\"datePublished\":\"2024-09-18T10:47:48+00:00\",\"dateModified\":\"2024-09-18T11:46:33+00:00\",\"mainEntityOfPage\":{\"@id\":\"https:\\\/\\\/folhapopular.info\\\/index.php\\\/2024\\\/09\\\/18\\\/jovens-de-equipe-teutoniense-encerram-participacao-entre-os-dez-melhores-do-pais\\\/\"},\"wordCount\":324,\"commentCount\":0,\"image\":{\"@id\":\"https:\\\/\\\/folhapopular.info\\\/index.php\\\/2024\\\/09\\\/18\\\/jovens-de-equipe-teutoniense-encerram-participacao-entre-os-dez-melhores-do-pais\\\/#primaryimage\"},\"thumbnailUrl\":\"https:\\\/\\\/folhapopular.info\\\/wp-content\\\/uploads\\\/2024\\\/09\\\/brasileiro-sub18-1-JORNAL-e1726659981870.jpeg\",\"keywords\":[\"Atletismo\",\"Competi\u00e7\u00e3o no Recife\",\"Equipe de Atletismo Col\u00e9gio Teut\u00f4nia\"],\"articleSection\":[\"Esportes\"],\"inLanguage\":\"pt-BR\",\"potentialAction\":[{\"@type\":\"CommentAction\",\"name\":\"Comment\",\"target\":[\"https:\\\/\\\/folhapopular.info\\\/index.php\\\/2024\\\/09\\\/18\\\/jovens-de-equipe-teutoniense-encerram-participacao-entre-os-dez-melhores-do-pais\\\/#respond\"]}]},{\"@type\":\"WebPage\",\"@id\":\"https:\\\/\\\/folhapopular.info\\\/index.php\\\/2024\\\/09\\\/18\\\/jovens-de-equipe-teutoniense-encerram-participacao-entre-os-dez-melhores-do-pais\\\/\",\"url\":\"https:\\\/\\\/folhapopular.info\\\/index.php\\\/2024\\\/09\\\/18\\\/jovens-de-equipe-teutoniense-encerram-participacao-entre-os-dez-melhores-do-pais\\\/\",\"name\":\"Jovens de equipe teutoniense encerram participa\u00e7\u00e3o entre os dez melhores do pa\u00eds - Folha Popular\",\"isPartOf\":{\"@id\":\"https:\\\/\\\/folhapopular.info\\\/#website\"},\"primaryImageOfPage\":{\"@id\":\"https:\\\/\\\/folhapopular.info\\\/index.php\\\/2024\\\/09\\\/18\\\/jovens-de-equipe-teutoniense-encerram-participacao-entre-os-dez-melhores-do-pais\\\/#primaryimage\"},\"image\":{\"@id\":\"https:\\\/\\\/folhapopular.info\\\/index.php\\\/2024\\\/09\\\/18\\\/jovens-de-equipe-teutoniense-encerram-participacao-entre-os-dez-melhores-do-pais\\\/#primaryimage\"},\"thumbnailUrl\":\"https:\\\/\\\/folhapopular.info\\\/wp-content\\\/uploads\\\/2024\\\/09\\\/brasileiro-sub18-1-JORNAL-e1726659981870.jpeg\",\"datePublished\":\"2024-09-18T10:47:48+00:00\",\"dateModified\":\"2024-09-18T11:46:33+00:00\",\"author\":{\"@id\":\"https:\\\/\\\/folhapopular.info\\\/#\\\/schema\\\/person\\\/2814e8a0df7643585a9ca38bc6eb9d4b\"},\"breadcrumb\":{\"@id\":\"https:\\\/\\\/folhapopular.info\\\/index.php\\\/2024\\\/09\\\/18\\\/jovens-de-equipe-teutoniense-encerram-participacao-entre-os-dez-melhores-do-pais\\\/#breadcrumb\"},\"inLanguage\":\"pt-BR\",\"potentialAction\":[{\"@type\":\"ReadAction\",\"target\":[\"https:\\\/\\\/folhapopular.info\\\/index.php\\\/2024\\\/09\\\/18\\\/jovens-de-equipe-teutoniense-encerram-participacao-entre-os-dez-melhores-do-pais\\\/\"]}]},{\"@type\":\"ImageObject\",\"inLanguage\":\"pt-BR\",\"@id\":\"https:\\\/\\\/folhapopular.info\\\/index.php\\\/2024\\\/09\\\/18\\\/jovens-de-equipe-teutoniense-encerram-participacao-entre-os-dez-melhores-do-pais\\\/#primaryimage\",\"url\":\"https:\\\/\\\/folhapopular.info\\\/wp-content\\\/uploads\\\/2024\\\/09\\\/brasileiro-sub18-1-JORNAL-e1726659981870.jpeg\",\"contentUrl\":\"https:\\\/\\\/folhapopular.info\\\/wp-content\\\/uploads\\\/2024\\\/09\\\/brasileiro-sub18-1-JORNAL-e1726659981870.jpeg\",\"width\":899,\"height\":576,\"caption\":\"Cr\u00e9dito: Divulga\u00e7\u00e3o Col\u00e9gio Teut\u00f4nia \\\/ Iurquen Roese\"},{\"@type\":\"BreadcrumbList\",\"@id\":\"https:\\\/\\\/folhapopular.info\\\/index.php\\\/2024\\\/09\\\/18\\\/jovens-de-equipe-teutoniense-encerram-participacao-entre-os-dez-melhores-do-pais\\\/#breadcrumb\",\"itemListElement\":[{\"@type\":\"ListItem\",\"position\":1,\"name\":\"In\u00edcio\",\"item\":\"https:\\\/\\\/folhapopular.info\\\/\"},{\"@type\":\"ListItem\",\"position\":2,\"name\":\"Jovens de equipe teutoniense encerram participa\u00e7\u00e3o entre os dez melhores do pa\u00eds\"}]},{\"@type\":\"WebSite\",\"@id\":\"https:\\\/\\\/folhapopular.info\\\/#website\",\"url\":\"https:\\\/\\\/folhapopular.info\\\/\",\"name\":\"Folha Popular\",\"description\":\"Onde voc\u00ea tem vez e voz\",\"potentialAction\":[{\"@type\":\"SearchAction\",\"target\":{\"@type\":\"EntryPoint\",\"urlTemplate\":\"https:\\\/\\\/folhapopular.info\\\/?s={search_term_string}\"},\"query-input\":{\"@type\":\"PropertyValueSpecification\",\"valueRequired\":true,\"valueName\":\"search_term_string\"}}],\"inLanguage\":\"pt-BR\"},{\"@type\":\"Person\",\"@id\":\"https:\\\/\\\/folhapopular.info\\\/#\\\/schema\\\/person\\\/2814e8a0df7643585a9ca38bc6eb9d4b\",\"name\":\"Reda\u00e7\u00e3o Folha Popular\",\"image\":{\"@type\":\"ImageObject\",\"inLanguage\":\"pt-BR\",\"@id\":\"https:\\\/\\\/folhapopular.info\\\/wp-content\\\/uploads\\\/2026\\\/04\\\/Folha-1.webp\",\"url\":\"https:\\\/\\\/folhapopular.info\\\/wp-content\\\/uploads\\\/2026\\\/04\\\/Folha-1.webp\",\"contentUrl\":\"https:\\\/\\\/folhapopular.info\\\/wp-content\\\/uploads\\\/2026\\\/04\\\/Folha-1.webp\",\"caption\":\"Reda\u00e7\u00e3o Folha Popular\"},\"url\":\"https:\\\/\\\/folhapopular.info\\\/index.php\\\/author\\\/redacao\\\/\"}]}<\/script>\n<!-- \/ Yoast SEO plugin. -->","yoast_head_json":{"title":"Jovens de equipe teutoniense encerram participa\u00e7\u00e3o entre os dez melhores do pa\u00eds - Folha Popular","robots":{"index":"index","follow":"follow","max-snippet":"max-snippet:-1","max-image-preview":"max-image-preview:large","max-video-preview":"max-video-preview:-1"},"canonical":"https:\/\/folhapopular.info\/index.php\/2024\/09\/18\/jovens-de-equipe-teutoniense-encerram-participacao-entre-os-dez-melhores-do-pais\/","og_locale":"pt_BR","og_type":"article","og_title":"Jovens de equipe teutoniense encerram participa\u00e7\u00e3o entre os dez melhores do pa\u00eds - Folha Popular","og_description":"Gustavo Rothmund e Mateus Bloemker Carvalho encerraram sua participa\u00e7\u00e3o no Campeonato Brasileiro Sub-18 entre os dez melhores colocados. Eles representaram a Equipe de Atletismo Col\u00e9gio Teut\u00f4nia\/Sicredi\/Acerte, que tamb\u00e9m conta com o apoio das prefeituras de Teut\u00f4nia e Westf\u00e1lia, na competi\u00e7\u00e3o nacional disputada de 13 a 15 de setembro no Recife, capital de Pernambuco. Ambos ficaram [&hellip;]","og_url":"https:\/\/folhapopular.info\/index.php\/2024\/09\/18\/jovens-de-equipe-teutoniense-encerram-participacao-entre-os-dez-melhores-do-pais\/","og_site_name":"Folha Popular","article_published_time":"2024-09-18T10:47:48+00:00","article_modified_time":"2024-09-18T11:46:33+00:00","og_image":[{"width":899,"height":576,"url":"http:\/\/folhapopular.info\/wp-content\/uploads\/2024\/09\/brasileiro-sub18-1-JORNAL-e1726659981870.jpeg","type":"image\/jpeg"}],"author":"Reda\u00e7\u00e3o Folha Popular","twitter_card":"summary_large_image","twitter_misc":{"Escrito por":"Reda\u00e7\u00e3o Folha Popular","Est. tempo de leitura":"2 minutos"},"schema":{"@context":"https:\/\/schema.org","@graph":[{"@type":"Article","@id":"https:\/\/folhapopular.info\/index.php\/2024\/09\/18\/jovens-de-equipe-teutoniense-encerram-participacao-entre-os-dez-melhores-do-pais\/#article","isPartOf":{"@id":"https:\/\/folhapopular.info\/index.php\/2024\/09\/18\/jovens-de-equipe-teutoniense-encerram-participacao-entre-os-dez-melhores-do-pais\/"},"author":{"name":"Reda\u00e7\u00e3o Folha Popular","@id":"https:\/\/folhapopular.info\/#\/schema\/person\/2814e8a0df7643585a9ca38bc6eb9d4b"},"headline":"Jovens de equipe teutoniense encerram participa\u00e7\u00e3o entre os dez melhores do pa\u00eds","datePublished":"2024-09-18T10:47:48+00:00","dateModified":"2024-09-18T11:46:33+00:00","mainEntityOfPage":{"@id":"https:\/\/folhapopular.info\/index.php\/2024\/09\/18\/jovens-de-equipe-teutoniense-encerram-participacao-entre-os-dez-melhores-do-pais\/"},"wordCount":324,"commentCount":0,"image":{"@id":"https:\/\/folhapopular.info\/index.php\/2024\/09\/18\/jovens-de-equipe-teutoniense-encerram-participacao-entre-os-dez-melhores-do-pais\/#primaryimage"},"thumbnailUrl":"https:\/\/folhapopular.info\/wp-content\/uploads\/2024\/09\/brasileiro-sub18-1-JORNAL-e1726659981870.jpeg","keywords":["Atletismo","Competi\u00e7\u00e3o no Recife","Equipe de Atletismo Col\u00e9gio Teut\u00f4nia"],"articleSection":["Esportes"],"inLanguage":"pt-BR","potentialAction":[{"@type":"CommentAction","name":"Comment","target":["https:\/\/folhapopular.info\/index.php\/2024\/09\/18\/jovens-de-equipe-teutoniense-encerram-participacao-entre-os-dez-melhores-do-pais\/#respond"]}]},{"@type":"WebPage","@id":"https:\/\/folhapopular.info\/index.php\/2024\/09\/18\/jovens-de-equipe-teutoniense-encerram-participacao-entre-os-dez-melhores-do-pais\/","url":"https:\/\/folhapopular.info\/index.php\/2024\/09\/18\/jovens-de-equipe-teutoniense-encerram-participacao-entre-os-dez-melhores-do-pais\/","name":"Jovens de equipe teutoniense encerram participa\u00e7\u00e3o entre os dez melhores do pa\u00eds - Folha Popular","isPartOf":{"@id":"https:\/\/folhapopular.info\/#website"},"primaryImageOfPage":{"@id":"https:\/\/folhapopular.info\/index.php\/2024\/09\/18\/jovens-de-equipe-teutoniense-encerram-participacao-entre-os-dez-melhores-do-pais\/#primaryimage"},"image":{"@id":"https:\/\/folhapopular.info\/index.php\/2024\/09\/18\/jovens-de-equipe-teutoniense-encerram-participacao-entre-os-dez-melhores-do-pais\/#primaryimage"},"thumbnailUrl":"https:\/\/folhapopular.info\/wp-content\/uploads\/2024\/09\/brasileiro-sub18-1-JORNAL-e1726659981870.jpeg","datePublished":"2024-09-18T10:47:48+00:00","dateModified":"2024-09-18T11:46:33+00:00","author":{"@id":"https:\/\/folhapopular.info\/#\/schema\/person\/2814e8a0df7643585a9ca38bc6eb9d4b"},"breadcrumb":{"@id":"https:\/\/folhapopular.info\/index.php\/2024\/09\/18\/jovens-de-equipe-teutoniense-encerram-participacao-entre-os-dez-melhores-do-pais\/#breadcrumb"},"inLanguage":"pt-BR","potentialAction":[{"@type":"ReadAction","target":["https:\/\/folhapopular.info\/index.php\/2024\/09\/18\/jovens-de-equipe-teutoniense-encerram-participacao-entre-os-dez-melhores-do-pais\/"]}]},{"@type":"ImageObject","inLanguage":"pt-BR","@id":"https:\/\/folhapopular.info\/index.php\/2024\/09\/18\/jovens-de-equipe-teutoniense-encerram-participacao-entre-os-dez-melhores-do-pais\/#primaryimage","url":"https:\/\/folhapopular.info\/wp-content\/uploads\/2024\/09\/brasileiro-sub18-1-JORNAL-e1726659981870.jpeg","contentUrl":"https:\/\/folhapopular.info\/wp-content\/uploads\/2024\/09\/brasileiro-sub18-1-JORNAL-e1726659981870.jpeg","width":899,"height":576,"caption":"Cr\u00e9dito: Divulga\u00e7\u00e3o Col\u00e9gio Teut\u00f4nia \/ Iurquen Roese"},{"@type":"BreadcrumbList","@id":"https:\/\/folhapopular.info\/index.php\/2024\/09\/18\/jovens-de-equipe-teutoniense-encerram-participacao-entre-os-dez-melhores-do-pais\/#breadcrumb","itemListElement":[{"@type":"ListItem","position":1,"name":"In\u00edcio","item":"https:\/\/folhapopular.info\/"},{"@type":"ListItem","position":2,"name":"Jovens de equipe teutoniense encerram participa\u00e7\u00e3o entre os dez melhores do pa\u00eds"}]},{"@type":"WebSite","@id":"https:\/\/folhapopular.info\/#website","url":"https:\/\/folhapopular.info\/","name":"Folha Popular","description":"Onde voc\u00ea tem vez e voz","potentialAction":[{"@type":"SearchAction","target":{"@type":"EntryPoint","urlTemplate":"https:\/\/folhapopular.info\/?s={search_term_string}"},"query-input":{"@type":"PropertyValueSpecification","valueRequired":true,"valueName":"search_term_string"}}],"inLanguage":"pt-BR"},{"@type":"Person","@id":"https:\/\/folhapopular.info\/#\/schema\/person\/2814e8a0df7643585a9ca38bc6eb9d4b","name":"Reda\u00e7\u00e3o Folha Popular","image":{"@type":"ImageObject","inLanguage":"pt-BR","@id":"https:\/\/folhapopular.info\/wp-content\/uploads\/2026\/04\/Folha-1.webp","url":"https:\/\/folhapopular.info\/wp-content\/uploads\/2026\/04\/Folha-1.webp","contentUrl":"https:\/\/folhapopular.info\/wp-content\/uploads\/2026\/04\/Folha-1.webp","caption":"Reda\u00e7\u00e3o Folha Popular"},"url":"https:\/\/folhapopular.info\/index.php\/author\/redacao\/"}]}},"jetpack_sharing_enabled":true,"amp_enabled":true,"jetpack_featured_media_url":"https:\/\/folhapopular.info\/wp-content\/uploads\/2024\/09\/brasileiro-sub18-1-JORNAL-e1726659981870.jpeg","_links":{"self":[{"href":"https:\/\/folhapopular.info\/index.php\/wp-json\/wp\/v2\/posts\/169088","targetHints":{"allow":["GET"]}}],"collection":[{"href":"https:\/\/folhapopular.info\/index.php\/wp-json\/wp\/v2\/posts"}],"about":[{"href":"https:\/\/folhapopular.info\/index.php\/wp-json\/wp\/v2\/types\/post"}],"author":[{"embeddable":true,"href":"https:\/\/folhapopular.info\/index.php\/wp-json\/wp\/v2\/users\/8"}],"replies":[{"embeddable":true,"href":"https:\/\/folhapopular.info\/index.php\/wp-json\/wp\/v2\/comments?post=169088"}],"version-history":[{"count":0,"href":"https:\/\/folhapopular.info\/index.php\/wp-json\/wp\/v2\/posts\/169088\/revisions"}],"wp:featuredmedia":[{"embeddable":true,"href":"https:\/\/folhapopular.info\/index.php\/wp-json\/wp\/v2\/media\/169091"}],"wp:attachment":[{"href":"https:\/\/folhapopular.info\/index.php\/wp-json\/wp\/v2\/media?parent=169088"}],"wp:term":[{"taxonomy":"category","embeddable":true,"href":"https:\/\/folhapopular.info\/index.php\/wp-json\/wp\/v2\/categories?post=169088"},{"taxonomy":"post_tag","embeddable":true,"href":"https:\/\/folhapopular.info\/index.php\/wp-json\/wp\/v2\/tags?post=169088"}],"curies":[{"name":"wp","href":"https:\/\/api.w.org\/{rel}","templated":true}]}}