{"id":169629,"date":"2024-09-24T10:19:35","date_gmt":"2024-09-24T13:19:35","guid":{"rendered":"https:\/\/folhapopular.info\/?p=169629"},"modified":"2024-09-24T10:19:38","modified_gmt":"2024-09-24T13:19:38","slug":"cooperativa-languiru-realiza-nova-assembleia-nesta-terca-feira","status":"publish","type":"post","link":"https:\/\/folhapopular.info\/index.php\/2024\/09\/24\/cooperativa-languiru-realiza-nova-assembleia-nesta-terca-feira\/","title":{"rendered":"Cooperativa Languiru realiza nova assembleia nesta ter\u00e7a-feira"},"content":{"rendered":"\n<p>A Cooperativa Languiru realiza sua segunda Assembleia Geral de setembro nesta ter\u00e7a-feira (24\/9), momento em que ser\u00e1 aberta a vota\u00e7\u00e3o para mudan\u00e7a no estatuto e realizada a presta\u00e7\u00e3o de contas do primeiro semestre de 2024. <\/p>\n\n\n\n<p>A primeira assembleia ocorreu em 10 de setembro, com a apresenta\u00e7\u00e3o de resultados da auditoria investigativa das gest\u00f5es passadas, feita pela empresa Dickel &amp; Maffi.<\/p>\n\n\n\n<p>O presidente liquidante da cooperativa, Paulo Birck, aponta as estimativas para mais uma assembleia e ressalta que o saldo apresentado, ainda que pequeno, ser\u00e1 positivo. &#8220;Um al\u00edvio depois de tantos ajustes que tivemos que fazer e preju\u00edzos acumulados. Outro ponto \u00e9 a reforma estatut\u00e1ria: traremos detalhes que achamos importantes na atualiza\u00e7\u00e3o. Nossa expectativa \u00e9 positiva com a participa\u00e7\u00e3o do associado vir e participar conosco&#8221;, destaca.<\/p>\n\n\n\n<p>A assembleia \u00e9 realizada na Associa\u00e7\u00e3o dos Funcion\u00e1rios da Languiru, em Teut\u00f4nia.<\/p>\n","protected":false},"excerpt":{"rendered":"<p>A Cooperativa Languiru realiza sua segunda Assembleia Geral de setembro nesta ter\u00e7a-feira (24\/9), momento em que ser\u00e1 aberta a vota\u00e7\u00e3o para mudan\u00e7a no estatuto e realizada a presta\u00e7\u00e3o de contas do primeiro semestre de 2024. A primeira assembleia ocorreu em 10 de setembro, com a apresenta\u00e7\u00e3o de resultados da auditoria investigativa das gest\u00f5es passadas, feita [&hellip;]<\/p>\n","protected":false},"author":8,"featured_media":169630,"comment_status":"open","ping_status":"open","sticky":false,"template":"","format":"standard","meta":{"pmpro_default_level":"","_jetpack_memberships_contains_paid_content":false,"footnotes":""},"categories":[10992,2,10991],"tags":[2181,313,11947,645],"class_list":{"0":"post-169629","1":"post","2":"type-post","3":"status-publish","4":"format-standard","5":"has-post-thumbnail","7":"category-coopop","8":"category-featured","9":"category-economia","10":"tag-assembleia-geral","11":"tag-cooperativa-languiru","12":"tag-paulo-birck","13":"tag-prestacao-de-contas","14":"pmpro-has-access"},"yoast_head":"<!-- This site is optimized with the Yoast SEO plugin v27.5 - https:\/\/yoast.com\/product\/yoast-seo-wordpress\/ -->\n<title>Cooperativa Languiru realiza nova assembleia nesta ter\u00e7a-feira - Folha Popular<\/title>\n<meta name=\"robots\" content=\"index, follow, max-snippet:-1, max-image-preview:large, max-video-preview:-1\" \/>\n<link rel=\"canonical\" href=\"https:\/\/folhapopular.info\/index.php\/2024\/09\/24\/cooperativa-languiru-realiza-nova-assembleia-nesta-terca-feira\/\" \/>\n<meta property=\"og:locale\" content=\"pt_BR\" \/>\n<meta property=\"og:type\" content=\"article\" \/>\n<meta property=\"og:title\" content=\"Cooperativa Languiru realiza nova assembleia nesta ter\u00e7a-feira - Folha Popular\" \/>\n<meta property=\"og:description\" content=\"A Cooperativa Languiru realiza sua segunda Assembleia Geral de setembro nesta ter\u00e7a-feira (24\/9), momento em que ser\u00e1 aberta a vota\u00e7\u00e3o para mudan\u00e7a no estatuto e realizada a presta\u00e7\u00e3o de contas do primeiro semestre de 2024. A primeira assembleia ocorreu em 10 de setembro, com a apresenta\u00e7\u00e3o de resultados da auditoria investigativa das gest\u00f5es passadas, feita [&hellip;]\" \/>\n<meta property=\"og:url\" content=\"https:\/\/folhapopular.info\/index.php\/2024\/09\/24\/cooperativa-languiru-realiza-nova-assembleia-nesta-terca-feira\/\" \/>\n<meta property=\"og:site_name\" content=\"Folha Popular\" \/>\n<meta property=\"article:published_time\" content=\"2024-09-24T13:19:35+00:00\" \/>\n<meta property=\"article:modified_time\" content=\"2024-09-24T13:19:38+00:00\" \/>\n<meta property=\"og:image\" content=\"http:\/\/folhapopular.info\/wp-content\/uploads\/2024\/09\/WhatsApp-Image-2024-09-24-at-09.44.19-scaled.jpeg\" \/>\n\t<meta property=\"og:image:width\" content=\"2560\" \/>\n\t<meta property=\"og:image:height\" content=\"1920\" \/>\n\t<meta property=\"og:image:type\" content=\"image\/jpeg\" \/>\n<meta name=\"author\" content=\"Reda\u00e7\u00e3o Folha Popular\" \/>\n<meta name=\"twitter:card\" content=\"summary_large_image\" \/>\n<meta name=\"twitter:label1\" content=\"Escrito por\" \/>\n\t<meta name=\"twitter:data1\" content=\"Reda\u00e7\u00e3o Folha Popular\" \/>\n\t<meta name=\"twitter:label2\" content=\"Est. tempo de leitura\" \/>\n\t<meta name=\"twitter:data2\" content=\"1 minuto\" \/>\n<script type=\"application\/ld+json\" class=\"yoast-schema-graph\">{\"@context\":\"https:\\\/\\\/schema.org\",\"@graph\":[{\"@type\":\"Article\",\"@id\":\"https:\\\/\\\/folhapopular.info\\\/index.php\\\/2024\\\/09\\\/24\\\/cooperativa-languiru-realiza-nova-assembleia-nesta-terca-feira\\\/#article\",\"isPartOf\":{\"@id\":\"https:\\\/\\\/folhapopular.info\\\/index.php\\\/2024\\\/09\\\/24\\\/cooperativa-languiru-realiza-nova-assembleia-nesta-terca-feira\\\/\"},\"author\":{\"name\":\"Reda\u00e7\u00e3o Folha Popular\",\"@id\":\"https:\\\/\\\/folhapopular.info\\\/#\\\/schema\\\/person\\\/2814e8a0df7643585a9ca38bc6eb9d4b\"},\"headline\":\"Cooperativa Languiru realiza nova assembleia nesta ter\u00e7a-feira\",\"datePublished\":\"2024-09-24T13:19:35+00:00\",\"dateModified\":\"2024-09-24T13:19:38+00:00\",\"mainEntityOfPage\":{\"@id\":\"https:\\\/\\\/folhapopular.info\\\/index.php\\\/2024\\\/09\\\/24\\\/cooperativa-languiru-realiza-nova-assembleia-nesta-terca-feira\\\/\"},\"wordCount\":153,\"commentCount\":0,\"image\":{\"@id\":\"https:\\\/\\\/folhapopular.info\\\/index.php\\\/2024\\\/09\\\/24\\\/cooperativa-languiru-realiza-nova-assembleia-nesta-terca-feira\\\/#primaryimage\"},\"thumbnailUrl\":\"https:\\\/\\\/folhapopular.info\\\/wp-content\\\/uploads\\\/2024\\\/09\\\/WhatsApp-Image-2024-09-24-at-09.44.19-scaled.jpeg\",\"keywords\":[\"Assembleia Geral\",\"Cooperativa Languiru\",\"paulo birck\",\"Presta\u00e7\u00e3o de contas\"],\"articleSection\":[\"Coopop\",\"Destaques\",\"Economia\"],\"inLanguage\":\"pt-BR\",\"potentialAction\":[{\"@type\":\"CommentAction\",\"name\":\"Comment\",\"target\":[\"https:\\\/\\\/folhapopular.info\\\/index.php\\\/2024\\\/09\\\/24\\\/cooperativa-languiru-realiza-nova-assembleia-nesta-terca-feira\\\/#respond\"]}]},{\"@type\":\"WebPage\",\"@id\":\"https:\\\/\\\/folhapopular.info\\\/index.php\\\/2024\\\/09\\\/24\\\/cooperativa-languiru-realiza-nova-assembleia-nesta-terca-feira\\\/\",\"url\":\"https:\\\/\\\/folhapopular.info\\\/index.php\\\/2024\\\/09\\\/24\\\/cooperativa-languiru-realiza-nova-assembleia-nesta-terca-feira\\\/\",\"name\":\"Cooperativa Languiru realiza nova assembleia nesta ter\u00e7a-feira - Folha Popular\",\"isPartOf\":{\"@id\":\"https:\\\/\\\/folhapopular.info\\\/#website\"},\"primaryImageOfPage\":{\"@id\":\"https:\\\/\\\/folhapopular.info\\\/index.php\\\/2024\\\/09\\\/24\\\/cooperativa-languiru-realiza-nova-assembleia-nesta-terca-feira\\\/#primaryimage\"},\"image\":{\"@id\":\"https:\\\/\\\/folhapopular.info\\\/index.php\\\/2024\\\/09\\\/24\\\/cooperativa-languiru-realiza-nova-assembleia-nesta-terca-feira\\\/#primaryimage\"},\"thumbnailUrl\":\"https:\\\/\\\/folhapopular.info\\\/wp-content\\\/uploads\\\/2024\\\/09\\\/WhatsApp-Image-2024-09-24-at-09.44.19-scaled.jpeg\",\"datePublished\":\"2024-09-24T13:19:35+00:00\",\"dateModified\":\"2024-09-24T13:19:38+00:00\",\"author\":{\"@id\":\"https:\\\/\\\/folhapopular.info\\\/#\\\/schema\\\/person\\\/2814e8a0df7643585a9ca38bc6eb9d4b\"},\"breadcrumb\":{\"@id\":\"https:\\\/\\\/folhapopular.info\\\/index.php\\\/2024\\\/09\\\/24\\\/cooperativa-languiru-realiza-nova-assembleia-nesta-terca-feira\\\/#breadcrumb\"},\"inLanguage\":\"pt-BR\",\"potentialAction\":[{\"@type\":\"ReadAction\",\"target\":[\"https:\\\/\\\/folhapopular.info\\\/index.php\\\/2024\\\/09\\\/24\\\/cooperativa-languiru-realiza-nova-assembleia-nesta-terca-feira\\\/\"]}]},{\"@type\":\"ImageObject\",\"inLanguage\":\"pt-BR\",\"@id\":\"https:\\\/\\\/folhapopular.info\\\/index.php\\\/2024\\\/09\\\/24\\\/cooperativa-languiru-realiza-nova-assembleia-nesta-terca-feira\\\/#primaryimage\",\"url\":\"https:\\\/\\\/folhapopular.info\\\/wp-content\\\/uploads\\\/2024\\\/09\\\/WhatsApp-Image-2024-09-24-at-09.44.19-scaled.jpeg\",\"contentUrl\":\"https:\\\/\\\/folhapopular.info\\\/wp-content\\\/uploads\\\/2024\\\/09\\\/WhatsApp-Image-2024-09-24-at-09.44.19-scaled.jpeg\",\"width\":2560,\"height\":1920,\"caption\":\"Cr\u00e9dito: J\u00falia Amaral\"},{\"@type\":\"BreadcrumbList\",\"@id\":\"https:\\\/\\\/folhapopular.info\\\/index.php\\\/2024\\\/09\\\/24\\\/cooperativa-languiru-realiza-nova-assembleia-nesta-terca-feira\\\/#breadcrumb\",\"itemListElement\":[{\"@type\":\"ListItem\",\"position\":1,\"name\":\"In\u00edcio\",\"item\":\"https:\\\/\\\/folhapopular.info\\\/\"},{\"@type\":\"ListItem\",\"position\":2,\"name\":\"Cooperativa Languiru realiza nova assembleia nesta ter\u00e7a-feira\"}]},{\"@type\":\"WebSite\",\"@id\":\"https:\\\/\\\/folhapopular.info\\\/#website\",\"url\":\"https:\\\/\\\/folhapopular.info\\\/\",\"name\":\"Folha Popular\",\"description\":\"Onde voc\u00ea tem vez e voz\",\"potentialAction\":[{\"@type\":\"SearchAction\",\"target\":{\"@type\":\"EntryPoint\",\"urlTemplate\":\"https:\\\/\\\/folhapopular.info\\\/?s={search_term_string}\"},\"query-input\":{\"@type\":\"PropertyValueSpecification\",\"valueRequired\":true,\"valueName\":\"search_term_string\"}}],\"inLanguage\":\"pt-BR\"},{\"@type\":\"Person\",\"@id\":\"https:\\\/\\\/folhapopular.info\\\/#\\\/schema\\\/person\\\/2814e8a0df7643585a9ca38bc6eb9d4b\",\"name\":\"Reda\u00e7\u00e3o Folha Popular\",\"image\":{\"@type\":\"ImageObject\",\"inLanguage\":\"pt-BR\",\"@id\":\"https:\\\/\\\/folhapopular.info\\\/wp-content\\\/uploads\\\/2026\\\/04\\\/Folha-1.webp\",\"url\":\"https:\\\/\\\/folhapopular.info\\\/wp-content\\\/uploads\\\/2026\\\/04\\\/Folha-1.webp\",\"contentUrl\":\"https:\\\/\\\/folhapopular.info\\\/wp-content\\\/uploads\\\/2026\\\/04\\\/Folha-1.webp\",\"caption\":\"Reda\u00e7\u00e3o Folha Popular\"},\"url\":\"https:\\\/\\\/folhapopular.info\\\/index.php\\\/author\\\/redacao\\\/\"}]}<\/script>\n<!-- \/ Yoast SEO plugin. -->","yoast_head_json":{"title":"Cooperativa Languiru realiza nova assembleia nesta ter\u00e7a-feira - Folha Popular","robots":{"index":"index","follow":"follow","max-snippet":"max-snippet:-1","max-image-preview":"max-image-preview:large","max-video-preview":"max-video-preview:-1"},"canonical":"https:\/\/folhapopular.info\/index.php\/2024\/09\/24\/cooperativa-languiru-realiza-nova-assembleia-nesta-terca-feira\/","og_locale":"pt_BR","og_type":"article","og_title":"Cooperativa Languiru realiza nova assembleia nesta ter\u00e7a-feira - Folha Popular","og_description":"A Cooperativa Languiru realiza sua segunda Assembleia Geral de setembro nesta ter\u00e7a-feira (24\/9), momento em que ser\u00e1 aberta a vota\u00e7\u00e3o para mudan\u00e7a no estatuto e realizada a presta\u00e7\u00e3o de contas do primeiro semestre de 2024. A primeira assembleia ocorreu em 10 de setembro, com a apresenta\u00e7\u00e3o de resultados da auditoria investigativa das gest\u00f5es passadas, feita [&hellip;]","og_url":"https:\/\/folhapopular.info\/index.php\/2024\/09\/24\/cooperativa-languiru-realiza-nova-assembleia-nesta-terca-feira\/","og_site_name":"Folha Popular","article_published_time":"2024-09-24T13:19:35+00:00","article_modified_time":"2024-09-24T13:19:38+00:00","og_image":[{"width":2560,"height":1920,"url":"http:\/\/folhapopular.info\/wp-content\/uploads\/2024\/09\/WhatsApp-Image-2024-09-24-at-09.44.19-scaled.jpeg","type":"image\/jpeg"}],"author":"Reda\u00e7\u00e3o Folha Popular","twitter_card":"summary_large_image","twitter_misc":{"Escrito por":"Reda\u00e7\u00e3o Folha Popular","Est. tempo de leitura":"1 minuto"},"schema":{"@context":"https:\/\/schema.org","@graph":[{"@type":"Article","@id":"https:\/\/folhapopular.info\/index.php\/2024\/09\/24\/cooperativa-languiru-realiza-nova-assembleia-nesta-terca-feira\/#article","isPartOf":{"@id":"https:\/\/folhapopular.info\/index.php\/2024\/09\/24\/cooperativa-languiru-realiza-nova-assembleia-nesta-terca-feira\/"},"author":{"name":"Reda\u00e7\u00e3o Folha Popular","@id":"https:\/\/folhapopular.info\/#\/schema\/person\/2814e8a0df7643585a9ca38bc6eb9d4b"},"headline":"Cooperativa Languiru realiza nova assembleia nesta ter\u00e7a-feira","datePublished":"2024-09-24T13:19:35+00:00","dateModified":"2024-09-24T13:19:38+00:00","mainEntityOfPage":{"@id":"https:\/\/folhapopular.info\/index.php\/2024\/09\/24\/cooperativa-languiru-realiza-nova-assembleia-nesta-terca-feira\/"},"wordCount":153,"commentCount":0,"image":{"@id":"https:\/\/folhapopular.info\/index.php\/2024\/09\/24\/cooperativa-languiru-realiza-nova-assembleia-nesta-terca-feira\/#primaryimage"},"thumbnailUrl":"https:\/\/folhapopular.info\/wp-content\/uploads\/2024\/09\/WhatsApp-Image-2024-09-24-at-09.44.19-scaled.jpeg","keywords":["Assembleia Geral","Cooperativa Languiru","paulo birck","Presta\u00e7\u00e3o de contas"],"articleSection":["Coopop","Destaques","Economia"],"inLanguage":"pt-BR","potentialAction":[{"@type":"CommentAction","name":"Comment","target":["https:\/\/folhapopular.info\/index.php\/2024\/09\/24\/cooperativa-languiru-realiza-nova-assembleia-nesta-terca-feira\/#respond"]}]},{"@type":"WebPage","@id":"https:\/\/folhapopular.info\/index.php\/2024\/09\/24\/cooperativa-languiru-realiza-nova-assembleia-nesta-terca-feira\/","url":"https:\/\/folhapopular.info\/index.php\/2024\/09\/24\/cooperativa-languiru-realiza-nova-assembleia-nesta-terca-feira\/","name":"Cooperativa Languiru realiza nova assembleia nesta ter\u00e7a-feira - Folha Popular","isPartOf":{"@id":"https:\/\/folhapopular.info\/#website"},"primaryImageOfPage":{"@id":"https:\/\/folhapopular.info\/index.php\/2024\/09\/24\/cooperativa-languiru-realiza-nova-assembleia-nesta-terca-feira\/#primaryimage"},"image":{"@id":"https:\/\/folhapopular.info\/index.php\/2024\/09\/24\/cooperativa-languiru-realiza-nova-assembleia-nesta-terca-feira\/#primaryimage"},"thumbnailUrl":"https:\/\/folhapopular.info\/wp-content\/uploads\/2024\/09\/WhatsApp-Image-2024-09-24-at-09.44.19-scaled.jpeg","datePublished":"2024-09-24T13:19:35+00:00","dateModified":"2024-09-24T13:19:38+00:00","author":{"@id":"https:\/\/folhapopular.info\/#\/schema\/person\/2814e8a0df7643585a9ca38bc6eb9d4b"},"breadcrumb":{"@id":"https:\/\/folhapopular.info\/index.php\/2024\/09\/24\/cooperativa-languiru-realiza-nova-assembleia-nesta-terca-feira\/#breadcrumb"},"inLanguage":"pt-BR","potentialAction":[{"@type":"ReadAction","target":["https:\/\/folhapopular.info\/index.php\/2024\/09\/24\/cooperativa-languiru-realiza-nova-assembleia-nesta-terca-feira\/"]}]},{"@type":"ImageObject","inLanguage":"pt-BR","@id":"https:\/\/folhapopular.info\/index.php\/2024\/09\/24\/cooperativa-languiru-realiza-nova-assembleia-nesta-terca-feira\/#primaryimage","url":"https:\/\/folhapopular.info\/wp-content\/uploads\/2024\/09\/WhatsApp-Image-2024-09-24-at-09.44.19-scaled.jpeg","contentUrl":"https:\/\/folhapopular.info\/wp-content\/uploads\/2024\/09\/WhatsApp-Image-2024-09-24-at-09.44.19-scaled.jpeg","width":2560,"height":1920,"caption":"Cr\u00e9dito: J\u00falia Amaral"},{"@type":"BreadcrumbList","@id":"https:\/\/folhapopular.info\/index.php\/2024\/09\/24\/cooperativa-languiru-realiza-nova-assembleia-nesta-terca-feira\/#breadcrumb","itemListElement":[{"@type":"ListItem","position":1,"name":"In\u00edcio","item":"https:\/\/folhapopular.info\/"},{"@type":"ListItem","position":2,"name":"Cooperativa Languiru realiza nova assembleia nesta ter\u00e7a-feira"}]},{"@type":"WebSite","@id":"https:\/\/folhapopular.info\/#website","url":"https:\/\/folhapopular.info\/","name":"Folha Popular","description":"Onde voc\u00ea tem vez e voz","potentialAction":[{"@type":"SearchAction","target":{"@type":"EntryPoint","urlTemplate":"https:\/\/folhapopular.info\/?s={search_term_string}"},"query-input":{"@type":"PropertyValueSpecification","valueRequired":true,"valueName":"search_term_string"}}],"inLanguage":"pt-BR"},{"@type":"Person","@id":"https:\/\/folhapopular.info\/#\/schema\/person\/2814e8a0df7643585a9ca38bc6eb9d4b","name":"Reda\u00e7\u00e3o Folha Popular","image":{"@type":"ImageObject","inLanguage":"pt-BR","@id":"https:\/\/folhapopular.info\/wp-content\/uploads\/2026\/04\/Folha-1.webp","url":"https:\/\/folhapopular.info\/wp-content\/uploads\/2026\/04\/Folha-1.webp","contentUrl":"https:\/\/folhapopular.info\/wp-content\/uploads\/2026\/04\/Folha-1.webp","caption":"Reda\u00e7\u00e3o Folha Popular"},"url":"https:\/\/folhapopular.info\/index.php\/author\/redacao\/"}]}},"jetpack_featured_media_url":"https:\/\/folhapopular.info\/wp-content\/uploads\/2024\/09\/WhatsApp-Image-2024-09-24-at-09.44.19-scaled.jpeg","jetpack_sharing_enabled":true,"amp_enabled":true,"_links":{"self":[{"href":"https:\/\/folhapopular.info\/index.php\/wp-json\/wp\/v2\/posts\/169629","targetHints":{"allow":["GET"]}}],"collection":[{"href":"https:\/\/folhapopular.info\/index.php\/wp-json\/wp\/v2\/posts"}],"about":[{"href":"https:\/\/folhapopular.info\/index.php\/wp-json\/wp\/v2\/types\/post"}],"author":[{"embeddable":true,"href":"https:\/\/folhapopular.info\/index.php\/wp-json\/wp\/v2\/users\/8"}],"replies":[{"embeddable":true,"href":"https:\/\/folhapopular.info\/index.php\/wp-json\/wp\/v2\/comments?post=169629"}],"version-history":[{"count":0,"href":"https:\/\/folhapopular.info\/index.php\/wp-json\/wp\/v2\/posts\/169629\/revisions"}],"wp:featuredmedia":[{"embeddable":true,"href":"https:\/\/folhapopular.info\/index.php\/wp-json\/wp\/v2\/media\/169630"}],"wp:attachment":[{"href":"https:\/\/folhapopular.info\/index.php\/wp-json\/wp\/v2\/media?parent=169629"}],"wp:term":[{"taxonomy":"category","embeddable":true,"href":"https:\/\/folhapopular.info\/index.php\/wp-json\/wp\/v2\/categories?post=169629"},{"taxonomy":"post_tag","embeddable":true,"href":"https:\/\/folhapopular.info\/index.php\/wp-json\/wp\/v2\/tags?post=169629"}],"curies":[{"name":"wp","href":"https:\/\/api.w.org\/{rel}","templated":true}]}}