{"id":169665,"date":"2024-09-24T15:37:00","date_gmt":"2024-09-24T18:37:00","guid":{"rendered":"https:\/\/folhapopular.info\/?p=169665"},"modified":"2024-09-24T16:31:44","modified_gmt":"2024-09-24T19:31:44","slug":"alaf-encara-o-nadas-branco-pela-sexta-rodada-do-gauchao-de-futsal","status":"publish","type":"post","link":"https:\/\/folhapopular.info\/index.php\/2024\/09\/24\/alaf-encara-o-nadas-branco-pela-sexta-rodada-do-gauchao-de-futsal\/","title":{"rendered":"Alaf encara o Nadas Branco pela sexta rodada do Gauch\u00e3o de Futsal"},"content":{"rendered":"\n<p>No pr\u00f3ximo s\u00e1bado (28\/9), a Associa\u00e7\u00e3o Lajeado de Futsal (Alaf) entra em quadra pela sexta e \u00faltima rodada da primeira fase do Gauch\u00e3o de Futsal para enfrentar o vice-l\u00edder Nadas Branco de Rio Pardo. O confronto ocorre \u00e0s 20h, na Univates.<\/p>\n\n\n\n<p>A equipe lajeadense ocupa a quinta coloca\u00e7\u00e3o com quatro pontos conquistados, uma vit\u00f3ria, um empate e tr\u00eas derrotas em cinco partidas. J\u00e1 os rio-pardenses est\u00e3o na segunda posi\u00e7\u00e3o com 13 pontos, quatro vit\u00f3rias, um empate e seguem invictos em cinco jogos na competi\u00e7\u00e3o.<\/p>\n\n\n\n<p>Em caso de vit\u00f3ria, a Alaf pode assumir a quarta posi\u00e7\u00e3o, ultrapassando a Asserc. Se o Nadas Branco vencer, acaba por dividir a lideran\u00e7a com o ACE Filtradores, com 16 pontos.<\/p>\n","protected":false},"excerpt":{"rendered":"<p>No pr\u00f3ximo s\u00e1bado (28\/9), a Associa\u00e7\u00e3o Lajeado de Futsal (Alaf) entra em quadra pela sexta e \u00faltima rodada da primeira fase do Gauch\u00e3o de Futsal para enfrentar o vice-l\u00edder Nadas Branco de Rio Pardo. O confronto ocorre \u00e0s 20h, na Univates. A equipe lajeadense ocupa a quinta coloca\u00e7\u00e3o com quatro pontos conquistados, uma vit\u00f3ria, um [&hellip;]<\/p>\n","protected":false},"author":732,"featured_media":164098,"comment_status":"open","ping_status":"open","sticky":false,"template":"","format":"standard","meta":{"pmpro_default_level":"","_jetpack_memberships_contains_paid_content":false,"footnotes":""},"categories":[5,530,241],"tags":[197,31,16296,27,797],"class_list":{"0":"post-169665","1":"post","2":"type-post","3":"status-publish","4":"format-standard","5":"has-post-thumbnail","7":"category-esportes","8":"category-futsal","9":"category-gauchao-de-futsal","10":"tag-alaf","11":"tag-futsal","12":"tag-gauchao-de-fustal","13":"tag-lajeado","14":"tag-nadas-branco","15":"pmpro-has-access"},"yoast_head":"<!-- This site is optimized with the Yoast SEO plugin v27.5 - https:\/\/yoast.com\/product\/yoast-seo-wordpress\/ -->\n<title>Alaf encara o Nadas Branco pela sexta rodada do Gauch\u00e3o de Futsal - Folha Popular<\/title>\n<meta name=\"robots\" content=\"index, follow, max-snippet:-1, max-image-preview:large, max-video-preview:-1\" \/>\n<link rel=\"canonical\" href=\"https:\/\/folhapopular.info\/index.php\/2024\/09\/24\/alaf-encara-o-nadas-branco-pela-sexta-rodada-do-gauchao-de-futsal\/\" \/>\n<meta property=\"og:locale\" content=\"pt_BR\" \/>\n<meta property=\"og:type\" content=\"article\" \/>\n<meta property=\"og:title\" content=\"Alaf encara o Nadas Branco pela sexta rodada do Gauch\u00e3o de Futsal - Folha Popular\" \/>\n<meta property=\"og:description\" content=\"No pr\u00f3ximo s\u00e1bado (28\/9), a Associa\u00e7\u00e3o Lajeado de Futsal (Alaf) entra em quadra pela sexta e \u00faltima rodada da primeira fase do Gauch\u00e3o de Futsal para enfrentar o vice-l\u00edder Nadas Branco de Rio Pardo. O confronto ocorre \u00e0s 20h, na Univates. A equipe lajeadense ocupa a quinta coloca\u00e7\u00e3o com quatro pontos conquistados, uma vit\u00f3ria, um [&hellip;]\" \/>\n<meta property=\"og:url\" content=\"https:\/\/folhapopular.info\/index.php\/2024\/09\/24\/alaf-encara-o-nadas-branco-pela-sexta-rodada-do-gauchao-de-futsal\/\" \/>\n<meta property=\"og:site_name\" content=\"Folha Popular\" \/>\n<meta property=\"article:author\" content=\"https:\/\/www.facebook.com\/luis.huppes\/\" \/>\n<meta property=\"article:published_time\" content=\"2024-09-24T18:37:00+00:00\" \/>\n<meta property=\"article:modified_time\" content=\"2024-09-24T19:31:44+00:00\" \/>\n<meta property=\"og:image\" content=\"http:\/\/folhapopular.info\/wp-content\/uploads\/2024\/07\/20240725203948_3P7A4722-scaled-1.jpg\" \/>\n\t<meta property=\"og:image:width\" content=\"2560\" \/>\n\t<meta property=\"og:image:height\" content=\"1707\" \/>\n\t<meta property=\"og:image:type\" content=\"image\/jpeg\" \/>\n<meta name=\"author\" content=\"Luis Augusto Huppes\" \/>\n<meta name=\"twitter:card\" content=\"summary_large_image\" \/>\n<meta name=\"twitter:label1\" content=\"Escrito por\" \/>\n\t<meta name=\"twitter:data1\" content=\"Luis Augusto Huppes\" \/>\n\t<meta name=\"twitter:label2\" content=\"Est. tempo de leitura\" \/>\n\t<meta name=\"twitter:data2\" content=\"1 minuto\" \/>\n<script type=\"application\/ld+json\" class=\"yoast-schema-graph\">{\"@context\":\"https:\\\/\\\/schema.org\",\"@graph\":[{\"@type\":\"Article\",\"@id\":\"https:\\\/\\\/folhapopular.info\\\/index.php\\\/2024\\\/09\\\/24\\\/alaf-encara-o-nadas-branco-pela-sexta-rodada-do-gauchao-de-futsal\\\/#article\",\"isPartOf\":{\"@id\":\"https:\\\/\\\/folhapopular.info\\\/index.php\\\/2024\\\/09\\\/24\\\/alaf-encara-o-nadas-branco-pela-sexta-rodada-do-gauchao-de-futsal\\\/\"},\"author\":{\"name\":\"Luis Augusto Huppes\",\"@id\":\"https:\\\/\\\/folhapopular.info\\\/#\\\/schema\\\/person\\\/e852c327371714676d02e58cf917fd9f\"},\"headline\":\"Alaf encara o Nadas Branco pela sexta rodada do Gauch\u00e3o de Futsal\",\"datePublished\":\"2024-09-24T18:37:00+00:00\",\"dateModified\":\"2024-09-24T19:31:44+00:00\",\"mainEntityOfPage\":{\"@id\":\"https:\\\/\\\/folhapopular.info\\\/index.php\\\/2024\\\/09\\\/24\\\/alaf-encara-o-nadas-branco-pela-sexta-rodada-do-gauchao-de-futsal\\\/\"},\"wordCount\":140,\"commentCount\":0,\"image\":{\"@id\":\"https:\\\/\\\/folhapopular.info\\\/index.php\\\/2024\\\/09\\\/24\\\/alaf-encara-o-nadas-branco-pela-sexta-rodada-do-gauchao-de-futsal\\\/#primaryimage\"},\"thumbnailUrl\":\"https:\\\/\\\/folhapopular.info\\\/wp-content\\\/uploads\\\/2024\\\/07\\\/20240725203948_3P7A4722-scaled-1.jpg\",\"keywords\":[\"ALAF\",\"Futsal\",\"Gauch\u00e3o de Fustal\",\"Lajeado\",\"Nadas Branco\"],\"articleSection\":[\"Esportes\",\"Futsal\",\"Gauch\u00e3o de Futsal\"],\"inLanguage\":\"pt-BR\",\"potentialAction\":[{\"@type\":\"CommentAction\",\"name\":\"Comment\",\"target\":[\"https:\\\/\\\/folhapopular.info\\\/index.php\\\/2024\\\/09\\\/24\\\/alaf-encara-o-nadas-branco-pela-sexta-rodada-do-gauchao-de-futsal\\\/#respond\"]}]},{\"@type\":\"WebPage\",\"@id\":\"https:\\\/\\\/folhapopular.info\\\/index.php\\\/2024\\\/09\\\/24\\\/alaf-encara-o-nadas-branco-pela-sexta-rodada-do-gauchao-de-futsal\\\/\",\"url\":\"https:\\\/\\\/folhapopular.info\\\/index.php\\\/2024\\\/09\\\/24\\\/alaf-encara-o-nadas-branco-pela-sexta-rodada-do-gauchao-de-futsal\\\/\",\"name\":\"Alaf encara o Nadas Branco pela sexta rodada do Gauch\u00e3o de Futsal - Folha Popular\",\"isPartOf\":{\"@id\":\"https:\\\/\\\/folhapopular.info\\\/#website\"},\"primaryImageOfPage\":{\"@id\":\"https:\\\/\\\/folhapopular.info\\\/index.php\\\/2024\\\/09\\\/24\\\/alaf-encara-o-nadas-branco-pela-sexta-rodada-do-gauchao-de-futsal\\\/#primaryimage\"},\"image\":{\"@id\":\"https:\\\/\\\/folhapopular.info\\\/index.php\\\/2024\\\/09\\\/24\\\/alaf-encara-o-nadas-branco-pela-sexta-rodada-do-gauchao-de-futsal\\\/#primaryimage\"},\"thumbnailUrl\":\"https:\\\/\\\/folhapopular.info\\\/wp-content\\\/uploads\\\/2024\\\/07\\\/20240725203948_3P7A4722-scaled-1.jpg\",\"datePublished\":\"2024-09-24T18:37:00+00:00\",\"dateModified\":\"2024-09-24T19:31:44+00:00\",\"author\":{\"@id\":\"https:\\\/\\\/folhapopular.info\\\/#\\\/schema\\\/person\\\/e852c327371714676d02e58cf917fd9f\"},\"breadcrumb\":{\"@id\":\"https:\\\/\\\/folhapopular.info\\\/index.php\\\/2024\\\/09\\\/24\\\/alaf-encara-o-nadas-branco-pela-sexta-rodada-do-gauchao-de-futsal\\\/#breadcrumb\"},\"inLanguage\":\"pt-BR\",\"potentialAction\":[{\"@type\":\"ReadAction\",\"target\":[\"https:\\\/\\\/folhapopular.info\\\/index.php\\\/2024\\\/09\\\/24\\\/alaf-encara-o-nadas-branco-pela-sexta-rodada-do-gauchao-de-futsal\\\/\"]}]},{\"@type\":\"ImageObject\",\"inLanguage\":\"pt-BR\",\"@id\":\"https:\\\/\\\/folhapopular.info\\\/index.php\\\/2024\\\/09\\\/24\\\/alaf-encara-o-nadas-branco-pela-sexta-rodada-do-gauchao-de-futsal\\\/#primaryimage\",\"url\":\"https:\\\/\\\/folhapopular.info\\\/wp-content\\\/uploads\\\/2024\\\/07\\\/20240725203948_3P7A4722-scaled-1.jpg\",\"contentUrl\":\"https:\\\/\\\/folhapopular.info\\\/wp-content\\\/uploads\\\/2024\\\/07\\\/20240725203948_3P7A4722-scaled-1.jpg\",\"width\":2560,\"height\":1707,\"caption\":\"Cr\u00e9dito: Kevin Sganzerla \\\/ Divulga\u00e7\u00e3o\"},{\"@type\":\"BreadcrumbList\",\"@id\":\"https:\\\/\\\/folhapopular.info\\\/index.php\\\/2024\\\/09\\\/24\\\/alaf-encara-o-nadas-branco-pela-sexta-rodada-do-gauchao-de-futsal\\\/#breadcrumb\",\"itemListElement\":[{\"@type\":\"ListItem\",\"position\":1,\"name\":\"In\u00edcio\",\"item\":\"https:\\\/\\\/folhapopular.info\\\/\"},{\"@type\":\"ListItem\",\"position\":2,\"name\":\"Alaf encara o Nadas Branco pela sexta rodada do Gauch\u00e3o de Futsal\"}]},{\"@type\":\"WebSite\",\"@id\":\"https:\\\/\\\/folhapopular.info\\\/#website\",\"url\":\"https:\\\/\\\/folhapopular.info\\\/\",\"name\":\"Folha Popular\",\"description\":\"Onde voc\u00ea tem vez e voz\",\"potentialAction\":[{\"@type\":\"SearchAction\",\"target\":{\"@type\":\"EntryPoint\",\"urlTemplate\":\"https:\\\/\\\/folhapopular.info\\\/?s={search_term_string}\"},\"query-input\":{\"@type\":\"PropertyValueSpecification\",\"valueRequired\":true,\"valueName\":\"search_term_string\"}}],\"inLanguage\":\"pt-BR\"},{\"@type\":\"Person\",\"@id\":\"https:\\\/\\\/folhapopular.info\\\/#\\\/schema\\\/person\\\/e852c327371714676d02e58cf917fd9f\",\"name\":\"Luis Augusto Huppes\",\"image\":{\"@type\":\"ImageObject\",\"inLanguage\":\"pt-BR\",\"@id\":\"https:\\\/\\\/folhapopular.info\\\/wp-content\\\/uploads\\\/2026\\\/04\\\/Luis-Augusto-Huppes-1-1.webp\",\"url\":\"https:\\\/\\\/folhapopular.info\\\/wp-content\\\/uploads\\\/2026\\\/04\\\/Luis-Augusto-Huppes-1-1.webp\",\"contentUrl\":\"https:\\\/\\\/folhapopular.info\\\/wp-content\\\/uploads\\\/2026\\\/04\\\/Luis-Augusto-Huppes-1-1.webp\",\"caption\":\"Luis Augusto Huppes\"},\"sameAs\":[\"https:\\\/\\\/www.facebook.com\\\/luis.huppes\\\/\",\"https:\\\/\\\/www.instagram.com\\\/luis.huppes\\\/\",\"https:\\\/\\\/www.linkedin.com\\\/in\\\/luis-augusto-huppes-2554b52b7\\\/\"],\"url\":\"https:\\\/\\\/folhapopular.info\\\/index.php\\\/author\\\/luis-augusto-huppes\\\/\"}]}<\/script>\n<!-- \/ Yoast SEO plugin. -->","yoast_head_json":{"title":"Alaf encara o Nadas Branco pela sexta rodada do Gauch\u00e3o de Futsal - Folha Popular","robots":{"index":"index","follow":"follow","max-snippet":"max-snippet:-1","max-image-preview":"max-image-preview:large","max-video-preview":"max-video-preview:-1"},"canonical":"https:\/\/folhapopular.info\/index.php\/2024\/09\/24\/alaf-encara-o-nadas-branco-pela-sexta-rodada-do-gauchao-de-futsal\/","og_locale":"pt_BR","og_type":"article","og_title":"Alaf encara o Nadas Branco pela sexta rodada do Gauch\u00e3o de Futsal - Folha Popular","og_description":"No pr\u00f3ximo s\u00e1bado (28\/9), a Associa\u00e7\u00e3o Lajeado de Futsal (Alaf) entra em quadra pela sexta e \u00faltima rodada da primeira fase do Gauch\u00e3o de Futsal para enfrentar o vice-l\u00edder Nadas Branco de Rio Pardo. O confronto ocorre \u00e0s 20h, na Univates. A equipe lajeadense ocupa a quinta coloca\u00e7\u00e3o com quatro pontos conquistados, uma vit\u00f3ria, um [&hellip;]","og_url":"https:\/\/folhapopular.info\/index.php\/2024\/09\/24\/alaf-encara-o-nadas-branco-pela-sexta-rodada-do-gauchao-de-futsal\/","og_site_name":"Folha Popular","article_author":"https:\/\/www.facebook.com\/luis.huppes\/","article_published_time":"2024-09-24T18:37:00+00:00","article_modified_time":"2024-09-24T19:31:44+00:00","og_image":[{"width":2560,"height":1707,"url":"http:\/\/folhapopular.info\/wp-content\/uploads\/2024\/07\/20240725203948_3P7A4722-scaled-1.jpg","type":"image\/jpeg"}],"author":"Luis Augusto Huppes","twitter_card":"summary_large_image","twitter_misc":{"Escrito por":"Luis Augusto Huppes","Est. tempo de leitura":"1 minuto"},"schema":{"@context":"https:\/\/schema.org","@graph":[{"@type":"Article","@id":"https:\/\/folhapopular.info\/index.php\/2024\/09\/24\/alaf-encara-o-nadas-branco-pela-sexta-rodada-do-gauchao-de-futsal\/#article","isPartOf":{"@id":"https:\/\/folhapopular.info\/index.php\/2024\/09\/24\/alaf-encara-o-nadas-branco-pela-sexta-rodada-do-gauchao-de-futsal\/"},"author":{"name":"Luis Augusto Huppes","@id":"https:\/\/folhapopular.info\/#\/schema\/person\/e852c327371714676d02e58cf917fd9f"},"headline":"Alaf encara o Nadas Branco pela sexta rodada do Gauch\u00e3o de Futsal","datePublished":"2024-09-24T18:37:00+00:00","dateModified":"2024-09-24T19:31:44+00:00","mainEntityOfPage":{"@id":"https:\/\/folhapopular.info\/index.php\/2024\/09\/24\/alaf-encara-o-nadas-branco-pela-sexta-rodada-do-gauchao-de-futsal\/"},"wordCount":140,"commentCount":0,"image":{"@id":"https:\/\/folhapopular.info\/index.php\/2024\/09\/24\/alaf-encara-o-nadas-branco-pela-sexta-rodada-do-gauchao-de-futsal\/#primaryimage"},"thumbnailUrl":"https:\/\/folhapopular.info\/wp-content\/uploads\/2024\/07\/20240725203948_3P7A4722-scaled-1.jpg","keywords":["ALAF","Futsal","Gauch\u00e3o de Fustal","Lajeado","Nadas Branco"],"articleSection":["Esportes","Futsal","Gauch\u00e3o de Futsal"],"inLanguage":"pt-BR","potentialAction":[{"@type":"CommentAction","name":"Comment","target":["https:\/\/folhapopular.info\/index.php\/2024\/09\/24\/alaf-encara-o-nadas-branco-pela-sexta-rodada-do-gauchao-de-futsal\/#respond"]}]},{"@type":"WebPage","@id":"https:\/\/folhapopular.info\/index.php\/2024\/09\/24\/alaf-encara-o-nadas-branco-pela-sexta-rodada-do-gauchao-de-futsal\/","url":"https:\/\/folhapopular.info\/index.php\/2024\/09\/24\/alaf-encara-o-nadas-branco-pela-sexta-rodada-do-gauchao-de-futsal\/","name":"Alaf encara o Nadas Branco pela sexta rodada do Gauch\u00e3o de Futsal - Folha Popular","isPartOf":{"@id":"https:\/\/folhapopular.info\/#website"},"primaryImageOfPage":{"@id":"https:\/\/folhapopular.info\/index.php\/2024\/09\/24\/alaf-encara-o-nadas-branco-pela-sexta-rodada-do-gauchao-de-futsal\/#primaryimage"},"image":{"@id":"https:\/\/folhapopular.info\/index.php\/2024\/09\/24\/alaf-encara-o-nadas-branco-pela-sexta-rodada-do-gauchao-de-futsal\/#primaryimage"},"thumbnailUrl":"https:\/\/folhapopular.info\/wp-content\/uploads\/2024\/07\/20240725203948_3P7A4722-scaled-1.jpg","datePublished":"2024-09-24T18:37:00+00:00","dateModified":"2024-09-24T19:31:44+00:00","author":{"@id":"https:\/\/folhapopular.info\/#\/schema\/person\/e852c327371714676d02e58cf917fd9f"},"breadcrumb":{"@id":"https:\/\/folhapopular.info\/index.php\/2024\/09\/24\/alaf-encara-o-nadas-branco-pela-sexta-rodada-do-gauchao-de-futsal\/#breadcrumb"},"inLanguage":"pt-BR","potentialAction":[{"@type":"ReadAction","target":["https:\/\/folhapopular.info\/index.php\/2024\/09\/24\/alaf-encara-o-nadas-branco-pela-sexta-rodada-do-gauchao-de-futsal\/"]}]},{"@type":"ImageObject","inLanguage":"pt-BR","@id":"https:\/\/folhapopular.info\/index.php\/2024\/09\/24\/alaf-encara-o-nadas-branco-pela-sexta-rodada-do-gauchao-de-futsal\/#primaryimage","url":"https:\/\/folhapopular.info\/wp-content\/uploads\/2024\/07\/20240725203948_3P7A4722-scaled-1.jpg","contentUrl":"https:\/\/folhapopular.info\/wp-content\/uploads\/2024\/07\/20240725203948_3P7A4722-scaled-1.jpg","width":2560,"height":1707,"caption":"Cr\u00e9dito: Kevin Sganzerla \/ Divulga\u00e7\u00e3o"},{"@type":"BreadcrumbList","@id":"https:\/\/folhapopular.info\/index.php\/2024\/09\/24\/alaf-encara-o-nadas-branco-pela-sexta-rodada-do-gauchao-de-futsal\/#breadcrumb","itemListElement":[{"@type":"ListItem","position":1,"name":"In\u00edcio","item":"https:\/\/folhapopular.info\/"},{"@type":"ListItem","position":2,"name":"Alaf encara o Nadas Branco pela sexta rodada do Gauch\u00e3o de Futsal"}]},{"@type":"WebSite","@id":"https:\/\/folhapopular.info\/#website","url":"https:\/\/folhapopular.info\/","name":"Folha Popular","description":"Onde voc\u00ea tem vez e voz","potentialAction":[{"@type":"SearchAction","target":{"@type":"EntryPoint","urlTemplate":"https:\/\/folhapopular.info\/?s={search_term_string}"},"query-input":{"@type":"PropertyValueSpecification","valueRequired":true,"valueName":"search_term_string"}}],"inLanguage":"pt-BR"},{"@type":"Person","@id":"https:\/\/folhapopular.info\/#\/schema\/person\/e852c327371714676d02e58cf917fd9f","name":"Luis Augusto Huppes","image":{"@type":"ImageObject","inLanguage":"pt-BR","@id":"https:\/\/folhapopular.info\/wp-content\/uploads\/2026\/04\/Luis-Augusto-Huppes-1-1.webp","url":"https:\/\/folhapopular.info\/wp-content\/uploads\/2026\/04\/Luis-Augusto-Huppes-1-1.webp","contentUrl":"https:\/\/folhapopular.info\/wp-content\/uploads\/2026\/04\/Luis-Augusto-Huppes-1-1.webp","caption":"Luis Augusto Huppes"},"sameAs":["https:\/\/www.facebook.com\/luis.huppes\/","https:\/\/www.instagram.com\/luis.huppes\/","https:\/\/www.linkedin.com\/in\/luis-augusto-huppes-2554b52b7\/"],"url":"https:\/\/folhapopular.info\/index.php\/author\/luis-augusto-huppes\/"}]}},"jetpack_featured_media_url":"https:\/\/folhapopular.info\/wp-content\/uploads\/2024\/07\/20240725203948_3P7A4722-scaled-1.jpg","jetpack_sharing_enabled":true,"amp_enabled":true,"_links":{"self":[{"href":"https:\/\/folhapopular.info\/index.php\/wp-json\/wp\/v2\/posts\/169665","targetHints":{"allow":["GET"]}}],"collection":[{"href":"https:\/\/folhapopular.info\/index.php\/wp-json\/wp\/v2\/posts"}],"about":[{"href":"https:\/\/folhapopular.info\/index.php\/wp-json\/wp\/v2\/types\/post"}],"author":[{"embeddable":true,"href":"https:\/\/folhapopular.info\/index.php\/wp-json\/wp\/v2\/users\/732"}],"replies":[{"embeddable":true,"href":"https:\/\/folhapopular.info\/index.php\/wp-json\/wp\/v2\/comments?post=169665"}],"version-history":[{"count":0,"href":"https:\/\/folhapopular.info\/index.php\/wp-json\/wp\/v2\/posts\/169665\/revisions"}],"wp:featuredmedia":[{"embeddable":true,"href":"https:\/\/folhapopular.info\/index.php\/wp-json\/wp\/v2\/media\/164098"}],"wp:attachment":[{"href":"https:\/\/folhapopular.info\/index.php\/wp-json\/wp\/v2\/media?parent=169665"}],"wp:term":[{"taxonomy":"category","embeddable":true,"href":"https:\/\/folhapopular.info\/index.php\/wp-json\/wp\/v2\/categories?post=169665"},{"taxonomy":"post_tag","embeddable":true,"href":"https:\/\/folhapopular.info\/index.php\/wp-json\/wp\/v2\/tags?post=169665"}],"curies":[{"name":"wp","href":"https:\/\/api.w.org\/{rel}","templated":true}]}}