{"id":169915,"date":"2024-09-28T07:00:00","date_gmt":"2024-09-28T10:00:00","guid":{"rendered":"https:\/\/folhapopular.info\/?p=169915"},"modified":"2024-09-27T18:22:40","modified_gmt":"2024-09-27T21:22:40","slug":"jovens-da-apae-e-do-ct-conquistam-podios-em-recife","status":"publish","type":"post","link":"https:\/\/folhapopular.info\/index.php\/2024\/09\/28\/jovens-da-apae-e-do-ct-conquistam-podios-em-recife\/","title":{"rendered":"Jovens da Apae e do CT conquistam p\u00f3dios em Recife"},"content":{"rendered":"\n<p>Os Jogos Escolares Brasileiros (Jebs) foram realizados de 20 a 23 de setembro em Recife, Pernambuco, e contaram com a presen\u00e7a de atletas de todo o pa\u00eds, inclusive de Teut\u00f4nia.<\/p>\n\n\n\n<p>Entre os alunos participantes estiveram as paratletas da Associa\u00e7\u00e3o de Pais e Amigos dos Excepcionais (Apae), Bianca Moraes de Jesus e Leticia Marques Rodrigues, que fazem parte do projeto esportivo \u201c+ Paradesporto\u201d e voltaram de Recife com medalhas.<\/p>\n\n\n\n<p>Leticia Marques participou das provas de revezamento 5x80m e salto em dist\u00e2ncia, e saiu com a medalha de bronze. J\u00e1 Bianca Moraes de Jesus esteve no revezamento 5x80m e 80m e alcan\u00e7ou o sonhado ouro. As duas atletas participaram das disputas da S\u00e9rie Bronze.<\/p>\n\n\n\n<p>As meninas conquistaram suas vagas na competi\u00e7\u00e3o ap\u00f3s seletiva estadual realizada no m\u00eas de fevereiro deste ano e garantiram a oportunidade de fazer parte da delega\u00e7\u00e3o ga\u00facha da modalidade de atletismo adaptado, conduzidas pelos professores Alex Junior Marin (presente em Recife) e Reginaldo Pinheiro Pereira.<\/p>\n\n\n\n<p>Para a coordenadora de projetos da Apae, Evelin Elisa Aschebrock Pacheco, a alegria \u00e9 imensa com os resultados e pela conquista de espa\u00e7o pelas atletas da institui\u00e7\u00e3o. \u201cN\u00e3o apenas pelas medalhas, mas tamb\u00e9m pela nossa institui\u00e7\u00e3o alcan\u00e7ar eventos nacionais. J\u00e1 \u00e9 suficiente para entendermos que estamos no caminho certo. Nossa regi\u00e3o carece de aten\u00e7\u00e3o voltada para o paradesporto e \u00e9 uma oportunidade de dar espa\u00e7o a essas necessidades\u201d, afirma.<\/p>\n\n\n\n<p>Na volta a Teut\u00f4nia, elas foram recebidas com muita celebra\u00e7\u00e3o e desfilaram em um dos caminh\u00f5es dos Bombeiros Volunt\u00e1rios.<\/p>\n\n\n\n<p><strong>Atletas do CT<\/strong><\/p>\n\n\n\n<p>Tamb\u00e9m estiveram presentes no Jebs os alunos de atletismo do Col\u00e9gio Teut\u00f4nia\/Sicredi\/Acerte. Renan Ahlert e Isabelle Wieth\u00f6lter representaram a equipe nas competi\u00e7\u00f5es de salto em altura e lan\u00e7amento de disco. Isabele conquistou ouro no salto em altura e Renan ficou com a medalha de prata no lan\u00e7amento de disco.<\/p>\n\n\n\n<p>O treinador Laudenor Brune avaliou a participa\u00e7\u00e3o dos atletas nas provas. \u201cNossos alunos foram muito bem, com \u00f3timas marcas. Renan, no seu \u00faltimo lan\u00e7amento, fez sua melhor marca pessoal ao alcan\u00e7ar 39 metros, e Isabelle saltou 1,40 metros. Foi uma competi\u00e7\u00e3o desgastante devido \u00e0 log\u00edstica e \u00e0s adapta\u00e7\u00f5es. Mesmo assim, os atletas foram resilientes e competitivos\u201d, destacou.<\/p>\n\n\n\n<div class=\"wp-block-jetpack-slideshow aligncenter\" data-effect=\"slide\"><div class=\"wp-block-jetpack-slideshow_container swiper-container\"><ul class=\"wp-block-jetpack-slideshow_swiper-wrapper swiper-wrapper\"><li class=\"wp-block-jetpack-slideshow_slide swiper-slide\"><figure><img loading=\"lazy\" decoding=\"async\" width=\"768\" height=\"1024\" alt=\"\" class=\"wp-block-jetpack-slideshow_image wp-image-169917\" data-id=\"169917\" src=\"https:\/\/folhapopular.info\/wp-content\/uploads\/2024\/09\/Bianca-Moraes-de-Jesus-e-Alex-Junior-Marin-c-e-Leticia-Marques-Rodrigues-d_Evelin-Elisa-Aschebrock-Pacheco_Divulgacao-1-768x1024.jpeg\" srcset=\"https:\/\/folhapopular.info\/wp-content\/uploads\/2024\/09\/Bianca-Moraes-de-Jesus-e-Alex-Junior-Marin-c-e-Leticia-Marques-Rodrigues-d_Evelin-Elisa-Aschebrock-Pacheco_Divulgacao-1-768x1024.jpeg 768w, https:\/\/folhapopular.info\/wp-content\/uploads\/2024\/09\/Bianca-Moraes-de-Jesus-e-Alex-Junior-Marin-c-e-Leticia-Marques-Rodrigues-d_Evelin-Elisa-Aschebrock-Pacheco_Divulgacao-1-225x300.jpeg 225w, https:\/\/folhapopular.info\/wp-content\/uploads\/2024\/09\/Bianca-Moraes-de-Jesus-e-Alex-Junior-Marin-c-e-Leticia-Marques-Rodrigues-d_Evelin-Elisa-Aschebrock-Pacheco_Divulgacao-1-315x420.jpeg 315w, https:\/\/folhapopular.info\/wp-content\/uploads\/2024\/09\/Bianca-Moraes-de-Jesus-e-Alex-Junior-Marin-c-e-Leticia-Marques-Rodrigues-d_Evelin-Elisa-Aschebrock-Pacheco_Divulgacao-1-696x928.jpeg 696w, https:\/\/folhapopular.info\/wp-content\/uploads\/2024\/09\/Bianca-Moraes-de-Jesus-e-Alex-Junior-Marin-c-e-Leticia-Marques-Rodrigues-d_Evelin-Elisa-Aschebrock-Pacheco_Divulgacao-1.jpeg 960w\" sizes=\"(max-width: 768px) 100vw, 768px\" \/><figcaption class=\"wp-block-jetpack-slideshow_caption gallery-caption\">Bianca Moraes de Jesus (e), Alex Junior Marin e Leticia Marques Rodrigues \/\/ Cr\u00e9dito: Evelin Elisa Aschebrock Pacheco<\/figcaption><\/figure><\/li><li class=\"wp-block-jetpack-slideshow_slide swiper-slide\"><figure><img loading=\"lazy\" decoding=\"async\" width=\"525\" height=\"382\" alt=\"\" class=\"wp-block-jetpack-slideshow_image wp-image-169918\" data-id=\"169918\" src=\"https:\/\/folhapopular.info\/wp-content\/uploads\/2024\/09\/Isabelle-Wietholter-e-Laudenor-Brune-c-e-Renan-Ahlert-d_Colegio-Teutonia_Divulgacao.jpeg\" srcset=\"https:\/\/folhapopular.info\/wp-content\/uploads\/2024\/09\/Isabelle-Wietholter-e-Laudenor-Brune-c-e-Renan-Ahlert-d_Colegio-Teutonia_Divulgacao.jpeg 525w, https:\/\/folhapopular.info\/wp-content\/uploads\/2024\/09\/Isabelle-Wietholter-e-Laudenor-Brune-c-e-Renan-Ahlert-d_Colegio-Teutonia_Divulgacao-300x218.jpeg 300w\" sizes=\"(max-width: 525px) 100vw, 525px\" \/><figcaption class=\"wp-block-jetpack-slideshow_caption gallery-caption\">Isabelle Wieth\u00f6lter (e), Laudenor Brune e Renan Ahlert \/\/ Cr\u00e9dito: Col\u00e9gio Teut\u00f4nia \/ Divulga\u00e7\u00e3o<\/figcaption><\/figure><\/li><\/ul><a class=\"wp-block-jetpack-slideshow_button-prev swiper-button-prev swiper-button-white\" role=\"button\"><\/a><a class=\"wp-block-jetpack-slideshow_button-next swiper-button-next swiper-button-white\" role=\"button\"><\/a><a aria-label=\"Pause Slideshow\" class=\"wp-block-jetpack-slideshow_button-pause\" role=\"button\"><\/a><div class=\"wp-block-jetpack-slideshow_pagination swiper-pagination swiper-pagination-white\"><\/div><\/div><\/div>\n","protected":false},"excerpt":{"rendered":"<p>Os Jogos Escolares Brasileiros (Jebs) foram realizados de 20 a 23 de setembro em Recife, Pernambuco, e contaram com a presen\u00e7a de atletas de todo o pa\u00eds, inclusive de Teut\u00f4nia. Entre os alunos participantes estiveram as paratletas da Associa\u00e7\u00e3o de Pais e Amigos dos Excepcionais (Apae), Bianca Moraes de Jesus e Leticia Marques Rodrigues, que [&hellip;]<\/p>\n","protected":false},"author":732,"featured_media":169998,"comment_status":"open","ping_status":"open","sticky":false,"template":"","format":"standard","meta":{"pmpro_default_level":"","_jetpack_memberships_contains_paid_content":false,"footnotes":""},"categories":[5],"tags":[887,131,16383,26],"class_list":{"0":"post-169915","1":"post","2":"type-post","3":"status-publish","4":"format-standard","5":"has-post-thumbnail","7":"category-esportes","8":"tag-apae","9":"tag-colegio-teutonia","10":"tag-jebs","11":"tag-teutonia","12":"pmpro-has-access"},"yoast_head":"<!-- This site is optimized with the Yoast SEO plugin v27.5 - https:\/\/yoast.com\/product\/yoast-seo-wordpress\/ -->\n<title>Jovens da Apae e do CT conquistam p\u00f3dios em Recife - Folha Popular<\/title>\n<meta name=\"robots\" content=\"index, follow, max-snippet:-1, max-image-preview:large, max-video-preview:-1\" \/>\n<link rel=\"canonical\" href=\"https:\/\/folhapopular.info\/index.php\/2024\/09\/28\/jovens-da-apae-e-do-ct-conquistam-podios-em-recife\/\" \/>\n<meta property=\"og:locale\" content=\"pt_BR\" \/>\n<meta property=\"og:type\" content=\"article\" \/>\n<meta property=\"og:title\" content=\"Jovens da Apae e do CT conquistam p\u00f3dios em Recife - Folha Popular\" \/>\n<meta property=\"og:description\" content=\"Os Jogos Escolares Brasileiros (Jebs) foram realizados de 20 a 23 de setembro em Recife, Pernambuco, e contaram com a presen\u00e7a de atletas de todo o pa\u00eds, inclusive de Teut\u00f4nia. Entre os alunos participantes estiveram as paratletas da Associa\u00e7\u00e3o de Pais e Amigos dos Excepcionais (Apae), Bianca Moraes de Jesus e Leticia Marques Rodrigues, que [&hellip;]\" \/>\n<meta property=\"og:url\" content=\"https:\/\/folhapopular.info\/index.php\/2024\/09\/28\/jovens-da-apae-e-do-ct-conquistam-podios-em-recife\/\" \/>\n<meta property=\"og:site_name\" content=\"Folha Popular\" \/>\n<meta property=\"article:author\" content=\"https:\/\/www.facebook.com\/luis.huppes\/\" \/>\n<meta property=\"article:published_time\" content=\"2024-09-28T10:00:00+00:00\" \/>\n<meta property=\"og:image\" content=\"https:\/\/folhapopular.info\/wp-content\/uploads\/2024\/09\/5d07d0b9-5e31-4e9c-b534-849b56c4a2be.jpeg\" \/>\n\t<meta property=\"og:image:width\" content=\"768\" \/>\n\t<meta property=\"og:image:height\" content=\"511\" \/>\n\t<meta property=\"og:image:type\" content=\"image\/jpeg\" \/>\n<meta name=\"author\" content=\"Luis Augusto Huppes\" \/>\n<meta name=\"twitter:card\" content=\"summary_large_image\" \/>\n<meta name=\"twitter:label1\" content=\"Escrito por\" \/>\n\t<meta name=\"twitter:data1\" content=\"Luis Augusto Huppes\" \/>\n\t<meta name=\"twitter:label2\" content=\"Est. tempo de leitura\" \/>\n\t<meta name=\"twitter:data2\" content=\"3 minutos\" \/>\n<script type=\"application\/ld+json\" class=\"yoast-schema-graph\">{\"@context\":\"https:\\\/\\\/schema.org\",\"@graph\":[{\"@type\":\"Article\",\"@id\":\"https:\\\/\\\/folhapopular.info\\\/index.php\\\/2024\\\/09\\\/28\\\/jovens-da-apae-e-do-ct-conquistam-podios-em-recife\\\/#article\",\"isPartOf\":{\"@id\":\"https:\\\/\\\/folhapopular.info\\\/index.php\\\/2024\\\/09\\\/28\\\/jovens-da-apae-e-do-ct-conquistam-podios-em-recife\\\/\"},\"author\":{\"name\":\"Luis Augusto Huppes\",\"@id\":\"https:\\\/\\\/folhapopular.info\\\/#\\\/schema\\\/person\\\/e852c327371714676d02e58cf917fd9f\"},\"headline\":\"Jovens da Apae e do CT conquistam p\u00f3dios em Recife\",\"datePublished\":\"2024-09-28T10:00:00+00:00\",\"mainEntityOfPage\":{\"@id\":\"https:\\\/\\\/folhapopular.info\\\/index.php\\\/2024\\\/09\\\/28\\\/jovens-da-apae-e-do-ct-conquistam-podios-em-recife\\\/\"},\"wordCount\":433,\"commentCount\":0,\"image\":{\"@id\":\"https:\\\/\\\/folhapopular.info\\\/index.php\\\/2024\\\/09\\\/28\\\/jovens-da-apae-e-do-ct-conquistam-podios-em-recife\\\/#primaryimage\"},\"thumbnailUrl\":\"https:\\\/\\\/folhapopular.info\\\/wp-content\\\/uploads\\\/2024\\\/09\\\/5d07d0b9-5e31-4e9c-b534-849b56c4a2be.jpeg\",\"keywords\":[\"Apae\",\"Col\u00e9gio Teut\u00f4nia\",\"JEBS\",\"Teut\u00f4nia\"],\"articleSection\":[\"Esportes\"],\"inLanguage\":\"pt-BR\",\"potentialAction\":[{\"@type\":\"CommentAction\",\"name\":\"Comment\",\"target\":[\"https:\\\/\\\/folhapopular.info\\\/index.php\\\/2024\\\/09\\\/28\\\/jovens-da-apae-e-do-ct-conquistam-podios-em-recife\\\/#respond\"]}]},{\"@type\":\"WebPage\",\"@id\":\"https:\\\/\\\/folhapopular.info\\\/index.php\\\/2024\\\/09\\\/28\\\/jovens-da-apae-e-do-ct-conquistam-podios-em-recife\\\/\",\"url\":\"https:\\\/\\\/folhapopular.info\\\/index.php\\\/2024\\\/09\\\/28\\\/jovens-da-apae-e-do-ct-conquistam-podios-em-recife\\\/\",\"name\":\"Jovens da Apae e do CT conquistam p\u00f3dios em Recife - Folha Popular\",\"isPartOf\":{\"@id\":\"https:\\\/\\\/folhapopular.info\\\/#website\"},\"primaryImageOfPage\":{\"@id\":\"https:\\\/\\\/folhapopular.info\\\/index.php\\\/2024\\\/09\\\/28\\\/jovens-da-apae-e-do-ct-conquistam-podios-em-recife\\\/#primaryimage\"},\"image\":{\"@id\":\"https:\\\/\\\/folhapopular.info\\\/index.php\\\/2024\\\/09\\\/28\\\/jovens-da-apae-e-do-ct-conquistam-podios-em-recife\\\/#primaryimage\"},\"thumbnailUrl\":\"https:\\\/\\\/folhapopular.info\\\/wp-content\\\/uploads\\\/2024\\\/09\\\/5d07d0b9-5e31-4e9c-b534-849b56c4a2be.jpeg\",\"datePublished\":\"2024-09-28T10:00:00+00:00\",\"author\":{\"@id\":\"https:\\\/\\\/folhapopular.info\\\/#\\\/schema\\\/person\\\/e852c327371714676d02e58cf917fd9f\"},\"breadcrumb\":{\"@id\":\"https:\\\/\\\/folhapopular.info\\\/index.php\\\/2024\\\/09\\\/28\\\/jovens-da-apae-e-do-ct-conquistam-podios-em-recife\\\/#breadcrumb\"},\"inLanguage\":\"pt-BR\",\"potentialAction\":[{\"@type\":\"ReadAction\",\"target\":[\"https:\\\/\\\/folhapopular.info\\\/index.php\\\/2024\\\/09\\\/28\\\/jovens-da-apae-e-do-ct-conquistam-podios-em-recife\\\/\"]}]},{\"@type\":\"ImageObject\",\"inLanguage\":\"pt-BR\",\"@id\":\"https:\\\/\\\/folhapopular.info\\\/index.php\\\/2024\\\/09\\\/28\\\/jovens-da-apae-e-do-ct-conquistam-podios-em-recife\\\/#primaryimage\",\"url\":\"https:\\\/\\\/folhapopular.info\\\/wp-content\\\/uploads\\\/2024\\\/09\\\/5d07d0b9-5e31-4e9c-b534-849b56c4a2be.jpeg\",\"contentUrl\":\"https:\\\/\\\/folhapopular.info\\\/wp-content\\\/uploads\\\/2024\\\/09\\\/5d07d0b9-5e31-4e9c-b534-849b56c4a2be.jpeg\",\"width\":768,\"height\":511,\"caption\":\"Evento foi realizado no nordeste do pa\u00eds \\\/\\\/ Cr\u00e9dito: Mariana Raphael \\\/ MEsp\"},{\"@type\":\"BreadcrumbList\",\"@id\":\"https:\\\/\\\/folhapopular.info\\\/index.php\\\/2024\\\/09\\\/28\\\/jovens-da-apae-e-do-ct-conquistam-podios-em-recife\\\/#breadcrumb\",\"itemListElement\":[{\"@type\":\"ListItem\",\"position\":1,\"name\":\"In\u00edcio\",\"item\":\"https:\\\/\\\/folhapopular.info\\\/\"},{\"@type\":\"ListItem\",\"position\":2,\"name\":\"Jovens da Apae e do CT conquistam p\u00f3dios em Recife\"}]},{\"@type\":\"WebSite\",\"@id\":\"https:\\\/\\\/folhapopular.info\\\/#website\",\"url\":\"https:\\\/\\\/folhapopular.info\\\/\",\"name\":\"Folha Popular\",\"description\":\"Onde voc\u00ea tem vez e voz\",\"potentialAction\":[{\"@type\":\"SearchAction\",\"target\":{\"@type\":\"EntryPoint\",\"urlTemplate\":\"https:\\\/\\\/folhapopular.info\\\/?s={search_term_string}\"},\"query-input\":{\"@type\":\"PropertyValueSpecification\",\"valueRequired\":true,\"valueName\":\"search_term_string\"}}],\"inLanguage\":\"pt-BR\"},{\"@type\":\"Person\",\"@id\":\"https:\\\/\\\/folhapopular.info\\\/#\\\/schema\\\/person\\\/e852c327371714676d02e58cf917fd9f\",\"name\":\"Luis Augusto Huppes\",\"image\":{\"@type\":\"ImageObject\",\"inLanguage\":\"pt-BR\",\"@id\":\"https:\\\/\\\/folhapopular.info\\\/wp-content\\\/uploads\\\/2026\\\/04\\\/Luis-Augusto-Huppes-1-1.webp\",\"url\":\"https:\\\/\\\/folhapopular.info\\\/wp-content\\\/uploads\\\/2026\\\/04\\\/Luis-Augusto-Huppes-1-1.webp\",\"contentUrl\":\"https:\\\/\\\/folhapopular.info\\\/wp-content\\\/uploads\\\/2026\\\/04\\\/Luis-Augusto-Huppes-1-1.webp\",\"caption\":\"Luis Augusto Huppes\"},\"sameAs\":[\"https:\\\/\\\/www.facebook.com\\\/luis.huppes\\\/\",\"https:\\\/\\\/www.instagram.com\\\/luis.huppes\\\/\",\"https:\\\/\\\/www.linkedin.com\\\/in\\\/luis-augusto-huppes-2554b52b7\\\/\"],\"url\":\"https:\\\/\\\/folhapopular.info\\\/index.php\\\/author\\\/luis-augusto-huppes\\\/\"}]}<\/script>\n<!-- \/ Yoast SEO plugin. -->","yoast_head_json":{"title":"Jovens da Apae e do CT conquistam p\u00f3dios em Recife - Folha Popular","robots":{"index":"index","follow":"follow","max-snippet":"max-snippet:-1","max-image-preview":"max-image-preview:large","max-video-preview":"max-video-preview:-1"},"canonical":"https:\/\/folhapopular.info\/index.php\/2024\/09\/28\/jovens-da-apae-e-do-ct-conquistam-podios-em-recife\/","og_locale":"pt_BR","og_type":"article","og_title":"Jovens da Apae e do CT conquistam p\u00f3dios em Recife - Folha Popular","og_description":"Os Jogos Escolares Brasileiros (Jebs) foram realizados de 20 a 23 de setembro em Recife, Pernambuco, e contaram com a presen\u00e7a de atletas de todo o pa\u00eds, inclusive de Teut\u00f4nia. Entre os alunos participantes estiveram as paratletas da Associa\u00e7\u00e3o de Pais e Amigos dos Excepcionais (Apae), Bianca Moraes de Jesus e Leticia Marques Rodrigues, que [&hellip;]","og_url":"https:\/\/folhapopular.info\/index.php\/2024\/09\/28\/jovens-da-apae-e-do-ct-conquistam-podios-em-recife\/","og_site_name":"Folha Popular","article_author":"https:\/\/www.facebook.com\/luis.huppes\/","article_published_time":"2024-09-28T10:00:00+00:00","og_image":[{"width":768,"height":511,"url":"https:\/\/folhapopular.info\/wp-content\/uploads\/2024\/09\/5d07d0b9-5e31-4e9c-b534-849b56c4a2be.jpeg","type":"image\/jpeg"}],"author":"Luis Augusto Huppes","twitter_card":"summary_large_image","twitter_misc":{"Escrito por":"Luis Augusto Huppes","Est. tempo de leitura":"3 minutos"},"schema":{"@context":"https:\/\/schema.org","@graph":[{"@type":"Article","@id":"https:\/\/folhapopular.info\/index.php\/2024\/09\/28\/jovens-da-apae-e-do-ct-conquistam-podios-em-recife\/#article","isPartOf":{"@id":"https:\/\/folhapopular.info\/index.php\/2024\/09\/28\/jovens-da-apae-e-do-ct-conquistam-podios-em-recife\/"},"author":{"name":"Luis Augusto Huppes","@id":"https:\/\/folhapopular.info\/#\/schema\/person\/e852c327371714676d02e58cf917fd9f"},"headline":"Jovens da Apae e do CT conquistam p\u00f3dios em Recife","datePublished":"2024-09-28T10:00:00+00:00","mainEntityOfPage":{"@id":"https:\/\/folhapopular.info\/index.php\/2024\/09\/28\/jovens-da-apae-e-do-ct-conquistam-podios-em-recife\/"},"wordCount":433,"commentCount":0,"image":{"@id":"https:\/\/folhapopular.info\/index.php\/2024\/09\/28\/jovens-da-apae-e-do-ct-conquistam-podios-em-recife\/#primaryimage"},"thumbnailUrl":"https:\/\/folhapopular.info\/wp-content\/uploads\/2024\/09\/5d07d0b9-5e31-4e9c-b534-849b56c4a2be.jpeg","keywords":["Apae","Col\u00e9gio Teut\u00f4nia","JEBS","Teut\u00f4nia"],"articleSection":["Esportes"],"inLanguage":"pt-BR","potentialAction":[{"@type":"CommentAction","name":"Comment","target":["https:\/\/folhapopular.info\/index.php\/2024\/09\/28\/jovens-da-apae-e-do-ct-conquistam-podios-em-recife\/#respond"]}]},{"@type":"WebPage","@id":"https:\/\/folhapopular.info\/index.php\/2024\/09\/28\/jovens-da-apae-e-do-ct-conquistam-podios-em-recife\/","url":"https:\/\/folhapopular.info\/index.php\/2024\/09\/28\/jovens-da-apae-e-do-ct-conquistam-podios-em-recife\/","name":"Jovens da Apae e do CT conquistam p\u00f3dios em Recife - Folha Popular","isPartOf":{"@id":"https:\/\/folhapopular.info\/#website"},"primaryImageOfPage":{"@id":"https:\/\/folhapopular.info\/index.php\/2024\/09\/28\/jovens-da-apae-e-do-ct-conquistam-podios-em-recife\/#primaryimage"},"image":{"@id":"https:\/\/folhapopular.info\/index.php\/2024\/09\/28\/jovens-da-apae-e-do-ct-conquistam-podios-em-recife\/#primaryimage"},"thumbnailUrl":"https:\/\/folhapopular.info\/wp-content\/uploads\/2024\/09\/5d07d0b9-5e31-4e9c-b534-849b56c4a2be.jpeg","datePublished":"2024-09-28T10:00:00+00:00","author":{"@id":"https:\/\/folhapopular.info\/#\/schema\/person\/e852c327371714676d02e58cf917fd9f"},"breadcrumb":{"@id":"https:\/\/folhapopular.info\/index.php\/2024\/09\/28\/jovens-da-apae-e-do-ct-conquistam-podios-em-recife\/#breadcrumb"},"inLanguage":"pt-BR","potentialAction":[{"@type":"ReadAction","target":["https:\/\/folhapopular.info\/index.php\/2024\/09\/28\/jovens-da-apae-e-do-ct-conquistam-podios-em-recife\/"]}]},{"@type":"ImageObject","inLanguage":"pt-BR","@id":"https:\/\/folhapopular.info\/index.php\/2024\/09\/28\/jovens-da-apae-e-do-ct-conquistam-podios-em-recife\/#primaryimage","url":"https:\/\/folhapopular.info\/wp-content\/uploads\/2024\/09\/5d07d0b9-5e31-4e9c-b534-849b56c4a2be.jpeg","contentUrl":"https:\/\/folhapopular.info\/wp-content\/uploads\/2024\/09\/5d07d0b9-5e31-4e9c-b534-849b56c4a2be.jpeg","width":768,"height":511,"caption":"Evento foi realizado no nordeste do pa\u00eds \/\/ Cr\u00e9dito: Mariana Raphael \/ MEsp"},{"@type":"BreadcrumbList","@id":"https:\/\/folhapopular.info\/index.php\/2024\/09\/28\/jovens-da-apae-e-do-ct-conquistam-podios-em-recife\/#breadcrumb","itemListElement":[{"@type":"ListItem","position":1,"name":"In\u00edcio","item":"https:\/\/folhapopular.info\/"},{"@type":"ListItem","position":2,"name":"Jovens da Apae e do CT conquistam p\u00f3dios em Recife"}]},{"@type":"WebSite","@id":"https:\/\/folhapopular.info\/#website","url":"https:\/\/folhapopular.info\/","name":"Folha Popular","description":"Onde voc\u00ea tem vez e voz","potentialAction":[{"@type":"SearchAction","target":{"@type":"EntryPoint","urlTemplate":"https:\/\/folhapopular.info\/?s={search_term_string}"},"query-input":{"@type":"PropertyValueSpecification","valueRequired":true,"valueName":"search_term_string"}}],"inLanguage":"pt-BR"},{"@type":"Person","@id":"https:\/\/folhapopular.info\/#\/schema\/person\/e852c327371714676d02e58cf917fd9f","name":"Luis Augusto Huppes","image":{"@type":"ImageObject","inLanguage":"pt-BR","@id":"https:\/\/folhapopular.info\/wp-content\/uploads\/2026\/04\/Luis-Augusto-Huppes-1-1.webp","url":"https:\/\/folhapopular.info\/wp-content\/uploads\/2026\/04\/Luis-Augusto-Huppes-1-1.webp","contentUrl":"https:\/\/folhapopular.info\/wp-content\/uploads\/2026\/04\/Luis-Augusto-Huppes-1-1.webp","caption":"Luis Augusto Huppes"},"sameAs":["https:\/\/www.facebook.com\/luis.huppes\/","https:\/\/www.instagram.com\/luis.huppes\/","https:\/\/www.linkedin.com\/in\/luis-augusto-huppes-2554b52b7\/"],"url":"https:\/\/folhapopular.info\/index.php\/author\/luis-augusto-huppes\/"}]}},"jetpack_featured_media_url":"https:\/\/folhapopular.info\/wp-content\/uploads\/2024\/09\/5d07d0b9-5e31-4e9c-b534-849b56c4a2be.jpeg","jetpack_sharing_enabled":true,"amp_enabled":true,"_links":{"self":[{"href":"https:\/\/folhapopular.info\/index.php\/wp-json\/wp\/v2\/posts\/169915","targetHints":{"allow":["GET"]}}],"collection":[{"href":"https:\/\/folhapopular.info\/index.php\/wp-json\/wp\/v2\/posts"}],"about":[{"href":"https:\/\/folhapopular.info\/index.php\/wp-json\/wp\/v2\/types\/post"}],"author":[{"embeddable":true,"href":"https:\/\/folhapopular.info\/index.php\/wp-json\/wp\/v2\/users\/732"}],"replies":[{"embeddable":true,"href":"https:\/\/folhapopular.info\/index.php\/wp-json\/wp\/v2\/comments?post=169915"}],"version-history":[{"count":0,"href":"https:\/\/folhapopular.info\/index.php\/wp-json\/wp\/v2\/posts\/169915\/revisions"}],"wp:featuredmedia":[{"embeddable":true,"href":"https:\/\/folhapopular.info\/index.php\/wp-json\/wp\/v2\/media\/169998"}],"wp:attachment":[{"href":"https:\/\/folhapopular.info\/index.php\/wp-json\/wp\/v2\/media?parent=169915"}],"wp:term":[{"taxonomy":"category","embeddable":true,"href":"https:\/\/folhapopular.info\/index.php\/wp-json\/wp\/v2\/categories?post=169915"},{"taxonomy":"post_tag","embeddable":true,"href":"https:\/\/folhapopular.info\/index.php\/wp-json\/wp\/v2\/tags?post=169915"}],"curies":[{"name":"wp","href":"https:\/\/api.w.org\/{rel}","templated":true}]}}