{"id":169938,"date":"2024-09-27T10:25:51","date_gmt":"2024-09-27T13:25:51","guid":{"rendered":"https:\/\/folhapopular.info\/?p=169938"},"modified":"2024-09-27T10:25:55","modified_gmt":"2024-09-27T13:25:55","slug":"forum-extraordinario-elegera-membro-para-cmic-de-lajeado","status":"publish","type":"post","link":"https:\/\/folhapopular.info\/index.php\/2024\/09\/27\/forum-extraordinario-elegera-membro-para-cmic-de-lajeado\/","title":{"rendered":"F\u00f3rum Extraordin\u00e1rio eleger\u00e1 membro para CMIC de Lajeado"},"content":{"rendered":"\n<p>A secretaria da Cultura, Esporte e Lazer (Secel) e o Conselho Municipal de Pol\u00edtica Cultural (CMPC) realizamo F\u00f3rum Extraordin\u00e1rio de elei\u00e7\u00e3o para escolha de um membro da sociedade civil para compor a Comiss\u00e3o Municipal de Incentivo \u00e0 Cultura (CMIC). O encontro ocorrer\u00e1 na ter\u00e7a-feira (8\/10), \u00e0s 8h30, na Biblioteca P\u00fablica Municipal Jo\u00e3o Frederico Schaan.<\/p>\n\n\n\n<p>A CMIC \u00e9 respons\u00e1vel por analisar, selecionar e emitir pareceres sobre a viabilidade t\u00e9cnica, econ\u00f4mica e financeira dos projetos que concorrem aos Editais do Fundo Municipal de Cultura (FMC). Se voc\u00ea deseja fazer parte da CMIC, \u00e9 importante ter v\u00ednculo residencial ou profissional com o munic\u00edpio de Lajeado h\u00e1 pelo menos tr\u00eas anos, comprovar atua\u00e7\u00e3o na \u00e1rea ou segmento cultural por mais de tr\u00eas anos, e ter disponibilidade para atuar quando solicitado.<\/p>\n\n\n\n<p>Interessados devem enviar seu curr\u00edculo cultural, at\u00e9 4 de outubro, para o e-mail <a href=\"mailto:cmpc@lajeado.rs.gov.br\">cmpc@lajeado.rs.gov.br<\/a>.<\/p>\n\n\n\n<p>Mais informa\u00e7\u00f5es pelo telefone (51) 3982-1081.<\/p>\n","protected":false},"excerpt":{"rendered":"<p>A secretaria da Cultura, Esporte e Lazer (Secel) e o Conselho Municipal de Pol\u00edtica Cultural (CMPC) realizamo F\u00f3rum Extraordin\u00e1rio de elei\u00e7\u00e3o para escolha de um membro da sociedade civil para compor a Comiss\u00e3o Municipal de Incentivo \u00e0 Cultura (CMIC). O encontro ocorrer\u00e1 na ter\u00e7a-feira (8\/10), \u00e0s 8h30, na Biblioteca P\u00fablica Municipal Jo\u00e3o Frederico Schaan. A [&hellip;]<\/p>\n","protected":false},"author":8,"featured_media":169942,"comment_status":"open","ping_status":"open","sticky":false,"template":"","format":"standard","meta":{"pmpro_default_level":"","_jetpack_memberships_contains_paid_content":false,"footnotes":""},"categories":[10996,6],"tags":[16362,13739,344,16363,27,3741],"class_list":{"0":"post-169938","1":"post","2":"type-post","3":"status-publish","4":"format-standard","5":"has-post-thumbnail","7":"category-cultura","8":"category-inclusive","9":"tag-cmic","10":"tag-cmpc","11":"tag-cultura","12":"tag-forum-extraordinario","13":"tag-lajeado","14":"tag-secel","15":"pmpro-has-access"},"yoast_head":"<!-- This site is optimized with the Yoast SEO plugin v27.5 - https:\/\/yoast.com\/product\/yoast-seo-wordpress\/ -->\n<title>F\u00f3rum Extraordin\u00e1rio eleger\u00e1 membro para CMIC de Lajeado - Folha Popular<\/title>\n<meta name=\"robots\" content=\"index, follow, max-snippet:-1, max-image-preview:large, max-video-preview:-1\" \/>\n<link rel=\"canonical\" href=\"https:\/\/folhapopular.info\/index.php\/2024\/09\/27\/forum-extraordinario-elegera-membro-para-cmic-de-lajeado\/\" \/>\n<meta property=\"og:locale\" content=\"pt_BR\" \/>\n<meta property=\"og:type\" content=\"article\" \/>\n<meta property=\"og:title\" content=\"F\u00f3rum Extraordin\u00e1rio eleger\u00e1 membro para CMIC de Lajeado - Folha Popular\" \/>\n<meta property=\"og:description\" content=\"A secretaria da Cultura, Esporte e Lazer (Secel) e o Conselho Municipal de Pol\u00edtica Cultural (CMPC) realizamo F\u00f3rum Extraordin\u00e1rio de elei\u00e7\u00e3o para escolha de um membro da sociedade civil para compor a Comiss\u00e3o Municipal de Incentivo \u00e0 Cultura (CMIC). O encontro ocorrer\u00e1 na ter\u00e7a-feira (8\/10), \u00e0s 8h30, na Biblioteca P\u00fablica Municipal Jo\u00e3o Frederico Schaan. A [&hellip;]\" \/>\n<meta property=\"og:url\" content=\"https:\/\/folhapopular.info\/index.php\/2024\/09\/27\/forum-extraordinario-elegera-membro-para-cmic-de-lajeado\/\" \/>\n<meta property=\"og:site_name\" content=\"Folha Popular\" \/>\n<meta property=\"article:published_time\" content=\"2024-09-27T13:25:51+00:00\" \/>\n<meta property=\"article:modified_time\" content=\"2024-09-27T13:25:55+00:00\" \/>\n<meta property=\"og:image\" content=\"http:\/\/folhapopular.info\/wp-content\/uploads\/2024\/09\/461170486_1082824513475179_1658684640411296700_n.png\" \/>\n\t<meta property=\"og:image:width\" content=\"2048\" \/>\n\t<meta property=\"og:image:height\" content=\"1536\" \/>\n\t<meta property=\"og:image:type\" content=\"image\/png\" \/>\n<meta name=\"author\" content=\"Reda\u00e7\u00e3o Folha Popular\" \/>\n<meta name=\"twitter:card\" content=\"summary_large_image\" \/>\n<meta name=\"twitter:label1\" content=\"Escrito por\" \/>\n\t<meta name=\"twitter:data1\" content=\"Reda\u00e7\u00e3o Folha Popular\" \/>\n\t<meta name=\"twitter:label2\" content=\"Est. tempo de leitura\" \/>\n\t<meta name=\"twitter:data2\" content=\"2 minutos\" \/>\n<script type=\"application\/ld+json\" class=\"yoast-schema-graph\">{\"@context\":\"https:\\\/\\\/schema.org\",\"@graph\":[{\"@type\":\"Article\",\"@id\":\"https:\\\/\\\/folhapopular.info\\\/index.php\\\/2024\\\/09\\\/27\\\/forum-extraordinario-elegera-membro-para-cmic-de-lajeado\\\/#article\",\"isPartOf\":{\"@id\":\"https:\\\/\\\/folhapopular.info\\\/index.php\\\/2024\\\/09\\\/27\\\/forum-extraordinario-elegera-membro-para-cmic-de-lajeado\\\/\"},\"author\":{\"name\":\"Reda\u00e7\u00e3o Folha Popular\",\"@id\":\"https:\\\/\\\/folhapopular.info\\\/#\\\/schema\\\/person\\\/2814e8a0df7643585a9ca38bc6eb9d4b\"},\"headline\":\"F\u00f3rum Extraordin\u00e1rio eleger\u00e1 membro para CMIC de Lajeado\",\"datePublished\":\"2024-09-27T13:25:51+00:00\",\"dateModified\":\"2024-09-27T13:25:55+00:00\",\"mainEntityOfPage\":{\"@id\":\"https:\\\/\\\/folhapopular.info\\\/index.php\\\/2024\\\/09\\\/27\\\/forum-extraordinario-elegera-membro-para-cmic-de-lajeado\\\/\"},\"wordCount\":172,\"commentCount\":0,\"image\":{\"@id\":\"https:\\\/\\\/folhapopular.info\\\/index.php\\\/2024\\\/09\\\/27\\\/forum-extraordinario-elegera-membro-para-cmic-de-lajeado\\\/#primaryimage\"},\"thumbnailUrl\":\"https:\\\/\\\/folhapopular.info\\\/wp-content\\\/uploads\\\/2024\\\/09\\\/461170486_1082824513475179_1658684640411296700_n.png\",\"keywords\":[\"CMIC\",\"CMPC\",\"Cultura\",\"F\u00f3rum Extraordin\u00e1rio\",\"Lajeado\",\"Secel\"],\"articleSection\":[\"Cultura\",\"Inclusive\"],\"inLanguage\":\"pt-BR\",\"potentialAction\":[{\"@type\":\"CommentAction\",\"name\":\"Comment\",\"target\":[\"https:\\\/\\\/folhapopular.info\\\/index.php\\\/2024\\\/09\\\/27\\\/forum-extraordinario-elegera-membro-para-cmic-de-lajeado\\\/#respond\"]}]},{\"@type\":\"WebPage\",\"@id\":\"https:\\\/\\\/folhapopular.info\\\/index.php\\\/2024\\\/09\\\/27\\\/forum-extraordinario-elegera-membro-para-cmic-de-lajeado\\\/\",\"url\":\"https:\\\/\\\/folhapopular.info\\\/index.php\\\/2024\\\/09\\\/27\\\/forum-extraordinario-elegera-membro-para-cmic-de-lajeado\\\/\",\"name\":\"F\u00f3rum Extraordin\u00e1rio eleger\u00e1 membro para CMIC de Lajeado - Folha Popular\",\"isPartOf\":{\"@id\":\"https:\\\/\\\/folhapopular.info\\\/#website\"},\"primaryImageOfPage\":{\"@id\":\"https:\\\/\\\/folhapopular.info\\\/index.php\\\/2024\\\/09\\\/27\\\/forum-extraordinario-elegera-membro-para-cmic-de-lajeado\\\/#primaryimage\"},\"image\":{\"@id\":\"https:\\\/\\\/folhapopular.info\\\/index.php\\\/2024\\\/09\\\/27\\\/forum-extraordinario-elegera-membro-para-cmic-de-lajeado\\\/#primaryimage\"},\"thumbnailUrl\":\"https:\\\/\\\/folhapopular.info\\\/wp-content\\\/uploads\\\/2024\\\/09\\\/461170486_1082824513475179_1658684640411296700_n.png\",\"datePublished\":\"2024-09-27T13:25:51+00:00\",\"dateModified\":\"2024-09-27T13:25:55+00:00\",\"author\":{\"@id\":\"https:\\\/\\\/folhapopular.info\\\/#\\\/schema\\\/person\\\/2814e8a0df7643585a9ca38bc6eb9d4b\"},\"breadcrumb\":{\"@id\":\"https:\\\/\\\/folhapopular.info\\\/index.php\\\/2024\\\/09\\\/27\\\/forum-extraordinario-elegera-membro-para-cmic-de-lajeado\\\/#breadcrumb\"},\"inLanguage\":\"pt-BR\",\"potentialAction\":[{\"@type\":\"ReadAction\",\"target\":[\"https:\\\/\\\/folhapopular.info\\\/index.php\\\/2024\\\/09\\\/27\\\/forum-extraordinario-elegera-membro-para-cmic-de-lajeado\\\/\"]}]},{\"@type\":\"ImageObject\",\"inLanguage\":\"pt-BR\",\"@id\":\"https:\\\/\\\/folhapopular.info\\\/index.php\\\/2024\\\/09\\\/27\\\/forum-extraordinario-elegera-membro-para-cmic-de-lajeado\\\/#primaryimage\",\"url\":\"https:\\\/\\\/folhapopular.info\\\/wp-content\\\/uploads\\\/2024\\\/09\\\/461170486_1082824513475179_1658684640411296700_n.png\",\"contentUrl\":\"https:\\\/\\\/folhapopular.info\\\/wp-content\\\/uploads\\\/2024\\\/09\\\/461170486_1082824513475179_1658684640411296700_n.png\",\"width\":2048,\"height\":1536,\"caption\":\"Cr\u00e9dito: Divulga\u00e7\u00e3o\"},{\"@type\":\"BreadcrumbList\",\"@id\":\"https:\\\/\\\/folhapopular.info\\\/index.php\\\/2024\\\/09\\\/27\\\/forum-extraordinario-elegera-membro-para-cmic-de-lajeado\\\/#breadcrumb\",\"itemListElement\":[{\"@type\":\"ListItem\",\"position\":1,\"name\":\"In\u00edcio\",\"item\":\"https:\\\/\\\/folhapopular.info\\\/\"},{\"@type\":\"ListItem\",\"position\":2,\"name\":\"F\u00f3rum Extraordin\u00e1rio eleger\u00e1 membro para CMIC de Lajeado\"}]},{\"@type\":\"WebSite\",\"@id\":\"https:\\\/\\\/folhapopular.info\\\/#website\",\"url\":\"https:\\\/\\\/folhapopular.info\\\/\",\"name\":\"Folha Popular\",\"description\":\"Onde voc\u00ea tem vez e voz\",\"potentialAction\":[{\"@type\":\"SearchAction\",\"target\":{\"@type\":\"EntryPoint\",\"urlTemplate\":\"https:\\\/\\\/folhapopular.info\\\/?s={search_term_string}\"},\"query-input\":{\"@type\":\"PropertyValueSpecification\",\"valueRequired\":true,\"valueName\":\"search_term_string\"}}],\"inLanguage\":\"pt-BR\"},{\"@type\":\"Person\",\"@id\":\"https:\\\/\\\/folhapopular.info\\\/#\\\/schema\\\/person\\\/2814e8a0df7643585a9ca38bc6eb9d4b\",\"name\":\"Reda\u00e7\u00e3o Folha Popular\",\"image\":{\"@type\":\"ImageObject\",\"inLanguage\":\"pt-BR\",\"@id\":\"https:\\\/\\\/folhapopular.info\\\/wp-content\\\/uploads\\\/2026\\\/04\\\/Folha-1.webp\",\"url\":\"https:\\\/\\\/folhapopular.info\\\/wp-content\\\/uploads\\\/2026\\\/04\\\/Folha-1.webp\",\"contentUrl\":\"https:\\\/\\\/folhapopular.info\\\/wp-content\\\/uploads\\\/2026\\\/04\\\/Folha-1.webp\",\"caption\":\"Reda\u00e7\u00e3o Folha Popular\"},\"url\":\"https:\\\/\\\/folhapopular.info\\\/index.php\\\/author\\\/redacao\\\/\"}]}<\/script>\n<!-- \/ Yoast SEO plugin. -->","yoast_head_json":{"title":"F\u00f3rum Extraordin\u00e1rio eleger\u00e1 membro para CMIC de Lajeado - Folha Popular","robots":{"index":"index","follow":"follow","max-snippet":"max-snippet:-1","max-image-preview":"max-image-preview:large","max-video-preview":"max-video-preview:-1"},"canonical":"https:\/\/folhapopular.info\/index.php\/2024\/09\/27\/forum-extraordinario-elegera-membro-para-cmic-de-lajeado\/","og_locale":"pt_BR","og_type":"article","og_title":"F\u00f3rum Extraordin\u00e1rio eleger\u00e1 membro para CMIC de Lajeado - Folha Popular","og_description":"A secretaria da Cultura, Esporte e Lazer (Secel) e o Conselho Municipal de Pol\u00edtica Cultural (CMPC) realizamo F\u00f3rum Extraordin\u00e1rio de elei\u00e7\u00e3o para escolha de um membro da sociedade civil para compor a Comiss\u00e3o Municipal de Incentivo \u00e0 Cultura (CMIC). O encontro ocorrer\u00e1 na ter\u00e7a-feira (8\/10), \u00e0s 8h30, na Biblioteca P\u00fablica Municipal Jo\u00e3o Frederico Schaan. A [&hellip;]","og_url":"https:\/\/folhapopular.info\/index.php\/2024\/09\/27\/forum-extraordinario-elegera-membro-para-cmic-de-lajeado\/","og_site_name":"Folha Popular","article_published_time":"2024-09-27T13:25:51+00:00","article_modified_time":"2024-09-27T13:25:55+00:00","og_image":[{"width":2048,"height":1536,"url":"http:\/\/folhapopular.info\/wp-content\/uploads\/2024\/09\/461170486_1082824513475179_1658684640411296700_n.png","type":"image\/png"}],"author":"Reda\u00e7\u00e3o Folha Popular","twitter_card":"summary_large_image","twitter_misc":{"Escrito por":"Reda\u00e7\u00e3o Folha Popular","Est. tempo de leitura":"2 minutos"},"schema":{"@context":"https:\/\/schema.org","@graph":[{"@type":"Article","@id":"https:\/\/folhapopular.info\/index.php\/2024\/09\/27\/forum-extraordinario-elegera-membro-para-cmic-de-lajeado\/#article","isPartOf":{"@id":"https:\/\/folhapopular.info\/index.php\/2024\/09\/27\/forum-extraordinario-elegera-membro-para-cmic-de-lajeado\/"},"author":{"name":"Reda\u00e7\u00e3o Folha Popular","@id":"https:\/\/folhapopular.info\/#\/schema\/person\/2814e8a0df7643585a9ca38bc6eb9d4b"},"headline":"F\u00f3rum Extraordin\u00e1rio eleger\u00e1 membro para CMIC de Lajeado","datePublished":"2024-09-27T13:25:51+00:00","dateModified":"2024-09-27T13:25:55+00:00","mainEntityOfPage":{"@id":"https:\/\/folhapopular.info\/index.php\/2024\/09\/27\/forum-extraordinario-elegera-membro-para-cmic-de-lajeado\/"},"wordCount":172,"commentCount":0,"image":{"@id":"https:\/\/folhapopular.info\/index.php\/2024\/09\/27\/forum-extraordinario-elegera-membro-para-cmic-de-lajeado\/#primaryimage"},"thumbnailUrl":"https:\/\/folhapopular.info\/wp-content\/uploads\/2024\/09\/461170486_1082824513475179_1658684640411296700_n.png","keywords":["CMIC","CMPC","Cultura","F\u00f3rum Extraordin\u00e1rio","Lajeado","Secel"],"articleSection":["Cultura","Inclusive"],"inLanguage":"pt-BR","potentialAction":[{"@type":"CommentAction","name":"Comment","target":["https:\/\/folhapopular.info\/index.php\/2024\/09\/27\/forum-extraordinario-elegera-membro-para-cmic-de-lajeado\/#respond"]}]},{"@type":"WebPage","@id":"https:\/\/folhapopular.info\/index.php\/2024\/09\/27\/forum-extraordinario-elegera-membro-para-cmic-de-lajeado\/","url":"https:\/\/folhapopular.info\/index.php\/2024\/09\/27\/forum-extraordinario-elegera-membro-para-cmic-de-lajeado\/","name":"F\u00f3rum Extraordin\u00e1rio eleger\u00e1 membro para CMIC de Lajeado - Folha Popular","isPartOf":{"@id":"https:\/\/folhapopular.info\/#website"},"primaryImageOfPage":{"@id":"https:\/\/folhapopular.info\/index.php\/2024\/09\/27\/forum-extraordinario-elegera-membro-para-cmic-de-lajeado\/#primaryimage"},"image":{"@id":"https:\/\/folhapopular.info\/index.php\/2024\/09\/27\/forum-extraordinario-elegera-membro-para-cmic-de-lajeado\/#primaryimage"},"thumbnailUrl":"https:\/\/folhapopular.info\/wp-content\/uploads\/2024\/09\/461170486_1082824513475179_1658684640411296700_n.png","datePublished":"2024-09-27T13:25:51+00:00","dateModified":"2024-09-27T13:25:55+00:00","author":{"@id":"https:\/\/folhapopular.info\/#\/schema\/person\/2814e8a0df7643585a9ca38bc6eb9d4b"},"breadcrumb":{"@id":"https:\/\/folhapopular.info\/index.php\/2024\/09\/27\/forum-extraordinario-elegera-membro-para-cmic-de-lajeado\/#breadcrumb"},"inLanguage":"pt-BR","potentialAction":[{"@type":"ReadAction","target":["https:\/\/folhapopular.info\/index.php\/2024\/09\/27\/forum-extraordinario-elegera-membro-para-cmic-de-lajeado\/"]}]},{"@type":"ImageObject","inLanguage":"pt-BR","@id":"https:\/\/folhapopular.info\/index.php\/2024\/09\/27\/forum-extraordinario-elegera-membro-para-cmic-de-lajeado\/#primaryimage","url":"https:\/\/folhapopular.info\/wp-content\/uploads\/2024\/09\/461170486_1082824513475179_1658684640411296700_n.png","contentUrl":"https:\/\/folhapopular.info\/wp-content\/uploads\/2024\/09\/461170486_1082824513475179_1658684640411296700_n.png","width":2048,"height":1536,"caption":"Cr\u00e9dito: Divulga\u00e7\u00e3o"},{"@type":"BreadcrumbList","@id":"https:\/\/folhapopular.info\/index.php\/2024\/09\/27\/forum-extraordinario-elegera-membro-para-cmic-de-lajeado\/#breadcrumb","itemListElement":[{"@type":"ListItem","position":1,"name":"In\u00edcio","item":"https:\/\/folhapopular.info\/"},{"@type":"ListItem","position":2,"name":"F\u00f3rum Extraordin\u00e1rio eleger\u00e1 membro para CMIC de Lajeado"}]},{"@type":"WebSite","@id":"https:\/\/folhapopular.info\/#website","url":"https:\/\/folhapopular.info\/","name":"Folha Popular","description":"Onde voc\u00ea tem vez e voz","potentialAction":[{"@type":"SearchAction","target":{"@type":"EntryPoint","urlTemplate":"https:\/\/folhapopular.info\/?s={search_term_string}"},"query-input":{"@type":"PropertyValueSpecification","valueRequired":true,"valueName":"search_term_string"}}],"inLanguage":"pt-BR"},{"@type":"Person","@id":"https:\/\/folhapopular.info\/#\/schema\/person\/2814e8a0df7643585a9ca38bc6eb9d4b","name":"Reda\u00e7\u00e3o Folha Popular","image":{"@type":"ImageObject","inLanguage":"pt-BR","@id":"https:\/\/folhapopular.info\/wp-content\/uploads\/2026\/04\/Folha-1.webp","url":"https:\/\/folhapopular.info\/wp-content\/uploads\/2026\/04\/Folha-1.webp","contentUrl":"https:\/\/folhapopular.info\/wp-content\/uploads\/2026\/04\/Folha-1.webp","caption":"Reda\u00e7\u00e3o Folha Popular"},"url":"https:\/\/folhapopular.info\/index.php\/author\/redacao\/"}]}},"jetpack_featured_media_url":"https:\/\/folhapopular.info\/wp-content\/uploads\/2024\/09\/461170486_1082824513475179_1658684640411296700_n.png","jetpack_sharing_enabled":true,"amp_enabled":true,"_links":{"self":[{"href":"https:\/\/folhapopular.info\/index.php\/wp-json\/wp\/v2\/posts\/169938","targetHints":{"allow":["GET"]}}],"collection":[{"href":"https:\/\/folhapopular.info\/index.php\/wp-json\/wp\/v2\/posts"}],"about":[{"href":"https:\/\/folhapopular.info\/index.php\/wp-json\/wp\/v2\/types\/post"}],"author":[{"embeddable":true,"href":"https:\/\/folhapopular.info\/index.php\/wp-json\/wp\/v2\/users\/8"}],"replies":[{"embeddable":true,"href":"https:\/\/folhapopular.info\/index.php\/wp-json\/wp\/v2\/comments?post=169938"}],"version-history":[{"count":0,"href":"https:\/\/folhapopular.info\/index.php\/wp-json\/wp\/v2\/posts\/169938\/revisions"}],"wp:featuredmedia":[{"embeddable":true,"href":"https:\/\/folhapopular.info\/index.php\/wp-json\/wp\/v2\/media\/169942"}],"wp:attachment":[{"href":"https:\/\/folhapopular.info\/index.php\/wp-json\/wp\/v2\/media?parent=169938"}],"wp:term":[{"taxonomy":"category","embeddable":true,"href":"https:\/\/folhapopular.info\/index.php\/wp-json\/wp\/v2\/categories?post=169938"},{"taxonomy":"post_tag","embeddable":true,"href":"https:\/\/folhapopular.info\/index.php\/wp-json\/wp\/v2\/tags?post=169938"}],"curies":[{"name":"wp","href":"https:\/\/api.w.org\/{rel}","templated":true}]}}