{"id":170009,"date":"2024-09-28T08:09:40","date_gmt":"2024-09-28T11:09:40","guid":{"rendered":"https:\/\/folhapopular.info\/?p=170009"},"modified":"2024-09-28T08:09:43","modified_gmt":"2024-09-28T11:09:43","slug":"incendio-consome-residencia-no-interior-de-venancio-aires","status":"publish","type":"post","link":"https:\/\/folhapopular.info\/index.php\/2024\/09\/28\/incendio-consome-residencia-no-interior-de-venancio-aires\/","title":{"rendered":"Inc\u00eandio consome resid\u00eancia no interior de Ven\u00e2ncio Aires"},"content":{"rendered":"\n<p class=\"wp-block-paragraph\">No in\u00edcio da madrugada deste s\u00e1bado (28\/9), o Corpo de Bombeiros Militar foi acionado para controlar um inc\u00eandio na localidade de Linha Herval, interior de Ven\u00e2ncio Aires.<\/p>\n\n\n\n<p class=\"wp-block-paragraph\">Foram usados 3 mil litros de \u00e1gua para apagar as chamas que atingiram uma casa de madeira. Houve queima total da resid\u00eancia de 45 metros quadrados. Ningu\u00e9m se feriu. As causas do sinistro s\u00e3o desconhecidas.<\/p>\n","protected":false},"excerpt":{"rendered":"<p>No in\u00edcio da madrugada deste s\u00e1bado (28\/9), o Corpo de Bombeiros Militar foi acionado para controlar um inc\u00eandio na localidade de Linha Herval, interior de Ven\u00e2ncio Aires. Foram usados 3 mil litros de \u00e1gua para apagar as chamas que atingiram uma casa de madeira. Houve queima total da resid\u00eancia de 45 metros quadrados. Ningu\u00e9m se [&hellip;]<\/p>\n","protected":false},"author":8,"featured_media":170018,"comment_status":"open","ping_status":"open","sticky":false,"template":"","format":"standard","meta":{"pmpro_default_level":"","_jetpack_memberships_contains_paid_content":false,"footnotes":""},"categories":[10984,7],"tags":[],"class_list":["post-170009","post","type-post","status-publish","format-standard","has-post-thumbnail","category-bombeiros","category-seguranca","pmpro-has-access"],"yoast_head":"<!-- This site is optimized with the Yoast SEO plugin v28.4 - https:\/\/yoast.com\/product\/yoast-seo-wordpress\/ -->\n<title>Inc\u00eandio consome resid\u00eancia no interior de Ven\u00e2ncio Aires - Folha Popular<\/title>\n<meta name=\"robots\" content=\"index, follow, max-snippet:-1, max-image-preview:large, max-video-preview:-1\" \/>\n<link rel=\"canonical\" href=\"https:\/\/folhapopular.info\/index.php\/2024\/09\/28\/incendio-consome-residencia-no-interior-de-venancio-aires\/\" \/>\n<meta property=\"og:locale\" content=\"pt_BR\" \/>\n<meta property=\"og:type\" content=\"article\" \/>\n<meta property=\"og:title\" content=\"Inc\u00eandio consome resid\u00eancia no interior de Ven\u00e2ncio Aires - Folha Popular\" \/>\n<meta property=\"og:description\" content=\"No in\u00edcio da madrugada deste s\u00e1bado (28\/9), o Corpo de Bombeiros Militar foi acionado para controlar um inc\u00eandio na localidade de Linha Herval, interior de Ven\u00e2ncio Aires. Foram usados 3 mil litros de \u00e1gua para apagar as chamas que atingiram uma casa de madeira. Houve queima total da resid\u00eancia de 45 metros quadrados. Ningu\u00e9m se [&hellip;]\" \/>\n<meta property=\"og:url\" content=\"https:\/\/folhapopular.info\/index.php\/2024\/09\/28\/incendio-consome-residencia-no-interior-de-venancio-aires\/\" \/>\n<meta property=\"og:site_name\" content=\"Folha Popular\" \/>\n<meta property=\"article:published_time\" content=\"2024-09-28T11:09:40+00:00\" \/>\n<meta property=\"article:modified_time\" content=\"2024-09-28T11:09:43+00:00\" \/>\n<meta property=\"og:image\" content=\"http:\/\/folhapopular.info\/wp-content\/uploads\/2024\/09\/WhatsApp-Image-2024-09-28-at-01.40.43.jpeg\" \/>\n\t<meta property=\"og:image:width\" content=\"1280\" \/>\n\t<meta property=\"og:image:height\" content=\"960\" \/>\n\t<meta property=\"og:image:type\" content=\"image\/jpeg\" \/>\n<meta name=\"author\" content=\"Reda\u00e7\u00e3o Folha Popular\" \/>\n<meta name=\"twitter:card\" content=\"summary_large_image\" \/>\n<meta name=\"twitter:label1\" content=\"Escrito por\" \/>\n\t<meta name=\"twitter:data1\" content=\"Reda\u00e7\u00e3o Folha Popular\" \/>\n\t<meta name=\"twitter:label2\" content=\"Est. tempo de leitura\" \/>\n\t<meta name=\"twitter:data2\" content=\"1 minuto\" \/>\n<script type=\"application\/ld+json\" class=\"yoast-schema-graph\">{\"@context\":\"https:\\\/\\\/schema.org\",\"@graph\":[{\"@type\":\"Article\",\"@id\":\"https:\\\/\\\/folhapopular.info\\\/index.php\\\/2024\\\/09\\\/28\\\/incendio-consome-residencia-no-interior-de-venancio-aires\\\/#article\",\"isPartOf\":{\"@id\":\"https:\\\/\\\/folhapopular.info\\\/index.php\\\/2024\\\/09\\\/28\\\/incendio-consome-residencia-no-interior-de-venancio-aires\\\/\"},\"author\":{\"name\":\"Reda\u00e7\u00e3o Folha Popular\",\"@id\":\"https:\\\/\\\/folhapopular.info\\\/#\\\/schema\\\/person\\\/2814e8a0df7643585a9ca38bc6eb9d4b\"},\"headline\":\"Inc\u00eandio consome resid\u00eancia no interior de Ven\u00e2ncio Aires\",\"datePublished\":\"2024-09-28T11:09:40+00:00\",\"dateModified\":\"2024-09-28T11:09:43+00:00\",\"mainEntityOfPage\":{\"@id\":\"https:\\\/\\\/folhapopular.info\\\/index.php\\\/2024\\\/09\\\/28\\\/incendio-consome-residencia-no-interior-de-venancio-aires\\\/\"},\"wordCount\":77,\"commentCount\":0,\"image\":{\"@id\":\"https:\\\/\\\/folhapopular.info\\\/index.php\\\/2024\\\/09\\\/28\\\/incendio-consome-residencia-no-interior-de-venancio-aires\\\/#primaryimage\"},\"thumbnailUrl\":\"https:\\\/\\\/folhapopular.info\\\/wp-content\\\/uploads\\\/2024\\\/09\\\/WhatsApp-Image-2024-09-28-at-01.40.43.jpeg\",\"articleSection\":[\"Bombeiros\",\"Seguran\u00e7a\"],\"inLanguage\":\"pt-BR\",\"potentialAction\":[{\"@type\":\"CommentAction\",\"name\":\"Comment\",\"target\":[\"https:\\\/\\\/folhapopular.info\\\/index.php\\\/2024\\\/09\\\/28\\\/incendio-consome-residencia-no-interior-de-venancio-aires\\\/#respond\"]}]},{\"@type\":\"WebPage\",\"@id\":\"https:\\\/\\\/folhapopular.info\\\/index.php\\\/2024\\\/09\\\/28\\\/incendio-consome-residencia-no-interior-de-venancio-aires\\\/\",\"url\":\"https:\\\/\\\/folhapopular.info\\\/index.php\\\/2024\\\/09\\\/28\\\/incendio-consome-residencia-no-interior-de-venancio-aires\\\/\",\"name\":\"Inc\u00eandio consome resid\u00eancia no interior de Ven\u00e2ncio Aires - Folha Popular\",\"isPartOf\":{\"@id\":\"https:\\\/\\\/folhapopular.info\\\/#website\"},\"primaryImageOfPage\":{\"@id\":\"https:\\\/\\\/folhapopular.info\\\/index.php\\\/2024\\\/09\\\/28\\\/incendio-consome-residencia-no-interior-de-venancio-aires\\\/#primaryimage\"},\"image\":{\"@id\":\"https:\\\/\\\/folhapopular.info\\\/index.php\\\/2024\\\/09\\\/28\\\/incendio-consome-residencia-no-interior-de-venancio-aires\\\/#primaryimage\"},\"thumbnailUrl\":\"https:\\\/\\\/folhapopular.info\\\/wp-content\\\/uploads\\\/2024\\\/09\\\/WhatsApp-Image-2024-09-28-at-01.40.43.jpeg\",\"datePublished\":\"2024-09-28T11:09:40+00:00\",\"dateModified\":\"2024-09-28T11:09:43+00:00\",\"author\":{\"@id\":\"https:\\\/\\\/folhapopular.info\\\/#\\\/schema\\\/person\\\/2814e8a0df7643585a9ca38bc6eb9d4b\"},\"breadcrumb\":{\"@id\":\"https:\\\/\\\/folhapopular.info\\\/index.php\\\/2024\\\/09\\\/28\\\/incendio-consome-residencia-no-interior-de-venancio-aires\\\/#breadcrumb\"},\"inLanguage\":\"pt-BR\",\"potentialAction\":[{\"@type\":\"ReadAction\",\"target\":[\"https:\\\/\\\/folhapopular.info\\\/index.php\\\/2024\\\/09\\\/28\\\/incendio-consome-residencia-no-interior-de-venancio-aires\\\/\"]}]},{\"@type\":\"ImageObject\",\"inLanguage\":\"pt-BR\",\"@id\":\"https:\\\/\\\/folhapopular.info\\\/index.php\\\/2024\\\/09\\\/28\\\/incendio-consome-residencia-no-interior-de-venancio-aires\\\/#primaryimage\",\"url\":\"https:\\\/\\\/folhapopular.info\\\/wp-content\\\/uploads\\\/2024\\\/09\\\/WhatsApp-Image-2024-09-28-at-01.40.43.jpeg\",\"contentUrl\":\"https:\\\/\\\/folhapopular.info\\\/wp-content\\\/uploads\\\/2024\\\/09\\\/WhatsApp-Image-2024-09-28-at-01.40.43.jpeg\",\"width\":1280,\"height\":960,\"caption\":\"Cr\u00e9dito: Bombeiros Militares \\\/ Divulga\u00e7\u00e3o\"},{\"@type\":\"BreadcrumbList\",\"@id\":\"https:\\\/\\\/folhapopular.info\\\/index.php\\\/2024\\\/09\\\/28\\\/incendio-consome-residencia-no-interior-de-venancio-aires\\\/#breadcrumb\",\"itemListElement\":[{\"@type\":\"ListItem\",\"position\":1,\"name\":\"In\u00edcio\",\"item\":\"https:\\\/\\\/folhapopular.info\\\/\"},{\"@type\":\"ListItem\",\"position\":2,\"name\":\"Inc\u00eandio consome resid\u00eancia no interior de Ven\u00e2ncio Aires\"}]},{\"@type\":\"WebSite\",\"@id\":\"https:\\\/\\\/folhapopular.info\\\/#website\",\"url\":\"https:\\\/\\\/folhapopular.info\\\/\",\"name\":\"Folha Popular\",\"description\":\"Onde voc\u00ea tem vez e voz\",\"potentialAction\":[{\"@type\":\"SearchAction\",\"target\":{\"@type\":\"EntryPoint\",\"urlTemplate\":\"https:\\\/\\\/folhapopular.info\\\/?s={search_term_string}\"},\"query-input\":{\"@type\":\"PropertyValueSpecification\",\"valueRequired\":true,\"valueName\":\"search_term_string\"}}],\"inLanguage\":\"pt-BR\"},{\"@type\":\"Person\",\"@id\":\"https:\\\/\\\/folhapopular.info\\\/#\\\/schema\\\/person\\\/2814e8a0df7643585a9ca38bc6eb9d4b\",\"name\":\"Reda\u00e7\u00e3o Folha Popular\",\"image\":{\"@type\":\"ImageObject\",\"inLanguage\":\"pt-BR\",\"@id\":\"https:\\\/\\\/folhapopular.info\\\/wp-content\\\/uploads\\\/2026\\\/04\\\/Folha-1.webp\",\"url\":\"https:\\\/\\\/folhapopular.info\\\/wp-content\\\/uploads\\\/2026\\\/04\\\/Folha-1.webp\",\"contentUrl\":\"https:\\\/\\\/folhapopular.info\\\/wp-content\\\/uploads\\\/2026\\\/04\\\/Folha-1.webp\",\"caption\":\"Reda\u00e7\u00e3o Folha Popular\"},\"url\":\"https:\\\/\\\/folhapopular.info\\\/index.php\\\/author\\\/redacao\\\/\"}]}<\/script>\n<!-- \/ Yoast SEO plugin. -->","yoast_head_json":{"title":"Inc\u00eandio consome resid\u00eancia no interior de Ven\u00e2ncio Aires - Folha Popular","robots":{"index":"index","follow":"follow","max-snippet":"max-snippet:-1","max-image-preview":"max-image-preview:large","max-video-preview":"max-video-preview:-1"},"canonical":"https:\/\/folhapopular.info\/index.php\/2024\/09\/28\/incendio-consome-residencia-no-interior-de-venancio-aires\/","og_locale":"pt_BR","og_type":"article","og_title":"Inc\u00eandio consome resid\u00eancia no interior de Ven\u00e2ncio Aires - Folha Popular","og_description":"No in\u00edcio da madrugada deste s\u00e1bado (28\/9), o Corpo de Bombeiros Militar foi acionado para controlar um inc\u00eandio na localidade de Linha Herval, interior de Ven\u00e2ncio Aires. Foram usados 3 mil litros de \u00e1gua para apagar as chamas que atingiram uma casa de madeira. Houve queima total da resid\u00eancia de 45 metros quadrados. Ningu\u00e9m se [&hellip;]","og_url":"https:\/\/folhapopular.info\/index.php\/2024\/09\/28\/incendio-consome-residencia-no-interior-de-venancio-aires\/","og_site_name":"Folha Popular","article_published_time":"2024-09-28T11:09:40+00:00","article_modified_time":"2024-09-28T11:09:43+00:00","og_image":[{"width":1280,"height":960,"url":"http:\/\/folhapopular.info\/wp-content\/uploads\/2024\/09\/WhatsApp-Image-2024-09-28-at-01.40.43.jpeg","type":"image\/jpeg"}],"author":"Reda\u00e7\u00e3o Folha Popular","twitter_card":"summary_large_image","twitter_misc":{"Escrito por":"Reda\u00e7\u00e3o Folha Popular","Est. tempo de leitura":"1 minuto"},"schema":{"@context":"https:\/\/schema.org","@graph":[{"@type":"Article","@id":"https:\/\/folhapopular.info\/index.php\/2024\/09\/28\/incendio-consome-residencia-no-interior-de-venancio-aires\/#article","isPartOf":{"@id":"https:\/\/folhapopular.info\/index.php\/2024\/09\/28\/incendio-consome-residencia-no-interior-de-venancio-aires\/"},"author":{"name":"Reda\u00e7\u00e3o Folha Popular","@id":"https:\/\/folhapopular.info\/#\/schema\/person\/2814e8a0df7643585a9ca38bc6eb9d4b"},"headline":"Inc\u00eandio consome resid\u00eancia no interior de Ven\u00e2ncio Aires","datePublished":"2024-09-28T11:09:40+00:00","dateModified":"2024-09-28T11:09:43+00:00","mainEntityOfPage":{"@id":"https:\/\/folhapopular.info\/index.php\/2024\/09\/28\/incendio-consome-residencia-no-interior-de-venancio-aires\/"},"wordCount":77,"commentCount":0,"image":{"@id":"https:\/\/folhapopular.info\/index.php\/2024\/09\/28\/incendio-consome-residencia-no-interior-de-venancio-aires\/#primaryimage"},"thumbnailUrl":"https:\/\/folhapopular.info\/wp-content\/uploads\/2024\/09\/WhatsApp-Image-2024-09-28-at-01.40.43.jpeg","articleSection":["Bombeiros","Seguran\u00e7a"],"inLanguage":"pt-BR","potentialAction":[{"@type":"CommentAction","name":"Comment","target":["https:\/\/folhapopular.info\/index.php\/2024\/09\/28\/incendio-consome-residencia-no-interior-de-venancio-aires\/#respond"]}]},{"@type":"WebPage","@id":"https:\/\/folhapopular.info\/index.php\/2024\/09\/28\/incendio-consome-residencia-no-interior-de-venancio-aires\/","url":"https:\/\/folhapopular.info\/index.php\/2024\/09\/28\/incendio-consome-residencia-no-interior-de-venancio-aires\/","name":"Inc\u00eandio consome resid\u00eancia no interior de Ven\u00e2ncio Aires - Folha Popular","isPartOf":{"@id":"https:\/\/folhapopular.info\/#website"},"primaryImageOfPage":{"@id":"https:\/\/folhapopular.info\/index.php\/2024\/09\/28\/incendio-consome-residencia-no-interior-de-venancio-aires\/#primaryimage"},"image":{"@id":"https:\/\/folhapopular.info\/index.php\/2024\/09\/28\/incendio-consome-residencia-no-interior-de-venancio-aires\/#primaryimage"},"thumbnailUrl":"https:\/\/folhapopular.info\/wp-content\/uploads\/2024\/09\/WhatsApp-Image-2024-09-28-at-01.40.43.jpeg","datePublished":"2024-09-28T11:09:40+00:00","dateModified":"2024-09-28T11:09:43+00:00","author":{"@id":"https:\/\/folhapopular.info\/#\/schema\/person\/2814e8a0df7643585a9ca38bc6eb9d4b"},"breadcrumb":{"@id":"https:\/\/folhapopular.info\/index.php\/2024\/09\/28\/incendio-consome-residencia-no-interior-de-venancio-aires\/#breadcrumb"},"inLanguage":"pt-BR","potentialAction":[{"@type":"ReadAction","target":["https:\/\/folhapopular.info\/index.php\/2024\/09\/28\/incendio-consome-residencia-no-interior-de-venancio-aires\/"]}]},{"@type":"ImageObject","inLanguage":"pt-BR","@id":"https:\/\/folhapopular.info\/index.php\/2024\/09\/28\/incendio-consome-residencia-no-interior-de-venancio-aires\/#primaryimage","url":"https:\/\/folhapopular.info\/wp-content\/uploads\/2024\/09\/WhatsApp-Image-2024-09-28-at-01.40.43.jpeg","contentUrl":"https:\/\/folhapopular.info\/wp-content\/uploads\/2024\/09\/WhatsApp-Image-2024-09-28-at-01.40.43.jpeg","width":1280,"height":960,"caption":"Cr\u00e9dito: Bombeiros Militares \/ Divulga\u00e7\u00e3o"},{"@type":"BreadcrumbList","@id":"https:\/\/folhapopular.info\/index.php\/2024\/09\/28\/incendio-consome-residencia-no-interior-de-venancio-aires\/#breadcrumb","itemListElement":[{"@type":"ListItem","position":1,"name":"In\u00edcio","item":"https:\/\/folhapopular.info\/"},{"@type":"ListItem","position":2,"name":"Inc\u00eandio consome resid\u00eancia no interior de Ven\u00e2ncio Aires"}]},{"@type":"WebSite","@id":"https:\/\/folhapopular.info\/#website","url":"https:\/\/folhapopular.info\/","name":"Folha Popular","description":"Onde voc\u00ea tem vez e voz","potentialAction":[{"@type":"SearchAction","target":{"@type":"EntryPoint","urlTemplate":"https:\/\/folhapopular.info\/?s={search_term_string}"},"query-input":{"@type":"PropertyValueSpecification","valueRequired":true,"valueName":"search_term_string"}}],"inLanguage":"pt-BR"},{"@type":"Person","@id":"https:\/\/folhapopular.info\/#\/schema\/person\/2814e8a0df7643585a9ca38bc6eb9d4b","name":"Reda\u00e7\u00e3o Folha Popular","image":{"@type":"ImageObject","inLanguage":"pt-BR","@id":"https:\/\/folhapopular.info\/wp-content\/uploads\/2026\/04\/Folha-1.webp","url":"https:\/\/folhapopular.info\/wp-content\/uploads\/2026\/04\/Folha-1.webp","contentUrl":"https:\/\/folhapopular.info\/wp-content\/uploads\/2026\/04\/Folha-1.webp","caption":"Reda\u00e7\u00e3o Folha Popular"},"url":"https:\/\/folhapopular.info\/index.php\/author\/redacao\/"}]}},"jetpack_sharing_enabled":true,"amp_enabled":true,"jetpack_featured_media_url":"https:\/\/folhapopular.info\/wp-content\/uploads\/2024\/09\/WhatsApp-Image-2024-09-28-at-01.40.43.jpeg","_links":{"self":[{"href":"https:\/\/folhapopular.info\/index.php\/wp-json\/wp\/v2\/posts\/170009","targetHints":{"allow":["GET"]}}],"collection":[{"href":"https:\/\/folhapopular.info\/index.php\/wp-json\/wp\/v2\/posts"}],"about":[{"href":"https:\/\/folhapopular.info\/index.php\/wp-json\/wp\/v2\/types\/post"}],"author":[{"embeddable":true,"href":"https:\/\/folhapopular.info\/index.php\/wp-json\/wp\/v2\/users\/8"}],"replies":[{"embeddable":true,"href":"https:\/\/folhapopular.info\/index.php\/wp-json\/wp\/v2\/comments?post=170009"}],"version-history":[{"count":0,"href":"https:\/\/folhapopular.info\/index.php\/wp-json\/wp\/v2\/posts\/170009\/revisions"}],"wp:featuredmedia":[{"embeddable":true,"href":"https:\/\/folhapopular.info\/index.php\/wp-json\/wp\/v2\/media\/170018"}],"wp:attachment":[{"href":"https:\/\/folhapopular.info\/index.php\/wp-json\/wp\/v2\/media?parent=170009"}],"wp:term":[{"taxonomy":"category","embeddable":true,"href":"https:\/\/folhapopular.info\/index.php\/wp-json\/wp\/v2\/categories?post=170009"},{"taxonomy":"post_tag","embeddable":true,"href":"https:\/\/folhapopular.info\/index.php\/wp-json\/wp\/v2\/tags?post=170009"}],"curies":[{"name":"wp","href":"https:\/\/api.w.org\/{rel}","templated":true}]}}