{"id":170073,"date":"2024-09-28T11:00:00","date_gmt":"2024-09-28T14:00:00","guid":{"rendered":"https:\/\/folhapopular.info\/?p=170073"},"modified":"2024-09-28T11:04:32","modified_gmt":"2024-09-28T14:04:32","slug":"tradicionalismo-e-memoria-presente-e-futuro-para-ismael-henrique-de-oliveira","status":"publish","type":"post","link":"https:\/\/folhapopular.info\/index.php\/2024\/09\/28\/tradicionalismo-e-memoria-presente-e-futuro-para-ismael-henrique-de-oliveira\/","title":{"rendered":"Tradicionalismo \u00e9 mem\u00f3ria, presente e futuro para Ismael Henrique de Oliveira"},"content":{"rendered":"<p>Natural de Estrela, o ferreiro Ismael Henrique de Oliveira (33) tem o tradicionalismo no sangue. A paix\u00e3o \u00e9 dividida entre a fam\u00edlia, as lidas com cavalos e os amigos m\u00fasicos da banda Gauchada Galponeira. Do pai Pedro Paulo de Oliveira (75) e do av\u00f4 Manuel Ant\u00f4nio de Oliveira (em mem\u00f3ria), herdou a paix\u00e3o pelos cavalos&#8230;. <\/p>\n<div class=\"pmpro\">\n<div class=\"pmpro_card pmpro_content_message\">\n<div class=\"pmpro_card_content\">Este conte\u00fado \u00e9 apenas para associados Grupo Popular &#8211; Conte\u00fado Total Anual e Grupo Popular &#8211; Conte\u00fado Total Mensal. <br \/><a href=\"https:\/\/folhapopular.info\/wp-login.php?action=register\">Cadastre-se<\/a><\/div>\n<div class=\"pmpro_card_actions pmpro_font-medium\">J\u00e1 se associou? <a href=\"https:\/\/folhapopular.info\/wp-login.php?redirect_to=https%3A%2F%2Ffolhapopular.info%2Findex.php%2F2024%2F09%2F28%2Ftradicionalismo-e-memoria-presente-e-futuro-para-ismael-henrique-de-oliveira%2F\">Acesse aqui<\/a><\/div>\n<\/div>\n<\/div>\n","protected":false},"excerpt":{"rendered":"<p>Natural de Estrela, o ferreiro Ismael Henrique de Oliveira (33) tem o tradicionalismo no sangue. A paix\u00e3o \u00e9 dividida entre a fam\u00edlia, as lidas com cavalos e os amigos m\u00fasicos da banda Gauchada Galponeira. Do pai Pedro Paulo de Oliveira (75) e do av\u00f4 Manuel Ant\u00f4nio de Oliveira (em mem\u00f3ria), herdou a paix\u00e3o pelos cavalos.... <\/p>\n<div class=\"pmpro\"><div class=\"pmpro_card pmpro_content_message\"><div class=\"pmpro_card_content\">Este conte\u00fado \u00e9 apenas para associados Grupo Popular - Conte\u00fado Total Anual e Grupo Popular - Conte\u00fado Total Mensal. <br \/><a href=\"https:\/\/folhapopular.info\/wp-login.php?action=register\">Cadastre-se<\/a><\/div><div class=\"pmpro_card_actions pmpro_font-medium\">J\u00e1 se associou? <a href=\"https:\/\/folhapopular.info\/wp-login.php?redirect_to=https%3A%2F%2Ffolhapopular.info%2Findex.php%2F2024%2F09%2F28%2Ftradicionalismo-e-memoria-presente-e-futuro-para-ismael-henrique-de-oliveira%2F\">Acesse aqui<\/a><\/div><\/div><\/div>","protected":false},"author":707,"featured_media":170103,"comment_status":"open","ping_status":"open","sticky":false,"template":"","format":"standard","meta":{"pmpro_default_level":"","_jetpack_memberships_contains_paid_content":false,"footnotes":""},"categories":[11078,5990,10996,2,6],"tags":[344,34,16396,1794,77],"class_list":{"0":"post-170073","1":"post","2":"type-post","3":"status-publish","4":"format-standard","5":"has-post-thumbnail","7":"category-assinantes","8":"category-conteudo-exclusivo","9":"category-cultura","10":"category-featured","11":"category-inclusive","12":"tag-cultura","13":"tag-imigrante","14":"tag-ismael-henrique-de-oliveira","15":"tag-rio-grande-do-sul","16":"tag-tradicionalismo","17":"pmpro-level-required","18":"pmpro-level-2","19":"pmpro-level-4","20":"pmpro-level-5","21":"pmpro-no-access"},"yoast_head":"<!-- This site is optimized with the Yoast SEO plugin v27.5 - https:\/\/yoast.com\/product\/yoast-seo-wordpress\/ -->\n<title>Tradicionalismo \u00e9 mem\u00f3ria, presente e futuro para Ismael Henrique de Oliveira - Folha Popular<\/title>\n<meta name=\"robots\" content=\"index, follow, max-snippet:-1, max-image-preview:large, max-video-preview:-1\" \/>\n<link rel=\"canonical\" href=\"https:\/\/folhapopular.info\/index.php\/2024\/09\/28\/tradicionalismo-e-memoria-presente-e-futuro-para-ismael-henrique-de-oliveira\/\" \/>\n<meta property=\"og:locale\" content=\"pt_BR\" \/>\n<meta property=\"og:type\" content=\"article\" \/>\n<meta property=\"og:title\" content=\"Tradicionalismo \u00e9 mem\u00f3ria, presente e futuro para Ismael Henrique de Oliveira - Folha Popular\" \/>\n<meta property=\"og:description\" content=\"Natural de Estrela, o ferreiro Ismael Henrique de Oliveira (33) tem o tradicionalismo no sangue. A paix\u00e3o \u00e9 dividida entre a fam\u00edlia, as lidas com cavalos e os amigos m\u00fasicos da banda Gauchada Galponeira. Do pai Pedro Paulo de Oliveira (75) e do av\u00f4 Manuel Ant\u00f4nio de Oliveira (em mem\u00f3ria), herdou a paix\u00e3o pelos cavalos. [&hellip;]\" \/>\n<meta property=\"og:url\" content=\"https:\/\/folhapopular.info\/index.php\/2024\/09\/28\/tradicionalismo-e-memoria-presente-e-futuro-para-ismael-henrique-de-oliveira\/\" \/>\n<meta property=\"og:site_name\" content=\"Folha Popular\" \/>\n<meta property=\"article:published_time\" content=\"2024-09-28T14:00:00+00:00\" \/>\n<meta property=\"article:modified_time\" content=\"2024-09-28T14:04:32+00:00\" \/>\n<meta property=\"og:image\" content=\"http:\/\/folhapopular.info\/wp-content\/uploads\/2024\/09\/Andreia_-Otavio-e-Ismael-no-rodeio-de-Paverama-2024_-Arquivo-pessoal-e1727532261340-1024x1005.png\" \/>\n\t<meta property=\"og:image:width\" content=\"1024\" \/>\n\t<meta property=\"og:image:height\" content=\"1005\" \/>\n\t<meta property=\"og:image:type\" content=\"image\/png\" \/>\n<meta name=\"author\" content=\"Ariana de Oliveira\" \/>\n<meta name=\"twitter:card\" content=\"summary_large_image\" \/>\n<meta name=\"twitter:label1\" content=\"Escrito por\" \/>\n\t<meta name=\"twitter:data1\" content=\"Ariana de Oliveira\" \/>\n\t<meta name=\"twitter:label2\" content=\"Est. tempo de leitura\" \/>\n\t<meta name=\"twitter:data2\" content=\"6 minutos\" \/>\n<script type=\"application\/ld+json\" class=\"yoast-schema-graph\">{\"@context\":\"https:\\\/\\\/schema.org\",\"@graph\":[{\"@type\":\"Article\",\"@id\":\"https:\\\/\\\/folhapopular.info\\\/index.php\\\/2024\\\/09\\\/28\\\/tradicionalismo-e-memoria-presente-e-futuro-para-ismael-henrique-de-oliveira\\\/#article\",\"isPartOf\":{\"@id\":\"https:\\\/\\\/folhapopular.info\\\/index.php\\\/2024\\\/09\\\/28\\\/tradicionalismo-e-memoria-presente-e-futuro-para-ismael-henrique-de-oliveira\\\/\"},\"author\":{\"name\":\"Ariana de Oliveira\",\"@id\":\"https:\\\/\\\/folhapopular.info\\\/#\\\/schema\\\/person\\\/e80d332e33633a6164933af03d7ee1b2\"},\"headline\":\"Tradicionalismo \u00e9 mem\u00f3ria, presente e futuro para Ismael Henrique de Oliveira\",\"datePublished\":\"2024-09-28T14:00:00+00:00\",\"dateModified\":\"2024-09-28T14:04:32+00:00\",\"mainEntityOfPage\":{\"@id\":\"https:\\\/\\\/folhapopular.info\\\/index.php\\\/2024\\\/09\\\/28\\\/tradicionalismo-e-memoria-presente-e-futuro-para-ismael-henrique-de-oliveira\\\/\"},\"wordCount\":871,\"commentCount\":0,\"image\":{\"@id\":\"https:\\\/\\\/folhapopular.info\\\/index.php\\\/2024\\\/09\\\/28\\\/tradicionalismo-e-memoria-presente-e-futuro-para-ismael-henrique-de-oliveira\\\/#primaryimage\"},\"thumbnailUrl\":\"https:\\\/\\\/folhapopular.info\\\/wp-content\\\/uploads\\\/2024\\\/09\\\/Andreia_-Otavio-e-Ismael-no-rodeio-de-Paverama-2024_-Arquivo-pessoal-e1727532261340.png\",\"keywords\":[\"Cultura\",\"Imigrante\",\"Ismael Henrique de Oliveira\",\"Rio Grande do Sul\",\"Tradicionalismo\"],\"articleSection\":[\"Assinantes\",\"Conte\u00fado Exclusivo\",\"Cultura\",\"Destaques\",\"Inclusive\"],\"inLanguage\":\"pt-BR\",\"potentialAction\":[{\"@type\":\"CommentAction\",\"name\":\"Comment\",\"target\":[\"https:\\\/\\\/folhapopular.info\\\/index.php\\\/2024\\\/09\\\/28\\\/tradicionalismo-e-memoria-presente-e-futuro-para-ismael-henrique-de-oliveira\\\/#respond\"]}]},{\"@type\":\"WebPage\",\"@id\":\"https:\\\/\\\/folhapopular.info\\\/index.php\\\/2024\\\/09\\\/28\\\/tradicionalismo-e-memoria-presente-e-futuro-para-ismael-henrique-de-oliveira\\\/\",\"url\":\"https:\\\/\\\/folhapopular.info\\\/index.php\\\/2024\\\/09\\\/28\\\/tradicionalismo-e-memoria-presente-e-futuro-para-ismael-henrique-de-oliveira\\\/\",\"name\":\"Tradicionalismo \u00e9 mem\u00f3ria, presente e futuro para Ismael Henrique de Oliveira - Folha Popular\",\"isPartOf\":{\"@id\":\"https:\\\/\\\/folhapopular.info\\\/#website\"},\"primaryImageOfPage\":{\"@id\":\"https:\\\/\\\/folhapopular.info\\\/index.php\\\/2024\\\/09\\\/28\\\/tradicionalismo-e-memoria-presente-e-futuro-para-ismael-henrique-de-oliveira\\\/#primaryimage\"},\"image\":{\"@id\":\"https:\\\/\\\/folhapopular.info\\\/index.php\\\/2024\\\/09\\\/28\\\/tradicionalismo-e-memoria-presente-e-futuro-para-ismael-henrique-de-oliveira\\\/#primaryimage\"},\"thumbnailUrl\":\"https:\\\/\\\/folhapopular.info\\\/wp-content\\\/uploads\\\/2024\\\/09\\\/Andreia_-Otavio-e-Ismael-no-rodeio-de-Paverama-2024_-Arquivo-pessoal-e1727532261340.png\",\"datePublished\":\"2024-09-28T14:00:00+00:00\",\"dateModified\":\"2024-09-28T14:04:32+00:00\",\"author\":{\"@id\":\"https:\\\/\\\/folhapopular.info\\\/#\\\/schema\\\/person\\\/e80d332e33633a6164933af03d7ee1b2\"},\"breadcrumb\":{\"@id\":\"https:\\\/\\\/folhapopular.info\\\/index.php\\\/2024\\\/09\\\/28\\\/tradicionalismo-e-memoria-presente-e-futuro-para-ismael-henrique-de-oliveira\\\/#breadcrumb\"},\"inLanguage\":\"pt-BR\",\"potentialAction\":[{\"@type\":\"ReadAction\",\"target\":[\"https:\\\/\\\/folhapopular.info\\\/index.php\\\/2024\\\/09\\\/28\\\/tradicionalismo-e-memoria-presente-e-futuro-para-ismael-henrique-de-oliveira\\\/\"]}]},{\"@type\":\"ImageObject\",\"inLanguage\":\"pt-BR\",\"@id\":\"https:\\\/\\\/folhapopular.info\\\/index.php\\\/2024\\\/09\\\/28\\\/tradicionalismo-e-memoria-presente-e-futuro-para-ismael-henrique-de-oliveira\\\/#primaryimage\",\"url\":\"https:\\\/\\\/folhapopular.info\\\/wp-content\\\/uploads\\\/2024\\\/09\\\/Andreia_-Otavio-e-Ismael-no-rodeio-de-Paverama-2024_-Arquivo-pessoal-e1727532261340.png\",\"contentUrl\":\"https:\\\/\\\/folhapopular.info\\\/wp-content\\\/uploads\\\/2024\\\/09\\\/Andreia_-Otavio-e-Ismael-no-rodeio-de-Paverama-2024_-Arquivo-pessoal-e1727532261340.png\",\"width\":1200,\"height\":1178,\"caption\":\"Andr\u00e9ia, Ot\u00e1vio e Ismael no rodeio de Paverama 2024 \\\/\\\/ Cr\u00e9dito: Arquivo pessoal\"},{\"@type\":\"BreadcrumbList\",\"@id\":\"https:\\\/\\\/folhapopular.info\\\/index.php\\\/2024\\\/09\\\/28\\\/tradicionalismo-e-memoria-presente-e-futuro-para-ismael-henrique-de-oliveira\\\/#breadcrumb\",\"itemListElement\":[{\"@type\":\"ListItem\",\"position\":1,\"name\":\"In\u00edcio\",\"item\":\"https:\\\/\\\/folhapopular.info\\\/\"},{\"@type\":\"ListItem\",\"position\":2,\"name\":\"Tradicionalismo \u00e9 mem\u00f3ria, presente e futuro para Ismael Henrique de Oliveira\"}]},{\"@type\":\"WebSite\",\"@id\":\"https:\\\/\\\/folhapopular.info\\\/#website\",\"url\":\"https:\\\/\\\/folhapopular.info\\\/\",\"name\":\"Folha Popular\",\"description\":\"Onde voc\u00ea tem vez e voz\",\"potentialAction\":[{\"@type\":\"SearchAction\",\"target\":{\"@type\":\"EntryPoint\",\"urlTemplate\":\"https:\\\/\\\/folhapopular.info\\\/?s={search_term_string}\"},\"query-input\":{\"@type\":\"PropertyValueSpecification\",\"valueRequired\":true,\"valueName\":\"search_term_string\"}}],\"inLanguage\":\"pt-BR\"},{\"@type\":\"Person\",\"@id\":\"https:\\\/\\\/folhapopular.info\\\/#\\\/schema\\\/person\\\/e80d332e33633a6164933af03d7ee1b2\",\"name\":\"Ariana de Oliveira\",\"image\":{\"@type\":\"ImageObject\",\"inLanguage\":\"pt-BR\",\"@id\":\"https:\\\/\\\/secure.gravatar.com\\\/avatar\\\/f41f85ba276460e0a04f6d5aca07e53f273efeee7e662d9ef431432a18216f59?s=96&d=mm&r=g\",\"url\":\"https:\\\/\\\/secure.gravatar.com\\\/avatar\\\/f41f85ba276460e0a04f6d5aca07e53f273efeee7e662d9ef431432a18216f59?s=96&d=mm&r=g\",\"contentUrl\":\"https:\\\/\\\/secure.gravatar.com\\\/avatar\\\/f41f85ba276460e0a04f6d5aca07e53f273efeee7e662d9ef431432a18216f59?s=96&d=mm&r=g\",\"caption\":\"Ariana de Oliveira\"},\"url\":\"https:\\\/\\\/folhapopular.info\\\/index.php\\\/author\\\/ariana-deoliveiragmail-com\\\/\"}]}<\/script>\n<!-- \/ Yoast SEO plugin. -->","yoast_head_json":{"title":"Tradicionalismo \u00e9 mem\u00f3ria, presente e futuro para Ismael Henrique de Oliveira - Folha Popular","robots":{"index":"index","follow":"follow","max-snippet":"max-snippet:-1","max-image-preview":"max-image-preview:large","max-video-preview":"max-video-preview:-1"},"canonical":"https:\/\/folhapopular.info\/index.php\/2024\/09\/28\/tradicionalismo-e-memoria-presente-e-futuro-para-ismael-henrique-de-oliveira\/","og_locale":"pt_BR","og_type":"article","og_title":"Tradicionalismo \u00e9 mem\u00f3ria, presente e futuro para Ismael Henrique de Oliveira - Folha Popular","og_description":"Natural de Estrela, o ferreiro Ismael Henrique de Oliveira (33) tem o tradicionalismo no sangue. A paix\u00e3o \u00e9 dividida entre a fam\u00edlia, as lidas com cavalos e os amigos m\u00fasicos da banda Gauchada Galponeira. Do pai Pedro Paulo de Oliveira (75) e do av\u00f4 Manuel Ant\u00f4nio de Oliveira (em mem\u00f3ria), herdou a paix\u00e3o pelos cavalos. [&hellip;]","og_url":"https:\/\/folhapopular.info\/index.php\/2024\/09\/28\/tradicionalismo-e-memoria-presente-e-futuro-para-ismael-henrique-de-oliveira\/","og_site_name":"Folha Popular","article_published_time":"2024-09-28T14:00:00+00:00","article_modified_time":"2024-09-28T14:04:32+00:00","og_image":[{"width":1024,"height":1005,"url":"http:\/\/folhapopular.info\/wp-content\/uploads\/2024\/09\/Andreia_-Otavio-e-Ismael-no-rodeio-de-Paverama-2024_-Arquivo-pessoal-e1727532261340-1024x1005.png","type":"image\/png"}],"author":"Ariana de Oliveira","twitter_card":"summary_large_image","twitter_misc":{"Escrito por":"Ariana de Oliveira","Est. tempo de leitura":"6 minutos"},"schema":{"@context":"https:\/\/schema.org","@graph":[{"@type":"Article","@id":"https:\/\/folhapopular.info\/index.php\/2024\/09\/28\/tradicionalismo-e-memoria-presente-e-futuro-para-ismael-henrique-de-oliveira\/#article","isPartOf":{"@id":"https:\/\/folhapopular.info\/index.php\/2024\/09\/28\/tradicionalismo-e-memoria-presente-e-futuro-para-ismael-henrique-de-oliveira\/"},"author":{"name":"Ariana de Oliveira","@id":"https:\/\/folhapopular.info\/#\/schema\/person\/e80d332e33633a6164933af03d7ee1b2"},"headline":"Tradicionalismo \u00e9 mem\u00f3ria, presente e futuro para Ismael Henrique de Oliveira","datePublished":"2024-09-28T14:00:00+00:00","dateModified":"2024-09-28T14:04:32+00:00","mainEntityOfPage":{"@id":"https:\/\/folhapopular.info\/index.php\/2024\/09\/28\/tradicionalismo-e-memoria-presente-e-futuro-para-ismael-henrique-de-oliveira\/"},"wordCount":871,"commentCount":0,"image":{"@id":"https:\/\/folhapopular.info\/index.php\/2024\/09\/28\/tradicionalismo-e-memoria-presente-e-futuro-para-ismael-henrique-de-oliveira\/#primaryimage"},"thumbnailUrl":"https:\/\/folhapopular.info\/wp-content\/uploads\/2024\/09\/Andreia_-Otavio-e-Ismael-no-rodeio-de-Paverama-2024_-Arquivo-pessoal-e1727532261340.png","keywords":["Cultura","Imigrante","Ismael Henrique de Oliveira","Rio Grande do Sul","Tradicionalismo"],"articleSection":["Assinantes","Conte\u00fado Exclusivo","Cultura","Destaques","Inclusive"],"inLanguage":"pt-BR","potentialAction":[{"@type":"CommentAction","name":"Comment","target":["https:\/\/folhapopular.info\/index.php\/2024\/09\/28\/tradicionalismo-e-memoria-presente-e-futuro-para-ismael-henrique-de-oliveira\/#respond"]}]},{"@type":"WebPage","@id":"https:\/\/folhapopular.info\/index.php\/2024\/09\/28\/tradicionalismo-e-memoria-presente-e-futuro-para-ismael-henrique-de-oliveira\/","url":"https:\/\/folhapopular.info\/index.php\/2024\/09\/28\/tradicionalismo-e-memoria-presente-e-futuro-para-ismael-henrique-de-oliveira\/","name":"Tradicionalismo \u00e9 mem\u00f3ria, presente e futuro para Ismael Henrique de Oliveira - Folha Popular","isPartOf":{"@id":"https:\/\/folhapopular.info\/#website"},"primaryImageOfPage":{"@id":"https:\/\/folhapopular.info\/index.php\/2024\/09\/28\/tradicionalismo-e-memoria-presente-e-futuro-para-ismael-henrique-de-oliveira\/#primaryimage"},"image":{"@id":"https:\/\/folhapopular.info\/index.php\/2024\/09\/28\/tradicionalismo-e-memoria-presente-e-futuro-para-ismael-henrique-de-oliveira\/#primaryimage"},"thumbnailUrl":"https:\/\/folhapopular.info\/wp-content\/uploads\/2024\/09\/Andreia_-Otavio-e-Ismael-no-rodeio-de-Paverama-2024_-Arquivo-pessoal-e1727532261340.png","datePublished":"2024-09-28T14:00:00+00:00","dateModified":"2024-09-28T14:04:32+00:00","author":{"@id":"https:\/\/folhapopular.info\/#\/schema\/person\/e80d332e33633a6164933af03d7ee1b2"},"breadcrumb":{"@id":"https:\/\/folhapopular.info\/index.php\/2024\/09\/28\/tradicionalismo-e-memoria-presente-e-futuro-para-ismael-henrique-de-oliveira\/#breadcrumb"},"inLanguage":"pt-BR","potentialAction":[{"@type":"ReadAction","target":["https:\/\/folhapopular.info\/index.php\/2024\/09\/28\/tradicionalismo-e-memoria-presente-e-futuro-para-ismael-henrique-de-oliveira\/"]}]},{"@type":"ImageObject","inLanguage":"pt-BR","@id":"https:\/\/folhapopular.info\/index.php\/2024\/09\/28\/tradicionalismo-e-memoria-presente-e-futuro-para-ismael-henrique-de-oliveira\/#primaryimage","url":"https:\/\/folhapopular.info\/wp-content\/uploads\/2024\/09\/Andreia_-Otavio-e-Ismael-no-rodeio-de-Paverama-2024_-Arquivo-pessoal-e1727532261340.png","contentUrl":"https:\/\/folhapopular.info\/wp-content\/uploads\/2024\/09\/Andreia_-Otavio-e-Ismael-no-rodeio-de-Paverama-2024_-Arquivo-pessoal-e1727532261340.png","width":1200,"height":1178,"caption":"Andr\u00e9ia, Ot\u00e1vio e Ismael no rodeio de Paverama 2024 \/\/ Cr\u00e9dito: Arquivo pessoal"},{"@type":"BreadcrumbList","@id":"https:\/\/folhapopular.info\/index.php\/2024\/09\/28\/tradicionalismo-e-memoria-presente-e-futuro-para-ismael-henrique-de-oliveira\/#breadcrumb","itemListElement":[{"@type":"ListItem","position":1,"name":"In\u00edcio","item":"https:\/\/folhapopular.info\/"},{"@type":"ListItem","position":2,"name":"Tradicionalismo \u00e9 mem\u00f3ria, presente e futuro para Ismael Henrique de Oliveira"}]},{"@type":"WebSite","@id":"https:\/\/folhapopular.info\/#website","url":"https:\/\/folhapopular.info\/","name":"Folha Popular","description":"Onde voc\u00ea tem vez e voz","potentialAction":[{"@type":"SearchAction","target":{"@type":"EntryPoint","urlTemplate":"https:\/\/folhapopular.info\/?s={search_term_string}"},"query-input":{"@type":"PropertyValueSpecification","valueRequired":true,"valueName":"search_term_string"}}],"inLanguage":"pt-BR"},{"@type":"Person","@id":"https:\/\/folhapopular.info\/#\/schema\/person\/e80d332e33633a6164933af03d7ee1b2","name":"Ariana de Oliveira","image":{"@type":"ImageObject","inLanguage":"pt-BR","@id":"https:\/\/secure.gravatar.com\/avatar\/f41f85ba276460e0a04f6d5aca07e53f273efeee7e662d9ef431432a18216f59?s=96&d=mm&r=g","url":"https:\/\/secure.gravatar.com\/avatar\/f41f85ba276460e0a04f6d5aca07e53f273efeee7e662d9ef431432a18216f59?s=96&d=mm&r=g","contentUrl":"https:\/\/secure.gravatar.com\/avatar\/f41f85ba276460e0a04f6d5aca07e53f273efeee7e662d9ef431432a18216f59?s=96&d=mm&r=g","caption":"Ariana de Oliveira"},"url":"https:\/\/folhapopular.info\/index.php\/author\/ariana-deoliveiragmail-com\/"}]}},"jetpack_featured_media_url":"https:\/\/folhapopular.info\/wp-content\/uploads\/2024\/09\/Andreia_-Otavio-e-Ismael-no-rodeio-de-Paverama-2024_-Arquivo-pessoal-e1727532261340.png","jetpack_sharing_enabled":true,"amp_enabled":true,"_links":{"self":[{"href":"https:\/\/folhapopular.info\/index.php\/wp-json\/wp\/v2\/posts\/170073","targetHints":{"allow":["GET"]}}],"collection":[{"href":"https:\/\/folhapopular.info\/index.php\/wp-json\/wp\/v2\/posts"}],"about":[{"href":"https:\/\/folhapopular.info\/index.php\/wp-json\/wp\/v2\/types\/post"}],"author":[{"embeddable":true,"href":"https:\/\/folhapopular.info\/index.php\/wp-json\/wp\/v2\/users\/707"}],"replies":[{"embeddable":true,"href":"https:\/\/folhapopular.info\/index.php\/wp-json\/wp\/v2\/comments?post=170073"}],"version-history":[{"count":0,"href":"https:\/\/folhapopular.info\/index.php\/wp-json\/wp\/v2\/posts\/170073\/revisions"}],"wp:featuredmedia":[{"embeddable":true,"href":"https:\/\/folhapopular.info\/index.php\/wp-json\/wp\/v2\/media\/170103"}],"wp:attachment":[{"href":"https:\/\/folhapopular.info\/index.php\/wp-json\/wp\/v2\/media?parent=170073"}],"wp:term":[{"taxonomy":"category","embeddable":true,"href":"https:\/\/folhapopular.info\/index.php\/wp-json\/wp\/v2\/categories?post=170073"},{"taxonomy":"post_tag","embeddable":true,"href":"https:\/\/folhapopular.info\/index.php\/wp-json\/wp\/v2\/tags?post=170073"}],"curies":[{"name":"wp","href":"https:\/\/api.w.org\/{rel}","templated":true}]}}