{"id":170348,"date":"2024-10-01T17:37:16","date_gmt":"2024-10-01T20:37:16","guid":{"rendered":"https:\/\/folhapopular.info\/?p=170348"},"modified":"2024-10-01T17:37:20","modified_gmt":"2024-10-01T20:37:20","slug":"homem-e-preso-apos-furtar-ferramentas-da-casa-da-propria-mae-em-teutonia","status":"publish","type":"post","link":"https:\/\/folhapopular.info\/index.php\/2024\/10\/01\/homem-e-preso-apos-furtar-ferramentas-da-casa-da-propria-mae-em-teutonia\/","title":{"rendered":"Homem \u00e9 preso ap\u00f3s furtar ferramentas da casa da pr\u00f3pria m\u00e3e em Teut\u00f4nia"},"content":{"rendered":"\n<p>Na tarde desta segunda-feira (30\/9), a Brigada Militar prendeu um homem de 42 anos por furto qualificado no Bairro Canabarro, em Teut\u00f4nia. <\/p>\n\n\n\n<p>Ap\u00f3s den\u00fancias de que um homem suspeito estaria vendendo ferramentas na rua, as guarni\u00e7\u00f5es se deslocaram at\u00e9 o local e visualizaram o suspeito.<\/p>\n\n\n\n<p>Foi realizada a abordagem, momento em que um familiar do abordado fez contato com as guarni\u00e7\u00f5es, relatando que o mesmo havia arrombado a casa de sua m\u00e3e e furtado as ferramentas. Foi feito contato com a v\u00edtima que confirmou o ocorrido. <\/p>\n\n\n\n<p>O homem j\u00e1 possu\u00eda passagens por tr\u00e1fico de entorpecentes, furto qualificado, furto de ve\u00edculo, furto em ve\u00edculo e amea\u00e7a.<\/p>\n\n\n\n<p>Diante dos fatos, o homem foi preso e encaminhado \u00e0 Delegacia de Teut\u00f4nia.<\/p>\n\n\n\n<p><strong>Materiais apreendidos:<\/strong><\/p>\n\n\n\n<p>1 mala de viagem;<\/p>\n\n\n\n<p>1 lavadora de alta press\u00e3o;<\/p>\n\n\n\n<p>1 plaina el\u00e9trica;<\/p>\n\n\n\n<p>2 esmerilhadeiras;<\/p>\n\n\n\n<p>1 serra circular;<\/p>\n\n\n\n<p>1 lixadeira el\u00e9trica;<\/p>\n\n\n\n<p>1 cortador de cer\u00e2mica.<\/p>\n","protected":false},"excerpt":{"rendered":"<p>Na tarde desta segunda-feira (30\/9), a Brigada Militar prendeu um homem de 42 anos por furto qualificado no Bairro Canabarro, em Teut\u00f4nia. Ap\u00f3s den\u00fancias de que um homem suspeito estaria vendendo ferramentas na rua, as guarni\u00e7\u00f5es se deslocaram at\u00e9 o local e visualizaram o suspeito. Foi realizada a abordagem, momento em que um familiar do [&hellip;]<\/p>\n","protected":false},"author":8,"featured_media":170357,"comment_status":"open","ping_status":"open","sticky":false,"template":"","format":"standard","meta":{"pmpro_default_level":"","_jetpack_memberships_contains_paid_content":false,"footnotes":""},"categories":[10982,7],"tags":[],"class_list":{"0":"post-170348","1":"post","2":"type-post","3":"status-publish","4":"format-standard","5":"has-post-thumbnail","7":"category-policia","8":"category-seguranca","9":"pmpro-has-access"},"yoast_head":"<!-- This site is optimized with the Yoast SEO plugin v27.5 - https:\/\/yoast.com\/product\/yoast-seo-wordpress\/ -->\n<title>Homem \u00e9 preso ap\u00f3s furtar ferramentas da casa da pr\u00f3pria m\u00e3e em Teut\u00f4nia - Folha Popular<\/title>\n<meta name=\"robots\" content=\"index, follow, max-snippet:-1, max-image-preview:large, max-video-preview:-1\" \/>\n<link rel=\"canonical\" href=\"https:\/\/folhapopular.info\/index.php\/2024\/10\/01\/homem-e-preso-apos-furtar-ferramentas-da-casa-da-propria-mae-em-teutonia\/\" \/>\n<meta property=\"og:locale\" content=\"pt_BR\" \/>\n<meta property=\"og:type\" content=\"article\" \/>\n<meta property=\"og:title\" content=\"Homem \u00e9 preso ap\u00f3s furtar ferramentas da casa da pr\u00f3pria m\u00e3e em Teut\u00f4nia - Folha Popular\" \/>\n<meta property=\"og:description\" content=\"Na tarde desta segunda-feira (30\/9), a Brigada Militar prendeu um homem de 42 anos por furto qualificado no Bairro Canabarro, em Teut\u00f4nia. Ap\u00f3s den\u00fancias de que um homem suspeito estaria vendendo ferramentas na rua, as guarni\u00e7\u00f5es se deslocaram at\u00e9 o local e visualizaram o suspeito. Foi realizada a abordagem, momento em que um familiar do [&hellip;]\" \/>\n<meta property=\"og:url\" content=\"https:\/\/folhapopular.info\/index.php\/2024\/10\/01\/homem-e-preso-apos-furtar-ferramentas-da-casa-da-propria-mae-em-teutonia\/\" \/>\n<meta property=\"og:site_name\" content=\"Folha Popular\" \/>\n<meta property=\"article:published_time\" content=\"2024-10-01T20:37:16+00:00\" \/>\n<meta property=\"article:modified_time\" content=\"2024-10-01T20:37:20+00:00\" \/>\n<meta property=\"og:image\" content=\"http:\/\/folhapopular.info\/wp-content\/uploads\/2024\/10\/WhatsApp-Image-2024-10-01-at-14.42.41.jpeg\" \/>\n\t<meta property=\"og:image:width\" content=\"991\" \/>\n\t<meta property=\"og:image:height\" content=\"576\" \/>\n\t<meta property=\"og:image:type\" content=\"image\/jpeg\" \/>\n<meta name=\"author\" content=\"Reda\u00e7\u00e3o Folha Popular\" \/>\n<meta name=\"twitter:card\" content=\"summary_large_image\" \/>\n<meta name=\"twitter:label1\" content=\"Escrito por\" \/>\n\t<meta name=\"twitter:data1\" content=\"Reda\u00e7\u00e3o Folha Popular\" \/>\n\t<meta name=\"twitter:label2\" content=\"Est. tempo de leitura\" \/>\n\t<meta name=\"twitter:data2\" content=\"1 minuto\" \/>\n<script type=\"application\/ld+json\" class=\"yoast-schema-graph\">{\"@context\":\"https:\\\/\\\/schema.org\",\"@graph\":[{\"@type\":\"Article\",\"@id\":\"https:\\\/\\\/folhapopular.info\\\/index.php\\\/2024\\\/10\\\/01\\\/homem-e-preso-apos-furtar-ferramentas-da-casa-da-propria-mae-em-teutonia\\\/#article\",\"isPartOf\":{\"@id\":\"https:\\\/\\\/folhapopular.info\\\/index.php\\\/2024\\\/10\\\/01\\\/homem-e-preso-apos-furtar-ferramentas-da-casa-da-propria-mae-em-teutonia\\\/\"},\"author\":{\"name\":\"Reda\u00e7\u00e3o Folha Popular\",\"@id\":\"https:\\\/\\\/folhapopular.info\\\/#\\\/schema\\\/person\\\/2814e8a0df7643585a9ca38bc6eb9d4b\"},\"headline\":\"Homem \u00e9 preso ap\u00f3s furtar ferramentas da casa da pr\u00f3pria m\u00e3e em Teut\u00f4nia\",\"datePublished\":\"2024-10-01T20:37:16+00:00\",\"dateModified\":\"2024-10-01T20:37:20+00:00\",\"mainEntityOfPage\":{\"@id\":\"https:\\\/\\\/folhapopular.info\\\/index.php\\\/2024\\\/10\\\/01\\\/homem-e-preso-apos-furtar-ferramentas-da-casa-da-propria-mae-em-teutonia\\\/\"},\"wordCount\":167,\"commentCount\":0,\"image\":{\"@id\":\"https:\\\/\\\/folhapopular.info\\\/index.php\\\/2024\\\/10\\\/01\\\/homem-e-preso-apos-furtar-ferramentas-da-casa-da-propria-mae-em-teutonia\\\/#primaryimage\"},\"thumbnailUrl\":\"https:\\\/\\\/folhapopular.info\\\/wp-content\\\/uploads\\\/2024\\\/10\\\/WhatsApp-Image-2024-10-01-at-14.42.41.jpeg\",\"articleSection\":[\"Pol\u00edcia\",\"Seguran\u00e7a\"],\"inLanguage\":\"pt-BR\",\"potentialAction\":[{\"@type\":\"CommentAction\",\"name\":\"Comment\",\"target\":[\"https:\\\/\\\/folhapopular.info\\\/index.php\\\/2024\\\/10\\\/01\\\/homem-e-preso-apos-furtar-ferramentas-da-casa-da-propria-mae-em-teutonia\\\/#respond\"]}]},{\"@type\":\"WebPage\",\"@id\":\"https:\\\/\\\/folhapopular.info\\\/index.php\\\/2024\\\/10\\\/01\\\/homem-e-preso-apos-furtar-ferramentas-da-casa-da-propria-mae-em-teutonia\\\/\",\"url\":\"https:\\\/\\\/folhapopular.info\\\/index.php\\\/2024\\\/10\\\/01\\\/homem-e-preso-apos-furtar-ferramentas-da-casa-da-propria-mae-em-teutonia\\\/\",\"name\":\"Homem \u00e9 preso ap\u00f3s furtar ferramentas da casa da pr\u00f3pria m\u00e3e em Teut\u00f4nia - Folha Popular\",\"isPartOf\":{\"@id\":\"https:\\\/\\\/folhapopular.info\\\/#website\"},\"primaryImageOfPage\":{\"@id\":\"https:\\\/\\\/folhapopular.info\\\/index.php\\\/2024\\\/10\\\/01\\\/homem-e-preso-apos-furtar-ferramentas-da-casa-da-propria-mae-em-teutonia\\\/#primaryimage\"},\"image\":{\"@id\":\"https:\\\/\\\/folhapopular.info\\\/index.php\\\/2024\\\/10\\\/01\\\/homem-e-preso-apos-furtar-ferramentas-da-casa-da-propria-mae-em-teutonia\\\/#primaryimage\"},\"thumbnailUrl\":\"https:\\\/\\\/folhapopular.info\\\/wp-content\\\/uploads\\\/2024\\\/10\\\/WhatsApp-Image-2024-10-01-at-14.42.41.jpeg\",\"datePublished\":\"2024-10-01T20:37:16+00:00\",\"dateModified\":\"2024-10-01T20:37:20+00:00\",\"author\":{\"@id\":\"https:\\\/\\\/folhapopular.info\\\/#\\\/schema\\\/person\\\/2814e8a0df7643585a9ca38bc6eb9d4b\"},\"breadcrumb\":{\"@id\":\"https:\\\/\\\/folhapopular.info\\\/index.php\\\/2024\\\/10\\\/01\\\/homem-e-preso-apos-furtar-ferramentas-da-casa-da-propria-mae-em-teutonia\\\/#breadcrumb\"},\"inLanguage\":\"pt-BR\",\"potentialAction\":[{\"@type\":\"ReadAction\",\"target\":[\"https:\\\/\\\/folhapopular.info\\\/index.php\\\/2024\\\/10\\\/01\\\/homem-e-preso-apos-furtar-ferramentas-da-casa-da-propria-mae-em-teutonia\\\/\"]}]},{\"@type\":\"ImageObject\",\"inLanguage\":\"pt-BR\",\"@id\":\"https:\\\/\\\/folhapopular.info\\\/index.php\\\/2024\\\/10\\\/01\\\/homem-e-preso-apos-furtar-ferramentas-da-casa-da-propria-mae-em-teutonia\\\/#primaryimage\",\"url\":\"https:\\\/\\\/folhapopular.info\\\/wp-content\\\/uploads\\\/2024\\\/10\\\/WhatsApp-Image-2024-10-01-at-14.42.41.jpeg\",\"contentUrl\":\"https:\\\/\\\/folhapopular.info\\\/wp-content\\\/uploads\\\/2024\\\/10\\\/WhatsApp-Image-2024-10-01-at-14.42.41.jpeg\",\"width\":991,\"height\":576,\"caption\":\"Cr\u00e9dito: BM \\\/ Divulga\u00e7\u00e3o\"},{\"@type\":\"BreadcrumbList\",\"@id\":\"https:\\\/\\\/folhapopular.info\\\/index.php\\\/2024\\\/10\\\/01\\\/homem-e-preso-apos-furtar-ferramentas-da-casa-da-propria-mae-em-teutonia\\\/#breadcrumb\",\"itemListElement\":[{\"@type\":\"ListItem\",\"position\":1,\"name\":\"In\u00edcio\",\"item\":\"https:\\\/\\\/folhapopular.info\\\/\"},{\"@type\":\"ListItem\",\"position\":2,\"name\":\"Homem \u00e9 preso ap\u00f3s furtar ferramentas da casa da pr\u00f3pria m\u00e3e em Teut\u00f4nia\"}]},{\"@type\":\"WebSite\",\"@id\":\"https:\\\/\\\/folhapopular.info\\\/#website\",\"url\":\"https:\\\/\\\/folhapopular.info\\\/\",\"name\":\"Folha Popular\",\"description\":\"Onde voc\u00ea tem vez e voz\",\"potentialAction\":[{\"@type\":\"SearchAction\",\"target\":{\"@type\":\"EntryPoint\",\"urlTemplate\":\"https:\\\/\\\/folhapopular.info\\\/?s={search_term_string}\"},\"query-input\":{\"@type\":\"PropertyValueSpecification\",\"valueRequired\":true,\"valueName\":\"search_term_string\"}}],\"inLanguage\":\"pt-BR\"},{\"@type\":\"Person\",\"@id\":\"https:\\\/\\\/folhapopular.info\\\/#\\\/schema\\\/person\\\/2814e8a0df7643585a9ca38bc6eb9d4b\",\"name\":\"Reda\u00e7\u00e3o Folha Popular\",\"image\":{\"@type\":\"ImageObject\",\"inLanguage\":\"pt-BR\",\"@id\":\"https:\\\/\\\/folhapopular.info\\\/wp-content\\\/uploads\\\/2026\\\/04\\\/Folha-1.webp\",\"url\":\"https:\\\/\\\/folhapopular.info\\\/wp-content\\\/uploads\\\/2026\\\/04\\\/Folha-1.webp\",\"contentUrl\":\"https:\\\/\\\/folhapopular.info\\\/wp-content\\\/uploads\\\/2026\\\/04\\\/Folha-1.webp\",\"caption\":\"Reda\u00e7\u00e3o Folha Popular\"},\"url\":\"https:\\\/\\\/folhapopular.info\\\/index.php\\\/author\\\/redacao\\\/\"}]}<\/script>\n<!-- \/ Yoast SEO plugin. -->","yoast_head_json":{"title":"Homem \u00e9 preso ap\u00f3s furtar ferramentas da casa da pr\u00f3pria m\u00e3e em Teut\u00f4nia - Folha Popular","robots":{"index":"index","follow":"follow","max-snippet":"max-snippet:-1","max-image-preview":"max-image-preview:large","max-video-preview":"max-video-preview:-1"},"canonical":"https:\/\/folhapopular.info\/index.php\/2024\/10\/01\/homem-e-preso-apos-furtar-ferramentas-da-casa-da-propria-mae-em-teutonia\/","og_locale":"pt_BR","og_type":"article","og_title":"Homem \u00e9 preso ap\u00f3s furtar ferramentas da casa da pr\u00f3pria m\u00e3e em Teut\u00f4nia - Folha Popular","og_description":"Na tarde desta segunda-feira (30\/9), a Brigada Militar prendeu um homem de 42 anos por furto qualificado no Bairro Canabarro, em Teut\u00f4nia. Ap\u00f3s den\u00fancias de que um homem suspeito estaria vendendo ferramentas na rua, as guarni\u00e7\u00f5es se deslocaram at\u00e9 o local e visualizaram o suspeito. Foi realizada a abordagem, momento em que um familiar do [&hellip;]","og_url":"https:\/\/folhapopular.info\/index.php\/2024\/10\/01\/homem-e-preso-apos-furtar-ferramentas-da-casa-da-propria-mae-em-teutonia\/","og_site_name":"Folha Popular","article_published_time":"2024-10-01T20:37:16+00:00","article_modified_time":"2024-10-01T20:37:20+00:00","og_image":[{"width":991,"height":576,"url":"http:\/\/folhapopular.info\/wp-content\/uploads\/2024\/10\/WhatsApp-Image-2024-10-01-at-14.42.41.jpeg","type":"image\/jpeg"}],"author":"Reda\u00e7\u00e3o Folha Popular","twitter_card":"summary_large_image","twitter_misc":{"Escrito por":"Reda\u00e7\u00e3o Folha Popular","Est. tempo de leitura":"1 minuto"},"schema":{"@context":"https:\/\/schema.org","@graph":[{"@type":"Article","@id":"https:\/\/folhapopular.info\/index.php\/2024\/10\/01\/homem-e-preso-apos-furtar-ferramentas-da-casa-da-propria-mae-em-teutonia\/#article","isPartOf":{"@id":"https:\/\/folhapopular.info\/index.php\/2024\/10\/01\/homem-e-preso-apos-furtar-ferramentas-da-casa-da-propria-mae-em-teutonia\/"},"author":{"name":"Reda\u00e7\u00e3o Folha Popular","@id":"https:\/\/folhapopular.info\/#\/schema\/person\/2814e8a0df7643585a9ca38bc6eb9d4b"},"headline":"Homem \u00e9 preso ap\u00f3s furtar ferramentas da casa da pr\u00f3pria m\u00e3e em Teut\u00f4nia","datePublished":"2024-10-01T20:37:16+00:00","dateModified":"2024-10-01T20:37:20+00:00","mainEntityOfPage":{"@id":"https:\/\/folhapopular.info\/index.php\/2024\/10\/01\/homem-e-preso-apos-furtar-ferramentas-da-casa-da-propria-mae-em-teutonia\/"},"wordCount":167,"commentCount":0,"image":{"@id":"https:\/\/folhapopular.info\/index.php\/2024\/10\/01\/homem-e-preso-apos-furtar-ferramentas-da-casa-da-propria-mae-em-teutonia\/#primaryimage"},"thumbnailUrl":"https:\/\/folhapopular.info\/wp-content\/uploads\/2024\/10\/WhatsApp-Image-2024-10-01-at-14.42.41.jpeg","articleSection":["Pol\u00edcia","Seguran\u00e7a"],"inLanguage":"pt-BR","potentialAction":[{"@type":"CommentAction","name":"Comment","target":["https:\/\/folhapopular.info\/index.php\/2024\/10\/01\/homem-e-preso-apos-furtar-ferramentas-da-casa-da-propria-mae-em-teutonia\/#respond"]}]},{"@type":"WebPage","@id":"https:\/\/folhapopular.info\/index.php\/2024\/10\/01\/homem-e-preso-apos-furtar-ferramentas-da-casa-da-propria-mae-em-teutonia\/","url":"https:\/\/folhapopular.info\/index.php\/2024\/10\/01\/homem-e-preso-apos-furtar-ferramentas-da-casa-da-propria-mae-em-teutonia\/","name":"Homem \u00e9 preso ap\u00f3s furtar ferramentas da casa da pr\u00f3pria m\u00e3e em Teut\u00f4nia - Folha Popular","isPartOf":{"@id":"https:\/\/folhapopular.info\/#website"},"primaryImageOfPage":{"@id":"https:\/\/folhapopular.info\/index.php\/2024\/10\/01\/homem-e-preso-apos-furtar-ferramentas-da-casa-da-propria-mae-em-teutonia\/#primaryimage"},"image":{"@id":"https:\/\/folhapopular.info\/index.php\/2024\/10\/01\/homem-e-preso-apos-furtar-ferramentas-da-casa-da-propria-mae-em-teutonia\/#primaryimage"},"thumbnailUrl":"https:\/\/folhapopular.info\/wp-content\/uploads\/2024\/10\/WhatsApp-Image-2024-10-01-at-14.42.41.jpeg","datePublished":"2024-10-01T20:37:16+00:00","dateModified":"2024-10-01T20:37:20+00:00","author":{"@id":"https:\/\/folhapopular.info\/#\/schema\/person\/2814e8a0df7643585a9ca38bc6eb9d4b"},"breadcrumb":{"@id":"https:\/\/folhapopular.info\/index.php\/2024\/10\/01\/homem-e-preso-apos-furtar-ferramentas-da-casa-da-propria-mae-em-teutonia\/#breadcrumb"},"inLanguage":"pt-BR","potentialAction":[{"@type":"ReadAction","target":["https:\/\/folhapopular.info\/index.php\/2024\/10\/01\/homem-e-preso-apos-furtar-ferramentas-da-casa-da-propria-mae-em-teutonia\/"]}]},{"@type":"ImageObject","inLanguage":"pt-BR","@id":"https:\/\/folhapopular.info\/index.php\/2024\/10\/01\/homem-e-preso-apos-furtar-ferramentas-da-casa-da-propria-mae-em-teutonia\/#primaryimage","url":"https:\/\/folhapopular.info\/wp-content\/uploads\/2024\/10\/WhatsApp-Image-2024-10-01-at-14.42.41.jpeg","contentUrl":"https:\/\/folhapopular.info\/wp-content\/uploads\/2024\/10\/WhatsApp-Image-2024-10-01-at-14.42.41.jpeg","width":991,"height":576,"caption":"Cr\u00e9dito: BM \/ Divulga\u00e7\u00e3o"},{"@type":"BreadcrumbList","@id":"https:\/\/folhapopular.info\/index.php\/2024\/10\/01\/homem-e-preso-apos-furtar-ferramentas-da-casa-da-propria-mae-em-teutonia\/#breadcrumb","itemListElement":[{"@type":"ListItem","position":1,"name":"In\u00edcio","item":"https:\/\/folhapopular.info\/"},{"@type":"ListItem","position":2,"name":"Homem \u00e9 preso ap\u00f3s furtar ferramentas da casa da pr\u00f3pria m\u00e3e em Teut\u00f4nia"}]},{"@type":"WebSite","@id":"https:\/\/folhapopular.info\/#website","url":"https:\/\/folhapopular.info\/","name":"Folha Popular","description":"Onde voc\u00ea tem vez e voz","potentialAction":[{"@type":"SearchAction","target":{"@type":"EntryPoint","urlTemplate":"https:\/\/folhapopular.info\/?s={search_term_string}"},"query-input":{"@type":"PropertyValueSpecification","valueRequired":true,"valueName":"search_term_string"}}],"inLanguage":"pt-BR"},{"@type":"Person","@id":"https:\/\/folhapopular.info\/#\/schema\/person\/2814e8a0df7643585a9ca38bc6eb9d4b","name":"Reda\u00e7\u00e3o Folha Popular","image":{"@type":"ImageObject","inLanguage":"pt-BR","@id":"https:\/\/folhapopular.info\/wp-content\/uploads\/2026\/04\/Folha-1.webp","url":"https:\/\/folhapopular.info\/wp-content\/uploads\/2026\/04\/Folha-1.webp","contentUrl":"https:\/\/folhapopular.info\/wp-content\/uploads\/2026\/04\/Folha-1.webp","caption":"Reda\u00e7\u00e3o Folha Popular"},"url":"https:\/\/folhapopular.info\/index.php\/author\/redacao\/"}]}},"jetpack_featured_media_url":"https:\/\/folhapopular.info\/wp-content\/uploads\/2024\/10\/WhatsApp-Image-2024-10-01-at-14.42.41.jpeg","jetpack_sharing_enabled":true,"amp_enabled":true,"_links":{"self":[{"href":"https:\/\/folhapopular.info\/index.php\/wp-json\/wp\/v2\/posts\/170348","targetHints":{"allow":["GET"]}}],"collection":[{"href":"https:\/\/folhapopular.info\/index.php\/wp-json\/wp\/v2\/posts"}],"about":[{"href":"https:\/\/folhapopular.info\/index.php\/wp-json\/wp\/v2\/types\/post"}],"author":[{"embeddable":true,"href":"https:\/\/folhapopular.info\/index.php\/wp-json\/wp\/v2\/users\/8"}],"replies":[{"embeddable":true,"href":"https:\/\/folhapopular.info\/index.php\/wp-json\/wp\/v2\/comments?post=170348"}],"version-history":[{"count":0,"href":"https:\/\/folhapopular.info\/index.php\/wp-json\/wp\/v2\/posts\/170348\/revisions"}],"wp:featuredmedia":[{"embeddable":true,"href":"https:\/\/folhapopular.info\/index.php\/wp-json\/wp\/v2\/media\/170357"}],"wp:attachment":[{"href":"https:\/\/folhapopular.info\/index.php\/wp-json\/wp\/v2\/media?parent=170348"}],"wp:term":[{"taxonomy":"category","embeddable":true,"href":"https:\/\/folhapopular.info\/index.php\/wp-json\/wp\/v2\/categories?post=170348"},{"taxonomy":"post_tag","embeddable":true,"href":"https:\/\/folhapopular.info\/index.php\/wp-json\/wp\/v2\/tags?post=170348"}],"curies":[{"name":"wp","href":"https:\/\/api.w.org\/{rel}","templated":true}]}}