{"id":170663,"date":"2024-10-04T17:00:00","date_gmt":"2024-10-04T20:00:00","guid":{"rendered":"https:\/\/folhapopular.info\/?p=170663"},"modified":"2024-10-05T17:57:53","modified_gmt":"2024-10-05T20:57:53","slug":"estrelense-leva-medalha-de-bronze-no-ciclismo-dos-jogos-escolares-brasileiros-em-pernambuco","status":"publish","type":"post","link":"https:\/\/folhapopular.info\/index.php\/2024\/10\/04\/estrelense-leva-medalha-de-bronze-no-ciclismo-dos-jogos-escolares-brasileiros-em-pernambuco\/","title":{"rendered":"Estrelense leva medalha de bronze no ciclismo dos JEBS em Pernambuco"},"content":{"rendered":"\n<p>Os Jogos Escolares Brasileiros (JEBs) \u00e9 a maior competi\u00e7\u00e3o esportiva-educacional do Pa\u00eds, chancelada pela Confedera\u00e7\u00e3o Brasileira do Desporto Escolar (CBDE), e re\u00fane anualmente milhares de alunos\/atletas com idade entre 12 e 14 anos. Foram disputados em Pernambuco pela primeira vez, com a presen\u00e7a de mais de 6 mil atletas de todo o Brasil e mais de 9 mil envolvidos considerando tamb\u00e9m t\u00e9cnicos, professores, \u00e1rbitros e outros.<\/p>\n\n\n\n<p>Entre eles, est\u00e1 a estrelense Ana Laura Schlosser, de 13 anos, estudante do 7\u00ba ano da Escola Municipal de Ensino Fundamental C\u00f4nego Sereno Hugo Wolkmer. Na bagagem de Ana Laura, cuja viagem de volta acabou na madrugada desta sexta-feira (4\/10), al\u00e9m das boas lembran\u00e7as de uma experi\u00eancia in\u00e9dita est\u00e1 uma medalha de bronze no ciclismo \u2013 500 metros. \u00a0\u00a0\u00a0\u00a0<\/p>\n\n\n\n<p>A competi\u00e7\u00e3o nacional foi realizada entre os dias 20 de setembro e 3 de outubro, em diferentes polos de Recife, capital de Pernambuco, voltada para as categorias masculino e feminino, com idade de 12 a 14 anos, nas modalidades ol\u00edmpicas, n\u00e3o ol\u00edmpicas e paral\u00edmpicas. Ao todo foram 18 modalidades disputadas: atletismo, atletismo adaptado, badminton, basquete, ciclismo, futsal, gin\u00e1stica art\u00edstica, gin\u00e1stica r\u00edtmica, handebol, jud\u00f4, karat\u00ea, nata\u00e7\u00e3o, Taekwondo, t\u00eanis de mesa, v\u00f4lei, v\u00f4lei de praia, wrestling e xadrez. A delega\u00e7\u00e3o ga\u00facha foi a terceira colocada geral na classifica\u00e7\u00e3o por Estados.<\/p>\n\n\n\n<p><strong>Hist\u00f3ria no ciclismo<\/strong><\/p>\n\n\n\n<p>A fam\u00edlia de Ana Laura sempre gostou de bicicletas. Os pais Magnus Schlosser e Daniele Grodt andam por hobby. Eu comecei a andar tamb\u00e9m aos 7 anos, mas sempre por brincadeira. Foi quando meu irm\u00e3o, Victor, de 11 anos resolveu disputar o campeonato ga\u00facho, que passei a olhar com outros olhos\u201d, destaca. <\/p>\n\n\n\n<p>\u201cPraticava esportes, mas nunca achei um que me identificasse por completo. Este ano comecei a me dedicar mais com as bicicletas, e vi resultado\u201d, aponta. \u201cMas para isso tive que mudar minha rotina. Hoje treino cinco vezes por semana, vou na academia para fazer refor\u00e7o muscular, precisei ajustar hor\u00e1rios, alimenta\u00e7\u00e3o. Mas talvez se n\u00e3o estivesse em treinos estaria vendo TV, no celular. Est\u00e1 melhor assim, agora, inclusive para minha sa\u00fade\u201d, confessa.<\/p>\n","protected":false},"excerpt":{"rendered":"<p>Os Jogos Escolares Brasileiros (JEBs) \u00e9 a maior competi\u00e7\u00e3o esportiva-educacional do Pa\u00eds, chancelada pela Confedera\u00e7\u00e3o Brasileira do Desporto Escolar (CBDE), e re\u00fane anualmente milhares de alunos\/atletas com idade entre 12 e 14 anos. Foram disputados em Pernambuco pela primeira vez, com a presen\u00e7a de mais de 6 mil atletas de todo o Brasil e mais [&hellip;]<\/p>\n","protected":false},"author":8,"featured_media":170664,"comment_status":"open","ping_status":"open","sticky":false,"template":"","format":"standard","meta":{"pmpro_default_level":"","_jetpack_memberships_contains_paid_content":false,"footnotes":""},"categories":[5],"tags":[1669,8,14202,16383,12948,15467],"class_list":{"0":"post-170663","1":"post","2":"type-post","3":"status-publish","4":"format-standard","5":"has-post-thumbnail","7":"category-esportes","8":"tag-ciclismo","9":"tag-estrela","10":"tag-estrelense","11":"tag-jebs","12":"tag-medalha-de-bronze","13":"tag-pernambuco","14":"pmpro-has-access"},"yoast_head":"<!-- This site is optimized with the Yoast SEO plugin v27.5 - https:\/\/yoast.com\/product\/yoast-seo-wordpress\/ -->\n<title>Estrelense leva medalha de bronze no ciclismo dos JEBS em Pernambuco - Folha Popular<\/title>\n<meta name=\"robots\" content=\"index, follow, max-snippet:-1, max-image-preview:large, max-video-preview:-1\" \/>\n<link rel=\"canonical\" href=\"https:\/\/folhapopular.info\/index.php\/2024\/10\/04\/estrelense-leva-medalha-de-bronze-no-ciclismo-dos-jogos-escolares-brasileiros-em-pernambuco\/\" \/>\n<meta property=\"og:locale\" content=\"pt_BR\" \/>\n<meta property=\"og:type\" content=\"article\" \/>\n<meta property=\"og:title\" content=\"Estrelense leva medalha de bronze no ciclismo dos JEBS em Pernambuco - Folha Popular\" \/>\n<meta property=\"og:description\" content=\"Os Jogos Escolares Brasileiros (JEBs) \u00e9 a maior competi\u00e7\u00e3o esportiva-educacional do Pa\u00eds, chancelada pela Confedera\u00e7\u00e3o Brasileira do Desporto Escolar (CBDE), e re\u00fane anualmente milhares de alunos\/atletas com idade entre 12 e 14 anos. Foram disputados em Pernambuco pela primeira vez, com a presen\u00e7a de mais de 6 mil atletas de todo o Brasil e mais [&hellip;]\" \/>\n<meta property=\"og:url\" content=\"https:\/\/folhapopular.info\/index.php\/2024\/10\/04\/estrelense-leva-medalha-de-bronze-no-ciclismo-dos-jogos-escolares-brasileiros-em-pernambuco\/\" \/>\n<meta property=\"og:site_name\" content=\"Folha Popular\" \/>\n<meta property=\"article:published_time\" content=\"2024-10-04T20:00:00+00:00\" \/>\n<meta property=\"article:modified_time\" content=\"2024-10-05T20:57:53+00:00\" \/>\n<meta property=\"og:image\" content=\"http:\/\/folhapopular.info\/wp-content\/uploads\/2024\/10\/WhatsApp-Image-2024-10-04-at-15.22.49.jpeg\" \/>\n\t<meta property=\"og:image:width\" content=\"1600\" \/>\n\t<meta property=\"og:image:height\" content=\"1050\" \/>\n\t<meta property=\"og:image:type\" content=\"image\/jpeg\" \/>\n<meta name=\"author\" content=\"Reda\u00e7\u00e3o Folha Popular\" \/>\n<meta name=\"twitter:card\" content=\"summary_large_image\" \/>\n<meta name=\"twitter:label1\" content=\"Escrito por\" \/>\n\t<meta name=\"twitter:data1\" content=\"Reda\u00e7\u00e3o Folha Popular\" \/>\n\t<meta name=\"twitter:label2\" content=\"Est. tempo de leitura\" \/>\n\t<meta name=\"twitter:data2\" content=\"3 minutos\" \/>\n<script type=\"application\/ld+json\" class=\"yoast-schema-graph\">{\"@context\":\"https:\\\/\\\/schema.org\",\"@graph\":[{\"@type\":\"Article\",\"@id\":\"https:\\\/\\\/folhapopular.info\\\/index.php\\\/2024\\\/10\\\/04\\\/estrelense-leva-medalha-de-bronze-no-ciclismo-dos-jogos-escolares-brasileiros-em-pernambuco\\\/#article\",\"isPartOf\":{\"@id\":\"https:\\\/\\\/folhapopular.info\\\/index.php\\\/2024\\\/10\\\/04\\\/estrelense-leva-medalha-de-bronze-no-ciclismo-dos-jogos-escolares-brasileiros-em-pernambuco\\\/\"},\"author\":{\"name\":\"Reda\u00e7\u00e3o Folha Popular\",\"@id\":\"https:\\\/\\\/folhapopular.info\\\/#\\\/schema\\\/person\\\/2814e8a0df7643585a9ca38bc6eb9d4b\"},\"headline\":\"Estrelense leva medalha de bronze no ciclismo dos JEBS em Pernambuco\",\"datePublished\":\"2024-10-04T20:00:00+00:00\",\"dateModified\":\"2024-10-05T20:57:53+00:00\",\"mainEntityOfPage\":{\"@id\":\"https:\\\/\\\/folhapopular.info\\\/index.php\\\/2024\\\/10\\\/04\\\/estrelense-leva-medalha-de-bronze-no-ciclismo-dos-jogos-escolares-brasileiros-em-pernambuco\\\/\"},\"wordCount\":371,\"commentCount\":0,\"image\":{\"@id\":\"https:\\\/\\\/folhapopular.info\\\/index.php\\\/2024\\\/10\\\/04\\\/estrelense-leva-medalha-de-bronze-no-ciclismo-dos-jogos-escolares-brasileiros-em-pernambuco\\\/#primaryimage\"},\"thumbnailUrl\":\"https:\\\/\\\/folhapopular.info\\\/wp-content\\\/uploads\\\/2024\\\/10\\\/WhatsApp-Image-2024-10-04-at-15.22.49.jpeg\",\"keywords\":[\"Ciclismo\",\"Estrela\",\"Estrelense\",\"JEBS\",\"Medalha de bronze\",\"Pernambuco\"],\"articleSection\":[\"Esportes\"],\"inLanguage\":\"pt-BR\",\"potentialAction\":[{\"@type\":\"CommentAction\",\"name\":\"Comment\",\"target\":[\"https:\\\/\\\/folhapopular.info\\\/index.php\\\/2024\\\/10\\\/04\\\/estrelense-leva-medalha-de-bronze-no-ciclismo-dos-jogos-escolares-brasileiros-em-pernambuco\\\/#respond\"]}]},{\"@type\":\"WebPage\",\"@id\":\"https:\\\/\\\/folhapopular.info\\\/index.php\\\/2024\\\/10\\\/04\\\/estrelense-leva-medalha-de-bronze-no-ciclismo-dos-jogos-escolares-brasileiros-em-pernambuco\\\/\",\"url\":\"https:\\\/\\\/folhapopular.info\\\/index.php\\\/2024\\\/10\\\/04\\\/estrelense-leva-medalha-de-bronze-no-ciclismo-dos-jogos-escolares-brasileiros-em-pernambuco\\\/\",\"name\":\"Estrelense leva medalha de bronze no ciclismo dos JEBS em Pernambuco - Folha Popular\",\"isPartOf\":{\"@id\":\"https:\\\/\\\/folhapopular.info\\\/#website\"},\"primaryImageOfPage\":{\"@id\":\"https:\\\/\\\/folhapopular.info\\\/index.php\\\/2024\\\/10\\\/04\\\/estrelense-leva-medalha-de-bronze-no-ciclismo-dos-jogos-escolares-brasileiros-em-pernambuco\\\/#primaryimage\"},\"image\":{\"@id\":\"https:\\\/\\\/folhapopular.info\\\/index.php\\\/2024\\\/10\\\/04\\\/estrelense-leva-medalha-de-bronze-no-ciclismo-dos-jogos-escolares-brasileiros-em-pernambuco\\\/#primaryimage\"},\"thumbnailUrl\":\"https:\\\/\\\/folhapopular.info\\\/wp-content\\\/uploads\\\/2024\\\/10\\\/WhatsApp-Image-2024-10-04-at-15.22.49.jpeg\",\"datePublished\":\"2024-10-04T20:00:00+00:00\",\"dateModified\":\"2024-10-05T20:57:53+00:00\",\"author\":{\"@id\":\"https:\\\/\\\/folhapopular.info\\\/#\\\/schema\\\/person\\\/2814e8a0df7643585a9ca38bc6eb9d4b\"},\"breadcrumb\":{\"@id\":\"https:\\\/\\\/folhapopular.info\\\/index.php\\\/2024\\\/10\\\/04\\\/estrelense-leva-medalha-de-bronze-no-ciclismo-dos-jogos-escolares-brasileiros-em-pernambuco\\\/#breadcrumb\"},\"inLanguage\":\"pt-BR\",\"potentialAction\":[{\"@type\":\"ReadAction\",\"target\":[\"https:\\\/\\\/folhapopular.info\\\/index.php\\\/2024\\\/10\\\/04\\\/estrelense-leva-medalha-de-bronze-no-ciclismo-dos-jogos-escolares-brasileiros-em-pernambuco\\\/\"]}]},{\"@type\":\"ImageObject\",\"inLanguage\":\"pt-BR\",\"@id\":\"https:\\\/\\\/folhapopular.info\\\/index.php\\\/2024\\\/10\\\/04\\\/estrelense-leva-medalha-de-bronze-no-ciclismo-dos-jogos-escolares-brasileiros-em-pernambuco\\\/#primaryimage\",\"url\":\"https:\\\/\\\/folhapopular.info\\\/wp-content\\\/uploads\\\/2024\\\/10\\\/WhatsApp-Image-2024-10-04-at-15.22.49.jpeg\",\"contentUrl\":\"https:\\\/\\\/folhapopular.info\\\/wp-content\\\/uploads\\\/2024\\\/10\\\/WhatsApp-Image-2024-10-04-at-15.22.49.jpeg\",\"width\":1600,\"height\":1050,\"caption\":\"Cr\u00e9dito: Divulga\u00e7\u00e3o\"},{\"@type\":\"BreadcrumbList\",\"@id\":\"https:\\\/\\\/folhapopular.info\\\/index.php\\\/2024\\\/10\\\/04\\\/estrelense-leva-medalha-de-bronze-no-ciclismo-dos-jogos-escolares-brasileiros-em-pernambuco\\\/#breadcrumb\",\"itemListElement\":[{\"@type\":\"ListItem\",\"position\":1,\"name\":\"In\u00edcio\",\"item\":\"https:\\\/\\\/folhapopular.info\\\/\"},{\"@type\":\"ListItem\",\"position\":2,\"name\":\"Estrelense leva medalha de bronze no ciclismo dos JEBS em Pernambuco\"}]},{\"@type\":\"WebSite\",\"@id\":\"https:\\\/\\\/folhapopular.info\\\/#website\",\"url\":\"https:\\\/\\\/folhapopular.info\\\/\",\"name\":\"Folha Popular\",\"description\":\"Onde voc\u00ea tem vez e voz\",\"potentialAction\":[{\"@type\":\"SearchAction\",\"target\":{\"@type\":\"EntryPoint\",\"urlTemplate\":\"https:\\\/\\\/folhapopular.info\\\/?s={search_term_string}\"},\"query-input\":{\"@type\":\"PropertyValueSpecification\",\"valueRequired\":true,\"valueName\":\"search_term_string\"}}],\"inLanguage\":\"pt-BR\"},{\"@type\":\"Person\",\"@id\":\"https:\\\/\\\/folhapopular.info\\\/#\\\/schema\\\/person\\\/2814e8a0df7643585a9ca38bc6eb9d4b\",\"name\":\"Reda\u00e7\u00e3o Folha Popular\",\"image\":{\"@type\":\"ImageObject\",\"inLanguage\":\"pt-BR\",\"@id\":\"https:\\\/\\\/folhapopular.info\\\/wp-content\\\/uploads\\\/2026\\\/04\\\/Folha-1.webp\",\"url\":\"https:\\\/\\\/folhapopular.info\\\/wp-content\\\/uploads\\\/2026\\\/04\\\/Folha-1.webp\",\"contentUrl\":\"https:\\\/\\\/folhapopular.info\\\/wp-content\\\/uploads\\\/2026\\\/04\\\/Folha-1.webp\",\"caption\":\"Reda\u00e7\u00e3o Folha Popular\"},\"url\":\"https:\\\/\\\/folhapopular.info\\\/index.php\\\/author\\\/redacao\\\/\"}]}<\/script>\n<!-- \/ Yoast SEO plugin. -->","yoast_head_json":{"title":"Estrelense leva medalha de bronze no ciclismo dos JEBS em Pernambuco - Folha Popular","robots":{"index":"index","follow":"follow","max-snippet":"max-snippet:-1","max-image-preview":"max-image-preview:large","max-video-preview":"max-video-preview:-1"},"canonical":"https:\/\/folhapopular.info\/index.php\/2024\/10\/04\/estrelense-leva-medalha-de-bronze-no-ciclismo-dos-jogos-escolares-brasileiros-em-pernambuco\/","og_locale":"pt_BR","og_type":"article","og_title":"Estrelense leva medalha de bronze no ciclismo dos JEBS em Pernambuco - Folha Popular","og_description":"Os Jogos Escolares Brasileiros (JEBs) \u00e9 a maior competi\u00e7\u00e3o esportiva-educacional do Pa\u00eds, chancelada pela Confedera\u00e7\u00e3o Brasileira do Desporto Escolar (CBDE), e re\u00fane anualmente milhares de alunos\/atletas com idade entre 12 e 14 anos. Foram disputados em Pernambuco pela primeira vez, com a presen\u00e7a de mais de 6 mil atletas de todo o Brasil e mais [&hellip;]","og_url":"https:\/\/folhapopular.info\/index.php\/2024\/10\/04\/estrelense-leva-medalha-de-bronze-no-ciclismo-dos-jogos-escolares-brasileiros-em-pernambuco\/","og_site_name":"Folha Popular","article_published_time":"2024-10-04T20:00:00+00:00","article_modified_time":"2024-10-05T20:57:53+00:00","og_image":[{"width":1600,"height":1050,"url":"http:\/\/folhapopular.info\/wp-content\/uploads\/2024\/10\/WhatsApp-Image-2024-10-04-at-15.22.49.jpeg","type":"image\/jpeg"}],"author":"Reda\u00e7\u00e3o Folha Popular","twitter_card":"summary_large_image","twitter_misc":{"Escrito por":"Reda\u00e7\u00e3o Folha Popular","Est. tempo de leitura":"3 minutos"},"schema":{"@context":"https:\/\/schema.org","@graph":[{"@type":"Article","@id":"https:\/\/folhapopular.info\/index.php\/2024\/10\/04\/estrelense-leva-medalha-de-bronze-no-ciclismo-dos-jogos-escolares-brasileiros-em-pernambuco\/#article","isPartOf":{"@id":"https:\/\/folhapopular.info\/index.php\/2024\/10\/04\/estrelense-leva-medalha-de-bronze-no-ciclismo-dos-jogos-escolares-brasileiros-em-pernambuco\/"},"author":{"name":"Reda\u00e7\u00e3o Folha Popular","@id":"https:\/\/folhapopular.info\/#\/schema\/person\/2814e8a0df7643585a9ca38bc6eb9d4b"},"headline":"Estrelense leva medalha de bronze no ciclismo dos JEBS em Pernambuco","datePublished":"2024-10-04T20:00:00+00:00","dateModified":"2024-10-05T20:57:53+00:00","mainEntityOfPage":{"@id":"https:\/\/folhapopular.info\/index.php\/2024\/10\/04\/estrelense-leva-medalha-de-bronze-no-ciclismo-dos-jogos-escolares-brasileiros-em-pernambuco\/"},"wordCount":371,"commentCount":0,"image":{"@id":"https:\/\/folhapopular.info\/index.php\/2024\/10\/04\/estrelense-leva-medalha-de-bronze-no-ciclismo-dos-jogos-escolares-brasileiros-em-pernambuco\/#primaryimage"},"thumbnailUrl":"https:\/\/folhapopular.info\/wp-content\/uploads\/2024\/10\/WhatsApp-Image-2024-10-04-at-15.22.49.jpeg","keywords":["Ciclismo","Estrela","Estrelense","JEBS","Medalha de bronze","Pernambuco"],"articleSection":["Esportes"],"inLanguage":"pt-BR","potentialAction":[{"@type":"CommentAction","name":"Comment","target":["https:\/\/folhapopular.info\/index.php\/2024\/10\/04\/estrelense-leva-medalha-de-bronze-no-ciclismo-dos-jogos-escolares-brasileiros-em-pernambuco\/#respond"]}]},{"@type":"WebPage","@id":"https:\/\/folhapopular.info\/index.php\/2024\/10\/04\/estrelense-leva-medalha-de-bronze-no-ciclismo-dos-jogos-escolares-brasileiros-em-pernambuco\/","url":"https:\/\/folhapopular.info\/index.php\/2024\/10\/04\/estrelense-leva-medalha-de-bronze-no-ciclismo-dos-jogos-escolares-brasileiros-em-pernambuco\/","name":"Estrelense leva medalha de bronze no ciclismo dos JEBS em Pernambuco - Folha Popular","isPartOf":{"@id":"https:\/\/folhapopular.info\/#website"},"primaryImageOfPage":{"@id":"https:\/\/folhapopular.info\/index.php\/2024\/10\/04\/estrelense-leva-medalha-de-bronze-no-ciclismo-dos-jogos-escolares-brasileiros-em-pernambuco\/#primaryimage"},"image":{"@id":"https:\/\/folhapopular.info\/index.php\/2024\/10\/04\/estrelense-leva-medalha-de-bronze-no-ciclismo-dos-jogos-escolares-brasileiros-em-pernambuco\/#primaryimage"},"thumbnailUrl":"https:\/\/folhapopular.info\/wp-content\/uploads\/2024\/10\/WhatsApp-Image-2024-10-04-at-15.22.49.jpeg","datePublished":"2024-10-04T20:00:00+00:00","dateModified":"2024-10-05T20:57:53+00:00","author":{"@id":"https:\/\/folhapopular.info\/#\/schema\/person\/2814e8a0df7643585a9ca38bc6eb9d4b"},"breadcrumb":{"@id":"https:\/\/folhapopular.info\/index.php\/2024\/10\/04\/estrelense-leva-medalha-de-bronze-no-ciclismo-dos-jogos-escolares-brasileiros-em-pernambuco\/#breadcrumb"},"inLanguage":"pt-BR","potentialAction":[{"@type":"ReadAction","target":["https:\/\/folhapopular.info\/index.php\/2024\/10\/04\/estrelense-leva-medalha-de-bronze-no-ciclismo-dos-jogos-escolares-brasileiros-em-pernambuco\/"]}]},{"@type":"ImageObject","inLanguage":"pt-BR","@id":"https:\/\/folhapopular.info\/index.php\/2024\/10\/04\/estrelense-leva-medalha-de-bronze-no-ciclismo-dos-jogos-escolares-brasileiros-em-pernambuco\/#primaryimage","url":"https:\/\/folhapopular.info\/wp-content\/uploads\/2024\/10\/WhatsApp-Image-2024-10-04-at-15.22.49.jpeg","contentUrl":"https:\/\/folhapopular.info\/wp-content\/uploads\/2024\/10\/WhatsApp-Image-2024-10-04-at-15.22.49.jpeg","width":1600,"height":1050,"caption":"Cr\u00e9dito: Divulga\u00e7\u00e3o"},{"@type":"BreadcrumbList","@id":"https:\/\/folhapopular.info\/index.php\/2024\/10\/04\/estrelense-leva-medalha-de-bronze-no-ciclismo-dos-jogos-escolares-brasileiros-em-pernambuco\/#breadcrumb","itemListElement":[{"@type":"ListItem","position":1,"name":"In\u00edcio","item":"https:\/\/folhapopular.info\/"},{"@type":"ListItem","position":2,"name":"Estrelense leva medalha de bronze no ciclismo dos JEBS em Pernambuco"}]},{"@type":"WebSite","@id":"https:\/\/folhapopular.info\/#website","url":"https:\/\/folhapopular.info\/","name":"Folha Popular","description":"Onde voc\u00ea tem vez e voz","potentialAction":[{"@type":"SearchAction","target":{"@type":"EntryPoint","urlTemplate":"https:\/\/folhapopular.info\/?s={search_term_string}"},"query-input":{"@type":"PropertyValueSpecification","valueRequired":true,"valueName":"search_term_string"}}],"inLanguage":"pt-BR"},{"@type":"Person","@id":"https:\/\/folhapopular.info\/#\/schema\/person\/2814e8a0df7643585a9ca38bc6eb9d4b","name":"Reda\u00e7\u00e3o Folha Popular","image":{"@type":"ImageObject","inLanguage":"pt-BR","@id":"https:\/\/folhapopular.info\/wp-content\/uploads\/2026\/04\/Folha-1.webp","url":"https:\/\/folhapopular.info\/wp-content\/uploads\/2026\/04\/Folha-1.webp","contentUrl":"https:\/\/folhapopular.info\/wp-content\/uploads\/2026\/04\/Folha-1.webp","caption":"Reda\u00e7\u00e3o Folha Popular"},"url":"https:\/\/folhapopular.info\/index.php\/author\/redacao\/"}]}},"jetpack_featured_media_url":"https:\/\/folhapopular.info\/wp-content\/uploads\/2024\/10\/WhatsApp-Image-2024-10-04-at-15.22.49.jpeg","jetpack_sharing_enabled":true,"amp_enabled":true,"_links":{"self":[{"href":"https:\/\/folhapopular.info\/index.php\/wp-json\/wp\/v2\/posts\/170663","targetHints":{"allow":["GET"]}}],"collection":[{"href":"https:\/\/folhapopular.info\/index.php\/wp-json\/wp\/v2\/posts"}],"about":[{"href":"https:\/\/folhapopular.info\/index.php\/wp-json\/wp\/v2\/types\/post"}],"author":[{"embeddable":true,"href":"https:\/\/folhapopular.info\/index.php\/wp-json\/wp\/v2\/users\/8"}],"replies":[{"embeddable":true,"href":"https:\/\/folhapopular.info\/index.php\/wp-json\/wp\/v2\/comments?post=170663"}],"version-history":[{"count":0,"href":"https:\/\/folhapopular.info\/index.php\/wp-json\/wp\/v2\/posts\/170663\/revisions"}],"wp:featuredmedia":[{"embeddable":true,"href":"https:\/\/folhapopular.info\/index.php\/wp-json\/wp\/v2\/media\/170664"}],"wp:attachment":[{"href":"https:\/\/folhapopular.info\/index.php\/wp-json\/wp\/v2\/media?parent=170663"}],"wp:term":[{"taxonomy":"category","embeddable":true,"href":"https:\/\/folhapopular.info\/index.php\/wp-json\/wp\/v2\/categories?post=170663"},{"taxonomy":"post_tag","embeddable":true,"href":"https:\/\/folhapopular.info\/index.php\/wp-json\/wp\/v2\/tags?post=170663"}],"curies":[{"name":"wp","href":"https:\/\/api.w.org\/{rel}","templated":true}]}}